{"id":106587,"date":"2023-02-28T23:12:54","date_gmt":"2023-03-01T02:12:54","guid":{"rendered":"https:\/\/www.blogsoestado.com\/danielmatos\/?p=106587"},"modified":"2023-02-28T23:12:54","modified_gmt":"2023-03-01T02:12:54","slug":"brandao-anuncia-mais-11-auxiliares-e-equipe-de-governo-ja-tem-36-nomes-confirmados","status":"publish","type":"post","link":"https:\/\/www.blogsoestado.com\/danielmatos\/brandao-anuncia-mais-11-auxiliares-e-equipe-de-governo-ja-tem-36-nomes-confirmados\/","title":{"rendered":"Brand\u00e3o anuncia mais 11 auxiliares e equipe de governo j\u00e1 tem 36 nomes confirmados"},"content":{"rendered":"\n<div class=\"wp-block-image\"><figure class=\"aligncenter size-large\"><a href=\"https:\/\/www.blogsoestado.com\/danielmatos\/files\/2023\/02\/Screenshot_20230228-2242492-1.png\"><img decoding=\"async\" src=\"https:\/\/www.blogsoestado.com\/danielmatos\/files\/2023\/02\/Screenshot_20230228-2242492-1.png\" alt=\"\" class=\"wp-image-106590\"\/><\/a><figcaption>O governador Carlos Brand\u00e3o j\u00e1 definiu a maior parte da sua equipe de auxiliares para o novo mandato <\/figcaption><\/figure><\/div>\n\n\n\n<p>O governador Carlos Brand\u00e3o voltou a anunciar, em suas redes sociais na noite desta ter\u00e7a-feira (28), mais 11 nomes que ir\u00e3o compor sua equipe de governo, que agora j\u00e1 conta com 36 nomes definidos. Entre os novos auxiliares confirmados, est\u00e3o secret\u00e1rios, chefes de autarquias e de \u00f3rg\u00e3os de Estado.\u00a0<\/p>\n\n\n\n<p>Brand\u00e3o dar\u00e1 posse ao seu secretariado no pr\u00f3ximo s\u00e1bado, dia 4, em solenidade a ser realizada no Centro de Conven\u00e7\u00f5es de Imperatriz, seguida de ato popular na Beira-rio.<\/p>\n\n\n\n<p>Confira os mais recentes nome divulgados pelo governador:&nbsp;<\/p>\n\n\n\n<p><strong>&#8211; Joslene Rodrigues (Secretaria de Cidades &#8211; Secid);<\/strong><br \/><strong>&#8211; Gilberto Lins (Emap);<\/strong><br \/><strong>&#8211; Adriano Sarney (Presidente da Mob);<\/strong><\/p>\n\n\n\n<div class=\"wp-block-image\"><figure class=\"aligncenter size-large\"><a href=\"https:\/\/www.blogsoestado.com\/danielmatos\/files\/2023\/02\/Screenshot_20230228-2243252.png\"><img decoding=\"async\" src=\"https:\/\/www.blogsoestado.com\/danielmatos\/files\/2023\/02\/Screenshot_20230228-2243252.png\" alt=\"\" class=\"wp-image-106589\"\/><\/a><\/figure><\/div>\n\n\n\n<p><strong>&#8211; Sorimar Sab\u00f3ia (Funac);<\/strong><br \/><strong>&#8211; Raysa Queiroz (Iprev);<\/strong><br \/><strong>&#8211; Socorro Ara\u00fajo (Secretaria de Turismo);<\/strong><\/p>\n\n\n\n<div class=\"wp-block-image\"><figure class=\"aligncenter size-large\"><a href=\"https:\/\/www.blogsoestado.com\/danielmatos\/files\/2023\/02\/Screenshot_20230228-2251122.png\"><img decoding=\"async\" src=\"https:\/\/www.blogsoestado.com\/danielmatos\/files\/2023\/02\/Screenshot_20230228-2251122.png\" alt=\"\" class=\"wp-image-106591\"\/><\/a><\/figure><\/div>\n\n\n\n<p><strong>&#8211; Hewerton Pereira (Detran-MA);<\/strong><br \/><strong>&#8211; S\u00e9rgio Macedo (Secom);<\/strong><br \/><strong>&#8211; Diego Rolim (Sagrima);<\/strong><\/p>\n\n\n\n<div class=\"wp-block-image\"><figure class=\"aligncenter size-large\"><a href=\"https:\/\/www.blogsoestado.com\/danielmatos\/files\/2023\/02\/Screenshot_20230228-2243542-1.png\"><img decoding=\"async\" src=\"https:\/\/www.blogsoestado.com\/danielmatos\/files\/2023\/02\/Screenshot_20230228-2243542-1.png\" alt=\"\" class=\"wp-image-106595\"\/><\/a><\/figure><\/div>\n\n\n\n<p><strong>&#8211; Othelino Neto (Representa\u00e7\u00e3o Institucional do MA em Bras\u00edlia\/Rebras);<\/strong><br \/><strong>&#8211; Vin\u00edcius Ferro (Secretaria de Planejamento &#8211; Seplan).<\/strong><\/p>\n\n\n\n<div class=\"wp-block-image\"><figure class=\"aligncenter size-large\"><a href=\"https:\/\/www.blogsoestado.com\/danielmatos\/files\/2023\/02\/Screenshot_20230228-2244282.png\"><img decoding=\"async\" src=\"https:\/\/www.blogsoestado.com\/danielmatos\/files\/2023\/02\/Screenshot_20230228-2244282.png\" alt=\"\" class=\"wp-image-106596\"\/><\/a><\/figure><\/div>\n\n\n\n<p>Com informa\u00e7\u00f5es da <a href=\"https:\/\/centraldenoticias.radio.br\/materia\/brandao-divulga-mais-11-nomes-que-irao-compor-equipe-de-governo2023-02-28-22-07-45-204638\">Central de Not\u00edcias<\/a>.<\/p>\n","protected":false},"excerpt":{"rendered":"<p>O governador Carlos Brand\u00e3o voltou a anunciar, em suas redes sociais na noite desta ter\u00e7a-feira (28), mais 11 nomes que [&hellip;]<\/p>\n","protected":false},"author":0,"featured_media":0,"comment_status":"open","ping_status":"open","sticky":false,"template":"","format":"standard","meta":{"site-sidebar-layout":"default","site-content-layout":"","ast-site-content-layout":"default","site-content-style":"default","site-sidebar-style":"default","ast-global-header-display":"","ast-banner-title-visibility":"","ast-main-header-display":"","ast-hfb-above-header-display":"","ast-hfb-below-header-display":"","ast-hfb-mobile-header-display":"","site-post-title":"","ast-breadcrumbs-content":"","ast-featured-img":"","footer-sml-layout":"","ast-disable-related-posts":"","theme-transparent-header-meta":"","adv-header-id-meta":"","stick-header-meta":"","header-above-stick-meta":"","header-main-stick-meta":"","header-below-stick-meta":"","astra-migrate-meta-layouts":"default","ast-page-background-enabled":"default","ast-page-background-meta":{"desktop":{"background-color":"var(--ast-global-color-5)","background-image":"","background-repeat":"repeat","background-position":"center center","background-size":"auto","background-attachment":"scroll","background-type":"","background-media":"","overlay-type":"","overlay-color":"","overlay-opacity":"","overlay-gradient":""},"tablet":{"background-color":"","background-image":"","background-repeat":"repeat","background-position":"center center","background-size":"auto","background-attachment":"scroll","background-type":"","background-media":"","overlay-type":"","overlay-color":"","overlay-opacity":"","overlay-gradient":""},"mobile":{"background-color":"","background-image":"","background-repeat":"repeat","background-position":"center center","background-size":"auto","background-attachment":"scroll","background-type":"","background-media":"","overlay-type":"","overlay-color":"","overlay-opacity":"","overlay-gradient":""}},"ast-content-background-meta":{"desktop":{"background-color":"var(--ast-global-color-4)","background-image":"","background-repeat":"repeat","background-position":"center center","background-size":"auto","background-attachment":"scroll","background-type":"","background-media":"","overlay-type":"","overlay-color":"","overlay-opacity":"","overlay-gradient":""},"tablet":{"background-color":"var(--ast-global-color-4)","background-image":"","background-repeat":"repeat","background-position":"center center","background-size":"auto","background-attachment":"scroll","background-type":"","background-media":"","overlay-type":"","overlay-color":"","overlay-opacity":"","overlay-gradient":""},"mobile":{"background-color":"var(--ast-global-color-4)","background-image":"","background-repeat":"repeat","background-position":"center center","background-size":"auto","background-attachment":"scroll","background-type":"","background-media":"","overlay-type":"","overlay-color":"","overlay-opacity":"","overlay-gradient":""}},"footnotes":""},"categories":[1],"tags":[],"class_list":["post-106587","post","type-post","status-publish","format-standard","hentry","category-sem-categoria"],"yoast_head":"<!-- This site is optimized with the Yoast SEO plugin v26.6 - https:\/\/yoast.com\/wordpress\/plugins\/seo\/ -->\n<title>Brand\u00e3o anuncia mais 11 auxiliares e equipe de governo j\u00e1 tem 36 nomes confirmados - Daniel Matos<\/title>\n<meta name=\"robots\" content=\"index, follow, max-snippet:-1, max-image-preview:large, max-video-preview:-1\" \/>\n<link rel=\"canonical\" href=\"https:\/\/www.blogsoestado.com\/danielmatos\/brandao-anuncia-mais-11-auxiliares-e-equipe-de-governo-ja-tem-36-nomes-confirmados\/\" \/>\n<meta property=\"og:locale\" content=\"pt_BR\" \/>\n<meta property=\"og:type\" content=\"article\" \/>\n<meta property=\"og:title\" content=\"Brand\u00e3o anuncia mais 11 auxiliares e equipe de governo j\u00e1 tem 36 nomes confirmados - Daniel Matos\" \/>\n<meta property=\"og:description\" content=\"O governador Carlos Brand\u00e3o voltou a anunciar, em suas redes sociais na noite desta ter\u00e7a-feira (28), mais 11 nomes que [&hellip;]\" \/>\n<meta property=\"og:url\" content=\"https:\/\/www.blogsoestado.com\/danielmatos\/brandao-anuncia-mais-11-auxiliares-e-equipe-de-governo-ja-tem-36-nomes-confirmados\/\" \/>\n<meta property=\"og:site_name\" content=\"Daniel Matos\" \/>\n<meta property=\"article:published_time\" content=\"2023-03-01T02:12:54+00:00\" \/>\n<meta property=\"og:image\" content=\"https:\/\/www.blogsoestado.com\/danielmatos\/files\/2023\/02\/Screenshot_20230228-2242492-1.png\" \/>\n<meta name=\"twitter:card\" content=\"summary_large_image\" \/>\n<meta name=\"twitter:label1\" content=\"Est. tempo de leitura\" \/>\n\t<meta name=\"twitter:data1\" content=\"2 minutos\" \/>\n<script type=\"application\/ld+json\" class=\"yoast-schema-graph\">{\"@context\":\"https:\/\/schema.org\",\"@graph\":[{\"@type\":\"WebPage\",\"@id\":\"https:\/\/www.blogsoestado.com\/danielmatos\/brandao-anuncia-mais-11-auxiliares-e-equipe-de-governo-ja-tem-36-nomes-confirmados\/\",\"url\":\"https:\/\/www.blogsoestado.com\/danielmatos\/brandao-anuncia-mais-11-auxiliares-e-equipe-de-governo-ja-tem-36-nomes-confirmados\/\",\"name\":\"Brand\u00e3o anuncia mais 11 auxiliares e equipe de governo j\u00e1 tem 36 nomes confirmados - Daniel Matos\",\"isPartOf\":{\"@id\":\"https:\/\/www.blogsoestado.com\/danielmatos\/#website\"},\"primaryImageOfPage\":{\"@id\":\"https:\/\/www.blogsoestado.com\/danielmatos\/brandao-anuncia-mais-11-auxiliares-e-equipe-de-governo-ja-tem-36-nomes-confirmados\/#primaryimage\"},\"image\":{\"@id\":\"https:\/\/www.blogsoestado.com\/danielmatos\/brandao-anuncia-mais-11-auxiliares-e-equipe-de-governo-ja-tem-36-nomes-confirmados\/#primaryimage\"},\"thumbnailUrl\":\"https:\/\/www.blogsoestado.com\/danielmatos\/files\/2023\/02\/Screenshot_20230228-2242492-1.png\",\"datePublished\":\"2023-03-01T02:12:54+00:00\",\"author\":{\"@id\":\"\"},\"breadcrumb\":{\"@id\":\"https:\/\/www.blogsoestado.com\/danielmatos\/brandao-anuncia-mais-11-auxiliares-e-equipe-de-governo-ja-tem-36-nomes-confirmados\/#breadcrumb\"},\"inLanguage\":\"pt-BR\",\"potentialAction\":[{\"@type\":\"ReadAction\",\"target\":[\"https:\/\/www.blogsoestado.com\/danielmatos\/brandao-anuncia-mais-11-auxiliares-e-equipe-de-governo-ja-tem-36-nomes-confirmados\/\"]}]},{\"@type\":\"ImageObject\",\"inLanguage\":\"pt-BR\",\"@id\":\"https:\/\/www.blogsoestado.com\/danielmatos\/brandao-anuncia-mais-11-auxiliares-e-equipe-de-governo-ja-tem-36-nomes-confirmados\/#primaryimage\",\"url\":\"https:\/\/www.blogsoestado.com\/danielmatos\/files\/2023\/02\/Screenshot_20230228-2242492-1.png\",\"contentUrl\":\"https:\/\/www.blogsoestado.com\/danielmatos\/files\/2023\/02\/Screenshot_20230228-2242492-1.png\"},{\"@type\":\"BreadcrumbList\",\"@id\":\"https:\/\/www.blogsoestado.com\/danielmatos\/brandao-anuncia-mais-11-auxiliares-e-equipe-de-governo-ja-tem-36-nomes-confirmados\/#breadcrumb\",\"itemListElement\":[{\"@type\":\"ListItem\",\"position\":1,\"name\":\"In\u00edcio\",\"item\":\"https:\/\/www.blogsoestado.com\/danielmatos\/\"},{\"@type\":\"ListItem\",\"position\":2,\"name\":\"Brand\u00e3o anuncia mais 11 auxiliares e equipe de governo j\u00e1 tem 36 nomes confirmados\"}]},{\"@type\":\"WebSite\",\"@id\":\"https:\/\/www.blogsoestado.com\/danielmatos\/#website\",\"url\":\"https:\/\/www.blogsoestado.com\/danielmatos\/\",\"name\":\"Daniel Matos\",\"description\":\"\",\"potentialAction\":[{\"@type\":\"SearchAction\",\"target\":{\"@type\":\"EntryPoint\",\"urlTemplate\":\"https:\/\/www.blogsoestado.com\/danielmatos\/?s={search_term_string}\"},\"query-input\":{\"@type\":\"PropertyValueSpecification\",\"valueRequired\":true,\"valueName\":\"search_term_string\"}}],\"inLanguage\":\"pt-BR\"}]}<\/script>\n<!-- \/ Yoast SEO plugin. -->","yoast_head_json":{"title":"Brand\u00e3o anuncia mais 11 auxiliares e equipe de governo j\u00e1 tem 36 nomes confirmados - Daniel Matos","robots":{"index":"index","follow":"follow","max-snippet":"max-snippet:-1","max-image-preview":"max-image-preview:large","max-video-preview":"max-video-preview:-1"},"canonical":"https:\/\/www.blogsoestado.com\/danielmatos\/brandao-anuncia-mais-11-auxiliares-e-equipe-de-governo-ja-tem-36-nomes-confirmados\/","og_locale":"pt_BR","og_type":"article","og_title":"Brand\u00e3o anuncia mais 11 auxiliares e equipe de governo j\u00e1 tem 36 nomes confirmados - Daniel Matos","og_description":"O governador Carlos Brand\u00e3o voltou a anunciar, em suas redes sociais na noite desta ter\u00e7a-feira (28), mais 11 nomes que [&hellip;]","og_url":"https:\/\/www.blogsoestado.com\/danielmatos\/brandao-anuncia-mais-11-auxiliares-e-equipe-de-governo-ja-tem-36-nomes-confirmados\/","og_site_name":"Daniel Matos","article_published_time":"2023-03-01T02:12:54+00:00","og_image":[{"url":"https:\/\/www.blogsoestado.com\/danielmatos\/files\/2023\/02\/Screenshot_20230228-2242492-1.png","type":"","width":"","height":""}],"twitter_card":"summary_large_image","twitter_misc":{"Est. tempo de leitura":"2 minutos"},"schema":{"@context":"https:\/\/schema.org","@graph":[{"@type":"WebPage","@id":"https:\/\/www.blogsoestado.com\/danielmatos\/brandao-anuncia-mais-11-auxiliares-e-equipe-de-governo-ja-tem-36-nomes-confirmados\/","url":"https:\/\/www.blogsoestado.com\/danielmatos\/brandao-anuncia-mais-11-auxiliares-e-equipe-de-governo-ja-tem-36-nomes-confirmados\/","name":"Brand\u00e3o anuncia mais 11 auxiliares e equipe de governo j\u00e1 tem 36 nomes confirmados - Daniel Matos","isPartOf":{"@id":"https:\/\/www.blogsoestado.com\/danielmatos\/#website"},"primaryImageOfPage":{"@id":"https:\/\/www.blogsoestado.com\/danielmatos\/brandao-anuncia-mais-11-auxiliares-e-equipe-de-governo-ja-tem-36-nomes-confirmados\/#primaryimage"},"image":{"@id":"https:\/\/www.blogsoestado.com\/danielmatos\/brandao-anuncia-mais-11-auxiliares-e-equipe-de-governo-ja-tem-36-nomes-confirmados\/#primaryimage"},"thumbnailUrl":"https:\/\/www.blogsoestado.com\/danielmatos\/files\/2023\/02\/Screenshot_20230228-2242492-1.png","datePublished":"2023-03-01T02:12:54+00:00","author":{"@id":""},"breadcrumb":{"@id":"https:\/\/www.blogsoestado.com\/danielmatos\/brandao-anuncia-mais-11-auxiliares-e-equipe-de-governo-ja-tem-36-nomes-confirmados\/#breadcrumb"},"inLanguage":"pt-BR","potentialAction":[{"@type":"ReadAction","target":["https:\/\/www.blogsoestado.com\/danielmatos\/brandao-anuncia-mais-11-auxiliares-e-equipe-de-governo-ja-tem-36-nomes-confirmados\/"]}]},{"@type":"ImageObject","inLanguage":"pt-BR","@id":"https:\/\/www.blogsoestado.com\/danielmatos\/brandao-anuncia-mais-11-auxiliares-e-equipe-de-governo-ja-tem-36-nomes-confirmados\/#primaryimage","url":"https:\/\/www.blogsoestado.com\/danielmatos\/files\/2023\/02\/Screenshot_20230228-2242492-1.png","contentUrl":"https:\/\/www.blogsoestado.com\/danielmatos\/files\/2023\/02\/Screenshot_20230228-2242492-1.png"},{"@type":"BreadcrumbList","@id":"https:\/\/www.blogsoestado.com\/danielmatos\/brandao-anuncia-mais-11-auxiliares-e-equipe-de-governo-ja-tem-36-nomes-confirmados\/#breadcrumb","itemListElement":[{"@type":"ListItem","position":1,"name":"In\u00edcio","item":"https:\/\/www.blogsoestado.com\/danielmatos\/"},{"@type":"ListItem","position":2,"name":"Brand\u00e3o anuncia mais 11 auxiliares e equipe de governo j\u00e1 tem 36 nomes confirmados"}]},{"@type":"WebSite","@id":"https:\/\/www.blogsoestado.com\/danielmatos\/#website","url":"https:\/\/www.blogsoestado.com\/danielmatos\/","name":"Daniel Matos","description":"","potentialAction":[{"@type":"SearchAction","target":{"@type":"EntryPoint","urlTemplate":"https:\/\/www.blogsoestado.com\/danielmatos\/?s={search_term_string}"},"query-input":{"@type":"PropertyValueSpecification","valueRequired":true,"valueName":"search_term_string"}}],"inLanguage":"pt-BR"}]}},"jetpack_featured_media_url":"","_links":{"self":[{"href":"https:\/\/www.blogsoestado.com\/danielmatos\/wp-json\/wp\/v2\/posts\/106587","targetHints":{"allow":["GET"]}}],"collection":[{"href":"https:\/\/www.blogsoestado.com\/danielmatos\/wp-json\/wp\/v2\/posts"}],"about":[{"href":"https:\/\/www.blogsoestado.com\/danielmatos\/wp-json\/wp\/v2\/types\/post"}],"replies":[{"embeddable":true,"href":"https:\/\/www.blogsoestado.com\/danielmatos\/wp-json\/wp\/v2\/comments?post=106587"}],"version-history":[{"count":0,"href":"https:\/\/www.blogsoestado.com\/danielmatos\/wp-json\/wp\/v2\/posts\/106587\/revisions"}],"wp:attachment":[{"href":"https:\/\/www.blogsoestado.com\/danielmatos\/wp-json\/wp\/v2\/media?parent=106587"}],"wp:term":[{"taxonomy":"category","embeddable":true,"href":"https:\/\/www.blogsoestado.com\/danielmatos\/wp-json\/wp\/v2\/categories?post=106587"},{"taxonomy":"post_tag","embeddable":true,"href":"https:\/\/www.blogsoestado.com\/danielmatos\/wp-json\/wp\/v2\/tags?post=106587"}],"curies":[{"name":"wp","href":"https:\/\/api.w.org\/{rel}","templated":true}]}}