{"id":106598,"date":"2023-03-01T06:00:00","date_gmt":"2023-03-01T09:00:00","guid":{"rendered":"https:\/\/www.blogsoestado.com\/danielmatos\/?p=106598"},"modified":"2023-03-01T06:00:00","modified_gmt":"2023-03-01T09:00:00","slug":"maranhao-foi-um-dos-3-estados-que-mais-reduziram-divida-consolidada-em-2022-aponta-tesouro-nacional","status":"publish","type":"post","link":"https:\/\/www.blogsoestado.com\/danielmatos\/maranhao-foi-um-dos-3-estados-que-mais-reduziram-divida-consolidada-em-2022-aponta-tesouro-nacional\/","title":{"rendered":"Maranh\u00e3o foi um dos 3 estados que mais reduziram D\u00edvida Consolidada em 2022, aponta Tesouro Nacional"},"content":{"rendered":"\n<div class=\"wp-block-image\"><figure class=\"aligncenter size-large\"><a href=\"https:\/\/www.blogsoestado.com\/danielmatos\/files\/2023\/03\/Screenshot_20230301-0109412.png\"><img decoding=\"async\" src=\"https:\/\/www.blogsoestado.com\/danielmatos\/files\/2023\/03\/Screenshot_20230301-0109412.png\" alt=\"\" class=\"wp-image-106599\"\/><\/a><\/figure><\/div>\n\n\n\n<p>O Maranh\u00e3o foi uma das tr\u00eas unidades da federa\u00e7\u00e3o que mais reduziram a D\u00edvida Consolidada no 6\u00ba bimestre de 2022 em rela\u00e7\u00e3o \u00e0 D\u00edvida Consolidada em 31 de dezembro do ano anterior. Os dados fazem parte do&nbsp;Relat\u00f3rio Resumido de Execu\u00e7\u00e3o Or\u00e7ament\u00e1ria em Foco dos estados + DF (RREO) referente aos dois \u00faltimos meses do ano passado,&nbsp;publicado no \u00faltimo dia 24 pelo Tesouro Nacional.<\/p>\n\n\n\n<p>A D\u00edvida Consolidada \u00e9 o montante total, apurado sem duplicidade, das obriga\u00e7\u00f5es financeiras do ente da federa\u00e7\u00e3o assumidas em virtude de leis, contratos, conv\u00eanios ou tratados e da realiza\u00e7\u00e3o de opera\u00e7\u00f5es de cr\u00e9dito para amortiza\u00e7\u00e3o em prazo superior a 12 meses. Nesse quesito, Mato Grosso (-22%), Tocantins (-20%) e&nbsp;<strong>Maranh\u00e3o&nbsp;(-13%) <\/strong>s\u00e3o os estados que mais reduziram o volume devido em 2022.<\/p>\n\n\n\n<p>Na outra ponta, Amap\u00e1 (16%), Rio Grande do Sul (12%) e Distrito Federal (10%) registraram os maiores crescimentos das D\u00edvidas Consolidadas ao longo do exerc\u00edcio passado. Esses indicadores, quando negativos, retratam a boa sa\u00fade fiscal dos entes federativos e quando positivos exp\u00f5e situa\u00e7\u00e3o desfavor\u00e1vel.<\/p>\n\n\n\n<p>O RREO em Foco \u2013 Estados + DF traz os principais dados da execu\u00e7\u00e3o or\u00e7ament\u00e1ria das 27 Unidades da federa\u00e7\u00e3o e \u00e9 elaborado com base nos documentos que os pr\u00f3prios entes publicam no Sistema de Informa\u00e7\u00f5es Cont\u00e1beis e Fiscais do Setor P\u00fablico Brasileiro (Siconfi), gerido pelo Tesouro Nacional.<\/p>\n\n\n\n<p>O Relat\u00f3rio Resumido da Execu\u00e7\u00e3o Or\u00e7ament\u00e1ria \u00e9 uma publica\u00e7\u00e3o bimestral que apresenta as informa\u00e7\u00f5es fiscais consolidadas de cada ente da federa\u00e7\u00e3o. Re\u00fane as informa\u00e7\u00f5es da execu\u00e7\u00e3o or\u00e7ament\u00e1ria de todos os poderes &#8211; Executivo, Legislativo e Judici\u00e1rio \u2013 incluindo tamb\u00e9m o Minist\u00e9rio P\u00fablico e a Defensoria P\u00fablica, e contempla as esferas federal, estadual, distrital e municipal.<\/p>\n\n\n\n<p>Saiba mais <a href=\"https:\/\/www.gov.br\/fazenda\/pt-br\/assuntos\/noticias\/2023\/fevereiro\/para-santa-catarina-e-tocantins-apresentam-os-maiores-percentuais-de-crescimento-da-receita-corrente-em-2022\">aqui<\/a>.<\/p>\n","protected":false},"excerpt":{"rendered":"<p>O Maranh\u00e3o foi uma das tr\u00eas unidades da federa\u00e7\u00e3o que mais reduziram a D\u00edvida Consolidada no 6\u00ba bimestre de 2022 [&hellip;]<\/p>\n","protected":false},"author":0,"featured_media":0,"comment_status":"open","ping_status":"open","sticky":false,"template":"","format":"standard","meta":{"site-sidebar-layout":"default","site-content-layout":"","ast-site-content-layout":"default","site-content-style":"default","site-sidebar-style":"default","ast-global-header-display":"","ast-banner-title-visibility":"","ast-main-header-display":"","ast-hfb-above-header-display":"","ast-hfb-below-header-display":"","ast-hfb-mobile-header-display":"","site-post-title":"","ast-breadcrumbs-content":"","ast-featured-img":"","footer-sml-layout":"","ast-disable-related-posts":"","theme-transparent-header-meta":"","adv-header-id-meta":"","stick-header-meta":"","header-above-stick-meta":"","header-main-stick-meta":"","header-below-stick-meta":"","astra-migrate-meta-layouts":"default","ast-page-background-enabled":"default","ast-page-background-meta":{"desktop":{"background-color":"var(--ast-global-color-5)","background-image":"","background-repeat":"repeat","background-position":"center center","background-size":"auto","background-attachment":"scroll","background-type":"","background-media":"","overlay-type":"","overlay-color":"","overlay-opacity":"","overlay-gradient":""},"tablet":{"background-color":"","background-image":"","background-repeat":"repeat","background-position":"center center","background-size":"auto","background-attachment":"scroll","background-type":"","background-media":"","overlay-type":"","overlay-color":"","overlay-opacity":"","overlay-gradient":""},"mobile":{"background-color":"","background-image":"","background-repeat":"repeat","background-position":"center center","background-size":"auto","background-attachment":"scroll","background-type":"","background-media":"","overlay-type":"","overlay-color":"","overlay-opacity":"","overlay-gradient":""}},"ast-content-background-meta":{"desktop":{"background-color":"var(--ast-global-color-4)","background-image":"","background-repeat":"repeat","background-position":"center center","background-size":"auto","background-attachment":"scroll","background-type":"","background-media":"","overlay-type":"","overlay-color":"","overlay-opacity":"","overlay-gradient":""},"tablet":{"background-color":"var(--ast-global-color-4)","background-image":"","background-repeat":"repeat","background-position":"center center","background-size":"auto","background-attachment":"scroll","background-type":"","background-media":"","overlay-type":"","overlay-color":"","overlay-opacity":"","overlay-gradient":""},"mobile":{"background-color":"var(--ast-global-color-4)","background-image":"","background-repeat":"repeat","background-position":"center center","background-size":"auto","background-attachment":"scroll","background-type":"","background-media":"","overlay-type":"","overlay-color":"","overlay-opacity":"","overlay-gradient":""}},"footnotes":""},"categories":[1],"tags":[],"class_list":["post-106598","post","type-post","status-publish","format-standard","hentry","category-sem-categoria"],"yoast_head":"<!-- This site is optimized with the Yoast SEO plugin v26.6 - https:\/\/yoast.com\/wordpress\/plugins\/seo\/ -->\n<title>Maranh\u00e3o foi um dos 3 estados que mais reduziram D\u00edvida Consolidada em 2022, aponta Tesouro Nacional - Daniel Matos<\/title>\n<meta name=\"robots\" content=\"index, follow, max-snippet:-1, max-image-preview:large, max-video-preview:-1\" \/>\n<link rel=\"canonical\" href=\"https:\/\/www.blogsoestado.com\/danielmatos\/maranhao-foi-um-dos-3-estados-que-mais-reduziram-divida-consolidada-em-2022-aponta-tesouro-nacional\/\" \/>\n<meta property=\"og:locale\" content=\"pt_BR\" \/>\n<meta property=\"og:type\" content=\"article\" \/>\n<meta property=\"og:title\" content=\"Maranh\u00e3o foi um dos 3 estados que mais reduziram D\u00edvida Consolidada em 2022, aponta Tesouro Nacional - Daniel Matos\" \/>\n<meta property=\"og:description\" content=\"O Maranh\u00e3o foi uma das tr\u00eas unidades da federa\u00e7\u00e3o que mais reduziram a D\u00edvida Consolidada no 6\u00ba bimestre de 2022 [&hellip;]\" \/>\n<meta property=\"og:url\" content=\"https:\/\/www.blogsoestado.com\/danielmatos\/maranhao-foi-um-dos-3-estados-que-mais-reduziram-divida-consolidada-em-2022-aponta-tesouro-nacional\/\" \/>\n<meta property=\"og:site_name\" content=\"Daniel Matos\" \/>\n<meta property=\"article:published_time\" content=\"2023-03-01T09:00:00+00:00\" \/>\n<meta property=\"og:image\" content=\"https:\/\/www.blogsoestado.com\/danielmatos\/files\/2023\/03\/Screenshot_20230301-0109412.png\" \/>\n<meta name=\"twitter:card\" content=\"summary_large_image\" \/>\n<meta name=\"twitter:label1\" content=\"Est. tempo de leitura\" \/>\n\t<meta name=\"twitter:data1\" content=\"2 minutos\" \/>\n<script type=\"application\/ld+json\" class=\"yoast-schema-graph\">{\"@context\":\"https:\/\/schema.org\",\"@graph\":[{\"@type\":\"WebPage\",\"@id\":\"https:\/\/www.blogsoestado.com\/danielmatos\/maranhao-foi-um-dos-3-estados-que-mais-reduziram-divida-consolidada-em-2022-aponta-tesouro-nacional\/\",\"url\":\"https:\/\/www.blogsoestado.com\/danielmatos\/maranhao-foi-um-dos-3-estados-que-mais-reduziram-divida-consolidada-em-2022-aponta-tesouro-nacional\/\",\"name\":\"Maranh\u00e3o foi um dos 3 estados que mais reduziram D\u00edvida Consolidada em 2022, aponta Tesouro Nacional - Daniel Matos\",\"isPartOf\":{\"@id\":\"https:\/\/www.blogsoestado.com\/danielmatos\/#website\"},\"primaryImageOfPage\":{\"@id\":\"https:\/\/www.blogsoestado.com\/danielmatos\/maranhao-foi-um-dos-3-estados-que-mais-reduziram-divida-consolidada-em-2022-aponta-tesouro-nacional\/#primaryimage\"},\"image\":{\"@id\":\"https:\/\/www.blogsoestado.com\/danielmatos\/maranhao-foi-um-dos-3-estados-que-mais-reduziram-divida-consolidada-em-2022-aponta-tesouro-nacional\/#primaryimage\"},\"thumbnailUrl\":\"https:\/\/www.blogsoestado.com\/danielmatos\/files\/2023\/03\/Screenshot_20230301-0109412.png\",\"datePublished\":\"2023-03-01T09:00:00+00:00\",\"author\":{\"@id\":\"\"},\"breadcrumb\":{\"@id\":\"https:\/\/www.blogsoestado.com\/danielmatos\/maranhao-foi-um-dos-3-estados-que-mais-reduziram-divida-consolidada-em-2022-aponta-tesouro-nacional\/#breadcrumb\"},\"inLanguage\":\"pt-BR\",\"potentialAction\":[{\"@type\":\"ReadAction\",\"target\":[\"https:\/\/www.blogsoestado.com\/danielmatos\/maranhao-foi-um-dos-3-estados-que-mais-reduziram-divida-consolidada-em-2022-aponta-tesouro-nacional\/\"]}]},{\"@type\":\"ImageObject\",\"inLanguage\":\"pt-BR\",\"@id\":\"https:\/\/www.blogsoestado.com\/danielmatos\/maranhao-foi-um-dos-3-estados-que-mais-reduziram-divida-consolidada-em-2022-aponta-tesouro-nacional\/#primaryimage\",\"url\":\"https:\/\/www.blogsoestado.com\/danielmatos\/files\/2023\/03\/Screenshot_20230301-0109412.png\",\"contentUrl\":\"https:\/\/www.blogsoestado.com\/danielmatos\/files\/2023\/03\/Screenshot_20230301-0109412.png\"},{\"@type\":\"BreadcrumbList\",\"@id\":\"https:\/\/www.blogsoestado.com\/danielmatos\/maranhao-foi-um-dos-3-estados-que-mais-reduziram-divida-consolidada-em-2022-aponta-tesouro-nacional\/#breadcrumb\",\"itemListElement\":[{\"@type\":\"ListItem\",\"position\":1,\"name\":\"In\u00edcio\",\"item\":\"https:\/\/www.blogsoestado.com\/danielmatos\/\"},{\"@type\":\"ListItem\",\"position\":2,\"name\":\"Maranh\u00e3o foi um dos 3 estados que mais reduziram D\u00edvida Consolidada em 2022, aponta Tesouro Nacional\"}]},{\"@type\":\"WebSite\",\"@id\":\"https:\/\/www.blogsoestado.com\/danielmatos\/#website\",\"url\":\"https:\/\/www.blogsoestado.com\/danielmatos\/\",\"name\":\"Daniel Matos\",\"description\":\"\",\"potentialAction\":[{\"@type\":\"SearchAction\",\"target\":{\"@type\":\"EntryPoint\",\"urlTemplate\":\"https:\/\/www.blogsoestado.com\/danielmatos\/?s={search_term_string}\"},\"query-input\":{\"@type\":\"PropertyValueSpecification\",\"valueRequired\":true,\"valueName\":\"search_term_string\"}}],\"inLanguage\":\"pt-BR\"}]}<\/script>\n<!-- \/ Yoast SEO plugin. -->","yoast_head_json":{"title":"Maranh\u00e3o foi um dos 3 estados que mais reduziram D\u00edvida Consolidada em 2022, aponta Tesouro Nacional - Daniel Matos","robots":{"index":"index","follow":"follow","max-snippet":"max-snippet:-1","max-image-preview":"max-image-preview:large","max-video-preview":"max-video-preview:-1"},"canonical":"https:\/\/www.blogsoestado.com\/danielmatos\/maranhao-foi-um-dos-3-estados-que-mais-reduziram-divida-consolidada-em-2022-aponta-tesouro-nacional\/","og_locale":"pt_BR","og_type":"article","og_title":"Maranh\u00e3o foi um dos 3 estados que mais reduziram D\u00edvida Consolidada em 2022, aponta Tesouro Nacional - Daniel Matos","og_description":"O Maranh\u00e3o foi uma das tr\u00eas unidades da federa\u00e7\u00e3o que mais reduziram a D\u00edvida Consolidada no 6\u00ba bimestre de 2022 [&hellip;]","og_url":"https:\/\/www.blogsoestado.com\/danielmatos\/maranhao-foi-um-dos-3-estados-que-mais-reduziram-divida-consolidada-em-2022-aponta-tesouro-nacional\/","og_site_name":"Daniel Matos","article_published_time":"2023-03-01T09:00:00+00:00","og_image":[{"url":"https:\/\/www.blogsoestado.com\/danielmatos\/files\/2023\/03\/Screenshot_20230301-0109412.png","type":"","width":"","height":""}],"twitter_card":"summary_large_image","twitter_misc":{"Est. tempo de leitura":"2 minutos"},"schema":{"@context":"https:\/\/schema.org","@graph":[{"@type":"WebPage","@id":"https:\/\/www.blogsoestado.com\/danielmatos\/maranhao-foi-um-dos-3-estados-que-mais-reduziram-divida-consolidada-em-2022-aponta-tesouro-nacional\/","url":"https:\/\/www.blogsoestado.com\/danielmatos\/maranhao-foi-um-dos-3-estados-que-mais-reduziram-divida-consolidada-em-2022-aponta-tesouro-nacional\/","name":"Maranh\u00e3o foi um dos 3 estados que mais reduziram D\u00edvida Consolidada em 2022, aponta Tesouro Nacional - Daniel Matos","isPartOf":{"@id":"https:\/\/www.blogsoestado.com\/danielmatos\/#website"},"primaryImageOfPage":{"@id":"https:\/\/www.blogsoestado.com\/danielmatos\/maranhao-foi-um-dos-3-estados-que-mais-reduziram-divida-consolidada-em-2022-aponta-tesouro-nacional\/#primaryimage"},"image":{"@id":"https:\/\/www.blogsoestado.com\/danielmatos\/maranhao-foi-um-dos-3-estados-que-mais-reduziram-divida-consolidada-em-2022-aponta-tesouro-nacional\/#primaryimage"},"thumbnailUrl":"https:\/\/www.blogsoestado.com\/danielmatos\/files\/2023\/03\/Screenshot_20230301-0109412.png","datePublished":"2023-03-01T09:00:00+00:00","author":{"@id":""},"breadcrumb":{"@id":"https:\/\/www.blogsoestado.com\/danielmatos\/maranhao-foi-um-dos-3-estados-que-mais-reduziram-divida-consolidada-em-2022-aponta-tesouro-nacional\/#breadcrumb"},"inLanguage":"pt-BR","potentialAction":[{"@type":"ReadAction","target":["https:\/\/www.blogsoestado.com\/danielmatos\/maranhao-foi-um-dos-3-estados-que-mais-reduziram-divida-consolidada-em-2022-aponta-tesouro-nacional\/"]}]},{"@type":"ImageObject","inLanguage":"pt-BR","@id":"https:\/\/www.blogsoestado.com\/danielmatos\/maranhao-foi-um-dos-3-estados-que-mais-reduziram-divida-consolidada-em-2022-aponta-tesouro-nacional\/#primaryimage","url":"https:\/\/www.blogsoestado.com\/danielmatos\/files\/2023\/03\/Screenshot_20230301-0109412.png","contentUrl":"https:\/\/www.blogsoestado.com\/danielmatos\/files\/2023\/03\/Screenshot_20230301-0109412.png"},{"@type":"BreadcrumbList","@id":"https:\/\/www.blogsoestado.com\/danielmatos\/maranhao-foi-um-dos-3-estados-que-mais-reduziram-divida-consolidada-em-2022-aponta-tesouro-nacional\/#breadcrumb","itemListElement":[{"@type":"ListItem","position":1,"name":"In\u00edcio","item":"https:\/\/www.blogsoestado.com\/danielmatos\/"},{"@type":"ListItem","position":2,"name":"Maranh\u00e3o foi um dos 3 estados que mais reduziram D\u00edvida Consolidada em 2022, aponta Tesouro Nacional"}]},{"@type":"WebSite","@id":"https:\/\/www.blogsoestado.com\/danielmatos\/#website","url":"https:\/\/www.blogsoestado.com\/danielmatos\/","name":"Daniel Matos","description":"","potentialAction":[{"@type":"SearchAction","target":{"@type":"EntryPoint","urlTemplate":"https:\/\/www.blogsoestado.com\/danielmatos\/?s={search_term_string}"},"query-input":{"@type":"PropertyValueSpecification","valueRequired":true,"valueName":"search_term_string"}}],"inLanguage":"pt-BR"}]}},"jetpack_featured_media_url":"","_links":{"self":[{"href":"https:\/\/www.blogsoestado.com\/danielmatos\/wp-json\/wp\/v2\/posts\/106598","targetHints":{"allow":["GET"]}}],"collection":[{"href":"https:\/\/www.blogsoestado.com\/danielmatos\/wp-json\/wp\/v2\/posts"}],"about":[{"href":"https:\/\/www.blogsoestado.com\/danielmatos\/wp-json\/wp\/v2\/types\/post"}],"replies":[{"embeddable":true,"href":"https:\/\/www.blogsoestado.com\/danielmatos\/wp-json\/wp\/v2\/comments?post=106598"}],"version-history":[{"count":0,"href":"https:\/\/www.blogsoestado.com\/danielmatos\/wp-json\/wp\/v2\/posts\/106598\/revisions"}],"wp:attachment":[{"href":"https:\/\/www.blogsoestado.com\/danielmatos\/wp-json\/wp\/v2\/media?parent=106598"}],"wp:term":[{"taxonomy":"category","embeddable":true,"href":"https:\/\/www.blogsoestado.com\/danielmatos\/wp-json\/wp\/v2\/categories?post=106598"},{"taxonomy":"post_tag","embeddable":true,"href":"https:\/\/www.blogsoestado.com\/danielmatos\/wp-json\/wp\/v2\/tags?post=106598"}],"curies":[{"name":"wp","href":"https:\/\/api.w.org\/{rel}","templated":true}]}}