{"id":1066,"date":"2009-05-21T11:56:19","date_gmt":"2009-05-21T14:56:19","guid":{"rendered":"https:\/\/www.blogsoestado.com\/danielmatos\/2009\/05\/21\/pedro-fernandes-denuncia-ameacas-contra-radialista\/"},"modified":"2009-05-21T11:56:19","modified_gmt":"2009-05-21T14:56:19","slug":"pedro-fernandes-denuncia-ameacas-contra-radialista","status":"publish","type":"post","link":"https:\/\/www.blogsoestado.com\/danielmatos\/pedro-fernandes-denuncia-ameacas-contra-radialista\/","title":{"rendered":"Pedro Fernandes denuncia amea\u00e7as contra radialista"},"content":{"rendered":"<p><a href=\"https:\/\/www.blogsoestado.com\/danielmatos\/files\/2009\/05\/pedro-fernandes.jpg\" title=\"pedro-fernandes.jpg\"><img decoding=\"async\" align=\"left\" src=\"https:\/\/www.blogsoestado.com\/danielmatos\/files\/2009\/05\/pedro-fernandes.jpg\" alt=\"pedro-fernandes.jpg\" \/><\/a>O deputado federal Pedro Fernandes (PTB-MA) usou, nesta quinta-feira, a tribuna da C\u00e2mara para denunciar as amea\u00e7as que vem sofrendo o radialista Daby Santos, do Munic\u00edpio de Araioses, no Maranh\u00e3o. Daby Santos \u00e9 \u00e2ncora da R\u00e1dio Santa Rosa FM.<\/p>\n<p>&#8211; Ele faz den\u00fancias, que \u00e9 o papel da imprensa, e suas den\u00fancias n\u00e3o s\u00e3o vazias. Ele denuncia a precariedade da sa\u00fade no Munic\u00edpio de Araioses, o fechamentodo hospital municipal, a falta de merenda escolar no Munic\u00edpio, a aus\u00eancia da Prefeita no Munic\u00edpio. S\u00e3o den\u00fancias que a popula\u00e7\u00e3o precisa saber. Agora, est\u00e1 sofrendo amea\u00e7as &#8211; disse o deputado.<\/p>\n<p>Segundo o parlamentar, o \u00faltimo acontecimento foi a invas\u00e3o que r\u00e1dio sofreu pela vereadora Jacira Pires, Presidenta da C\u00e2mara Municipal e esposa do Vice-Prefeito, Felipe Pires, invas\u00e3o esta, teria sido assistida pelo Procurador do Munic\u00edpio.<\/p>\n<p>&#8211; Essa vereadora \u00e9 aliada da Prefeita. O jornalista me falou que, h\u00e1 3 dias, prepararam uma tocaia para ele. Ora, o Supremo Tribunal Federal deu total liberdade para a imprensa, o que se pode processar direito de resposta, est\u00e1 na Constitui\u00e7\u00e3o. Mas devemos preservar a imprensa porque ela faz um grande papel para a democracia &#8211; refor\u00e7ou.<br \/>\n\u00a0<br \/>\nO deputado Pedro Fernandes declarou que o radialista ter\u00e1 todo o apoio dele.<br \/>\n&#8211; Fa\u00e7o essa den\u00fancia em \u00e2mbito nacional, responsabilizando a Prefeita Luciana Mar\u00e3o F\u00e9lix, a Presidente da C\u00e2mara de Araioses, Jacira Pires, o vice-Prefeito de Araioses, Felipe Pires, por qualquer dano que venha sofrer o radialista Daby Santos &#8211; avisou.<\/p>\n<p>O parlamentar disse, ainda, que se dirigir\u00e1 pessoalmente ao Secret\u00e1rio de Seguran\u00e7a P\u00fablica do Maranh\u00e3o, Raimundo Cutrim, para que d\u00ea seguran\u00e7a ao senhor Daby Santos.<\/p>\n<p>&#8211; N\u00e3o podemos admitir que, no Maranh\u00e3o, essas coisas ainda aconte\u00e7am. Essa den\u00fancia \u00e9 grave. Invadiram a r\u00e1dio, amea\u00e7aram, mas n\u00e3o vamos temer. O Daby tem o apoio nosso e do nosso grupo pol\u00edtico. Vamos continuar fazendo essas den\u00fancias. Elas t\u00eam um cunho altamente social. A prefeita precisa dar conta do mandato que ela recebeu em Araioses. N\u00e3o vale a mentira que ela pregou, de revolucionar a administra\u00e7\u00e3o em Araioses, o que n\u00e3o est\u00e1 acontecendo &#8211; arrematou Pedro Fernandes.<\/p>\n<p><strong>Foto:<\/strong> arquivo\/<strong>O Estado do Maranh\u00e3o<\/strong><\/p>\n","protected":false},"excerpt":{"rendered":"<p>O deputado federal Pedro Fernandes (PTB-MA) usou, nesta quinta-feira, a tribuna da C\u00e2mara para denunciar as amea\u00e7as que vem sofrendo [&hellip;]<\/p>\n","protected":false},"author":0,"featured_media":0,"comment_status":"open","ping_status":"open","sticky":false,"template":"","format":"standard","meta":{"site-sidebar-layout":"default","site-content-layout":"","ast-site-content-layout":"default","site-content-style":"default","site-sidebar-style":"default","ast-global-header-display":"","ast-banner-title-visibility":"","ast-main-header-display":"","ast-hfb-above-header-display":"","ast-hfb-below-header-display":"","ast-hfb-mobile-header-display":"","site-post-title":"","ast-breadcrumbs-content":"","ast-featured-img":"","footer-sml-layout":"","ast-disable-related-posts":"","theme-transparent-header-meta":"","adv-header-id-meta":"","stick-header-meta":"","header-above-stick-meta":"","header-main-stick-meta":"","header-below-stick-meta":"","astra-migrate-meta-layouts":"default","ast-page-background-enabled":"default","ast-page-background-meta":{"desktop":{"background-color":"var(--ast-global-color-5)","background-image":"","background-repeat":"repeat","background-position":"center center","background-size":"auto","background-attachment":"scroll","background-type":"","background-media":"","overlay-type":"","overlay-color":"","overlay-opacity":"","overlay-gradient":""},"tablet":{"background-color":"","background-image":"","background-repeat":"repeat","background-position":"center center","background-size":"auto","background-attachment":"scroll","background-type":"","background-media":"","overlay-type":"","overlay-color":"","overlay-opacity":"","overlay-gradient":""},"mobile":{"background-color":"","background-image":"","background-repeat":"repeat","background-position":"center center","background-size":"auto","background-attachment":"scroll","background-type":"","background-media":"","overlay-type":"","overlay-color":"","overlay-opacity":"","overlay-gradient":""}},"ast-content-background-meta":{"desktop":{"background-color":"var(--ast-global-color-4)","background-image":"","background-repeat":"repeat","background-position":"center center","background-size":"auto","background-attachment":"scroll","background-type":"","background-media":"","overlay-type":"","overlay-color":"","overlay-opacity":"","overlay-gradient":""},"tablet":{"background-color":"var(--ast-global-color-4)","background-image":"","background-repeat":"repeat","background-position":"center center","background-size":"auto","background-attachment":"scroll","background-type":"","background-media":"","overlay-type":"","overlay-color":"","overlay-opacity":"","overlay-gradient":""},"mobile":{"background-color":"var(--ast-global-color-4)","background-image":"","background-repeat":"repeat","background-position":"center center","background-size":"auto","background-attachment":"scroll","background-type":"","background-media":"","overlay-type":"","overlay-color":"","overlay-opacity":"","overlay-gradient":""}},"footnotes":""},"categories":[1],"tags":[],"class_list":["post-1066","post","type-post","status-publish","format-standard","hentry","category-sem-categoria"],"yoast_head":"<!-- This site is optimized with the Yoast SEO plugin v26.6 - https:\/\/yoast.com\/wordpress\/plugins\/seo\/ -->\n<title>Pedro Fernandes denuncia amea\u00e7as contra radialista - Daniel Matos<\/title>\n<meta name=\"robots\" content=\"index, follow, max-snippet:-1, max-image-preview:large, max-video-preview:-1\" \/>\n<link rel=\"canonical\" href=\"https:\/\/www.blogsoestado.com\/danielmatos\/pedro-fernandes-denuncia-ameacas-contra-radialista\/\" \/>\n<meta property=\"og:locale\" content=\"pt_BR\" \/>\n<meta property=\"og:type\" content=\"article\" \/>\n<meta property=\"og:title\" content=\"Pedro Fernandes denuncia amea\u00e7as contra radialista - Daniel Matos\" \/>\n<meta property=\"og:description\" content=\"O deputado federal Pedro Fernandes (PTB-MA) usou, nesta quinta-feira, a tribuna da C\u00e2mara para denunciar as amea\u00e7as que vem sofrendo [&hellip;]\" \/>\n<meta property=\"og:url\" content=\"https:\/\/www.blogsoestado.com\/danielmatos\/pedro-fernandes-denuncia-ameacas-contra-radialista\/\" \/>\n<meta property=\"og:site_name\" content=\"Daniel Matos\" \/>\n<meta property=\"article:published_time\" content=\"2009-05-21T14:56:19+00:00\" \/>\n<meta property=\"og:image\" content=\"https:\/\/www.blogsoestado.com\/danielmatos\/files\/2009\/05\/pedro-fernandes.jpg\" \/>\n<meta name=\"twitter:card\" content=\"summary_large_image\" \/>\n<meta name=\"twitter:label1\" content=\"Est. tempo de leitura\" \/>\n\t<meta name=\"twitter:data1\" content=\"2 minutos\" \/>\n<script type=\"application\/ld+json\" class=\"yoast-schema-graph\">{\"@context\":\"https:\/\/schema.org\",\"@graph\":[{\"@type\":\"WebPage\",\"@id\":\"https:\/\/www.blogsoestado.com\/danielmatos\/pedro-fernandes-denuncia-ameacas-contra-radialista\/\",\"url\":\"https:\/\/www.blogsoestado.com\/danielmatos\/pedro-fernandes-denuncia-ameacas-contra-radialista\/\",\"name\":\"Pedro Fernandes denuncia amea\u00e7as contra radialista - Daniel Matos\",\"isPartOf\":{\"@id\":\"https:\/\/www.blogsoestado.com\/danielmatos\/#website\"},\"primaryImageOfPage\":{\"@id\":\"https:\/\/www.blogsoestado.com\/danielmatos\/pedro-fernandes-denuncia-ameacas-contra-radialista\/#primaryimage\"},\"image\":{\"@id\":\"https:\/\/www.blogsoestado.com\/danielmatos\/pedro-fernandes-denuncia-ameacas-contra-radialista\/#primaryimage\"},\"thumbnailUrl\":\"https:\/\/www.blogsoestado.com\/danielmatos\/files\/2009\/05\/pedro-fernandes.jpg\",\"datePublished\":\"2009-05-21T14:56:19+00:00\",\"author\":{\"@id\":\"\"},\"breadcrumb\":{\"@id\":\"https:\/\/www.blogsoestado.com\/danielmatos\/pedro-fernandes-denuncia-ameacas-contra-radialista\/#breadcrumb\"},\"inLanguage\":\"pt-BR\",\"potentialAction\":[{\"@type\":\"ReadAction\",\"target\":[\"https:\/\/www.blogsoestado.com\/danielmatos\/pedro-fernandes-denuncia-ameacas-contra-radialista\/\"]}]},{\"@type\":\"ImageObject\",\"inLanguage\":\"pt-BR\",\"@id\":\"https:\/\/www.blogsoestado.com\/danielmatos\/pedro-fernandes-denuncia-ameacas-contra-radialista\/#primaryimage\",\"url\":\"https:\/\/www.blogsoestado.com\/danielmatos\/files\/2009\/05\/pedro-fernandes.jpg\",\"contentUrl\":\"https:\/\/www.blogsoestado.com\/danielmatos\/files\/2009\/05\/pedro-fernandes.jpg\"},{\"@type\":\"BreadcrumbList\",\"@id\":\"https:\/\/www.blogsoestado.com\/danielmatos\/pedro-fernandes-denuncia-ameacas-contra-radialista\/#breadcrumb\",\"itemListElement\":[{\"@type\":\"ListItem\",\"position\":1,\"name\":\"In\u00edcio\",\"item\":\"https:\/\/www.blogsoestado.com\/danielmatos\/\"},{\"@type\":\"ListItem\",\"position\":2,\"name\":\"Pedro Fernandes denuncia amea\u00e7as contra radialista\"}]},{\"@type\":\"WebSite\",\"@id\":\"https:\/\/www.blogsoestado.com\/danielmatos\/#website\",\"url\":\"https:\/\/www.blogsoestado.com\/danielmatos\/\",\"name\":\"Daniel Matos\",\"description\":\"\",\"potentialAction\":[{\"@type\":\"SearchAction\",\"target\":{\"@type\":\"EntryPoint\",\"urlTemplate\":\"https:\/\/www.blogsoestado.com\/danielmatos\/?s={search_term_string}\"},\"query-input\":{\"@type\":\"PropertyValueSpecification\",\"valueRequired\":true,\"valueName\":\"search_term_string\"}}],\"inLanguage\":\"pt-BR\"}]}<\/script>\n<!-- \/ Yoast SEO plugin. -->","yoast_head_json":{"title":"Pedro Fernandes denuncia amea\u00e7as contra radialista - Daniel Matos","robots":{"index":"index","follow":"follow","max-snippet":"max-snippet:-1","max-image-preview":"max-image-preview:large","max-video-preview":"max-video-preview:-1"},"canonical":"https:\/\/www.blogsoestado.com\/danielmatos\/pedro-fernandes-denuncia-ameacas-contra-radialista\/","og_locale":"pt_BR","og_type":"article","og_title":"Pedro Fernandes denuncia amea\u00e7as contra radialista - Daniel Matos","og_description":"O deputado federal Pedro Fernandes (PTB-MA) usou, nesta quinta-feira, a tribuna da C\u00e2mara para denunciar as amea\u00e7as que vem sofrendo [&hellip;]","og_url":"https:\/\/www.blogsoestado.com\/danielmatos\/pedro-fernandes-denuncia-ameacas-contra-radialista\/","og_site_name":"Daniel Matos","article_published_time":"2009-05-21T14:56:19+00:00","og_image":[{"url":"https:\/\/www.blogsoestado.com\/danielmatos\/files\/2009\/05\/pedro-fernandes.jpg","type":"","width":"","height":""}],"twitter_card":"summary_large_image","twitter_misc":{"Est. tempo de leitura":"2 minutos"},"schema":{"@context":"https:\/\/schema.org","@graph":[{"@type":"WebPage","@id":"https:\/\/www.blogsoestado.com\/danielmatos\/pedro-fernandes-denuncia-ameacas-contra-radialista\/","url":"https:\/\/www.blogsoestado.com\/danielmatos\/pedro-fernandes-denuncia-ameacas-contra-radialista\/","name":"Pedro Fernandes denuncia amea\u00e7as contra radialista - Daniel Matos","isPartOf":{"@id":"https:\/\/www.blogsoestado.com\/danielmatos\/#website"},"primaryImageOfPage":{"@id":"https:\/\/www.blogsoestado.com\/danielmatos\/pedro-fernandes-denuncia-ameacas-contra-radialista\/#primaryimage"},"image":{"@id":"https:\/\/www.blogsoestado.com\/danielmatos\/pedro-fernandes-denuncia-ameacas-contra-radialista\/#primaryimage"},"thumbnailUrl":"https:\/\/www.blogsoestado.com\/danielmatos\/files\/2009\/05\/pedro-fernandes.jpg","datePublished":"2009-05-21T14:56:19+00:00","author":{"@id":""},"breadcrumb":{"@id":"https:\/\/www.blogsoestado.com\/danielmatos\/pedro-fernandes-denuncia-ameacas-contra-radialista\/#breadcrumb"},"inLanguage":"pt-BR","potentialAction":[{"@type":"ReadAction","target":["https:\/\/www.blogsoestado.com\/danielmatos\/pedro-fernandes-denuncia-ameacas-contra-radialista\/"]}]},{"@type":"ImageObject","inLanguage":"pt-BR","@id":"https:\/\/www.blogsoestado.com\/danielmatos\/pedro-fernandes-denuncia-ameacas-contra-radialista\/#primaryimage","url":"https:\/\/www.blogsoestado.com\/danielmatos\/files\/2009\/05\/pedro-fernandes.jpg","contentUrl":"https:\/\/www.blogsoestado.com\/danielmatos\/files\/2009\/05\/pedro-fernandes.jpg"},{"@type":"BreadcrumbList","@id":"https:\/\/www.blogsoestado.com\/danielmatos\/pedro-fernandes-denuncia-ameacas-contra-radialista\/#breadcrumb","itemListElement":[{"@type":"ListItem","position":1,"name":"In\u00edcio","item":"https:\/\/www.blogsoestado.com\/danielmatos\/"},{"@type":"ListItem","position":2,"name":"Pedro Fernandes denuncia amea\u00e7as contra radialista"}]},{"@type":"WebSite","@id":"https:\/\/www.blogsoestado.com\/danielmatos\/#website","url":"https:\/\/www.blogsoestado.com\/danielmatos\/","name":"Daniel Matos","description":"","potentialAction":[{"@type":"SearchAction","target":{"@type":"EntryPoint","urlTemplate":"https:\/\/www.blogsoestado.com\/danielmatos\/?s={search_term_string}"},"query-input":{"@type":"PropertyValueSpecification","valueRequired":true,"valueName":"search_term_string"}}],"inLanguage":"pt-BR"}]}},"jetpack_featured_media_url":"","_links":{"self":[{"href":"https:\/\/www.blogsoestado.com\/danielmatos\/wp-json\/wp\/v2\/posts\/1066","targetHints":{"allow":["GET"]}}],"collection":[{"href":"https:\/\/www.blogsoestado.com\/danielmatos\/wp-json\/wp\/v2\/posts"}],"about":[{"href":"https:\/\/www.blogsoestado.com\/danielmatos\/wp-json\/wp\/v2\/types\/post"}],"replies":[{"embeddable":true,"href":"https:\/\/www.blogsoestado.com\/danielmatos\/wp-json\/wp\/v2\/comments?post=1066"}],"version-history":[{"count":0,"href":"https:\/\/www.blogsoestado.com\/danielmatos\/wp-json\/wp\/v2\/posts\/1066\/revisions"}],"wp:attachment":[{"href":"https:\/\/www.blogsoestado.com\/danielmatos\/wp-json\/wp\/v2\/media?parent=1066"}],"wp:term":[{"taxonomy":"category","embeddable":true,"href":"https:\/\/www.blogsoestado.com\/danielmatos\/wp-json\/wp\/v2\/categories?post=1066"},{"taxonomy":"post_tag","embeddable":true,"href":"https:\/\/www.blogsoestado.com\/danielmatos\/wp-json\/wp\/v2\/tags?post=1066"}],"curies":[{"name":"wp","href":"https:\/\/api.w.org\/{rel}","templated":true}]}}