{"id":106630,"date":"2023-03-01T14:51:48","date_gmt":"2023-03-01T17:51:48","guid":{"rendered":"https:\/\/www.blogsoestado.com\/danielmatos\/?p=106630"},"modified":"2023-03-01T14:51:48","modified_gmt":"2023-03-01T17:51:48","slug":"brandao-faz-historia-e-anuncia-cricielle-como-primeira-mulher-negra-diretora-geral-do-iema","status":"publish","type":"post","link":"https:\/\/www.blogsoestado.com\/danielmatos\/brandao-faz-historia-e-anuncia-cricielle-como-primeira-mulher-negra-diretora-geral-do-iema\/","title":{"rendered":"Brand\u00e3o faz hist\u00f3ria e anuncia Cricielle como primeira mulher negra diretora-geral do IEMA"},"content":{"rendered":"\n<figure class=\"wp-block-image size-large\"><a href=\"https:\/\/www.blogsoestado.com\/danielmatos\/files\/2023\/03\/Screenshot_20230301-1457312-2.png\"><img decoding=\"async\" src=\"https:\/\/www.blogsoestado.com\/danielmatos\/files\/2023\/03\/Screenshot_20230301-1457312-2.png\" alt=\"\" class=\"wp-image-106637\"\/><\/a><figcaption>Cricielle Muniz recebe abra\u00e7o afetuoso do governador Carlos Brand\u00e3o, que a nomeou a primeira mulher negra diretora-geral do IEMA<\/figcaption><\/figure>\n\n\n\n<p>O governador Carlos Brand\u00e3o anunciou hoje, 01\/03, por meio do twitter, que Cricielle \u00e9 a nova diretora-geral do Instituto Estadual de Educa\u00e7\u00e3o, Ci\u00eancia e Tecnologia do Maranh\u00e3o \u2013 IEMA. Al\u00e9m de ser a primeira mulher a comandar a institui\u00e7\u00e3o, tamb\u00e9m \u00e9 a primeira cidad\u00e3 negra no posto.<\/p>\n\n\n\n<p>A nomea\u00e7\u00e3o de Cricielle refor\u00e7a a uni\u00e3o entre o governo do Estado e o Governo Federal. Isto porque o governador Carlos Brand\u00e3o \u00e9 do PSB, mesmo partido do vice-presidente Geraldo Alckmin, e Cricielle \u00e9 do partido do Ministro da Educa\u00e7\u00e3o, Camilo Santana, e do Secret\u00e1rio de Estado de Educa\u00e7\u00e3o, Felipe Camar\u00e3o, ambos do PT. e juntos v\u00e3o trabalhar para a consolida\u00e7\u00e3o de investimentos na educa\u00e7\u00e3o maranhense.<\/p>\n\n\n\n<p>Cricielle traz consigo um enorme hist\u00f3rico de trabalho em prol da popula\u00e7\u00e3o maranhense e da educa\u00e7\u00e3o p\u00fablica. Fundou um cursinho popular e no governo de Fl\u00e1vio Dino coordenou programas como o Servi\u00e7o Travessia, o Minha Casa Melhor e a Escola Ambiental.&nbsp;<\/p>\n\n\n\n<p>Al\u00e9m de contar com um legado de trabalho e luta, Cricielle tamb\u00e9m tem o apoio do partido ao qual pertence. Como candidata a deputada estadual e dirigente nacional, ela foi a mais votada do PT na regi\u00e3o metropolitana de S\u00e3o Lu\u00eds e seu maior n\u00famero de votos veio de bairros perif\u00e9ricos, sendo tamb\u00e9m pioneira em puxar votos evang\u00e9licos para a sigla no Maranh\u00e3o, se tornando uma lideran\u00e7a muito importante do estado.<\/p>\n\n\n\n<p>Esse \u00e9 um momento hist\u00f3rico para a educa\u00e7\u00e3o maranhense, pois n\u00e3o apenas um cargo t\u00e3o importante \u00e9 ocupado por uma mulher negra, mas tamb\u00e9m por uma mulher que vem da periferia e acredita que a educa\u00e7\u00e3o popular \u00e9 fundamental para a transforma\u00e7\u00e3o social.<\/p>\n","protected":false},"excerpt":{"rendered":"<p>O governador Carlos Brand\u00e3o anunciou hoje, 01\/03, por meio do twitter, que Cricielle \u00e9 a nova diretora-geral do Instituto Estadual [&hellip;]<\/p>\n","protected":false},"author":0,"featured_media":0,"comment_status":"open","ping_status":"open","sticky":false,"template":"","format":"standard","meta":{"site-sidebar-layout":"default","site-content-layout":"","ast-site-content-layout":"default","site-content-style":"default","site-sidebar-style":"default","ast-global-header-display":"","ast-banner-title-visibility":"","ast-main-header-display":"","ast-hfb-above-header-display":"","ast-hfb-below-header-display":"","ast-hfb-mobile-header-display":"","site-post-title":"","ast-breadcrumbs-content":"","ast-featured-img":"","footer-sml-layout":"","ast-disable-related-posts":"","theme-transparent-header-meta":"","adv-header-id-meta":"","stick-header-meta":"","header-above-stick-meta":"","header-main-stick-meta":"","header-below-stick-meta":"","astra-migrate-meta-layouts":"default","ast-page-background-enabled":"default","ast-page-background-meta":{"desktop":{"background-color":"var(--ast-global-color-5)","background-image":"","background-repeat":"repeat","background-position":"center center","background-size":"auto","background-attachment":"scroll","background-type":"","background-media":"","overlay-type":"","overlay-color":"","overlay-opacity":"","overlay-gradient":""},"tablet":{"background-color":"","background-image":"","background-repeat":"repeat","background-position":"center center","background-size":"auto","background-attachment":"scroll","background-type":"","background-media":"","overlay-type":"","overlay-color":"","overlay-opacity":"","overlay-gradient":""},"mobile":{"background-color":"","background-image":"","background-repeat":"repeat","background-position":"center center","background-size":"auto","background-attachment":"scroll","background-type":"","background-media":"","overlay-type":"","overlay-color":"","overlay-opacity":"","overlay-gradient":""}},"ast-content-background-meta":{"desktop":{"background-color":"var(--ast-global-color-4)","background-image":"","background-repeat":"repeat","background-position":"center center","background-size":"auto","background-attachment":"scroll","background-type":"","background-media":"","overlay-type":"","overlay-color":"","overlay-opacity":"","overlay-gradient":""},"tablet":{"background-color":"var(--ast-global-color-4)","background-image":"","background-repeat":"repeat","background-position":"center center","background-size":"auto","background-attachment":"scroll","background-type":"","background-media":"","overlay-type":"","overlay-color":"","overlay-opacity":"","overlay-gradient":""},"mobile":{"background-color":"var(--ast-global-color-4)","background-image":"","background-repeat":"repeat","background-position":"center center","background-size":"auto","background-attachment":"scroll","background-type":"","background-media":"","overlay-type":"","overlay-color":"","overlay-opacity":"","overlay-gradient":""}},"footnotes":""},"categories":[1],"tags":[],"class_list":["post-106630","post","type-post","status-publish","format-standard","hentry","category-sem-categoria"],"yoast_head":"<!-- This site is optimized with the Yoast SEO plugin v26.6 - https:\/\/yoast.com\/wordpress\/plugins\/seo\/ -->\n<title>Brand\u00e3o faz hist\u00f3ria e anuncia Cricielle como primeira mulher negra diretora-geral do IEMA - Daniel Matos<\/title>\n<meta name=\"robots\" content=\"index, follow, max-snippet:-1, max-image-preview:large, max-video-preview:-1\" \/>\n<link rel=\"canonical\" href=\"https:\/\/www.blogsoestado.com\/danielmatos\/brandao-faz-historia-e-anuncia-cricielle-como-primeira-mulher-negra-diretora-geral-do-iema\/\" \/>\n<meta property=\"og:locale\" content=\"pt_BR\" \/>\n<meta property=\"og:type\" content=\"article\" \/>\n<meta property=\"og:title\" content=\"Brand\u00e3o faz hist\u00f3ria e anuncia Cricielle como primeira mulher negra diretora-geral do IEMA - Daniel Matos\" \/>\n<meta property=\"og:description\" content=\"O governador Carlos Brand\u00e3o anunciou hoje, 01\/03, por meio do twitter, que Cricielle \u00e9 a nova diretora-geral do Instituto Estadual [&hellip;]\" \/>\n<meta property=\"og:url\" content=\"https:\/\/www.blogsoestado.com\/danielmatos\/brandao-faz-historia-e-anuncia-cricielle-como-primeira-mulher-negra-diretora-geral-do-iema\/\" \/>\n<meta property=\"og:site_name\" content=\"Daniel Matos\" \/>\n<meta property=\"article:published_time\" content=\"2023-03-01T17:51:48+00:00\" \/>\n<meta property=\"og:image\" content=\"https:\/\/www.blogsoestado.com\/danielmatos\/files\/2023\/03\/Screenshot_20230301-1457312-2.png\" \/>\n<meta name=\"twitter:card\" content=\"summary_large_image\" \/>\n<meta name=\"twitter:label1\" content=\"Est. tempo de leitura\" \/>\n\t<meta name=\"twitter:data1\" content=\"2 minutos\" \/>\n<script type=\"application\/ld+json\" class=\"yoast-schema-graph\">{\"@context\":\"https:\/\/schema.org\",\"@graph\":[{\"@type\":\"WebPage\",\"@id\":\"https:\/\/www.blogsoestado.com\/danielmatos\/brandao-faz-historia-e-anuncia-cricielle-como-primeira-mulher-negra-diretora-geral-do-iema\/\",\"url\":\"https:\/\/www.blogsoestado.com\/danielmatos\/brandao-faz-historia-e-anuncia-cricielle-como-primeira-mulher-negra-diretora-geral-do-iema\/\",\"name\":\"Brand\u00e3o faz hist\u00f3ria e anuncia Cricielle como primeira mulher negra diretora-geral do IEMA - Daniel Matos\",\"isPartOf\":{\"@id\":\"https:\/\/www.blogsoestado.com\/danielmatos\/#website\"},\"primaryImageOfPage\":{\"@id\":\"https:\/\/www.blogsoestado.com\/danielmatos\/brandao-faz-historia-e-anuncia-cricielle-como-primeira-mulher-negra-diretora-geral-do-iema\/#primaryimage\"},\"image\":{\"@id\":\"https:\/\/www.blogsoestado.com\/danielmatos\/brandao-faz-historia-e-anuncia-cricielle-como-primeira-mulher-negra-diretora-geral-do-iema\/#primaryimage\"},\"thumbnailUrl\":\"https:\/\/www.blogsoestado.com\/danielmatos\/files\/2023\/03\/Screenshot_20230301-1457312-2.png\",\"datePublished\":\"2023-03-01T17:51:48+00:00\",\"author\":{\"@id\":\"\"},\"breadcrumb\":{\"@id\":\"https:\/\/www.blogsoestado.com\/danielmatos\/brandao-faz-historia-e-anuncia-cricielle-como-primeira-mulher-negra-diretora-geral-do-iema\/#breadcrumb\"},\"inLanguage\":\"pt-BR\",\"potentialAction\":[{\"@type\":\"ReadAction\",\"target\":[\"https:\/\/www.blogsoestado.com\/danielmatos\/brandao-faz-historia-e-anuncia-cricielle-como-primeira-mulher-negra-diretora-geral-do-iema\/\"]}]},{\"@type\":\"ImageObject\",\"inLanguage\":\"pt-BR\",\"@id\":\"https:\/\/www.blogsoestado.com\/danielmatos\/brandao-faz-historia-e-anuncia-cricielle-como-primeira-mulher-negra-diretora-geral-do-iema\/#primaryimage\",\"url\":\"https:\/\/www.blogsoestado.com\/danielmatos\/files\/2023\/03\/Screenshot_20230301-1457312-2.png\",\"contentUrl\":\"https:\/\/www.blogsoestado.com\/danielmatos\/files\/2023\/03\/Screenshot_20230301-1457312-2.png\"},{\"@type\":\"BreadcrumbList\",\"@id\":\"https:\/\/www.blogsoestado.com\/danielmatos\/brandao-faz-historia-e-anuncia-cricielle-como-primeira-mulher-negra-diretora-geral-do-iema\/#breadcrumb\",\"itemListElement\":[{\"@type\":\"ListItem\",\"position\":1,\"name\":\"In\u00edcio\",\"item\":\"https:\/\/www.blogsoestado.com\/danielmatos\/\"},{\"@type\":\"ListItem\",\"position\":2,\"name\":\"Brand\u00e3o faz hist\u00f3ria e anuncia Cricielle como primeira mulher negra diretora-geral do IEMA\"}]},{\"@type\":\"WebSite\",\"@id\":\"https:\/\/www.blogsoestado.com\/danielmatos\/#website\",\"url\":\"https:\/\/www.blogsoestado.com\/danielmatos\/\",\"name\":\"Daniel Matos\",\"description\":\"\",\"potentialAction\":[{\"@type\":\"SearchAction\",\"target\":{\"@type\":\"EntryPoint\",\"urlTemplate\":\"https:\/\/www.blogsoestado.com\/danielmatos\/?s={search_term_string}\"},\"query-input\":{\"@type\":\"PropertyValueSpecification\",\"valueRequired\":true,\"valueName\":\"search_term_string\"}}],\"inLanguage\":\"pt-BR\"}]}<\/script>\n<!-- \/ Yoast SEO plugin. -->","yoast_head_json":{"title":"Brand\u00e3o faz hist\u00f3ria e anuncia Cricielle como primeira mulher negra diretora-geral do IEMA - Daniel Matos","robots":{"index":"index","follow":"follow","max-snippet":"max-snippet:-1","max-image-preview":"max-image-preview:large","max-video-preview":"max-video-preview:-1"},"canonical":"https:\/\/www.blogsoestado.com\/danielmatos\/brandao-faz-historia-e-anuncia-cricielle-como-primeira-mulher-negra-diretora-geral-do-iema\/","og_locale":"pt_BR","og_type":"article","og_title":"Brand\u00e3o faz hist\u00f3ria e anuncia Cricielle como primeira mulher negra diretora-geral do IEMA - Daniel Matos","og_description":"O governador Carlos Brand\u00e3o anunciou hoje, 01\/03, por meio do twitter, que Cricielle \u00e9 a nova diretora-geral do Instituto Estadual [&hellip;]","og_url":"https:\/\/www.blogsoestado.com\/danielmatos\/brandao-faz-historia-e-anuncia-cricielle-como-primeira-mulher-negra-diretora-geral-do-iema\/","og_site_name":"Daniel Matos","article_published_time":"2023-03-01T17:51:48+00:00","og_image":[{"url":"https:\/\/www.blogsoestado.com\/danielmatos\/files\/2023\/03\/Screenshot_20230301-1457312-2.png","type":"","width":"","height":""}],"twitter_card":"summary_large_image","twitter_misc":{"Est. tempo de leitura":"2 minutos"},"schema":{"@context":"https:\/\/schema.org","@graph":[{"@type":"WebPage","@id":"https:\/\/www.blogsoestado.com\/danielmatos\/brandao-faz-historia-e-anuncia-cricielle-como-primeira-mulher-negra-diretora-geral-do-iema\/","url":"https:\/\/www.blogsoestado.com\/danielmatos\/brandao-faz-historia-e-anuncia-cricielle-como-primeira-mulher-negra-diretora-geral-do-iema\/","name":"Brand\u00e3o faz hist\u00f3ria e anuncia Cricielle como primeira mulher negra diretora-geral do IEMA - Daniel Matos","isPartOf":{"@id":"https:\/\/www.blogsoestado.com\/danielmatos\/#website"},"primaryImageOfPage":{"@id":"https:\/\/www.blogsoestado.com\/danielmatos\/brandao-faz-historia-e-anuncia-cricielle-como-primeira-mulher-negra-diretora-geral-do-iema\/#primaryimage"},"image":{"@id":"https:\/\/www.blogsoestado.com\/danielmatos\/brandao-faz-historia-e-anuncia-cricielle-como-primeira-mulher-negra-diretora-geral-do-iema\/#primaryimage"},"thumbnailUrl":"https:\/\/www.blogsoestado.com\/danielmatos\/files\/2023\/03\/Screenshot_20230301-1457312-2.png","datePublished":"2023-03-01T17:51:48+00:00","author":{"@id":""},"breadcrumb":{"@id":"https:\/\/www.blogsoestado.com\/danielmatos\/brandao-faz-historia-e-anuncia-cricielle-como-primeira-mulher-negra-diretora-geral-do-iema\/#breadcrumb"},"inLanguage":"pt-BR","potentialAction":[{"@type":"ReadAction","target":["https:\/\/www.blogsoestado.com\/danielmatos\/brandao-faz-historia-e-anuncia-cricielle-como-primeira-mulher-negra-diretora-geral-do-iema\/"]}]},{"@type":"ImageObject","inLanguage":"pt-BR","@id":"https:\/\/www.blogsoestado.com\/danielmatos\/brandao-faz-historia-e-anuncia-cricielle-como-primeira-mulher-negra-diretora-geral-do-iema\/#primaryimage","url":"https:\/\/www.blogsoestado.com\/danielmatos\/files\/2023\/03\/Screenshot_20230301-1457312-2.png","contentUrl":"https:\/\/www.blogsoestado.com\/danielmatos\/files\/2023\/03\/Screenshot_20230301-1457312-2.png"},{"@type":"BreadcrumbList","@id":"https:\/\/www.blogsoestado.com\/danielmatos\/brandao-faz-historia-e-anuncia-cricielle-como-primeira-mulher-negra-diretora-geral-do-iema\/#breadcrumb","itemListElement":[{"@type":"ListItem","position":1,"name":"In\u00edcio","item":"https:\/\/www.blogsoestado.com\/danielmatos\/"},{"@type":"ListItem","position":2,"name":"Brand\u00e3o faz hist\u00f3ria e anuncia Cricielle como primeira mulher negra diretora-geral do IEMA"}]},{"@type":"WebSite","@id":"https:\/\/www.blogsoestado.com\/danielmatos\/#website","url":"https:\/\/www.blogsoestado.com\/danielmatos\/","name":"Daniel Matos","description":"","potentialAction":[{"@type":"SearchAction","target":{"@type":"EntryPoint","urlTemplate":"https:\/\/www.blogsoestado.com\/danielmatos\/?s={search_term_string}"},"query-input":{"@type":"PropertyValueSpecification","valueRequired":true,"valueName":"search_term_string"}}],"inLanguage":"pt-BR"}]}},"jetpack_featured_media_url":"","_links":{"self":[{"href":"https:\/\/www.blogsoestado.com\/danielmatos\/wp-json\/wp\/v2\/posts\/106630","targetHints":{"allow":["GET"]}}],"collection":[{"href":"https:\/\/www.blogsoestado.com\/danielmatos\/wp-json\/wp\/v2\/posts"}],"about":[{"href":"https:\/\/www.blogsoestado.com\/danielmatos\/wp-json\/wp\/v2\/types\/post"}],"replies":[{"embeddable":true,"href":"https:\/\/www.blogsoestado.com\/danielmatos\/wp-json\/wp\/v2\/comments?post=106630"}],"version-history":[{"count":0,"href":"https:\/\/www.blogsoestado.com\/danielmatos\/wp-json\/wp\/v2\/posts\/106630\/revisions"}],"wp:attachment":[{"href":"https:\/\/www.blogsoestado.com\/danielmatos\/wp-json\/wp\/v2\/media?parent=106630"}],"wp:term":[{"taxonomy":"category","embeddable":true,"href":"https:\/\/www.blogsoestado.com\/danielmatos\/wp-json\/wp\/v2\/categories?post=106630"},{"taxonomy":"post_tag","embeddable":true,"href":"https:\/\/www.blogsoestado.com\/danielmatos\/wp-json\/wp\/v2\/tags?post=106630"}],"curies":[{"name":"wp","href":"https:\/\/api.w.org\/{rel}","templated":true}]}}