{"id":106645,"date":"2023-03-01T17:36:58","date_gmt":"2023-03-01T20:36:58","guid":{"rendered":"https:\/\/www.blogsoestado.com\/danielmatos\/?p=106645"},"modified":"2023-03-01T17:36:58","modified_gmt":"2023-03-01T20:36:58","slug":"com-apoio-da-populacao-marcial-lima-cria-cadastro-de-buracos-para-cobrar-solucoes-do-poder-publico","status":"publish","type":"post","link":"https:\/\/www.blogsoestado.com\/danielmatos\/com-apoio-da-populacao-marcial-lima-cria-cadastro-de-buracos-para-cobrar-solucoes-do-poder-publico\/","title":{"rendered":"Com apoio da popula\u00e7\u00e3o, Marcial Lima cria cadastro de buracos para cobrar solu\u00e7\u00f5es do poder p\u00fablico"},"content":{"rendered":"\n<div class=\"wp-block-image\"><figure class=\"aligncenter size-large\"><a href=\"https:\/\/www.blogsoestado.com\/danielmatos\/files\/2023\/03\/Screenshot_20230301-1724462.png\"><img decoding=\"async\" src=\"https:\/\/www.blogsoestado.com\/danielmatos\/files\/2023\/03\/Screenshot_20230301-1724462.png\" alt=\"\" class=\"wp-image-106646\"\/><\/a><\/figure><\/div>\n\n\n\n<p>O jornalista, radialista e vereador de S\u00e3o Lu\u00eds Marcial Lima (Podemos) vem cobrando com\u200e urg\u00eancia a amplia\u00e7\u00e3o do n\u00famero\u200e\u200e de\u200e equipes\u200e no\u200e trabalho\u200e de\u200e recupera\u00e7\u00e3o\u200e de\u200e ruas\u200e e\u200e avenidas\u200e da capital. O refor\u00e7o e essencial para atender todas as comunidades afetadas por problemas de infraestrutura, que aumentam consideravelmente no per\u00edodo chuvoso.<br \/>\u2063<br \/>\u2063Marcial Lima alerta que os\u200e problemas\u200e est\u00e3o\u200e praticamente\u200e em\u200e toda\u200e a\u200e capital\u200e maranhense\u200e e\u200e ressalta que n\u00e3o\u200e se\u200e justifica\u200e a\u200e falta\u200e de\u200e controle\u200e e\u200e de\u200e manuten\u00e7\u00e3o\u200e dessas\u200e vias\u200e por\u200e parte\u200e da\u200e Prefeitura\u200e de\u200e S\u00e3o\u200e Lu\u00eds.<br \/>\u2063<br \/>\u2063Em\u200e raz\u00e3o\u200e desse\u200e quadro,\u200e o vereador criou, em\u200e parceria com\u200e ouvintes,\u200e internautas\u200e e\u200e seguidores\u200e, o Cadastro\u200e do\u200e Buraco\u200e (Cadbur),\u200e cuja finalidade \u00e9 apontar a\u200e localiza\u00e7\u00e3o\u200e dos\u200e pontos\u200e cr\u00edticos\u200e e\u200e exigir\u200e \u200edas autoridades que executem os\u200e devidos reparos.<br \/>\u2063<br \/>\u2063Para participar\u200e do\u200e Cadbur\u200e, basta enviar fotos\u200e e\u200e v\u00eddeos\u200e pelo\u200e WhatsApp\u200e (98)\u200e 98114-8318.\u200e &#8220;Participe\u200e e\u200e compartilhe!&#8221;, recomenda Marcial Lima.<\/p>\n\n\n\n<p><strong>Assista ao v\u00eddeo <a href=\"https:\/\/youtu.be\/NMy0prfyLqU\">aqui<\/a><\/strong>.<\/p>\n","protected":false},"excerpt":{"rendered":"<p>O jornalista, radialista e vereador de S\u00e3o Lu\u00eds Marcial Lima (Podemos) vem cobrando com\u200e urg\u00eancia a amplia\u00e7\u00e3o do n\u00famero\u200e\u200e de\u200e [&hellip;]<\/p>\n","protected":false},"author":0,"featured_media":0,"comment_status":"open","ping_status":"open","sticky":false,"template":"","format":"standard","meta":{"site-sidebar-layout":"default","site-content-layout":"","ast-site-content-layout":"default","site-content-style":"default","site-sidebar-style":"default","ast-global-header-display":"","ast-banner-title-visibility":"","ast-main-header-display":"","ast-hfb-above-header-display":"","ast-hfb-below-header-display":"","ast-hfb-mobile-header-display":"","site-post-title":"","ast-breadcrumbs-content":"","ast-featured-img":"","footer-sml-layout":"","ast-disable-related-posts":"","theme-transparent-header-meta":"","adv-header-id-meta":"","stick-header-meta":"","header-above-stick-meta":"","header-main-stick-meta":"","header-below-stick-meta":"","astra-migrate-meta-layouts":"default","ast-page-background-enabled":"default","ast-page-background-meta":{"desktop":{"background-color":"var(--ast-global-color-5)","background-image":"","background-repeat":"repeat","background-position":"center center","background-size":"auto","background-attachment":"scroll","background-type":"","background-media":"","overlay-type":"","overlay-color":"","overlay-opacity":"","overlay-gradient":""},"tablet":{"background-color":"","background-image":"","background-repeat":"repeat","background-position":"center center","background-size":"auto","background-attachment":"scroll","background-type":"","background-media":"","overlay-type":"","overlay-color":"","overlay-opacity":"","overlay-gradient":""},"mobile":{"background-color":"","background-image":"","background-repeat":"repeat","background-position":"center center","background-size":"auto","background-attachment":"scroll","background-type":"","background-media":"","overlay-type":"","overlay-color":"","overlay-opacity":"","overlay-gradient":""}},"ast-content-background-meta":{"desktop":{"background-color":"var(--ast-global-color-4)","background-image":"","background-repeat":"repeat","background-position":"center center","background-size":"auto","background-attachment":"scroll","background-type":"","background-media":"","overlay-type":"","overlay-color":"","overlay-opacity":"","overlay-gradient":""},"tablet":{"background-color":"var(--ast-global-color-4)","background-image":"","background-repeat":"repeat","background-position":"center center","background-size":"auto","background-attachment":"scroll","background-type":"","background-media":"","overlay-type":"","overlay-color":"","overlay-opacity":"","overlay-gradient":""},"mobile":{"background-color":"var(--ast-global-color-4)","background-image":"","background-repeat":"repeat","background-position":"center center","background-size":"auto","background-attachment":"scroll","background-type":"","background-media":"","overlay-type":"","overlay-color":"","overlay-opacity":"","overlay-gradient":""}},"footnotes":""},"categories":[1],"tags":[],"class_list":["post-106645","post","type-post","status-publish","format-standard","hentry","category-sem-categoria"],"yoast_head":"<!-- This site is optimized with the Yoast SEO plugin v26.6 - https:\/\/yoast.com\/wordpress\/plugins\/seo\/ -->\n<title>Com apoio da popula\u00e7\u00e3o, Marcial Lima cria cadastro de buracos para cobrar solu\u00e7\u00f5es do poder p\u00fablico - Daniel Matos<\/title>\n<meta name=\"robots\" content=\"index, follow, max-snippet:-1, max-image-preview:large, max-video-preview:-1\" \/>\n<link rel=\"canonical\" href=\"https:\/\/www.blogsoestado.com\/danielmatos\/com-apoio-da-populacao-marcial-lima-cria-cadastro-de-buracos-para-cobrar-solucoes-do-poder-publico\/\" \/>\n<meta property=\"og:locale\" content=\"pt_BR\" \/>\n<meta property=\"og:type\" content=\"article\" \/>\n<meta property=\"og:title\" content=\"Com apoio da popula\u00e7\u00e3o, Marcial Lima cria cadastro de buracos para cobrar solu\u00e7\u00f5es do poder p\u00fablico - Daniel Matos\" \/>\n<meta property=\"og:description\" content=\"O jornalista, radialista e vereador de S\u00e3o Lu\u00eds Marcial Lima (Podemos) vem cobrando com\u200e urg\u00eancia a amplia\u00e7\u00e3o do n\u00famero\u200e\u200e de\u200e [&hellip;]\" \/>\n<meta property=\"og:url\" content=\"https:\/\/www.blogsoestado.com\/danielmatos\/com-apoio-da-populacao-marcial-lima-cria-cadastro-de-buracos-para-cobrar-solucoes-do-poder-publico\/\" \/>\n<meta property=\"og:site_name\" content=\"Daniel Matos\" \/>\n<meta property=\"article:published_time\" content=\"2023-03-01T20:36:58+00:00\" \/>\n<meta property=\"og:image\" content=\"https:\/\/www.blogsoestado.com\/danielmatos\/files\/2023\/03\/Screenshot_20230301-1724462.png\" \/>\n<meta name=\"twitter:card\" content=\"summary_large_image\" \/>\n<meta name=\"twitter:label1\" content=\"Est. tempo de leitura\" \/>\n\t<meta name=\"twitter:data1\" content=\"1 minuto\" \/>\n<script type=\"application\/ld+json\" class=\"yoast-schema-graph\">{\"@context\":\"https:\/\/schema.org\",\"@graph\":[{\"@type\":\"WebPage\",\"@id\":\"https:\/\/www.blogsoestado.com\/danielmatos\/com-apoio-da-populacao-marcial-lima-cria-cadastro-de-buracos-para-cobrar-solucoes-do-poder-publico\/\",\"url\":\"https:\/\/www.blogsoestado.com\/danielmatos\/com-apoio-da-populacao-marcial-lima-cria-cadastro-de-buracos-para-cobrar-solucoes-do-poder-publico\/\",\"name\":\"Com apoio da popula\u00e7\u00e3o, Marcial Lima cria cadastro de buracos para cobrar solu\u00e7\u00f5es do poder p\u00fablico - Daniel Matos\",\"isPartOf\":{\"@id\":\"https:\/\/www.blogsoestado.com\/danielmatos\/#website\"},\"primaryImageOfPage\":{\"@id\":\"https:\/\/www.blogsoestado.com\/danielmatos\/com-apoio-da-populacao-marcial-lima-cria-cadastro-de-buracos-para-cobrar-solucoes-do-poder-publico\/#primaryimage\"},\"image\":{\"@id\":\"https:\/\/www.blogsoestado.com\/danielmatos\/com-apoio-da-populacao-marcial-lima-cria-cadastro-de-buracos-para-cobrar-solucoes-do-poder-publico\/#primaryimage\"},\"thumbnailUrl\":\"https:\/\/www.blogsoestado.com\/danielmatos\/files\/2023\/03\/Screenshot_20230301-1724462.png\",\"datePublished\":\"2023-03-01T20:36:58+00:00\",\"author\":{\"@id\":\"\"},\"breadcrumb\":{\"@id\":\"https:\/\/www.blogsoestado.com\/danielmatos\/com-apoio-da-populacao-marcial-lima-cria-cadastro-de-buracos-para-cobrar-solucoes-do-poder-publico\/#breadcrumb\"},\"inLanguage\":\"pt-BR\",\"potentialAction\":[{\"@type\":\"ReadAction\",\"target\":[\"https:\/\/www.blogsoestado.com\/danielmatos\/com-apoio-da-populacao-marcial-lima-cria-cadastro-de-buracos-para-cobrar-solucoes-do-poder-publico\/\"]}]},{\"@type\":\"ImageObject\",\"inLanguage\":\"pt-BR\",\"@id\":\"https:\/\/www.blogsoestado.com\/danielmatos\/com-apoio-da-populacao-marcial-lima-cria-cadastro-de-buracos-para-cobrar-solucoes-do-poder-publico\/#primaryimage\",\"url\":\"https:\/\/www.blogsoestado.com\/danielmatos\/files\/2023\/03\/Screenshot_20230301-1724462.png\",\"contentUrl\":\"https:\/\/www.blogsoestado.com\/danielmatos\/files\/2023\/03\/Screenshot_20230301-1724462.png\"},{\"@type\":\"BreadcrumbList\",\"@id\":\"https:\/\/www.blogsoestado.com\/danielmatos\/com-apoio-da-populacao-marcial-lima-cria-cadastro-de-buracos-para-cobrar-solucoes-do-poder-publico\/#breadcrumb\",\"itemListElement\":[{\"@type\":\"ListItem\",\"position\":1,\"name\":\"In\u00edcio\",\"item\":\"https:\/\/www.blogsoestado.com\/danielmatos\/\"},{\"@type\":\"ListItem\",\"position\":2,\"name\":\"Com apoio da popula\u00e7\u00e3o, Marcial Lima cria cadastro de buracos para cobrar solu\u00e7\u00f5es do poder p\u00fablico\"}]},{\"@type\":\"WebSite\",\"@id\":\"https:\/\/www.blogsoestado.com\/danielmatos\/#website\",\"url\":\"https:\/\/www.blogsoestado.com\/danielmatos\/\",\"name\":\"Daniel Matos\",\"description\":\"\",\"potentialAction\":[{\"@type\":\"SearchAction\",\"target\":{\"@type\":\"EntryPoint\",\"urlTemplate\":\"https:\/\/www.blogsoestado.com\/danielmatos\/?s={search_term_string}\"},\"query-input\":{\"@type\":\"PropertyValueSpecification\",\"valueRequired\":true,\"valueName\":\"search_term_string\"}}],\"inLanguage\":\"pt-BR\"}]}<\/script>\n<!-- \/ Yoast SEO plugin. -->","yoast_head_json":{"title":"Com apoio da popula\u00e7\u00e3o, Marcial Lima cria cadastro de buracos para cobrar solu\u00e7\u00f5es do poder p\u00fablico - Daniel Matos","robots":{"index":"index","follow":"follow","max-snippet":"max-snippet:-1","max-image-preview":"max-image-preview:large","max-video-preview":"max-video-preview:-1"},"canonical":"https:\/\/www.blogsoestado.com\/danielmatos\/com-apoio-da-populacao-marcial-lima-cria-cadastro-de-buracos-para-cobrar-solucoes-do-poder-publico\/","og_locale":"pt_BR","og_type":"article","og_title":"Com apoio da popula\u00e7\u00e3o, Marcial Lima cria cadastro de buracos para cobrar solu\u00e7\u00f5es do poder p\u00fablico - Daniel Matos","og_description":"O jornalista, radialista e vereador de S\u00e3o Lu\u00eds Marcial Lima (Podemos) vem cobrando com\u200e urg\u00eancia a amplia\u00e7\u00e3o do n\u00famero\u200e\u200e de\u200e [&hellip;]","og_url":"https:\/\/www.blogsoestado.com\/danielmatos\/com-apoio-da-populacao-marcial-lima-cria-cadastro-de-buracos-para-cobrar-solucoes-do-poder-publico\/","og_site_name":"Daniel Matos","article_published_time":"2023-03-01T20:36:58+00:00","og_image":[{"url":"https:\/\/www.blogsoestado.com\/danielmatos\/files\/2023\/03\/Screenshot_20230301-1724462.png","type":"","width":"","height":""}],"twitter_card":"summary_large_image","twitter_misc":{"Est. tempo de leitura":"1 minuto"},"schema":{"@context":"https:\/\/schema.org","@graph":[{"@type":"WebPage","@id":"https:\/\/www.blogsoestado.com\/danielmatos\/com-apoio-da-populacao-marcial-lima-cria-cadastro-de-buracos-para-cobrar-solucoes-do-poder-publico\/","url":"https:\/\/www.blogsoestado.com\/danielmatos\/com-apoio-da-populacao-marcial-lima-cria-cadastro-de-buracos-para-cobrar-solucoes-do-poder-publico\/","name":"Com apoio da popula\u00e7\u00e3o, Marcial Lima cria cadastro de buracos para cobrar solu\u00e7\u00f5es do poder p\u00fablico - Daniel Matos","isPartOf":{"@id":"https:\/\/www.blogsoestado.com\/danielmatos\/#website"},"primaryImageOfPage":{"@id":"https:\/\/www.blogsoestado.com\/danielmatos\/com-apoio-da-populacao-marcial-lima-cria-cadastro-de-buracos-para-cobrar-solucoes-do-poder-publico\/#primaryimage"},"image":{"@id":"https:\/\/www.blogsoestado.com\/danielmatos\/com-apoio-da-populacao-marcial-lima-cria-cadastro-de-buracos-para-cobrar-solucoes-do-poder-publico\/#primaryimage"},"thumbnailUrl":"https:\/\/www.blogsoestado.com\/danielmatos\/files\/2023\/03\/Screenshot_20230301-1724462.png","datePublished":"2023-03-01T20:36:58+00:00","author":{"@id":""},"breadcrumb":{"@id":"https:\/\/www.blogsoestado.com\/danielmatos\/com-apoio-da-populacao-marcial-lima-cria-cadastro-de-buracos-para-cobrar-solucoes-do-poder-publico\/#breadcrumb"},"inLanguage":"pt-BR","potentialAction":[{"@type":"ReadAction","target":["https:\/\/www.blogsoestado.com\/danielmatos\/com-apoio-da-populacao-marcial-lima-cria-cadastro-de-buracos-para-cobrar-solucoes-do-poder-publico\/"]}]},{"@type":"ImageObject","inLanguage":"pt-BR","@id":"https:\/\/www.blogsoestado.com\/danielmatos\/com-apoio-da-populacao-marcial-lima-cria-cadastro-de-buracos-para-cobrar-solucoes-do-poder-publico\/#primaryimage","url":"https:\/\/www.blogsoestado.com\/danielmatos\/files\/2023\/03\/Screenshot_20230301-1724462.png","contentUrl":"https:\/\/www.blogsoestado.com\/danielmatos\/files\/2023\/03\/Screenshot_20230301-1724462.png"},{"@type":"BreadcrumbList","@id":"https:\/\/www.blogsoestado.com\/danielmatos\/com-apoio-da-populacao-marcial-lima-cria-cadastro-de-buracos-para-cobrar-solucoes-do-poder-publico\/#breadcrumb","itemListElement":[{"@type":"ListItem","position":1,"name":"In\u00edcio","item":"https:\/\/www.blogsoestado.com\/danielmatos\/"},{"@type":"ListItem","position":2,"name":"Com apoio da popula\u00e7\u00e3o, Marcial Lima cria cadastro de buracos para cobrar solu\u00e7\u00f5es do poder p\u00fablico"}]},{"@type":"WebSite","@id":"https:\/\/www.blogsoestado.com\/danielmatos\/#website","url":"https:\/\/www.blogsoestado.com\/danielmatos\/","name":"Daniel Matos","description":"","potentialAction":[{"@type":"SearchAction","target":{"@type":"EntryPoint","urlTemplate":"https:\/\/www.blogsoestado.com\/danielmatos\/?s={search_term_string}"},"query-input":{"@type":"PropertyValueSpecification","valueRequired":true,"valueName":"search_term_string"}}],"inLanguage":"pt-BR"}]}},"jetpack_featured_media_url":"","_links":{"self":[{"href":"https:\/\/www.blogsoestado.com\/danielmatos\/wp-json\/wp\/v2\/posts\/106645","targetHints":{"allow":["GET"]}}],"collection":[{"href":"https:\/\/www.blogsoestado.com\/danielmatos\/wp-json\/wp\/v2\/posts"}],"about":[{"href":"https:\/\/www.blogsoestado.com\/danielmatos\/wp-json\/wp\/v2\/types\/post"}],"replies":[{"embeddable":true,"href":"https:\/\/www.blogsoestado.com\/danielmatos\/wp-json\/wp\/v2\/comments?post=106645"}],"version-history":[{"count":0,"href":"https:\/\/www.blogsoestado.com\/danielmatos\/wp-json\/wp\/v2\/posts\/106645\/revisions"}],"wp:attachment":[{"href":"https:\/\/www.blogsoestado.com\/danielmatos\/wp-json\/wp\/v2\/media?parent=106645"}],"wp:term":[{"taxonomy":"category","embeddable":true,"href":"https:\/\/www.blogsoestado.com\/danielmatos\/wp-json\/wp\/v2\/categories?post=106645"},{"taxonomy":"post_tag","embeddable":true,"href":"https:\/\/www.blogsoestado.com\/danielmatos\/wp-json\/wp\/v2\/tags?post=106645"}],"curies":[{"name":"wp","href":"https:\/\/api.w.org\/{rel}","templated":true}]}}