{"id":106651,"date":"2023-03-01T23:27:30","date_gmt":"2023-03-02T02:27:30","guid":{"rendered":"https:\/\/www.blogsoestado.com\/danielmatos\/?p=106651"},"modified":"2023-03-01T23:27:30","modified_gmt":"2023-03-02T02:27:30","slug":"dr-gutemberg-repercute-a-votacao-do-novo-plano-diretor-de-sao-luis-aprovado-em-1-turno","status":"publish","type":"post","link":"https:\/\/www.blogsoestado.com\/danielmatos\/dr-gutemberg-repercute-a-votacao-do-novo-plano-diretor-de-sao-luis-aprovado-em-1-turno\/","title":{"rendered":"Dr. Gutemberg repercute a vota\u00e7\u00e3o do novo Plano Diretor de S\u00e3o Lu\u00eds, aprovado em 1\u00b0 turno"},"content":{"rendered":"\n<div class=\"wp-block-image\"><figure class=\"aligncenter size-large\"><a href=\"https:\/\/www.blogsoestado.com\/danielmatos\/files\/2023\/03\/Screenshot_20230301-2321422.png\"><img decoding=\"async\" src=\"https:\/\/www.blogsoestado.com\/danielmatos\/files\/2023\/03\/Screenshot_20230301-2321422.png\" alt=\"\" class=\"wp-image-106652\"\/><\/a><figcaption>O vereador Gutemberg Ara\u00fajo, relator da proposta na C\u00e2mara Municipal, apresentou o relat\u00f3rio final do Plano Diretor ao plen\u00e1rio e aos ludovicenses<\/figcaption><\/figure><\/div>\n\n\n\n<p>A C\u00e2mara Municipal de S\u00e3o Lu\u00eds aprovou, na manh\u00e3 desta quarta-feira, 1\u00ba, a atualiza\u00e7\u00e3o do Plano Diretor da capital em primeira discuss\u00e3o e vota\u00e7\u00e3o. O \u00faltimo Plano Diretor foi aprovado no ano de 2006 e teve vig\u00eancia at\u00e9 2016. As discuss\u00f5es para a aprova\u00e7\u00e3o do novo plano tiveram in\u00edcio em 2019, por meio do Projeto de Lei n\u00ba 174\/19.<\/p>\n\n\n\n<p>Durante a sess\u00e3o, o vereador Gutemberg Ara\u00fajo (PSC), relator da proposta na C\u00e2mara, apresentou o relat\u00f3rio final do Plano Diretor ao plen\u00e1rio e aos ludovicenses. Ele informou que a comiss\u00e3o especial formada para analisar a proposta do plano trabalhou de forma intensa para apresentar o relat\u00f3rio.<\/p>\n\n\n\n<p>\u201cOs vereadores da comiss\u00e3o se dedicaram aos estudos para a an\u00e1lise do plano, que foram feitos diuturnamente. N\u00f3s n\u00e3o t\u00ednhamos dias, noites, s\u00e1bados, domingos e n\u00e3o tivemos o carnaval, para estudar de forma profunda todo o plano diretor\u201d, disse Gutemberg Ara\u00fajo.<\/p>\n\n\n\n<p>O parlamentar ressaltou que a comiss\u00e3o visitou outras cidades pr\u00f3ximas e parecidas com S\u00e3o Lu\u00eds para observar o grau de desenvolvimento desses munic\u00edpios.<\/p>\n\n\n\n<p>&#8220;Voltamos estarrecidos em como S\u00e3o Lu\u00eds est\u00e1 atrasada perante todas estas cidades, por conta da n\u00e3o aprecia\u00e7\u00e3o do Plano Diretor, que j\u00e1 dorme h\u00e1 seis anos\u201d, explica o vereador.<\/p>\n\n\n\n<ul class=\"wp-block-list\"><li><strong>Plano Diretor<\/strong><br \/>O Plano Diretor \u00e9 o instrumento que define como ocorrer\u00e1 o crescimento da cidade pelos pr\u00f3ximos dez anos.<\/li><\/ul>\n\n\n\n<p>Em linhas gerais, o Instituto da Cidade, Pesquisa e Planejamento Urbano e Rural (Incid) fez uma atualiza\u00e7\u00e3o da vers\u00e3o proposta em 2019, dando aten\u00e7\u00e3o especial para as \u00e1reas de risco, que n\u00e3o estavam contempladas nos mapas anteriores, e reanalisa a classifica\u00e7\u00e3o de 22 comunidades que seriam consideradas pertencentes \u00e0 zona urbana da cidade, o que poderia ser prejudicial ao seu desenvolvimento econ\u00f4mico e social.<\/p>\n\n\n\n<p>Al\u00e9m de planejar para onde a cidade vai se expandir, o documento a ser votado na C\u00e2mara, em segundo turno no pr\u00f3ximo dia 13 de mar\u00e7o, tamb\u00e9m induz a elabora\u00e7\u00e3o de instrumentos de avalia\u00e7\u00e3o e compensa\u00e7\u00e3o dos impactos sociais e econ\u00f4micos da implanta\u00e7\u00e3o de empreendimentos em \u00e1reas urbanas cuja din\u00e2mica econ\u00f4mica e social j\u00e1 esteja consolidada.<\/p>\n\n\n\n<p>\u201cHoje foi um dia hist\u00f3rico para a cidade, pois foi um resgate do seu desenvolvimento. O Plano Diretor que estava h\u00e1 16 anos sem ser revisado. Aprovamos a proposta original e agora vai cumprir um interst\u00edcio de 10 dias quando voltar\u00e1 a ser discutido em segunda discuss\u00e3o com as emendas apresentadas pelos colegas vereadores\u201d, disse Dr. Gutemberg.<\/p>\n","protected":false},"excerpt":{"rendered":"<p>A C\u00e2mara Municipal de S\u00e3o Lu\u00eds aprovou, na manh\u00e3 desta quarta-feira, 1\u00ba, a atualiza\u00e7\u00e3o do Plano Diretor da capital em [&hellip;]<\/p>\n","protected":false},"author":0,"featured_media":0,"comment_status":"open","ping_status":"open","sticky":false,"template":"","format":"standard","meta":{"site-sidebar-layout":"default","site-content-layout":"","ast-site-content-layout":"default","site-content-style":"default","site-sidebar-style":"default","ast-global-header-display":"","ast-banner-title-visibility":"","ast-main-header-display":"","ast-hfb-above-header-display":"","ast-hfb-below-header-display":"","ast-hfb-mobile-header-display":"","site-post-title":"","ast-breadcrumbs-content":"","ast-featured-img":"","footer-sml-layout":"","ast-disable-related-posts":"","theme-transparent-header-meta":"","adv-header-id-meta":"","stick-header-meta":"","header-above-stick-meta":"","header-main-stick-meta":"","header-below-stick-meta":"","astra-migrate-meta-layouts":"default","ast-page-background-enabled":"default","ast-page-background-meta":{"desktop":{"background-color":"var(--ast-global-color-5)","background-image":"","background-repeat":"repeat","background-position":"center center","background-size":"auto","background-attachment":"scroll","background-type":"","background-media":"","overlay-type":"","overlay-color":"","overlay-opacity":"","overlay-gradient":""},"tablet":{"background-color":"","background-image":"","background-repeat":"repeat","background-position":"center center","background-size":"auto","background-attachment":"scroll","background-type":"","background-media":"","overlay-type":"","overlay-color":"","overlay-opacity":"","overlay-gradient":""},"mobile":{"background-color":"","background-image":"","background-repeat":"repeat","background-position":"center center","background-size":"auto","background-attachment":"scroll","background-type":"","background-media":"","overlay-type":"","overlay-color":"","overlay-opacity":"","overlay-gradient":""}},"ast-content-background-meta":{"desktop":{"background-color":"var(--ast-global-color-4)","background-image":"","background-repeat":"repeat","background-position":"center center","background-size":"auto","background-attachment":"scroll","background-type":"","background-media":"","overlay-type":"","overlay-color":"","overlay-opacity":"","overlay-gradient":""},"tablet":{"background-color":"var(--ast-global-color-4)","background-image":"","background-repeat":"repeat","background-position":"center center","background-size":"auto","background-attachment":"scroll","background-type":"","background-media":"","overlay-type":"","overlay-color":"","overlay-opacity":"","overlay-gradient":""},"mobile":{"background-color":"var(--ast-global-color-4)","background-image":"","background-repeat":"repeat","background-position":"center center","background-size":"auto","background-attachment":"scroll","background-type":"","background-media":"","overlay-type":"","overlay-color":"","overlay-opacity":"","overlay-gradient":""}},"footnotes":""},"categories":[1],"tags":[],"class_list":["post-106651","post","type-post","status-publish","format-standard","hentry","category-sem-categoria"],"yoast_head":"<!-- This site is optimized with the Yoast SEO plugin v26.6 - https:\/\/yoast.com\/wordpress\/plugins\/seo\/ -->\n<title>Dr. Gutemberg repercute a vota\u00e7\u00e3o do novo Plano Diretor de S\u00e3o Lu\u00eds, aprovado em 1\u00b0 turno - Daniel Matos<\/title>\n<meta name=\"robots\" content=\"index, follow, max-snippet:-1, max-image-preview:large, max-video-preview:-1\" \/>\n<link rel=\"canonical\" href=\"https:\/\/www.blogsoestado.com\/danielmatos\/dr-gutemberg-repercute-a-votacao-do-novo-plano-diretor-de-sao-luis-aprovado-em-1-turno\/\" \/>\n<meta property=\"og:locale\" content=\"pt_BR\" \/>\n<meta property=\"og:type\" content=\"article\" \/>\n<meta property=\"og:title\" content=\"Dr. Gutemberg repercute a vota\u00e7\u00e3o do novo Plano Diretor de S\u00e3o Lu\u00eds, aprovado em 1\u00b0 turno - Daniel Matos\" \/>\n<meta property=\"og:description\" content=\"A C\u00e2mara Municipal de S\u00e3o Lu\u00eds aprovou, na manh\u00e3 desta quarta-feira, 1\u00ba, a atualiza\u00e7\u00e3o do Plano Diretor da capital em [&hellip;]\" \/>\n<meta property=\"og:url\" content=\"https:\/\/www.blogsoestado.com\/danielmatos\/dr-gutemberg-repercute-a-votacao-do-novo-plano-diretor-de-sao-luis-aprovado-em-1-turno\/\" \/>\n<meta property=\"og:site_name\" content=\"Daniel Matos\" \/>\n<meta property=\"article:published_time\" content=\"2023-03-02T02:27:30+00:00\" \/>\n<meta property=\"og:image\" content=\"https:\/\/www.blogsoestado.com\/danielmatos\/files\/2023\/03\/Screenshot_20230301-2321422.png\" \/>\n<meta name=\"twitter:card\" content=\"summary_large_image\" \/>\n<meta name=\"twitter:label1\" content=\"Est. tempo de leitura\" \/>\n\t<meta name=\"twitter:data1\" content=\"3 minutos\" \/>\n<script type=\"application\/ld+json\" class=\"yoast-schema-graph\">{\"@context\":\"https:\/\/schema.org\",\"@graph\":[{\"@type\":\"WebPage\",\"@id\":\"https:\/\/www.blogsoestado.com\/danielmatos\/dr-gutemberg-repercute-a-votacao-do-novo-plano-diretor-de-sao-luis-aprovado-em-1-turno\/\",\"url\":\"https:\/\/www.blogsoestado.com\/danielmatos\/dr-gutemberg-repercute-a-votacao-do-novo-plano-diretor-de-sao-luis-aprovado-em-1-turno\/\",\"name\":\"Dr. Gutemberg repercute a vota\u00e7\u00e3o do novo Plano Diretor de S\u00e3o Lu\u00eds, aprovado em 1\u00b0 turno - Daniel Matos\",\"isPartOf\":{\"@id\":\"https:\/\/www.blogsoestado.com\/danielmatos\/#website\"},\"primaryImageOfPage\":{\"@id\":\"https:\/\/www.blogsoestado.com\/danielmatos\/dr-gutemberg-repercute-a-votacao-do-novo-plano-diretor-de-sao-luis-aprovado-em-1-turno\/#primaryimage\"},\"image\":{\"@id\":\"https:\/\/www.blogsoestado.com\/danielmatos\/dr-gutemberg-repercute-a-votacao-do-novo-plano-diretor-de-sao-luis-aprovado-em-1-turno\/#primaryimage\"},\"thumbnailUrl\":\"https:\/\/www.blogsoestado.com\/danielmatos\/files\/2023\/03\/Screenshot_20230301-2321422.png\",\"datePublished\":\"2023-03-02T02:27:30+00:00\",\"author\":{\"@id\":\"\"},\"breadcrumb\":{\"@id\":\"https:\/\/www.blogsoestado.com\/danielmatos\/dr-gutemberg-repercute-a-votacao-do-novo-plano-diretor-de-sao-luis-aprovado-em-1-turno\/#breadcrumb\"},\"inLanguage\":\"pt-BR\",\"potentialAction\":[{\"@type\":\"ReadAction\",\"target\":[\"https:\/\/www.blogsoestado.com\/danielmatos\/dr-gutemberg-repercute-a-votacao-do-novo-plano-diretor-de-sao-luis-aprovado-em-1-turno\/\"]}]},{\"@type\":\"ImageObject\",\"inLanguage\":\"pt-BR\",\"@id\":\"https:\/\/www.blogsoestado.com\/danielmatos\/dr-gutemberg-repercute-a-votacao-do-novo-plano-diretor-de-sao-luis-aprovado-em-1-turno\/#primaryimage\",\"url\":\"https:\/\/www.blogsoestado.com\/danielmatos\/files\/2023\/03\/Screenshot_20230301-2321422.png\",\"contentUrl\":\"https:\/\/www.blogsoestado.com\/danielmatos\/files\/2023\/03\/Screenshot_20230301-2321422.png\"},{\"@type\":\"BreadcrumbList\",\"@id\":\"https:\/\/www.blogsoestado.com\/danielmatos\/dr-gutemberg-repercute-a-votacao-do-novo-plano-diretor-de-sao-luis-aprovado-em-1-turno\/#breadcrumb\",\"itemListElement\":[{\"@type\":\"ListItem\",\"position\":1,\"name\":\"In\u00edcio\",\"item\":\"https:\/\/www.blogsoestado.com\/danielmatos\/\"},{\"@type\":\"ListItem\",\"position\":2,\"name\":\"Dr. Gutemberg repercute a vota\u00e7\u00e3o do novo Plano Diretor de S\u00e3o Lu\u00eds, aprovado em 1\u00b0 turno\"}]},{\"@type\":\"WebSite\",\"@id\":\"https:\/\/www.blogsoestado.com\/danielmatos\/#website\",\"url\":\"https:\/\/www.blogsoestado.com\/danielmatos\/\",\"name\":\"Daniel Matos\",\"description\":\"\",\"potentialAction\":[{\"@type\":\"SearchAction\",\"target\":{\"@type\":\"EntryPoint\",\"urlTemplate\":\"https:\/\/www.blogsoestado.com\/danielmatos\/?s={search_term_string}\"},\"query-input\":{\"@type\":\"PropertyValueSpecification\",\"valueRequired\":true,\"valueName\":\"search_term_string\"}}],\"inLanguage\":\"pt-BR\"}]}<\/script>\n<!-- \/ Yoast SEO plugin. -->","yoast_head_json":{"title":"Dr. Gutemberg repercute a vota\u00e7\u00e3o do novo Plano Diretor de S\u00e3o Lu\u00eds, aprovado em 1\u00b0 turno - Daniel Matos","robots":{"index":"index","follow":"follow","max-snippet":"max-snippet:-1","max-image-preview":"max-image-preview:large","max-video-preview":"max-video-preview:-1"},"canonical":"https:\/\/www.blogsoestado.com\/danielmatos\/dr-gutemberg-repercute-a-votacao-do-novo-plano-diretor-de-sao-luis-aprovado-em-1-turno\/","og_locale":"pt_BR","og_type":"article","og_title":"Dr. Gutemberg repercute a vota\u00e7\u00e3o do novo Plano Diretor de S\u00e3o Lu\u00eds, aprovado em 1\u00b0 turno - Daniel Matos","og_description":"A C\u00e2mara Municipal de S\u00e3o Lu\u00eds aprovou, na manh\u00e3 desta quarta-feira, 1\u00ba, a atualiza\u00e7\u00e3o do Plano Diretor da capital em [&hellip;]","og_url":"https:\/\/www.blogsoestado.com\/danielmatos\/dr-gutemberg-repercute-a-votacao-do-novo-plano-diretor-de-sao-luis-aprovado-em-1-turno\/","og_site_name":"Daniel Matos","article_published_time":"2023-03-02T02:27:30+00:00","og_image":[{"url":"https:\/\/www.blogsoestado.com\/danielmatos\/files\/2023\/03\/Screenshot_20230301-2321422.png","type":"","width":"","height":""}],"twitter_card":"summary_large_image","twitter_misc":{"Est. tempo de leitura":"3 minutos"},"schema":{"@context":"https:\/\/schema.org","@graph":[{"@type":"WebPage","@id":"https:\/\/www.blogsoestado.com\/danielmatos\/dr-gutemberg-repercute-a-votacao-do-novo-plano-diretor-de-sao-luis-aprovado-em-1-turno\/","url":"https:\/\/www.blogsoestado.com\/danielmatos\/dr-gutemberg-repercute-a-votacao-do-novo-plano-diretor-de-sao-luis-aprovado-em-1-turno\/","name":"Dr. Gutemberg repercute a vota\u00e7\u00e3o do novo Plano Diretor de S\u00e3o Lu\u00eds, aprovado em 1\u00b0 turno - Daniel Matos","isPartOf":{"@id":"https:\/\/www.blogsoestado.com\/danielmatos\/#website"},"primaryImageOfPage":{"@id":"https:\/\/www.blogsoestado.com\/danielmatos\/dr-gutemberg-repercute-a-votacao-do-novo-plano-diretor-de-sao-luis-aprovado-em-1-turno\/#primaryimage"},"image":{"@id":"https:\/\/www.blogsoestado.com\/danielmatos\/dr-gutemberg-repercute-a-votacao-do-novo-plano-diretor-de-sao-luis-aprovado-em-1-turno\/#primaryimage"},"thumbnailUrl":"https:\/\/www.blogsoestado.com\/danielmatos\/files\/2023\/03\/Screenshot_20230301-2321422.png","datePublished":"2023-03-02T02:27:30+00:00","author":{"@id":""},"breadcrumb":{"@id":"https:\/\/www.blogsoestado.com\/danielmatos\/dr-gutemberg-repercute-a-votacao-do-novo-plano-diretor-de-sao-luis-aprovado-em-1-turno\/#breadcrumb"},"inLanguage":"pt-BR","potentialAction":[{"@type":"ReadAction","target":["https:\/\/www.blogsoestado.com\/danielmatos\/dr-gutemberg-repercute-a-votacao-do-novo-plano-diretor-de-sao-luis-aprovado-em-1-turno\/"]}]},{"@type":"ImageObject","inLanguage":"pt-BR","@id":"https:\/\/www.blogsoestado.com\/danielmatos\/dr-gutemberg-repercute-a-votacao-do-novo-plano-diretor-de-sao-luis-aprovado-em-1-turno\/#primaryimage","url":"https:\/\/www.blogsoestado.com\/danielmatos\/files\/2023\/03\/Screenshot_20230301-2321422.png","contentUrl":"https:\/\/www.blogsoestado.com\/danielmatos\/files\/2023\/03\/Screenshot_20230301-2321422.png"},{"@type":"BreadcrumbList","@id":"https:\/\/www.blogsoestado.com\/danielmatos\/dr-gutemberg-repercute-a-votacao-do-novo-plano-diretor-de-sao-luis-aprovado-em-1-turno\/#breadcrumb","itemListElement":[{"@type":"ListItem","position":1,"name":"In\u00edcio","item":"https:\/\/www.blogsoestado.com\/danielmatos\/"},{"@type":"ListItem","position":2,"name":"Dr. Gutemberg repercute a vota\u00e7\u00e3o do novo Plano Diretor de S\u00e3o Lu\u00eds, aprovado em 1\u00b0 turno"}]},{"@type":"WebSite","@id":"https:\/\/www.blogsoestado.com\/danielmatos\/#website","url":"https:\/\/www.blogsoestado.com\/danielmatos\/","name":"Daniel Matos","description":"","potentialAction":[{"@type":"SearchAction","target":{"@type":"EntryPoint","urlTemplate":"https:\/\/www.blogsoestado.com\/danielmatos\/?s={search_term_string}"},"query-input":{"@type":"PropertyValueSpecification","valueRequired":true,"valueName":"search_term_string"}}],"inLanguage":"pt-BR"}]}},"jetpack_featured_media_url":"","_links":{"self":[{"href":"https:\/\/www.blogsoestado.com\/danielmatos\/wp-json\/wp\/v2\/posts\/106651","targetHints":{"allow":["GET"]}}],"collection":[{"href":"https:\/\/www.blogsoestado.com\/danielmatos\/wp-json\/wp\/v2\/posts"}],"about":[{"href":"https:\/\/www.blogsoestado.com\/danielmatos\/wp-json\/wp\/v2\/types\/post"}],"replies":[{"embeddable":true,"href":"https:\/\/www.blogsoestado.com\/danielmatos\/wp-json\/wp\/v2\/comments?post=106651"}],"version-history":[{"count":0,"href":"https:\/\/www.blogsoestado.com\/danielmatos\/wp-json\/wp\/v2\/posts\/106651\/revisions"}],"wp:attachment":[{"href":"https:\/\/www.blogsoestado.com\/danielmatos\/wp-json\/wp\/v2\/media?parent=106651"}],"wp:term":[{"taxonomy":"category","embeddable":true,"href":"https:\/\/www.blogsoestado.com\/danielmatos\/wp-json\/wp\/v2\/categories?post=106651"},{"taxonomy":"post_tag","embeddable":true,"href":"https:\/\/www.blogsoestado.com\/danielmatos\/wp-json\/wp\/v2\/tags?post=106651"}],"curies":[{"name":"wp","href":"https:\/\/api.w.org\/{rel}","templated":true}]}}