{"id":106674,"date":"2023-03-02T17:07:32","date_gmt":"2023-03-02T20:07:32","guid":{"rendered":"https:\/\/www.blogsoestado.com\/danielmatos\/?p=106674"},"modified":"2023-03-02T17:07:32","modified_gmt":"2023-03-02T20:07:32","slug":"assembleia-itinerante-sera-instalada-nesta-sexta-feira-em-imperatriz","status":"publish","type":"post","link":"https:\/\/www.blogsoestado.com\/danielmatos\/assembleia-itinerante-sera-instalada-nesta-sexta-feira-em-imperatriz\/","title":{"rendered":"Assembleia Itinerante ser\u00e1 instalada nesta sexta-feira em Imperatriz"},"content":{"rendered":"\n<div class=\"wp-block-image\"><figure class=\"aligncenter size-large\"><a href=\"https:\/\/www.blogsoestado.com\/danielmatos\/files\/2023\/03\/Screenshot_20230302-1655352.png\"><img decoding=\"async\" src=\"https:\/\/www.blogsoestado.com\/danielmatos\/files\/2023\/03\/Screenshot_20230302-1655352.png\" alt=\"\" class=\"wp-image-106675\"\/><\/a><figcaption>A presidente Iracema Vale participou de reuni\u00e3o preparat\u00f3ria para a instala\u00e7\u00e3o da Assembleia Itinerante na C\u00e2mara Municipal de Imperatriz <\/figcaption><\/figure><\/div>\n\n\n\n<p>Tudo pronto para a instala\u00e7\u00e3o da Assembleia Itinerante, \u00e0s 15h desta sexta-feira (03), na C\u00e2mara de Vereadores de Imperatriz, no Pal\u00e1cio Dorgival Pinheiro de Souza, com a realiza\u00e7\u00e3o de uma sess\u00e3o solene comandada pela presidente do Parlamento Estadual, deputada Iracema Vale (PSB).<\/p>\n\n\n\n<p>O evento est\u00e1 sendo aguardado com muita expectativa por toda a classe pol\u00edtica da regi\u00e3o e a sociedade civil organizada. A sess\u00e3o solene contar\u00e1 com a presen\u00e7a de autoridades municipais, estaduais e federais, al\u00e9m de dirigentes da Alema e convidados.<\/p>\n\n\n\n<p>Ap\u00f3s a sess\u00e3o solene, ser\u00e1 realizada a sess\u00e3o ordin\u00e1ria de aprecia\u00e7\u00e3o e delibera\u00e7\u00e3o de proposi\u00e7\u00f5es, tamb\u00e9m sob o comando da deputada Iracema Vale. A instala\u00e7\u00e3o da Assembleia Itinerante em Imperatriz foi proposta pelo deputado Rodrigo Lago (PSB) e subscrita pelos demais parlamentares.<\/p>\n\n\n\n<div class=\"wp-block-image\"><figure class=\"aligncenter size-large\"><a href=\"https:\/\/www.blogsoestado.com\/danielmatos\/files\/2023\/03\/Screenshot_20230302-1656172.png\"><img decoding=\"async\" src=\"https:\/\/www.blogsoestado.com\/danielmatos\/files\/2023\/03\/Screenshot_20230302-1656172.png\" alt=\"\" class=\"wp-image-106676\"\/><\/a><figcaption>equipe de apoio formada por servidores da Assembleia integrantes do Gabinete Militar, Cerimonial, Consultoria e Diretoria Legislativa, Diretoria da Mesa, Taquigrafia e Comunica\u00e7\u00e3o j\u00e1 est\u00e1 em Imperatriz<\/figcaption><\/figure><\/div>\n\n\n\n<p>A equipe de apoio formada por servidores da Assembleia integrantes do Gabinete Militar, Cerimonial, Consultoria e Diretoria Legislativa, Diretoria da Mesa, Taquigrafia e Comunica\u00e7\u00e3o j\u00e1 est\u00e1 em Imperatriz tomando todas as provid\u00eancias relativas \u00e0 organiza\u00e7\u00e3o do evento.<\/p>\n\n\n\n<p><em><strong><em>Relev\u00e2ncia <\/em><\/strong><\/em><\/p>\n\n\n\n<p>O presidente da C\u00e2mara de Vereadores de Imperatriz, Alberto Sousa, destacou a import\u00e2ncia de a cidade de Imperatriz receber a Assembleia Legislativa do Maranh\u00e3o.<\/p>\n\n\n\n<p>\u201c\u00c9 uma honra receber o Poder Legislativo Estadual em nossa cidade. A uni\u00e3o de todos \u00e9 muito importante para discutirmos e encontrarmos solu\u00e7\u00f5es para as demandas da sociedade maranhense, especialmente a imperatrizense\u201d, disse.<\/p>\n\n\n\n<div class=\"wp-block-image\"><figure class=\"aligncenter size-large\"><a href=\"https:\/\/www.blogsoestado.com\/danielmatos\/files\/2023\/03\/Screenshot_20230302-1656452.png\"><img decoding=\"async\" src=\"https:\/\/www.blogsoestado.com\/danielmatos\/files\/2023\/03\/Screenshot_20230302-1656452.png\" alt=\"\" class=\"wp-image-106677\"\/><\/a><figcaption>Plen\u00e1rio da C\u00e2mara Municipal de Imperatriz j\u00e1 est\u00e1 pronto para receber as atividades do parlamento estadual<\/figcaption><\/figure><\/div>\n\n\n\n<p>Albert Sousa acrescentou que durante os trabalhos da Assembleia Itinerante ser\u00e3o debatidos temas relevantes e urgentes para Imperatriz, como a quest\u00e3o da melhoria dos servi\u00e7os de sa\u00fade e de infraestrutura.<\/p>\n\n\n\n<p><em><strong>Programa\u00e7\u00e3o<\/strong><\/em>:<\/p>\n\n\n\n<p><em>14h30<\/em> &#8211; Entrevista Coletiva na C\u00e2mara de Vereadores<br \/><em>15h<\/em> &#8211; Sess\u00e3o Solene seguida de Sess\u00e3o Ordin\u00e1ria<\/p>\n","protected":false},"excerpt":{"rendered":"<p>Tudo pronto para a instala\u00e7\u00e3o da Assembleia Itinerante, \u00e0s 15h desta sexta-feira (03), na C\u00e2mara de Vereadores de Imperatriz, no [&hellip;]<\/p>\n","protected":false},"author":0,"featured_media":0,"comment_status":"open","ping_status":"open","sticky":false,"template":"","format":"standard","meta":{"site-sidebar-layout":"default","site-content-layout":"","ast-site-content-layout":"default","site-content-style":"default","site-sidebar-style":"default","ast-global-header-display":"","ast-banner-title-visibility":"","ast-main-header-display":"","ast-hfb-above-header-display":"","ast-hfb-below-header-display":"","ast-hfb-mobile-header-display":"","site-post-title":"","ast-breadcrumbs-content":"","ast-featured-img":"","footer-sml-layout":"","ast-disable-related-posts":"","theme-transparent-header-meta":"","adv-header-id-meta":"","stick-header-meta":"","header-above-stick-meta":"","header-main-stick-meta":"","header-below-stick-meta":"","astra-migrate-meta-layouts":"default","ast-page-background-enabled":"default","ast-page-background-meta":{"desktop":{"background-color":"var(--ast-global-color-5)","background-image":"","background-repeat":"repeat","background-position":"center center","background-size":"auto","background-attachment":"scroll","background-type":"","background-media":"","overlay-type":"","overlay-color":"","overlay-opacity":"","overlay-gradient":""},"tablet":{"background-color":"","background-image":"","background-repeat":"repeat","background-position":"center center","background-size":"auto","background-attachment":"scroll","background-type":"","background-media":"","overlay-type":"","overlay-color":"","overlay-opacity":"","overlay-gradient":""},"mobile":{"background-color":"","background-image":"","background-repeat":"repeat","background-position":"center center","background-size":"auto","background-attachment":"scroll","background-type":"","background-media":"","overlay-type":"","overlay-color":"","overlay-opacity":"","overlay-gradient":""}},"ast-content-background-meta":{"desktop":{"background-color":"var(--ast-global-color-4)","background-image":"","background-repeat":"repeat","background-position":"center center","background-size":"auto","background-attachment":"scroll","background-type":"","background-media":"","overlay-type":"","overlay-color":"","overlay-opacity":"","overlay-gradient":""},"tablet":{"background-color":"var(--ast-global-color-4)","background-image":"","background-repeat":"repeat","background-position":"center center","background-size":"auto","background-attachment":"scroll","background-type":"","background-media":"","overlay-type":"","overlay-color":"","overlay-opacity":"","overlay-gradient":""},"mobile":{"background-color":"var(--ast-global-color-4)","background-image":"","background-repeat":"repeat","background-position":"center center","background-size":"auto","background-attachment":"scroll","background-type":"","background-media":"","overlay-type":"","overlay-color":"","overlay-opacity":"","overlay-gradient":""}},"footnotes":""},"categories":[1],"tags":[],"class_list":["post-106674","post","type-post","status-publish","format-standard","hentry","category-sem-categoria"],"yoast_head":"<!-- This site is optimized with the Yoast SEO plugin v26.6 - https:\/\/yoast.com\/wordpress\/plugins\/seo\/ -->\n<title>Assembleia Itinerante ser\u00e1 instalada nesta sexta-feira em Imperatriz - Daniel Matos<\/title>\n<meta name=\"robots\" content=\"index, follow, max-snippet:-1, max-image-preview:large, max-video-preview:-1\" \/>\n<link rel=\"canonical\" href=\"https:\/\/www.blogsoestado.com\/danielmatos\/assembleia-itinerante-sera-instalada-nesta-sexta-feira-em-imperatriz\/\" \/>\n<meta property=\"og:locale\" content=\"pt_BR\" \/>\n<meta property=\"og:type\" content=\"article\" \/>\n<meta property=\"og:title\" content=\"Assembleia Itinerante ser\u00e1 instalada nesta sexta-feira em Imperatriz - Daniel Matos\" \/>\n<meta property=\"og:description\" content=\"Tudo pronto para a instala\u00e7\u00e3o da Assembleia Itinerante, \u00e0s 15h desta sexta-feira (03), na C\u00e2mara de Vereadores de Imperatriz, no [&hellip;]\" \/>\n<meta property=\"og:url\" content=\"https:\/\/www.blogsoestado.com\/danielmatos\/assembleia-itinerante-sera-instalada-nesta-sexta-feira-em-imperatriz\/\" \/>\n<meta property=\"og:site_name\" content=\"Daniel Matos\" \/>\n<meta property=\"article:published_time\" content=\"2023-03-02T20:07:32+00:00\" \/>\n<meta property=\"og:image\" content=\"https:\/\/www.blogsoestado.com\/danielmatos\/files\/2023\/03\/Screenshot_20230302-1655352.png\" \/>\n<meta name=\"twitter:card\" content=\"summary_large_image\" \/>\n<meta name=\"twitter:label1\" content=\"Est. tempo de leitura\" \/>\n\t<meta name=\"twitter:data1\" content=\"3 minutos\" \/>\n<script type=\"application\/ld+json\" class=\"yoast-schema-graph\">{\"@context\":\"https:\/\/schema.org\",\"@graph\":[{\"@type\":\"WebPage\",\"@id\":\"https:\/\/www.blogsoestado.com\/danielmatos\/assembleia-itinerante-sera-instalada-nesta-sexta-feira-em-imperatriz\/\",\"url\":\"https:\/\/www.blogsoestado.com\/danielmatos\/assembleia-itinerante-sera-instalada-nesta-sexta-feira-em-imperatriz\/\",\"name\":\"Assembleia Itinerante ser\u00e1 instalada nesta sexta-feira em Imperatriz - Daniel Matos\",\"isPartOf\":{\"@id\":\"https:\/\/www.blogsoestado.com\/danielmatos\/#website\"},\"primaryImageOfPage\":{\"@id\":\"https:\/\/www.blogsoestado.com\/danielmatos\/assembleia-itinerante-sera-instalada-nesta-sexta-feira-em-imperatriz\/#primaryimage\"},\"image\":{\"@id\":\"https:\/\/www.blogsoestado.com\/danielmatos\/assembleia-itinerante-sera-instalada-nesta-sexta-feira-em-imperatriz\/#primaryimage\"},\"thumbnailUrl\":\"https:\/\/www.blogsoestado.com\/danielmatos\/files\/2023\/03\/Screenshot_20230302-1655352.png\",\"datePublished\":\"2023-03-02T20:07:32+00:00\",\"author\":{\"@id\":\"\"},\"breadcrumb\":{\"@id\":\"https:\/\/www.blogsoestado.com\/danielmatos\/assembleia-itinerante-sera-instalada-nesta-sexta-feira-em-imperatriz\/#breadcrumb\"},\"inLanguage\":\"pt-BR\",\"potentialAction\":[{\"@type\":\"ReadAction\",\"target\":[\"https:\/\/www.blogsoestado.com\/danielmatos\/assembleia-itinerante-sera-instalada-nesta-sexta-feira-em-imperatriz\/\"]}]},{\"@type\":\"ImageObject\",\"inLanguage\":\"pt-BR\",\"@id\":\"https:\/\/www.blogsoestado.com\/danielmatos\/assembleia-itinerante-sera-instalada-nesta-sexta-feira-em-imperatriz\/#primaryimage\",\"url\":\"https:\/\/www.blogsoestado.com\/danielmatos\/files\/2023\/03\/Screenshot_20230302-1655352.png\",\"contentUrl\":\"https:\/\/www.blogsoestado.com\/danielmatos\/files\/2023\/03\/Screenshot_20230302-1655352.png\"},{\"@type\":\"BreadcrumbList\",\"@id\":\"https:\/\/www.blogsoestado.com\/danielmatos\/assembleia-itinerante-sera-instalada-nesta-sexta-feira-em-imperatriz\/#breadcrumb\",\"itemListElement\":[{\"@type\":\"ListItem\",\"position\":1,\"name\":\"In\u00edcio\",\"item\":\"https:\/\/www.blogsoestado.com\/danielmatos\/\"},{\"@type\":\"ListItem\",\"position\":2,\"name\":\"Assembleia Itinerante ser\u00e1 instalada nesta sexta-feira em Imperatriz\"}]},{\"@type\":\"WebSite\",\"@id\":\"https:\/\/www.blogsoestado.com\/danielmatos\/#website\",\"url\":\"https:\/\/www.blogsoestado.com\/danielmatos\/\",\"name\":\"Daniel Matos\",\"description\":\"\",\"potentialAction\":[{\"@type\":\"SearchAction\",\"target\":{\"@type\":\"EntryPoint\",\"urlTemplate\":\"https:\/\/www.blogsoestado.com\/danielmatos\/?s={search_term_string}\"},\"query-input\":{\"@type\":\"PropertyValueSpecification\",\"valueRequired\":true,\"valueName\":\"search_term_string\"}}],\"inLanguage\":\"pt-BR\"}]}<\/script>\n<!-- \/ Yoast SEO plugin. -->","yoast_head_json":{"title":"Assembleia Itinerante ser\u00e1 instalada nesta sexta-feira em Imperatriz - Daniel Matos","robots":{"index":"index","follow":"follow","max-snippet":"max-snippet:-1","max-image-preview":"max-image-preview:large","max-video-preview":"max-video-preview:-1"},"canonical":"https:\/\/www.blogsoestado.com\/danielmatos\/assembleia-itinerante-sera-instalada-nesta-sexta-feira-em-imperatriz\/","og_locale":"pt_BR","og_type":"article","og_title":"Assembleia Itinerante ser\u00e1 instalada nesta sexta-feira em Imperatriz - Daniel Matos","og_description":"Tudo pronto para a instala\u00e7\u00e3o da Assembleia Itinerante, \u00e0s 15h desta sexta-feira (03), na C\u00e2mara de Vereadores de Imperatriz, no [&hellip;]","og_url":"https:\/\/www.blogsoestado.com\/danielmatos\/assembleia-itinerante-sera-instalada-nesta-sexta-feira-em-imperatriz\/","og_site_name":"Daniel Matos","article_published_time":"2023-03-02T20:07:32+00:00","og_image":[{"url":"https:\/\/www.blogsoestado.com\/danielmatos\/files\/2023\/03\/Screenshot_20230302-1655352.png","type":"","width":"","height":""}],"twitter_card":"summary_large_image","twitter_misc":{"Est. tempo de leitura":"3 minutos"},"schema":{"@context":"https:\/\/schema.org","@graph":[{"@type":"WebPage","@id":"https:\/\/www.blogsoestado.com\/danielmatos\/assembleia-itinerante-sera-instalada-nesta-sexta-feira-em-imperatriz\/","url":"https:\/\/www.blogsoestado.com\/danielmatos\/assembleia-itinerante-sera-instalada-nesta-sexta-feira-em-imperatriz\/","name":"Assembleia Itinerante ser\u00e1 instalada nesta sexta-feira em Imperatriz - Daniel Matos","isPartOf":{"@id":"https:\/\/www.blogsoestado.com\/danielmatos\/#website"},"primaryImageOfPage":{"@id":"https:\/\/www.blogsoestado.com\/danielmatos\/assembleia-itinerante-sera-instalada-nesta-sexta-feira-em-imperatriz\/#primaryimage"},"image":{"@id":"https:\/\/www.blogsoestado.com\/danielmatos\/assembleia-itinerante-sera-instalada-nesta-sexta-feira-em-imperatriz\/#primaryimage"},"thumbnailUrl":"https:\/\/www.blogsoestado.com\/danielmatos\/files\/2023\/03\/Screenshot_20230302-1655352.png","datePublished":"2023-03-02T20:07:32+00:00","author":{"@id":""},"breadcrumb":{"@id":"https:\/\/www.blogsoestado.com\/danielmatos\/assembleia-itinerante-sera-instalada-nesta-sexta-feira-em-imperatriz\/#breadcrumb"},"inLanguage":"pt-BR","potentialAction":[{"@type":"ReadAction","target":["https:\/\/www.blogsoestado.com\/danielmatos\/assembleia-itinerante-sera-instalada-nesta-sexta-feira-em-imperatriz\/"]}]},{"@type":"ImageObject","inLanguage":"pt-BR","@id":"https:\/\/www.blogsoestado.com\/danielmatos\/assembleia-itinerante-sera-instalada-nesta-sexta-feira-em-imperatriz\/#primaryimage","url":"https:\/\/www.blogsoestado.com\/danielmatos\/files\/2023\/03\/Screenshot_20230302-1655352.png","contentUrl":"https:\/\/www.blogsoestado.com\/danielmatos\/files\/2023\/03\/Screenshot_20230302-1655352.png"},{"@type":"BreadcrumbList","@id":"https:\/\/www.blogsoestado.com\/danielmatos\/assembleia-itinerante-sera-instalada-nesta-sexta-feira-em-imperatriz\/#breadcrumb","itemListElement":[{"@type":"ListItem","position":1,"name":"In\u00edcio","item":"https:\/\/www.blogsoestado.com\/danielmatos\/"},{"@type":"ListItem","position":2,"name":"Assembleia Itinerante ser\u00e1 instalada nesta sexta-feira em Imperatriz"}]},{"@type":"WebSite","@id":"https:\/\/www.blogsoestado.com\/danielmatos\/#website","url":"https:\/\/www.blogsoestado.com\/danielmatos\/","name":"Daniel Matos","description":"","potentialAction":[{"@type":"SearchAction","target":{"@type":"EntryPoint","urlTemplate":"https:\/\/www.blogsoestado.com\/danielmatos\/?s={search_term_string}"},"query-input":{"@type":"PropertyValueSpecification","valueRequired":true,"valueName":"search_term_string"}}],"inLanguage":"pt-BR"}]}},"jetpack_featured_media_url":"","_links":{"self":[{"href":"https:\/\/www.blogsoestado.com\/danielmatos\/wp-json\/wp\/v2\/posts\/106674","targetHints":{"allow":["GET"]}}],"collection":[{"href":"https:\/\/www.blogsoestado.com\/danielmatos\/wp-json\/wp\/v2\/posts"}],"about":[{"href":"https:\/\/www.blogsoestado.com\/danielmatos\/wp-json\/wp\/v2\/types\/post"}],"replies":[{"embeddable":true,"href":"https:\/\/www.blogsoestado.com\/danielmatos\/wp-json\/wp\/v2\/comments?post=106674"}],"version-history":[{"count":0,"href":"https:\/\/www.blogsoestado.com\/danielmatos\/wp-json\/wp\/v2\/posts\/106674\/revisions"}],"wp:attachment":[{"href":"https:\/\/www.blogsoestado.com\/danielmatos\/wp-json\/wp\/v2\/media?parent=106674"}],"wp:term":[{"taxonomy":"category","embeddable":true,"href":"https:\/\/www.blogsoestado.com\/danielmatos\/wp-json\/wp\/v2\/categories?post=106674"},{"taxonomy":"post_tag","embeddable":true,"href":"https:\/\/www.blogsoestado.com\/danielmatos\/wp-json\/wp\/v2\/tags?post=106674"}],"curies":[{"name":"wp","href":"https:\/\/api.w.org\/{rel}","templated":true}]}}