{"id":106689,"date":"2023-03-02T20:47:52","date_gmt":"2023-03-02T23:47:52","guid":{"rendered":"https:\/\/www.blogsoestado.com\/danielmatos\/?p=106689"},"modified":"2023-03-02T20:47:52","modified_gmt":"2023-03-02T23:47:52","slug":"onibus-pega-fogo-na-br-222-e-interdita-rodovia-federal","status":"publish","type":"post","link":"https:\/\/www.blogsoestado.com\/danielmatos\/onibus-pega-fogo-na-br-222-e-interdita-rodovia-federal\/","title":{"rendered":"\u00d4nibus pega fogo na BR-222 e interdita rodovia federal"},"content":{"rendered":"\n<div class=\"wp-block-image\"><figure class=\"aligncenter size-large\"><a href=\"https:\/\/www.blogsoestado.com\/danielmatos\/files\/2023\/03\/IMG-20230302-WA0363.jpg\"><img decoding=\"async\" src=\"https:\/\/www.blogsoestado.com\/danielmatos\/files\/2023\/03\/IMG-20230302-WA0363-928x1024.jpg\" alt=\"\" class=\"wp-image-106690\"\/><\/a><figcaption>\u00d4nibus foi totalmente destru\u00eddo pelas chamas, causando interdi\u00e7\u00e3o total da BR-222, \u00e0 altura do munic\u00edpio de Arari<\/figcaption><\/figure><\/div>\n\n\n\n<p>Um \u00f4nibus incendiado provocou a interdi\u00e7\u00e3o total no KM-279 da BR-222, no munic\u00edpio de Arari, no final da tarde desta quinta-feira (2).<\/p>\n\n\n\n<p>As primeiras informa\u00e7\u00f5es apontam que apenas uma pessoa se feriu.<\/p>\n\n\n\n<p>Uma equipe da PRF e outra do Corpo de Bombeiro foram acionados.<\/p>\n\n\n\n<p>Em raz\u00e3o das chamas e do forte calor, as duas faixas da rodovia federal foram interditadas. No inicio da noite, uma faixa foi liberada.<\/p>\n\n\n\n<p><em>Emerg\u00eancia ou den\u00fancia ligue 191<\/em><\/p>\n\n\n\n<p><strong>Fonte:<\/strong> Policia Rodovi\u00e1ria Federal   <\/p>\n\n\n\n<p><strong><span class=\"has-inline-color has-vivid-red-color\">Assista ao v\u00eddeo <\/span><a href=\"https:\/\/youtu.be\/ROQnjeANRK4\">aqui<\/a><\/strong>.<\/p>\n","protected":false},"excerpt":{"rendered":"<p>Um \u00f4nibus incendiado provocou a interdi\u00e7\u00e3o total no KM-279 da BR-222, no munic\u00edpio de Arari, no final da tarde desta [&hellip;]<\/p>\n","protected":false},"author":0,"featured_media":0,"comment_status":"open","ping_status":"open","sticky":false,"template":"","format":"standard","meta":{"site-sidebar-layout":"default","site-content-layout":"","ast-site-content-layout":"default","site-content-style":"default","site-sidebar-style":"default","ast-global-header-display":"","ast-banner-title-visibility":"","ast-main-header-display":"","ast-hfb-above-header-display":"","ast-hfb-below-header-display":"","ast-hfb-mobile-header-display":"","site-post-title":"","ast-breadcrumbs-content":"","ast-featured-img":"","footer-sml-layout":"","ast-disable-related-posts":"","theme-transparent-header-meta":"","adv-header-id-meta":"","stick-header-meta":"","header-above-stick-meta":"","header-main-stick-meta":"","header-below-stick-meta":"","astra-migrate-meta-layouts":"default","ast-page-background-enabled":"default","ast-page-background-meta":{"desktop":{"background-color":"var(--ast-global-color-5)","background-image":"","background-repeat":"repeat","background-position":"center center","background-size":"auto","background-attachment":"scroll","background-type":"","background-media":"","overlay-type":"","overlay-color":"","overlay-opacity":"","overlay-gradient":""},"tablet":{"background-color":"","background-image":"","background-repeat":"repeat","background-position":"center center","background-size":"auto","background-attachment":"scroll","background-type":"","background-media":"","overlay-type":"","overlay-color":"","overlay-opacity":"","overlay-gradient":""},"mobile":{"background-color":"","background-image":"","background-repeat":"repeat","background-position":"center center","background-size":"auto","background-attachment":"scroll","background-type":"","background-media":"","overlay-type":"","overlay-color":"","overlay-opacity":"","overlay-gradient":""}},"ast-content-background-meta":{"desktop":{"background-color":"var(--ast-global-color-4)","background-image":"","background-repeat":"repeat","background-position":"center center","background-size":"auto","background-attachment":"scroll","background-type":"","background-media":"","overlay-type":"","overlay-color":"","overlay-opacity":"","overlay-gradient":""},"tablet":{"background-color":"var(--ast-global-color-4)","background-image":"","background-repeat":"repeat","background-position":"center center","background-size":"auto","background-attachment":"scroll","background-type":"","background-media":"","overlay-type":"","overlay-color":"","overlay-opacity":"","overlay-gradient":""},"mobile":{"background-color":"var(--ast-global-color-4)","background-image":"","background-repeat":"repeat","background-position":"center center","background-size":"auto","background-attachment":"scroll","background-type":"","background-media":"","overlay-type":"","overlay-color":"","overlay-opacity":"","overlay-gradient":""}},"footnotes":""},"categories":[1],"tags":[],"class_list":["post-106689","post","type-post","status-publish","format-standard","hentry","category-sem-categoria"],"yoast_head":"<!-- This site is optimized with the Yoast SEO plugin v26.6 - https:\/\/yoast.com\/wordpress\/plugins\/seo\/ -->\n<title>\u00d4nibus pega fogo na BR-222 e interdita rodovia federal - Daniel Matos<\/title>\n<meta name=\"robots\" content=\"index, follow, max-snippet:-1, max-image-preview:large, max-video-preview:-1\" \/>\n<link rel=\"canonical\" href=\"https:\/\/www.blogsoestado.com\/danielmatos\/onibus-pega-fogo-na-br-222-e-interdita-rodovia-federal\/\" \/>\n<meta property=\"og:locale\" content=\"pt_BR\" \/>\n<meta property=\"og:type\" content=\"article\" \/>\n<meta property=\"og:title\" content=\"\u00d4nibus pega fogo na BR-222 e interdita rodovia federal - Daniel Matos\" \/>\n<meta property=\"og:description\" content=\"Um \u00f4nibus incendiado provocou a interdi\u00e7\u00e3o total no KM-279 da BR-222, no munic\u00edpio de Arari, no final da tarde desta [&hellip;]\" \/>\n<meta property=\"og:url\" content=\"https:\/\/www.blogsoestado.com\/danielmatos\/onibus-pega-fogo-na-br-222-e-interdita-rodovia-federal\/\" \/>\n<meta property=\"og:site_name\" content=\"Daniel Matos\" \/>\n<meta property=\"article:published_time\" content=\"2023-03-02T23:47:52+00:00\" \/>\n<meta property=\"og:image\" content=\"https:\/\/www.blogsoestado.com\/danielmatos\/files\/2023\/03\/IMG-20230302-WA0363-928x1024.jpg\" \/>\n<meta name=\"twitter:card\" content=\"summary_large_image\" \/>\n<meta name=\"twitter:label1\" content=\"Est. tempo de leitura\" \/>\n\t<meta name=\"twitter:data1\" content=\"1 minuto\" \/>\n<script type=\"application\/ld+json\" class=\"yoast-schema-graph\">{\"@context\":\"https:\/\/schema.org\",\"@graph\":[{\"@type\":\"WebPage\",\"@id\":\"https:\/\/www.blogsoestado.com\/danielmatos\/onibus-pega-fogo-na-br-222-e-interdita-rodovia-federal\/\",\"url\":\"https:\/\/www.blogsoestado.com\/danielmatos\/onibus-pega-fogo-na-br-222-e-interdita-rodovia-federal\/\",\"name\":\"\u00d4nibus pega fogo na BR-222 e interdita rodovia federal - Daniel Matos\",\"isPartOf\":{\"@id\":\"https:\/\/www.blogsoestado.com\/danielmatos\/#website\"},\"primaryImageOfPage\":{\"@id\":\"https:\/\/www.blogsoestado.com\/danielmatos\/onibus-pega-fogo-na-br-222-e-interdita-rodovia-federal\/#primaryimage\"},\"image\":{\"@id\":\"https:\/\/www.blogsoestado.com\/danielmatos\/onibus-pega-fogo-na-br-222-e-interdita-rodovia-federal\/#primaryimage\"},\"thumbnailUrl\":\"https:\/\/www.blogsoestado.com\/danielmatos\/files\/2023\/03\/IMG-20230302-WA0363-928x1024.jpg\",\"datePublished\":\"2023-03-02T23:47:52+00:00\",\"author\":{\"@id\":\"\"},\"breadcrumb\":{\"@id\":\"https:\/\/www.blogsoestado.com\/danielmatos\/onibus-pega-fogo-na-br-222-e-interdita-rodovia-federal\/#breadcrumb\"},\"inLanguage\":\"pt-BR\",\"potentialAction\":[{\"@type\":\"ReadAction\",\"target\":[\"https:\/\/www.blogsoestado.com\/danielmatos\/onibus-pega-fogo-na-br-222-e-interdita-rodovia-federal\/\"]}]},{\"@type\":\"ImageObject\",\"inLanguage\":\"pt-BR\",\"@id\":\"https:\/\/www.blogsoestado.com\/danielmatos\/onibus-pega-fogo-na-br-222-e-interdita-rodovia-federal\/#primaryimage\",\"url\":\"https:\/\/www.blogsoestado.com\/danielmatos\/files\/2023\/03\/IMG-20230302-WA0363-928x1024.jpg\",\"contentUrl\":\"https:\/\/www.blogsoestado.com\/danielmatos\/files\/2023\/03\/IMG-20230302-WA0363-928x1024.jpg\"},{\"@type\":\"BreadcrumbList\",\"@id\":\"https:\/\/www.blogsoestado.com\/danielmatos\/onibus-pega-fogo-na-br-222-e-interdita-rodovia-federal\/#breadcrumb\",\"itemListElement\":[{\"@type\":\"ListItem\",\"position\":1,\"name\":\"In\u00edcio\",\"item\":\"https:\/\/www.blogsoestado.com\/danielmatos\/\"},{\"@type\":\"ListItem\",\"position\":2,\"name\":\"\u00d4nibus pega fogo na BR-222 e interdita rodovia federal\"}]},{\"@type\":\"WebSite\",\"@id\":\"https:\/\/www.blogsoestado.com\/danielmatos\/#website\",\"url\":\"https:\/\/www.blogsoestado.com\/danielmatos\/\",\"name\":\"Daniel Matos\",\"description\":\"\",\"potentialAction\":[{\"@type\":\"SearchAction\",\"target\":{\"@type\":\"EntryPoint\",\"urlTemplate\":\"https:\/\/www.blogsoestado.com\/danielmatos\/?s={search_term_string}\"},\"query-input\":{\"@type\":\"PropertyValueSpecification\",\"valueRequired\":true,\"valueName\":\"search_term_string\"}}],\"inLanguage\":\"pt-BR\"}]}<\/script>\n<!-- \/ Yoast SEO plugin. -->","yoast_head_json":{"title":"\u00d4nibus pega fogo na BR-222 e interdita rodovia federal - Daniel Matos","robots":{"index":"index","follow":"follow","max-snippet":"max-snippet:-1","max-image-preview":"max-image-preview:large","max-video-preview":"max-video-preview:-1"},"canonical":"https:\/\/www.blogsoestado.com\/danielmatos\/onibus-pega-fogo-na-br-222-e-interdita-rodovia-federal\/","og_locale":"pt_BR","og_type":"article","og_title":"\u00d4nibus pega fogo na BR-222 e interdita rodovia federal - Daniel Matos","og_description":"Um \u00f4nibus incendiado provocou a interdi\u00e7\u00e3o total no KM-279 da BR-222, no munic\u00edpio de Arari, no final da tarde desta [&hellip;]","og_url":"https:\/\/www.blogsoestado.com\/danielmatos\/onibus-pega-fogo-na-br-222-e-interdita-rodovia-federal\/","og_site_name":"Daniel Matos","article_published_time":"2023-03-02T23:47:52+00:00","og_image":[{"url":"https:\/\/www.blogsoestado.com\/danielmatos\/files\/2023\/03\/IMG-20230302-WA0363-928x1024.jpg","type":"","width":"","height":""}],"twitter_card":"summary_large_image","twitter_misc":{"Est. tempo de leitura":"1 minuto"},"schema":{"@context":"https:\/\/schema.org","@graph":[{"@type":"WebPage","@id":"https:\/\/www.blogsoestado.com\/danielmatos\/onibus-pega-fogo-na-br-222-e-interdita-rodovia-federal\/","url":"https:\/\/www.blogsoestado.com\/danielmatos\/onibus-pega-fogo-na-br-222-e-interdita-rodovia-federal\/","name":"\u00d4nibus pega fogo na BR-222 e interdita rodovia federal - Daniel Matos","isPartOf":{"@id":"https:\/\/www.blogsoestado.com\/danielmatos\/#website"},"primaryImageOfPage":{"@id":"https:\/\/www.blogsoestado.com\/danielmatos\/onibus-pega-fogo-na-br-222-e-interdita-rodovia-federal\/#primaryimage"},"image":{"@id":"https:\/\/www.blogsoestado.com\/danielmatos\/onibus-pega-fogo-na-br-222-e-interdita-rodovia-federal\/#primaryimage"},"thumbnailUrl":"https:\/\/www.blogsoestado.com\/danielmatos\/files\/2023\/03\/IMG-20230302-WA0363-928x1024.jpg","datePublished":"2023-03-02T23:47:52+00:00","author":{"@id":""},"breadcrumb":{"@id":"https:\/\/www.blogsoestado.com\/danielmatos\/onibus-pega-fogo-na-br-222-e-interdita-rodovia-federal\/#breadcrumb"},"inLanguage":"pt-BR","potentialAction":[{"@type":"ReadAction","target":["https:\/\/www.blogsoestado.com\/danielmatos\/onibus-pega-fogo-na-br-222-e-interdita-rodovia-federal\/"]}]},{"@type":"ImageObject","inLanguage":"pt-BR","@id":"https:\/\/www.blogsoestado.com\/danielmatos\/onibus-pega-fogo-na-br-222-e-interdita-rodovia-federal\/#primaryimage","url":"https:\/\/www.blogsoestado.com\/danielmatos\/files\/2023\/03\/IMG-20230302-WA0363-928x1024.jpg","contentUrl":"https:\/\/www.blogsoestado.com\/danielmatos\/files\/2023\/03\/IMG-20230302-WA0363-928x1024.jpg"},{"@type":"BreadcrumbList","@id":"https:\/\/www.blogsoestado.com\/danielmatos\/onibus-pega-fogo-na-br-222-e-interdita-rodovia-federal\/#breadcrumb","itemListElement":[{"@type":"ListItem","position":1,"name":"In\u00edcio","item":"https:\/\/www.blogsoestado.com\/danielmatos\/"},{"@type":"ListItem","position":2,"name":"\u00d4nibus pega fogo na BR-222 e interdita rodovia federal"}]},{"@type":"WebSite","@id":"https:\/\/www.blogsoestado.com\/danielmatos\/#website","url":"https:\/\/www.blogsoestado.com\/danielmatos\/","name":"Daniel Matos","description":"","potentialAction":[{"@type":"SearchAction","target":{"@type":"EntryPoint","urlTemplate":"https:\/\/www.blogsoestado.com\/danielmatos\/?s={search_term_string}"},"query-input":{"@type":"PropertyValueSpecification","valueRequired":true,"valueName":"search_term_string"}}],"inLanguage":"pt-BR"}]}},"jetpack_featured_media_url":"","_links":{"self":[{"href":"https:\/\/www.blogsoestado.com\/danielmatos\/wp-json\/wp\/v2\/posts\/106689","targetHints":{"allow":["GET"]}}],"collection":[{"href":"https:\/\/www.blogsoestado.com\/danielmatos\/wp-json\/wp\/v2\/posts"}],"about":[{"href":"https:\/\/www.blogsoestado.com\/danielmatos\/wp-json\/wp\/v2\/types\/post"}],"replies":[{"embeddable":true,"href":"https:\/\/www.blogsoestado.com\/danielmatos\/wp-json\/wp\/v2\/comments?post=106689"}],"version-history":[{"count":0,"href":"https:\/\/www.blogsoestado.com\/danielmatos\/wp-json\/wp\/v2\/posts\/106689\/revisions"}],"wp:attachment":[{"href":"https:\/\/www.blogsoestado.com\/danielmatos\/wp-json\/wp\/v2\/media?parent=106689"}],"wp:term":[{"taxonomy":"category","embeddable":true,"href":"https:\/\/www.blogsoestado.com\/danielmatos\/wp-json\/wp\/v2\/categories?post=106689"},{"taxonomy":"post_tag","embeddable":true,"href":"https:\/\/www.blogsoestado.com\/danielmatos\/wp-json\/wp\/v2\/tags?post=106689"}],"curies":[{"name":"wp","href":"https:\/\/api.w.org\/{rel}","templated":true}]}}