{"id":106692,"date":"2023-03-02T22:21:49","date_gmt":"2023-03-03T01:21:49","guid":{"rendered":"https:\/\/www.blogsoestado.com\/danielmatos\/?p=106692"},"modified":"2023-03-02T22:21:49","modified_gmt":"2023-03-03T01:21:49","slug":"para-figueiredo-assumira-mandato-na-assembleia-com-posse-de-abigail-cunha-na-secretaria-da-mulher","status":"publish","type":"post","link":"https:\/\/www.blogsoestado.com\/danielmatos\/para-figueiredo-assumira-mandato-na-assembleia-com-posse-de-abigail-cunha-na-secretaria-da-mulher\/","title":{"rendered":"Par\u00e1 Figueiredo assumir\u00e1 mandato na Assembleia com posse de Abigail Cunha na Secretaria da Mulher"},"content":{"rendered":"\n<div class=\"wp-block-image\"><figure class=\"aligncenter size-large\"><a href=\"https:\/\/www.blogsoestado.com\/danielmatos\/files\/2023\/03\/Screenshot_20230302-2210462.png\"><img decoding=\"async\" src=\"https:\/\/www.blogsoestado.com\/danielmatos\/files\/2023\/03\/Screenshot_20230302-2210462.png\" alt=\"\" class=\"wp-image-106694\"\/><\/a><figcaption>Par\u00e1 Figueiredo retornar\u00e1 \u00e0 Assembleia para retomar a atividade parlamentar produtiva iniciada na legislatura passada<\/figcaption><\/figure><\/div>\n\n\n\n<p>O primeiro suplente Par\u00e1 Figueiredo (PL) assumir\u00e1 o mandato de deputado estadual com o an\u00fancio de Abigail Cunha (PL) na Secretaria de Estado da Mulher (Semu). O nome da esposa do prefeito de Barra do Corda, Rigo Teles (PL), para ocupar a pasta foi confirmado na noite desta quinta-feira (2) pelo governador Carlos Brand\u00e3o (PSB).<\/p>\n\n\n\n<p>Em sua estreia no parlamento estadual, na legislatura passada (2019-2022), Par\u00e1 Figueiredo sempre manteve forte atua\u00e7\u00e3o junto \u00e0s comunidades, em dezenas de munic\u00edpios, em especial na regi\u00e3o metropolitana de S\u00e3o Lu\u00eds, na Baixada Maranhense e outros redutos no estado.<\/p>\n\n\n\n<p>Tamb\u00e9m deixou sua marca como autor de relevantes projetos que viraram leis, como a que <a href=\"https:\/\/www.blogsoestado.com\/danielmatos\/2023\/02\/28\/sancionada-lei-de-para-figueiredo-que-garante-assistencia-psicologica-a-maes-de-natimortos-ou-com-obito-fetal\/\">assegura acompanhamento psicol\u00f3gico e leito separado a m\u00e3es de natimortos ou com \u00f3bito fetal<\/a>.<\/p>\n\n\n\n<p>Ao retornar \u00e0 Assembleia Legislativa, o jovem deputado ter\u00e1 a oportunidade de continuar fazendo a diferen\u00e7a, com ideias novas, vontade pol\u00edtica e reconhecida capacidade de interlocu\u00e7\u00e3o com seus pares e com os outros poderes.<\/p>\n\n\n\n<p><strong>An\u00fancio<\/strong><\/p>\n\n\n\n<p>Em seu mais recente an\u00fancio, Carlos Brand\u00e3o tamb\u00e9m confirmou as nomea\u00e7\u00f5es do jornalista S\u00e9rgio Macedo para a Secretaria de Estado de Comunica\u00e7\u00e3o Social (Secom) e da m\u00e9dica Natassia Weba na Secretaria de Estado da Ci\u00eancia, Tecnologia e Inova\u00e7\u00e3o (SECTI).<\/p>\n\n\n\n<p>Confira:<\/p>\n\n\n\n<div class=\"wp-block-image\"><figure class=\"aligncenter size-large\"><a href=\"https:\/\/www.blogsoestado.com\/danielmatos\/files\/2023\/03\/Screenshot_20230302-2200432.png\"><img decoding=\"async\" src=\"https:\/\/www.blogsoestado.com\/danielmatos\/files\/2023\/03\/Screenshot_20230302-2200432.png\" alt=\"\" class=\"wp-image-106693\"\/><\/a><\/figure><\/div>\n","protected":false},"excerpt":{"rendered":"<p>O primeiro suplente Par\u00e1 Figueiredo (PL) assumir\u00e1 o mandato de deputado estadual com o an\u00fancio de Abigail Cunha (PL) na [&hellip;]<\/p>\n","protected":false},"author":0,"featured_media":0,"comment_status":"open","ping_status":"open","sticky":false,"template":"","format":"standard","meta":{"site-sidebar-layout":"default","site-content-layout":"","ast-site-content-layout":"default","site-content-style":"default","site-sidebar-style":"default","ast-global-header-display":"","ast-banner-title-visibility":"","ast-main-header-display":"","ast-hfb-above-header-display":"","ast-hfb-below-header-display":"","ast-hfb-mobile-header-display":"","site-post-title":"","ast-breadcrumbs-content":"","ast-featured-img":"","footer-sml-layout":"","ast-disable-related-posts":"","theme-transparent-header-meta":"","adv-header-id-meta":"","stick-header-meta":"","header-above-stick-meta":"","header-main-stick-meta":"","header-below-stick-meta":"","astra-migrate-meta-layouts":"default","ast-page-background-enabled":"default","ast-page-background-meta":{"desktop":{"background-color":"var(--ast-global-color-5)","background-image":"","background-repeat":"repeat","background-position":"center center","background-size":"auto","background-attachment":"scroll","background-type":"","background-media":"","overlay-type":"","overlay-color":"","overlay-opacity":"","overlay-gradient":""},"tablet":{"background-color":"","background-image":"","background-repeat":"repeat","background-position":"center center","background-size":"auto","background-attachment":"scroll","background-type":"","background-media":"","overlay-type":"","overlay-color":"","overlay-opacity":"","overlay-gradient":""},"mobile":{"background-color":"","background-image":"","background-repeat":"repeat","background-position":"center center","background-size":"auto","background-attachment":"scroll","background-type":"","background-media":"","overlay-type":"","overlay-color":"","overlay-opacity":"","overlay-gradient":""}},"ast-content-background-meta":{"desktop":{"background-color":"var(--ast-global-color-4)","background-image":"","background-repeat":"repeat","background-position":"center center","background-size":"auto","background-attachment":"scroll","background-type":"","background-media":"","overlay-type":"","overlay-color":"","overlay-opacity":"","overlay-gradient":""},"tablet":{"background-color":"var(--ast-global-color-4)","background-image":"","background-repeat":"repeat","background-position":"center center","background-size":"auto","background-attachment":"scroll","background-type":"","background-media":"","overlay-type":"","overlay-color":"","overlay-opacity":"","overlay-gradient":""},"mobile":{"background-color":"var(--ast-global-color-4)","background-image":"","background-repeat":"repeat","background-position":"center center","background-size":"auto","background-attachment":"scroll","background-type":"","background-media":"","overlay-type":"","overlay-color":"","overlay-opacity":"","overlay-gradient":""}},"footnotes":""},"categories":[1],"tags":[],"class_list":["post-106692","post","type-post","status-publish","format-standard","hentry","category-sem-categoria"],"yoast_head":"<!-- This site is optimized with the Yoast SEO plugin v26.6 - https:\/\/yoast.com\/wordpress\/plugins\/seo\/ -->\n<title>Par\u00e1 Figueiredo assumir\u00e1 mandato na Assembleia com posse de Abigail Cunha na Secretaria da Mulher - Daniel Matos<\/title>\n<meta name=\"robots\" content=\"index, follow, max-snippet:-1, max-image-preview:large, max-video-preview:-1\" \/>\n<link rel=\"canonical\" href=\"https:\/\/www.blogsoestado.com\/danielmatos\/para-figueiredo-assumira-mandato-na-assembleia-com-posse-de-abigail-cunha-na-secretaria-da-mulher\/\" \/>\n<meta property=\"og:locale\" content=\"pt_BR\" \/>\n<meta property=\"og:type\" content=\"article\" \/>\n<meta property=\"og:title\" content=\"Par\u00e1 Figueiredo assumir\u00e1 mandato na Assembleia com posse de Abigail Cunha na Secretaria da Mulher - Daniel Matos\" \/>\n<meta property=\"og:description\" content=\"O primeiro suplente Par\u00e1 Figueiredo (PL) assumir\u00e1 o mandato de deputado estadual com o an\u00fancio de Abigail Cunha (PL) na [&hellip;]\" \/>\n<meta property=\"og:url\" content=\"https:\/\/www.blogsoestado.com\/danielmatos\/para-figueiredo-assumira-mandato-na-assembleia-com-posse-de-abigail-cunha-na-secretaria-da-mulher\/\" \/>\n<meta property=\"og:site_name\" content=\"Daniel Matos\" \/>\n<meta property=\"article:published_time\" content=\"2023-03-03T01:21:49+00:00\" \/>\n<meta property=\"og:image\" content=\"https:\/\/www.blogsoestado.com\/danielmatos\/files\/2023\/03\/Screenshot_20230302-2210462.png\" \/>\n<meta name=\"twitter:card\" content=\"summary_large_image\" \/>\n<meta name=\"twitter:label1\" content=\"Est. tempo de leitura\" \/>\n\t<meta name=\"twitter:data1\" content=\"2 minutos\" \/>\n<script type=\"application\/ld+json\" class=\"yoast-schema-graph\">{\"@context\":\"https:\/\/schema.org\",\"@graph\":[{\"@type\":\"WebPage\",\"@id\":\"https:\/\/www.blogsoestado.com\/danielmatos\/para-figueiredo-assumira-mandato-na-assembleia-com-posse-de-abigail-cunha-na-secretaria-da-mulher\/\",\"url\":\"https:\/\/www.blogsoestado.com\/danielmatos\/para-figueiredo-assumira-mandato-na-assembleia-com-posse-de-abigail-cunha-na-secretaria-da-mulher\/\",\"name\":\"Par\u00e1 Figueiredo assumir\u00e1 mandato na Assembleia com posse de Abigail Cunha na Secretaria da Mulher - Daniel Matos\",\"isPartOf\":{\"@id\":\"https:\/\/www.blogsoestado.com\/danielmatos\/#website\"},\"primaryImageOfPage\":{\"@id\":\"https:\/\/www.blogsoestado.com\/danielmatos\/para-figueiredo-assumira-mandato-na-assembleia-com-posse-de-abigail-cunha-na-secretaria-da-mulher\/#primaryimage\"},\"image\":{\"@id\":\"https:\/\/www.blogsoestado.com\/danielmatos\/para-figueiredo-assumira-mandato-na-assembleia-com-posse-de-abigail-cunha-na-secretaria-da-mulher\/#primaryimage\"},\"thumbnailUrl\":\"https:\/\/www.blogsoestado.com\/danielmatos\/files\/2023\/03\/Screenshot_20230302-2210462.png\",\"datePublished\":\"2023-03-03T01:21:49+00:00\",\"author\":{\"@id\":\"\"},\"breadcrumb\":{\"@id\":\"https:\/\/www.blogsoestado.com\/danielmatos\/para-figueiredo-assumira-mandato-na-assembleia-com-posse-de-abigail-cunha-na-secretaria-da-mulher\/#breadcrumb\"},\"inLanguage\":\"pt-BR\",\"potentialAction\":[{\"@type\":\"ReadAction\",\"target\":[\"https:\/\/www.blogsoestado.com\/danielmatos\/para-figueiredo-assumira-mandato-na-assembleia-com-posse-de-abigail-cunha-na-secretaria-da-mulher\/\"]}]},{\"@type\":\"ImageObject\",\"inLanguage\":\"pt-BR\",\"@id\":\"https:\/\/www.blogsoestado.com\/danielmatos\/para-figueiredo-assumira-mandato-na-assembleia-com-posse-de-abigail-cunha-na-secretaria-da-mulher\/#primaryimage\",\"url\":\"https:\/\/www.blogsoestado.com\/danielmatos\/files\/2023\/03\/Screenshot_20230302-2210462.png\",\"contentUrl\":\"https:\/\/www.blogsoestado.com\/danielmatos\/files\/2023\/03\/Screenshot_20230302-2210462.png\"},{\"@type\":\"BreadcrumbList\",\"@id\":\"https:\/\/www.blogsoestado.com\/danielmatos\/para-figueiredo-assumira-mandato-na-assembleia-com-posse-de-abigail-cunha-na-secretaria-da-mulher\/#breadcrumb\",\"itemListElement\":[{\"@type\":\"ListItem\",\"position\":1,\"name\":\"In\u00edcio\",\"item\":\"https:\/\/www.blogsoestado.com\/danielmatos\/\"},{\"@type\":\"ListItem\",\"position\":2,\"name\":\"Par\u00e1 Figueiredo assumir\u00e1 mandato na Assembleia com posse de Abigail Cunha na Secretaria da Mulher\"}]},{\"@type\":\"WebSite\",\"@id\":\"https:\/\/www.blogsoestado.com\/danielmatos\/#website\",\"url\":\"https:\/\/www.blogsoestado.com\/danielmatos\/\",\"name\":\"Daniel Matos\",\"description\":\"\",\"potentialAction\":[{\"@type\":\"SearchAction\",\"target\":{\"@type\":\"EntryPoint\",\"urlTemplate\":\"https:\/\/www.blogsoestado.com\/danielmatos\/?s={search_term_string}\"},\"query-input\":{\"@type\":\"PropertyValueSpecification\",\"valueRequired\":true,\"valueName\":\"search_term_string\"}}],\"inLanguage\":\"pt-BR\"}]}<\/script>\n<!-- \/ Yoast SEO plugin. -->","yoast_head_json":{"title":"Par\u00e1 Figueiredo assumir\u00e1 mandato na Assembleia com posse de Abigail Cunha na Secretaria da Mulher - Daniel Matos","robots":{"index":"index","follow":"follow","max-snippet":"max-snippet:-1","max-image-preview":"max-image-preview:large","max-video-preview":"max-video-preview:-1"},"canonical":"https:\/\/www.blogsoestado.com\/danielmatos\/para-figueiredo-assumira-mandato-na-assembleia-com-posse-de-abigail-cunha-na-secretaria-da-mulher\/","og_locale":"pt_BR","og_type":"article","og_title":"Par\u00e1 Figueiredo assumir\u00e1 mandato na Assembleia com posse de Abigail Cunha na Secretaria da Mulher - Daniel Matos","og_description":"O primeiro suplente Par\u00e1 Figueiredo (PL) assumir\u00e1 o mandato de deputado estadual com o an\u00fancio de Abigail Cunha (PL) na [&hellip;]","og_url":"https:\/\/www.blogsoestado.com\/danielmatos\/para-figueiredo-assumira-mandato-na-assembleia-com-posse-de-abigail-cunha-na-secretaria-da-mulher\/","og_site_name":"Daniel Matos","article_published_time":"2023-03-03T01:21:49+00:00","og_image":[{"url":"https:\/\/www.blogsoestado.com\/danielmatos\/files\/2023\/03\/Screenshot_20230302-2210462.png","type":"","width":"","height":""}],"twitter_card":"summary_large_image","twitter_misc":{"Est. tempo de leitura":"2 minutos"},"schema":{"@context":"https:\/\/schema.org","@graph":[{"@type":"WebPage","@id":"https:\/\/www.blogsoestado.com\/danielmatos\/para-figueiredo-assumira-mandato-na-assembleia-com-posse-de-abigail-cunha-na-secretaria-da-mulher\/","url":"https:\/\/www.blogsoestado.com\/danielmatos\/para-figueiredo-assumira-mandato-na-assembleia-com-posse-de-abigail-cunha-na-secretaria-da-mulher\/","name":"Par\u00e1 Figueiredo assumir\u00e1 mandato na Assembleia com posse de Abigail Cunha na Secretaria da Mulher - Daniel Matos","isPartOf":{"@id":"https:\/\/www.blogsoestado.com\/danielmatos\/#website"},"primaryImageOfPage":{"@id":"https:\/\/www.blogsoestado.com\/danielmatos\/para-figueiredo-assumira-mandato-na-assembleia-com-posse-de-abigail-cunha-na-secretaria-da-mulher\/#primaryimage"},"image":{"@id":"https:\/\/www.blogsoestado.com\/danielmatos\/para-figueiredo-assumira-mandato-na-assembleia-com-posse-de-abigail-cunha-na-secretaria-da-mulher\/#primaryimage"},"thumbnailUrl":"https:\/\/www.blogsoestado.com\/danielmatos\/files\/2023\/03\/Screenshot_20230302-2210462.png","datePublished":"2023-03-03T01:21:49+00:00","author":{"@id":""},"breadcrumb":{"@id":"https:\/\/www.blogsoestado.com\/danielmatos\/para-figueiredo-assumira-mandato-na-assembleia-com-posse-de-abigail-cunha-na-secretaria-da-mulher\/#breadcrumb"},"inLanguage":"pt-BR","potentialAction":[{"@type":"ReadAction","target":["https:\/\/www.blogsoestado.com\/danielmatos\/para-figueiredo-assumira-mandato-na-assembleia-com-posse-de-abigail-cunha-na-secretaria-da-mulher\/"]}]},{"@type":"ImageObject","inLanguage":"pt-BR","@id":"https:\/\/www.blogsoestado.com\/danielmatos\/para-figueiredo-assumira-mandato-na-assembleia-com-posse-de-abigail-cunha-na-secretaria-da-mulher\/#primaryimage","url":"https:\/\/www.blogsoestado.com\/danielmatos\/files\/2023\/03\/Screenshot_20230302-2210462.png","contentUrl":"https:\/\/www.blogsoestado.com\/danielmatos\/files\/2023\/03\/Screenshot_20230302-2210462.png"},{"@type":"BreadcrumbList","@id":"https:\/\/www.blogsoestado.com\/danielmatos\/para-figueiredo-assumira-mandato-na-assembleia-com-posse-de-abigail-cunha-na-secretaria-da-mulher\/#breadcrumb","itemListElement":[{"@type":"ListItem","position":1,"name":"In\u00edcio","item":"https:\/\/www.blogsoestado.com\/danielmatos\/"},{"@type":"ListItem","position":2,"name":"Par\u00e1 Figueiredo assumir\u00e1 mandato na Assembleia com posse de Abigail Cunha na Secretaria da Mulher"}]},{"@type":"WebSite","@id":"https:\/\/www.blogsoestado.com\/danielmatos\/#website","url":"https:\/\/www.blogsoestado.com\/danielmatos\/","name":"Daniel Matos","description":"","potentialAction":[{"@type":"SearchAction","target":{"@type":"EntryPoint","urlTemplate":"https:\/\/www.blogsoestado.com\/danielmatos\/?s={search_term_string}"},"query-input":{"@type":"PropertyValueSpecification","valueRequired":true,"valueName":"search_term_string"}}],"inLanguage":"pt-BR"}]}},"jetpack_featured_media_url":"","_links":{"self":[{"href":"https:\/\/www.blogsoestado.com\/danielmatos\/wp-json\/wp\/v2\/posts\/106692","targetHints":{"allow":["GET"]}}],"collection":[{"href":"https:\/\/www.blogsoestado.com\/danielmatos\/wp-json\/wp\/v2\/posts"}],"about":[{"href":"https:\/\/www.blogsoestado.com\/danielmatos\/wp-json\/wp\/v2\/types\/post"}],"replies":[{"embeddable":true,"href":"https:\/\/www.blogsoestado.com\/danielmatos\/wp-json\/wp\/v2\/comments?post=106692"}],"version-history":[{"count":0,"href":"https:\/\/www.blogsoestado.com\/danielmatos\/wp-json\/wp\/v2\/posts\/106692\/revisions"}],"wp:attachment":[{"href":"https:\/\/www.blogsoestado.com\/danielmatos\/wp-json\/wp\/v2\/media?parent=106692"}],"wp:term":[{"taxonomy":"category","embeddable":true,"href":"https:\/\/www.blogsoestado.com\/danielmatos\/wp-json\/wp\/v2\/categories?post=106692"},{"taxonomy":"post_tag","embeddable":true,"href":"https:\/\/www.blogsoestado.com\/danielmatos\/wp-json\/wp\/v2\/tags?post=106692"}],"curies":[{"name":"wp","href":"https:\/\/api.w.org\/{rel}","templated":true}]}}