{"id":106706,"date":"2023-03-03T02:43:57","date_gmt":"2023-03-03T05:43:57","guid":{"rendered":"https:\/\/www.blogsoestado.com\/danielmatos\/?p=106706"},"modified":"2023-03-03T02:43:57","modified_gmt":"2023-03-03T05:43:57","slug":"vereador-marcial-lima-denuncia-casos-de-violencia-em-unidades-de-saude-municipais-em-sao-luis","status":"publish","type":"post","link":"https:\/\/www.blogsoestado.com\/danielmatos\/vereador-marcial-lima-denuncia-casos-de-violencia-em-unidades-de-saude-municipais-em-sao-luis\/","title":{"rendered":"Vereador Marcial Lima denuncia casos de viol\u00eancia em unidades de sa\u00fade municipais de S\u00e3o Lu\u00eds"},"content":{"rendered":"\n<div class=\"wp-block-image\"><figure class=\"aligncenter size-large\"><a href=\"https:\/\/www.blogsoestado.com\/danielmatos\/files\/2023\/03\/Screenshot_20230303-0239332.png\"><img decoding=\"async\" src=\"https:\/\/www.blogsoestado.com\/danielmatos\/files\/2023\/03\/Screenshot_20230303-0239332.png\" alt=\"\" class=\"wp-image-106707\"\/><\/a><figcaption>O vereador Marcial Lima cobrou refor\u00e7o do servi\u00e7o de seguran\u00e7a em unidades de sa\u00fade municipais para prevenir casos de viol\u00eancia<\/figcaption><\/figure><\/div>\n\n\n\n<p>O vereador Marcial Lima (Podemos) reivindicou, na tribuna da C\u00e2mara Municipal, provid\u00eancias \u00e0 Prefeitura de S\u00e3o Lu\u00eds em rela\u00e7\u00e3o \u00e0 inseguran\u00e7a nas unidades de sa\u00fade da capital, onde t\u00eam sido registradas sucessivas ocorr\u00eancias de viol\u00eancia.<\/p>\n\n\n\n<p>Marcial denunciou o n\u00famero crescente de arrombamentos e atribuiu os casos \u00e0 falta de seguran\u00e7a nos pr\u00e9dios mantidos pela administra\u00e7\u00e3o municipal.<\/p>\n\n\n\n<p>O vereador citou epis\u00f3dios recentemente que aconteceram nas unidades de sa\u00fade dos bairro Liberdade e Alemanha, que foram alvos de ladr\u00f5es, o que causou preju\u00edzo a todos os segmentos da popula\u00e7\u00e3o.<\/p>\n\n\n\n<p><strong><span class=\"has-inline-color has-vivid-red-color\">Assista ao v\u00eddeo <a href=\"https:\/\/youtu.be\/BH2Sy7h8AyU\">aqui<\/a><\/span><\/strong>.  <\/p>\n\n\n\n<p><\/p>\n","protected":false},"excerpt":{"rendered":"<p>O vereador Marcial Lima (Podemos) reivindicou, na tribuna da C\u00e2mara Municipal, provid\u00eancias \u00e0 Prefeitura de S\u00e3o Lu\u00eds em rela\u00e7\u00e3o \u00e0 [&hellip;]<\/p>\n","protected":false},"author":0,"featured_media":0,"comment_status":"open","ping_status":"open","sticky":false,"template":"","format":"standard","meta":{"site-sidebar-layout":"default","site-content-layout":"","ast-site-content-layout":"default","site-content-style":"default","site-sidebar-style":"default","ast-global-header-display":"","ast-banner-title-visibility":"","ast-main-header-display":"","ast-hfb-above-header-display":"","ast-hfb-below-header-display":"","ast-hfb-mobile-header-display":"","site-post-title":"","ast-breadcrumbs-content":"","ast-featured-img":"","footer-sml-layout":"","ast-disable-related-posts":"","theme-transparent-header-meta":"","adv-header-id-meta":"","stick-header-meta":"","header-above-stick-meta":"","header-main-stick-meta":"","header-below-stick-meta":"","astra-migrate-meta-layouts":"default","ast-page-background-enabled":"default","ast-page-background-meta":{"desktop":{"background-color":"var(--ast-global-color-5)","background-image":"","background-repeat":"repeat","background-position":"center center","background-size":"auto","background-attachment":"scroll","background-type":"","background-media":"","overlay-type":"","overlay-color":"","overlay-opacity":"","overlay-gradient":""},"tablet":{"background-color":"","background-image":"","background-repeat":"repeat","background-position":"center center","background-size":"auto","background-attachment":"scroll","background-type":"","background-media":"","overlay-type":"","overlay-color":"","overlay-opacity":"","overlay-gradient":""},"mobile":{"background-color":"","background-image":"","background-repeat":"repeat","background-position":"center center","background-size":"auto","background-attachment":"scroll","background-type":"","background-media":"","overlay-type":"","overlay-color":"","overlay-opacity":"","overlay-gradient":""}},"ast-content-background-meta":{"desktop":{"background-color":"var(--ast-global-color-4)","background-image":"","background-repeat":"repeat","background-position":"center center","background-size":"auto","background-attachment":"scroll","background-type":"","background-media":"","overlay-type":"","overlay-color":"","overlay-opacity":"","overlay-gradient":""},"tablet":{"background-color":"var(--ast-global-color-4)","background-image":"","background-repeat":"repeat","background-position":"center center","background-size":"auto","background-attachment":"scroll","background-type":"","background-media":"","overlay-type":"","overlay-color":"","overlay-opacity":"","overlay-gradient":""},"mobile":{"background-color":"var(--ast-global-color-4)","background-image":"","background-repeat":"repeat","background-position":"center center","background-size":"auto","background-attachment":"scroll","background-type":"","background-media":"","overlay-type":"","overlay-color":"","overlay-opacity":"","overlay-gradient":""}},"footnotes":""},"categories":[1],"tags":[],"class_list":["post-106706","post","type-post","status-publish","format-standard","hentry","category-sem-categoria"],"yoast_head":"<!-- This site is optimized with the Yoast SEO plugin v26.6 - https:\/\/yoast.com\/wordpress\/plugins\/seo\/ -->\n<title>Vereador Marcial Lima denuncia casos de viol\u00eancia em unidades de sa\u00fade municipais de S\u00e3o Lu\u00eds - Daniel Matos<\/title>\n<meta name=\"robots\" content=\"index, follow, max-snippet:-1, max-image-preview:large, max-video-preview:-1\" \/>\n<link rel=\"canonical\" href=\"https:\/\/www.blogsoestado.com\/danielmatos\/vereador-marcial-lima-denuncia-casos-de-violencia-em-unidades-de-saude-municipais-em-sao-luis\/\" \/>\n<meta property=\"og:locale\" content=\"pt_BR\" \/>\n<meta property=\"og:type\" content=\"article\" \/>\n<meta property=\"og:title\" content=\"Vereador Marcial Lima denuncia casos de viol\u00eancia em unidades de sa\u00fade municipais de S\u00e3o Lu\u00eds - Daniel Matos\" \/>\n<meta property=\"og:description\" content=\"O vereador Marcial Lima (Podemos) reivindicou, na tribuna da C\u00e2mara Municipal, provid\u00eancias \u00e0 Prefeitura de S\u00e3o Lu\u00eds em rela\u00e7\u00e3o \u00e0 [&hellip;]\" \/>\n<meta property=\"og:url\" content=\"https:\/\/www.blogsoestado.com\/danielmatos\/vereador-marcial-lima-denuncia-casos-de-violencia-em-unidades-de-saude-municipais-em-sao-luis\/\" \/>\n<meta property=\"og:site_name\" content=\"Daniel Matos\" \/>\n<meta property=\"article:published_time\" content=\"2023-03-03T05:43:57+00:00\" \/>\n<meta property=\"og:image\" content=\"https:\/\/www.blogsoestado.com\/danielmatos\/files\/2023\/03\/Screenshot_20230303-0239332.png\" \/>\n<meta name=\"twitter:card\" content=\"summary_large_image\" \/>\n<meta name=\"twitter:label1\" content=\"Est. tempo de leitura\" \/>\n\t<meta name=\"twitter:data1\" content=\"1 minuto\" \/>\n<script type=\"application\/ld+json\" class=\"yoast-schema-graph\">{\"@context\":\"https:\/\/schema.org\",\"@graph\":[{\"@type\":\"WebPage\",\"@id\":\"https:\/\/www.blogsoestado.com\/danielmatos\/vereador-marcial-lima-denuncia-casos-de-violencia-em-unidades-de-saude-municipais-em-sao-luis\/\",\"url\":\"https:\/\/www.blogsoestado.com\/danielmatos\/vereador-marcial-lima-denuncia-casos-de-violencia-em-unidades-de-saude-municipais-em-sao-luis\/\",\"name\":\"Vereador Marcial Lima denuncia casos de viol\u00eancia em unidades de sa\u00fade municipais de S\u00e3o Lu\u00eds - Daniel Matos\",\"isPartOf\":{\"@id\":\"https:\/\/www.blogsoestado.com\/danielmatos\/#website\"},\"primaryImageOfPage\":{\"@id\":\"https:\/\/www.blogsoestado.com\/danielmatos\/vereador-marcial-lima-denuncia-casos-de-violencia-em-unidades-de-saude-municipais-em-sao-luis\/#primaryimage\"},\"image\":{\"@id\":\"https:\/\/www.blogsoestado.com\/danielmatos\/vereador-marcial-lima-denuncia-casos-de-violencia-em-unidades-de-saude-municipais-em-sao-luis\/#primaryimage\"},\"thumbnailUrl\":\"https:\/\/www.blogsoestado.com\/danielmatos\/files\/2023\/03\/Screenshot_20230303-0239332.png\",\"datePublished\":\"2023-03-03T05:43:57+00:00\",\"author\":{\"@id\":\"\"},\"breadcrumb\":{\"@id\":\"https:\/\/www.blogsoestado.com\/danielmatos\/vereador-marcial-lima-denuncia-casos-de-violencia-em-unidades-de-saude-municipais-em-sao-luis\/#breadcrumb\"},\"inLanguage\":\"pt-BR\",\"potentialAction\":[{\"@type\":\"ReadAction\",\"target\":[\"https:\/\/www.blogsoestado.com\/danielmatos\/vereador-marcial-lima-denuncia-casos-de-violencia-em-unidades-de-saude-municipais-em-sao-luis\/\"]}]},{\"@type\":\"ImageObject\",\"inLanguage\":\"pt-BR\",\"@id\":\"https:\/\/www.blogsoestado.com\/danielmatos\/vereador-marcial-lima-denuncia-casos-de-violencia-em-unidades-de-saude-municipais-em-sao-luis\/#primaryimage\",\"url\":\"https:\/\/www.blogsoestado.com\/danielmatos\/files\/2023\/03\/Screenshot_20230303-0239332.png\",\"contentUrl\":\"https:\/\/www.blogsoestado.com\/danielmatos\/files\/2023\/03\/Screenshot_20230303-0239332.png\"},{\"@type\":\"BreadcrumbList\",\"@id\":\"https:\/\/www.blogsoestado.com\/danielmatos\/vereador-marcial-lima-denuncia-casos-de-violencia-em-unidades-de-saude-municipais-em-sao-luis\/#breadcrumb\",\"itemListElement\":[{\"@type\":\"ListItem\",\"position\":1,\"name\":\"In\u00edcio\",\"item\":\"https:\/\/www.blogsoestado.com\/danielmatos\/\"},{\"@type\":\"ListItem\",\"position\":2,\"name\":\"Vereador Marcial Lima denuncia casos de viol\u00eancia em unidades de sa\u00fade municipais de S\u00e3o Lu\u00eds\"}]},{\"@type\":\"WebSite\",\"@id\":\"https:\/\/www.blogsoestado.com\/danielmatos\/#website\",\"url\":\"https:\/\/www.blogsoestado.com\/danielmatos\/\",\"name\":\"Daniel Matos\",\"description\":\"\",\"potentialAction\":[{\"@type\":\"SearchAction\",\"target\":{\"@type\":\"EntryPoint\",\"urlTemplate\":\"https:\/\/www.blogsoestado.com\/danielmatos\/?s={search_term_string}\"},\"query-input\":{\"@type\":\"PropertyValueSpecification\",\"valueRequired\":true,\"valueName\":\"search_term_string\"}}],\"inLanguage\":\"pt-BR\"}]}<\/script>\n<!-- \/ Yoast SEO plugin. -->","yoast_head_json":{"title":"Vereador Marcial Lima denuncia casos de viol\u00eancia em unidades de sa\u00fade municipais de S\u00e3o Lu\u00eds - Daniel Matos","robots":{"index":"index","follow":"follow","max-snippet":"max-snippet:-1","max-image-preview":"max-image-preview:large","max-video-preview":"max-video-preview:-1"},"canonical":"https:\/\/www.blogsoestado.com\/danielmatos\/vereador-marcial-lima-denuncia-casos-de-violencia-em-unidades-de-saude-municipais-em-sao-luis\/","og_locale":"pt_BR","og_type":"article","og_title":"Vereador Marcial Lima denuncia casos de viol\u00eancia em unidades de sa\u00fade municipais de S\u00e3o Lu\u00eds - Daniel Matos","og_description":"O vereador Marcial Lima (Podemos) reivindicou, na tribuna da C\u00e2mara Municipal, provid\u00eancias \u00e0 Prefeitura de S\u00e3o Lu\u00eds em rela\u00e7\u00e3o \u00e0 [&hellip;]","og_url":"https:\/\/www.blogsoestado.com\/danielmatos\/vereador-marcial-lima-denuncia-casos-de-violencia-em-unidades-de-saude-municipais-em-sao-luis\/","og_site_name":"Daniel Matos","article_published_time":"2023-03-03T05:43:57+00:00","og_image":[{"url":"https:\/\/www.blogsoestado.com\/danielmatos\/files\/2023\/03\/Screenshot_20230303-0239332.png","type":"","width":"","height":""}],"twitter_card":"summary_large_image","twitter_misc":{"Est. tempo de leitura":"1 minuto"},"schema":{"@context":"https:\/\/schema.org","@graph":[{"@type":"WebPage","@id":"https:\/\/www.blogsoestado.com\/danielmatos\/vereador-marcial-lima-denuncia-casos-de-violencia-em-unidades-de-saude-municipais-em-sao-luis\/","url":"https:\/\/www.blogsoestado.com\/danielmatos\/vereador-marcial-lima-denuncia-casos-de-violencia-em-unidades-de-saude-municipais-em-sao-luis\/","name":"Vereador Marcial Lima denuncia casos de viol\u00eancia em unidades de sa\u00fade municipais de S\u00e3o Lu\u00eds - Daniel Matos","isPartOf":{"@id":"https:\/\/www.blogsoestado.com\/danielmatos\/#website"},"primaryImageOfPage":{"@id":"https:\/\/www.blogsoestado.com\/danielmatos\/vereador-marcial-lima-denuncia-casos-de-violencia-em-unidades-de-saude-municipais-em-sao-luis\/#primaryimage"},"image":{"@id":"https:\/\/www.blogsoestado.com\/danielmatos\/vereador-marcial-lima-denuncia-casos-de-violencia-em-unidades-de-saude-municipais-em-sao-luis\/#primaryimage"},"thumbnailUrl":"https:\/\/www.blogsoestado.com\/danielmatos\/files\/2023\/03\/Screenshot_20230303-0239332.png","datePublished":"2023-03-03T05:43:57+00:00","author":{"@id":""},"breadcrumb":{"@id":"https:\/\/www.blogsoestado.com\/danielmatos\/vereador-marcial-lima-denuncia-casos-de-violencia-em-unidades-de-saude-municipais-em-sao-luis\/#breadcrumb"},"inLanguage":"pt-BR","potentialAction":[{"@type":"ReadAction","target":["https:\/\/www.blogsoestado.com\/danielmatos\/vereador-marcial-lima-denuncia-casos-de-violencia-em-unidades-de-saude-municipais-em-sao-luis\/"]}]},{"@type":"ImageObject","inLanguage":"pt-BR","@id":"https:\/\/www.blogsoestado.com\/danielmatos\/vereador-marcial-lima-denuncia-casos-de-violencia-em-unidades-de-saude-municipais-em-sao-luis\/#primaryimage","url":"https:\/\/www.blogsoestado.com\/danielmatos\/files\/2023\/03\/Screenshot_20230303-0239332.png","contentUrl":"https:\/\/www.blogsoestado.com\/danielmatos\/files\/2023\/03\/Screenshot_20230303-0239332.png"},{"@type":"BreadcrumbList","@id":"https:\/\/www.blogsoestado.com\/danielmatos\/vereador-marcial-lima-denuncia-casos-de-violencia-em-unidades-de-saude-municipais-em-sao-luis\/#breadcrumb","itemListElement":[{"@type":"ListItem","position":1,"name":"In\u00edcio","item":"https:\/\/www.blogsoestado.com\/danielmatos\/"},{"@type":"ListItem","position":2,"name":"Vereador Marcial Lima denuncia casos de viol\u00eancia em unidades de sa\u00fade municipais de S\u00e3o Lu\u00eds"}]},{"@type":"WebSite","@id":"https:\/\/www.blogsoestado.com\/danielmatos\/#website","url":"https:\/\/www.blogsoestado.com\/danielmatos\/","name":"Daniel Matos","description":"","potentialAction":[{"@type":"SearchAction","target":{"@type":"EntryPoint","urlTemplate":"https:\/\/www.blogsoestado.com\/danielmatos\/?s={search_term_string}"},"query-input":{"@type":"PropertyValueSpecification","valueRequired":true,"valueName":"search_term_string"}}],"inLanguage":"pt-BR"}]}},"jetpack_featured_media_url":"","_links":{"self":[{"href":"https:\/\/www.blogsoestado.com\/danielmatos\/wp-json\/wp\/v2\/posts\/106706","targetHints":{"allow":["GET"]}}],"collection":[{"href":"https:\/\/www.blogsoestado.com\/danielmatos\/wp-json\/wp\/v2\/posts"}],"about":[{"href":"https:\/\/www.blogsoestado.com\/danielmatos\/wp-json\/wp\/v2\/types\/post"}],"replies":[{"embeddable":true,"href":"https:\/\/www.blogsoestado.com\/danielmatos\/wp-json\/wp\/v2\/comments?post=106706"}],"version-history":[{"count":0,"href":"https:\/\/www.blogsoestado.com\/danielmatos\/wp-json\/wp\/v2\/posts\/106706\/revisions"}],"wp:attachment":[{"href":"https:\/\/www.blogsoestado.com\/danielmatos\/wp-json\/wp\/v2\/media?parent=106706"}],"wp:term":[{"taxonomy":"category","embeddable":true,"href":"https:\/\/www.blogsoestado.com\/danielmatos\/wp-json\/wp\/v2\/categories?post=106706"},{"taxonomy":"post_tag","embeddable":true,"href":"https:\/\/www.blogsoestado.com\/danielmatos\/wp-json\/wp\/v2\/tags?post=106706"}],"curies":[{"name":"wp","href":"https:\/\/api.w.org\/{rel}","templated":true}]}}