{"id":106725,"date":"2023-03-03T18:07:04","date_gmt":"2023-03-03T21:07:04","guid":{"rendered":"https:\/\/www.blogsoestado.com\/danielmatos\/?p=106725"},"modified":"2023-03-03T18:07:04","modified_gmt":"2023-03-03T21:07:04","slug":"em-imperatriz-sessao-solene-marca-instalacao-da-assembleia-itinerante-e-reune-classe-politica-da-regiao-tocantina","status":"publish","type":"post","link":"https:\/\/www.blogsoestado.com\/danielmatos\/em-imperatriz-sessao-solene-marca-instalacao-da-assembleia-itinerante-e-reune-classe-politica-da-regiao-tocantina\/","title":{"rendered":"Em Imperatriz, sess\u00e3o solene marca instala\u00e7\u00e3o da \u2018Assembleia Itinerante\u2019 e re\u00fane classe pol\u00edtica da Regi\u00e3o Tocantina"},"content":{"rendered":"\n<div class=\"wp-block-image\"><figure class=\"aligncenter size-large\"><a href=\"https:\/\/www.blogsoestado.com\/danielmatos\/files\/2023\/03\/Screenshot_20230303-1758292.png\"><img decoding=\"async\" src=\"https:\/\/www.blogsoestado.com\/danielmatos\/files\/2023\/03\/Screenshot_20230303-1758292.png\" alt=\"\" class=\"wp-image-106726\"\/><\/a><figcaption>Sess\u00e3o Solene de instala\u00e7\u00e3o da &#8220;Assembleia Itinerante&#8217; realizada na C\u00e2mara de Vereadores de Imperatriz<\/figcaption><\/figure><\/div>\n\n\n\n<p>A cidade de Imperatriz sediou, nesta sexta-feira (3), a primeira edi\u00e7\u00e3o do \u2018Assembleia Itinerante\u2019, que aconteceu na C\u00e2mara de Vereadores do munic\u00edpio. A sess\u00e3o solene de instala\u00e7\u00e3o foi presidida pela chefe do Legislativo maranhense, deputada Iracema Vale (PSB), seguida de sess\u00e3o ordin\u00e1ria com a participa\u00e7\u00e3o dos parlamentares, no Plen\u00e1rio Leo Franklin.<\/p>\n\n\n\n<p>Foi a primeira vez que a Assembleia Legislativa do Maranh\u00e3o realizou uma sess\u00e3o solene e deliberativa fora da sua sede, em S\u00e3o Lu\u00eds. A solenidade foi prestigiada por deputados estaduais e federais, prefeitos de munic\u00edpios da regi\u00e3o, vereadores, autoridades locais&nbsp; e a sociedade civil.<\/p>\n\n\n\n<p>Na ocasi\u00e3o, Iracema Vale afirmou que essa aproxima\u00e7\u00e3o com os munic\u00edpios \u00e9 fundamental para que todos conhe\u00e7am de perto o trabalho do Parlamento Estadual. Durante a sess\u00e3o solene, a parlamentar tamb\u00e9m foi agraciada com o T\u00edtulo de Cidad\u00e3 Imperatrizense.<\/p>\n\n\n\n<p>\u201cN\u00f3s queremos chegar mais perto da popula\u00e7\u00e3o e mostrar que a Assembleia vai ao encontro do povo do Maranh\u00e3o. \u00c9 um gesto para dizer \u00e0 popula\u00e7\u00e3o da Regi\u00e3o Tocantina e Sul do Maranh\u00e3o que estamos atentos e solid\u00e1rios aos problemas e vamos caminhar juntos para resolv\u00ea-los\u201d, afirmou Iracema Vale.<\/p>\n\n\n\n<div class=\"wp-block-image\"><figure class=\"aligncenter size-large\"><a href=\"https:\/\/www.blogsoestado.com\/danielmatos\/files\/2023\/03\/Screenshot_20230303-1759082.png\"><img decoding=\"async\" src=\"https:\/\/www.blogsoestado.com\/danielmatos\/files\/2023\/03\/Screenshot_20230303-1759082.png\" alt=\"\" class=\"wp-image-106727\"\/><\/a><figcaption>Deputados estaduais durante a &#8216;Assembleia Itinerante&#8217; realizada em Imperatriz<\/figcaption><\/figure><\/div>\n\n\n\n<p><strong>Encontro<\/strong><\/p>\n\n\n\n<p>O presidente da C\u00e2mara Municipal de Imperatriz, vereador Alberto Sousa, destacou a import\u00e2ncia do encontro para a Regi\u00e3o Tocantina, em especial para Imperatriz.<\/p>\n\n\n\n<p>\u201c\u00c9 uma honra para n\u00f3s recebermos a Assembleia Legislativa do Maranh\u00e3o, que agora est\u00e1 com os olhos voltados para a Regi\u00e3o Tocantina e Sul do Maranh\u00e3o, especialmente para Imperatriz. \u00c9 uma uni\u00e3o de for\u00e7as com a C\u00e2mara Municipal em prol da nossa querida cidade\u201d, disse.<\/p>\n\n\n\n<div class=\"wp-block-image\"><figure class=\"aligncenter size-large\"><a href=\"https:\/\/www.blogsoestado.com\/danielmatos\/files\/2023\/03\/Screenshot_20230303-1759342.png\"><img decoding=\"async\" src=\"https:\/\/www.blogsoestado.com\/danielmatos\/files\/2023\/03\/Screenshot_20230303-1759342.png\" alt=\"\" class=\"wp-image-106728\"\/><\/a><figcaption>Presidente da C\u00e2mara Municipal de Imperatriz, vereador Alberto Sousa, destacou a import\u00e2ncia do encontro para a Regi\u00e3o Tocantina<\/figcaption><\/figure><\/div>\n\n\n\n<p>Estiveram presentes os deputados estaduais Rodrigo Lago (PCdoB), autor da proposta, Carlos Lula (PSB), Ant\u00f4nio Pereira (PSB), Rildo Amaral (PP), Neto Evangelista (Uni\u00e3o Brasil), Roberto Costa (MDB), Rafael (PSB), Ariston (PSB), Mical Damasceno (PSD), Fernando Braide (PSD), Arnaldo Melo (PP), Glalbert Cutrim (PDT), Leandro Bello (Podemos), Guilherme Paz (Patriotas), Ricardo Rios (PCdoB), Davi Brand\u00e3o (PSB), Jana\u00edna Ramos (Republicanos), J\u00falio Mendon\u00e7a (PCdoB), Ygl\u00e9sio Mois\u00e9s (PSB), Abigail (PL), Osmar Filho (PDT), Wellington do Curso (PSC), Ricardo Arruda (MDB), Fabiana Vilar (PL), Solange Almeida (PL), Francisco Nagib (PSB), Ant\u00f4nio Pereira (PSB), Flor\u00eancio Neto (PSB), Dra. Vivianne (PDT), J\u00fanior Cascaria (Podemos), J\u00fanior Fran\u00e7a (PP), Juscelino Marreca (Patriotas), Hemet\u00e9rio Weba (PP), Edna Silva (Patriotas), Daniella (PSB), Eric Costa (PSD), Ana do G\u00e1s (PCdoB) e Cl\u00e1udio Cunha (PL).<\/p>\n\n\n\n<p>O deputado Rodrigo Lago disse que o encontro em Imperatriz marca o in\u00edcio de um novo momento para a Assembleia, que passa a estar cada vez mais pr\u00f3xima dos munic\u00edpios. \u201cA presen\u00e7a do Parlamento Estadual aqui mostra a import\u00e2ncia que a regi\u00e3o tem para o nosso estado\u201d, frisou o autor da proposi\u00e7\u00e3o.<\/p>\n\n\n\n<div class=\"wp-block-image\"><figure class=\"aligncenter size-large\"><a href=\"https:\/\/www.blogsoestado.com\/danielmatos\/files\/2023\/03\/Screenshot_20230303-1800072.png\"><img decoding=\"async\" src=\"https:\/\/www.blogsoestado.com\/danielmatos\/files\/2023\/03\/Screenshot_20230303-1800072.png\" alt=\"\" class=\"wp-image-106729\"\/><\/a><figcaption>Primeira sess\u00e3o solene e deliberativa da Assembleia Legislativa do Maranh\u00e3o fora da sua sede, em S\u00e3o Lu\u00eds<\/figcaption><\/figure><\/div>\n\n\n\n<p>A deputada Jana\u00edna Ramos, parlamentar da regi\u00e3o, tamb\u00e9m falou da alegria em participar desse momento hist\u00f3rico para Imperatriz. \u201c\u00c9 um momento memor\u00e1vel para a nossa cidade. Eu, como primeira mulher imperatrizense eleita deputada estadual, fico muito feliz com essa itiner\u00e2ncia da Assembleia, que al\u00e9m de promover os debates regionais, tamb\u00e9m traz a\u00e7\u00f5es para a nossa Imperatriz\u201d, completou.&nbsp;<\/p>\n","protected":false},"excerpt":{"rendered":"<p>A cidade de Imperatriz sediou, nesta sexta-feira (3), a primeira edi\u00e7\u00e3o do \u2018Assembleia Itinerante\u2019, que aconteceu na C\u00e2mara de Vereadores [&hellip;]<\/p>\n","protected":false},"author":0,"featured_media":0,"comment_status":"open","ping_status":"open","sticky":false,"template":"","format":"standard","meta":{"site-sidebar-layout":"default","site-content-layout":"","ast-site-content-layout":"default","site-content-style":"default","site-sidebar-style":"default","ast-global-header-display":"","ast-banner-title-visibility":"","ast-main-header-display":"","ast-hfb-above-header-display":"","ast-hfb-below-header-display":"","ast-hfb-mobile-header-display":"","site-post-title":"","ast-breadcrumbs-content":"","ast-featured-img":"","footer-sml-layout":"","ast-disable-related-posts":"","theme-transparent-header-meta":"","adv-header-id-meta":"","stick-header-meta":"","header-above-stick-meta":"","header-main-stick-meta":"","header-below-stick-meta":"","astra-migrate-meta-layouts":"default","ast-page-background-enabled":"default","ast-page-background-meta":{"desktop":{"background-color":"var(--ast-global-color-5)","background-image":"","background-repeat":"repeat","background-position":"center center","background-size":"auto","background-attachment":"scroll","background-type":"","background-media":"","overlay-type":"","overlay-color":"","overlay-opacity":"","overlay-gradient":""},"tablet":{"background-color":"","background-image":"","background-repeat":"repeat","background-position":"center center","background-size":"auto","background-attachment":"scroll","background-type":"","background-media":"","overlay-type":"","overlay-color":"","overlay-opacity":"","overlay-gradient":""},"mobile":{"background-color":"","background-image":"","background-repeat":"repeat","background-position":"center center","background-size":"auto","background-attachment":"scroll","background-type":"","background-media":"","overlay-type":"","overlay-color":"","overlay-opacity":"","overlay-gradient":""}},"ast-content-background-meta":{"desktop":{"background-color":"var(--ast-global-color-4)","background-image":"","background-repeat":"repeat","background-position":"center center","background-size":"auto","background-attachment":"scroll","background-type":"","background-media":"","overlay-type":"","overlay-color":"","overlay-opacity":"","overlay-gradient":""},"tablet":{"background-color":"var(--ast-global-color-4)","background-image":"","background-repeat":"repeat","background-position":"center center","background-size":"auto","background-attachment":"scroll","background-type":"","background-media":"","overlay-type":"","overlay-color":"","overlay-opacity":"","overlay-gradient":""},"mobile":{"background-color":"var(--ast-global-color-4)","background-image":"","background-repeat":"repeat","background-position":"center center","background-size":"auto","background-attachment":"scroll","background-type":"","background-media":"","overlay-type":"","overlay-color":"","overlay-opacity":"","overlay-gradient":""}},"footnotes":""},"categories":[1],"tags":[],"class_list":["post-106725","post","type-post","status-publish","format-standard","hentry","category-sem-categoria"],"yoast_head":"<!-- This site is optimized with the Yoast SEO plugin v26.6 - https:\/\/yoast.com\/wordpress\/plugins\/seo\/ -->\n<title>Em Imperatriz, sess\u00e3o solene marca instala\u00e7\u00e3o da \u2018Assembleia Itinerante\u2019 e re\u00fane classe pol\u00edtica da Regi\u00e3o Tocantina - Daniel Matos<\/title>\n<meta name=\"robots\" content=\"index, follow, max-snippet:-1, max-image-preview:large, max-video-preview:-1\" \/>\n<link rel=\"canonical\" href=\"https:\/\/www.blogsoestado.com\/danielmatos\/em-imperatriz-sessao-solene-marca-instalacao-da-assembleia-itinerante-e-reune-classe-politica-da-regiao-tocantina\/\" \/>\n<meta property=\"og:locale\" content=\"pt_BR\" \/>\n<meta property=\"og:type\" content=\"article\" \/>\n<meta property=\"og:title\" content=\"Em Imperatriz, sess\u00e3o solene marca instala\u00e7\u00e3o da \u2018Assembleia Itinerante\u2019 e re\u00fane classe pol\u00edtica da Regi\u00e3o Tocantina - Daniel Matos\" \/>\n<meta property=\"og:description\" content=\"A cidade de Imperatriz sediou, nesta sexta-feira (3), a primeira edi\u00e7\u00e3o do \u2018Assembleia Itinerante\u2019, que aconteceu na C\u00e2mara de Vereadores [&hellip;]\" \/>\n<meta property=\"og:url\" content=\"https:\/\/www.blogsoestado.com\/danielmatos\/em-imperatriz-sessao-solene-marca-instalacao-da-assembleia-itinerante-e-reune-classe-politica-da-regiao-tocantina\/\" \/>\n<meta property=\"og:site_name\" content=\"Daniel Matos\" \/>\n<meta property=\"article:published_time\" content=\"2023-03-03T21:07:04+00:00\" \/>\n<meta property=\"og:image\" content=\"https:\/\/www.blogsoestado.com\/danielmatos\/files\/2023\/03\/Screenshot_20230303-1758292.png\" \/>\n<meta name=\"twitter:card\" content=\"summary_large_image\" \/>\n<meta name=\"twitter:label1\" content=\"Est. tempo de leitura\" \/>\n\t<meta name=\"twitter:data1\" content=\"4 minutos\" \/>\n<script type=\"application\/ld+json\" class=\"yoast-schema-graph\">{\"@context\":\"https:\/\/schema.org\",\"@graph\":[{\"@type\":\"WebPage\",\"@id\":\"https:\/\/www.blogsoestado.com\/danielmatos\/em-imperatriz-sessao-solene-marca-instalacao-da-assembleia-itinerante-e-reune-classe-politica-da-regiao-tocantina\/\",\"url\":\"https:\/\/www.blogsoestado.com\/danielmatos\/em-imperatriz-sessao-solene-marca-instalacao-da-assembleia-itinerante-e-reune-classe-politica-da-regiao-tocantina\/\",\"name\":\"Em Imperatriz, sess\u00e3o solene marca instala\u00e7\u00e3o da \u2018Assembleia Itinerante\u2019 e re\u00fane classe pol\u00edtica da Regi\u00e3o Tocantina - Daniel Matos\",\"isPartOf\":{\"@id\":\"https:\/\/www.blogsoestado.com\/danielmatos\/#website\"},\"primaryImageOfPage\":{\"@id\":\"https:\/\/www.blogsoestado.com\/danielmatos\/em-imperatriz-sessao-solene-marca-instalacao-da-assembleia-itinerante-e-reune-classe-politica-da-regiao-tocantina\/#primaryimage\"},\"image\":{\"@id\":\"https:\/\/www.blogsoestado.com\/danielmatos\/em-imperatriz-sessao-solene-marca-instalacao-da-assembleia-itinerante-e-reune-classe-politica-da-regiao-tocantina\/#primaryimage\"},\"thumbnailUrl\":\"https:\/\/www.blogsoestado.com\/danielmatos\/files\/2023\/03\/Screenshot_20230303-1758292.png\",\"datePublished\":\"2023-03-03T21:07:04+00:00\",\"author\":{\"@id\":\"\"},\"breadcrumb\":{\"@id\":\"https:\/\/www.blogsoestado.com\/danielmatos\/em-imperatriz-sessao-solene-marca-instalacao-da-assembleia-itinerante-e-reune-classe-politica-da-regiao-tocantina\/#breadcrumb\"},\"inLanguage\":\"pt-BR\",\"potentialAction\":[{\"@type\":\"ReadAction\",\"target\":[\"https:\/\/www.blogsoestado.com\/danielmatos\/em-imperatriz-sessao-solene-marca-instalacao-da-assembleia-itinerante-e-reune-classe-politica-da-regiao-tocantina\/\"]}]},{\"@type\":\"ImageObject\",\"inLanguage\":\"pt-BR\",\"@id\":\"https:\/\/www.blogsoestado.com\/danielmatos\/em-imperatriz-sessao-solene-marca-instalacao-da-assembleia-itinerante-e-reune-classe-politica-da-regiao-tocantina\/#primaryimage\",\"url\":\"https:\/\/www.blogsoestado.com\/danielmatos\/files\/2023\/03\/Screenshot_20230303-1758292.png\",\"contentUrl\":\"https:\/\/www.blogsoestado.com\/danielmatos\/files\/2023\/03\/Screenshot_20230303-1758292.png\"},{\"@type\":\"BreadcrumbList\",\"@id\":\"https:\/\/www.blogsoestado.com\/danielmatos\/em-imperatriz-sessao-solene-marca-instalacao-da-assembleia-itinerante-e-reune-classe-politica-da-regiao-tocantina\/#breadcrumb\",\"itemListElement\":[{\"@type\":\"ListItem\",\"position\":1,\"name\":\"In\u00edcio\",\"item\":\"https:\/\/www.blogsoestado.com\/danielmatos\/\"},{\"@type\":\"ListItem\",\"position\":2,\"name\":\"Em Imperatriz, sess\u00e3o solene marca instala\u00e7\u00e3o da \u2018Assembleia Itinerante\u2019 e re\u00fane classe pol\u00edtica da Regi\u00e3o Tocantina\"}]},{\"@type\":\"WebSite\",\"@id\":\"https:\/\/www.blogsoestado.com\/danielmatos\/#website\",\"url\":\"https:\/\/www.blogsoestado.com\/danielmatos\/\",\"name\":\"Daniel Matos\",\"description\":\"\",\"potentialAction\":[{\"@type\":\"SearchAction\",\"target\":{\"@type\":\"EntryPoint\",\"urlTemplate\":\"https:\/\/www.blogsoestado.com\/danielmatos\/?s={search_term_string}\"},\"query-input\":{\"@type\":\"PropertyValueSpecification\",\"valueRequired\":true,\"valueName\":\"search_term_string\"}}],\"inLanguage\":\"pt-BR\"}]}<\/script>\n<!-- \/ Yoast SEO plugin. -->","yoast_head_json":{"title":"Em Imperatriz, sess\u00e3o solene marca instala\u00e7\u00e3o da \u2018Assembleia Itinerante\u2019 e re\u00fane classe pol\u00edtica da Regi\u00e3o Tocantina - Daniel Matos","robots":{"index":"index","follow":"follow","max-snippet":"max-snippet:-1","max-image-preview":"max-image-preview:large","max-video-preview":"max-video-preview:-1"},"canonical":"https:\/\/www.blogsoestado.com\/danielmatos\/em-imperatriz-sessao-solene-marca-instalacao-da-assembleia-itinerante-e-reune-classe-politica-da-regiao-tocantina\/","og_locale":"pt_BR","og_type":"article","og_title":"Em Imperatriz, sess\u00e3o solene marca instala\u00e7\u00e3o da \u2018Assembleia Itinerante\u2019 e re\u00fane classe pol\u00edtica da Regi\u00e3o Tocantina - Daniel Matos","og_description":"A cidade de Imperatriz sediou, nesta sexta-feira (3), a primeira edi\u00e7\u00e3o do \u2018Assembleia Itinerante\u2019, que aconteceu na C\u00e2mara de Vereadores [&hellip;]","og_url":"https:\/\/www.blogsoestado.com\/danielmatos\/em-imperatriz-sessao-solene-marca-instalacao-da-assembleia-itinerante-e-reune-classe-politica-da-regiao-tocantina\/","og_site_name":"Daniel Matos","article_published_time":"2023-03-03T21:07:04+00:00","og_image":[{"url":"https:\/\/www.blogsoestado.com\/danielmatos\/files\/2023\/03\/Screenshot_20230303-1758292.png","type":"","width":"","height":""}],"twitter_card":"summary_large_image","twitter_misc":{"Est. tempo de leitura":"4 minutos"},"schema":{"@context":"https:\/\/schema.org","@graph":[{"@type":"WebPage","@id":"https:\/\/www.blogsoestado.com\/danielmatos\/em-imperatriz-sessao-solene-marca-instalacao-da-assembleia-itinerante-e-reune-classe-politica-da-regiao-tocantina\/","url":"https:\/\/www.blogsoestado.com\/danielmatos\/em-imperatriz-sessao-solene-marca-instalacao-da-assembleia-itinerante-e-reune-classe-politica-da-regiao-tocantina\/","name":"Em Imperatriz, sess\u00e3o solene marca instala\u00e7\u00e3o da \u2018Assembleia Itinerante\u2019 e re\u00fane classe pol\u00edtica da Regi\u00e3o Tocantina - Daniel Matos","isPartOf":{"@id":"https:\/\/www.blogsoestado.com\/danielmatos\/#website"},"primaryImageOfPage":{"@id":"https:\/\/www.blogsoestado.com\/danielmatos\/em-imperatriz-sessao-solene-marca-instalacao-da-assembleia-itinerante-e-reune-classe-politica-da-regiao-tocantina\/#primaryimage"},"image":{"@id":"https:\/\/www.blogsoestado.com\/danielmatos\/em-imperatriz-sessao-solene-marca-instalacao-da-assembleia-itinerante-e-reune-classe-politica-da-regiao-tocantina\/#primaryimage"},"thumbnailUrl":"https:\/\/www.blogsoestado.com\/danielmatos\/files\/2023\/03\/Screenshot_20230303-1758292.png","datePublished":"2023-03-03T21:07:04+00:00","author":{"@id":""},"breadcrumb":{"@id":"https:\/\/www.blogsoestado.com\/danielmatos\/em-imperatriz-sessao-solene-marca-instalacao-da-assembleia-itinerante-e-reune-classe-politica-da-regiao-tocantina\/#breadcrumb"},"inLanguage":"pt-BR","potentialAction":[{"@type":"ReadAction","target":["https:\/\/www.blogsoestado.com\/danielmatos\/em-imperatriz-sessao-solene-marca-instalacao-da-assembleia-itinerante-e-reune-classe-politica-da-regiao-tocantina\/"]}]},{"@type":"ImageObject","inLanguage":"pt-BR","@id":"https:\/\/www.blogsoestado.com\/danielmatos\/em-imperatriz-sessao-solene-marca-instalacao-da-assembleia-itinerante-e-reune-classe-politica-da-regiao-tocantina\/#primaryimage","url":"https:\/\/www.blogsoestado.com\/danielmatos\/files\/2023\/03\/Screenshot_20230303-1758292.png","contentUrl":"https:\/\/www.blogsoestado.com\/danielmatos\/files\/2023\/03\/Screenshot_20230303-1758292.png"},{"@type":"BreadcrumbList","@id":"https:\/\/www.blogsoestado.com\/danielmatos\/em-imperatriz-sessao-solene-marca-instalacao-da-assembleia-itinerante-e-reune-classe-politica-da-regiao-tocantina\/#breadcrumb","itemListElement":[{"@type":"ListItem","position":1,"name":"In\u00edcio","item":"https:\/\/www.blogsoestado.com\/danielmatos\/"},{"@type":"ListItem","position":2,"name":"Em Imperatriz, sess\u00e3o solene marca instala\u00e7\u00e3o da \u2018Assembleia Itinerante\u2019 e re\u00fane classe pol\u00edtica da Regi\u00e3o Tocantina"}]},{"@type":"WebSite","@id":"https:\/\/www.blogsoestado.com\/danielmatos\/#website","url":"https:\/\/www.blogsoestado.com\/danielmatos\/","name":"Daniel Matos","description":"","potentialAction":[{"@type":"SearchAction","target":{"@type":"EntryPoint","urlTemplate":"https:\/\/www.blogsoestado.com\/danielmatos\/?s={search_term_string}"},"query-input":{"@type":"PropertyValueSpecification","valueRequired":true,"valueName":"search_term_string"}}],"inLanguage":"pt-BR"}]}},"jetpack_featured_media_url":"","_links":{"self":[{"href":"https:\/\/www.blogsoestado.com\/danielmatos\/wp-json\/wp\/v2\/posts\/106725","targetHints":{"allow":["GET"]}}],"collection":[{"href":"https:\/\/www.blogsoestado.com\/danielmatos\/wp-json\/wp\/v2\/posts"}],"about":[{"href":"https:\/\/www.blogsoestado.com\/danielmatos\/wp-json\/wp\/v2\/types\/post"}],"replies":[{"embeddable":true,"href":"https:\/\/www.blogsoestado.com\/danielmatos\/wp-json\/wp\/v2\/comments?post=106725"}],"version-history":[{"count":0,"href":"https:\/\/www.blogsoestado.com\/danielmatos\/wp-json\/wp\/v2\/posts\/106725\/revisions"}],"wp:attachment":[{"href":"https:\/\/www.blogsoestado.com\/danielmatos\/wp-json\/wp\/v2\/media?parent=106725"}],"wp:term":[{"taxonomy":"category","embeddable":true,"href":"https:\/\/www.blogsoestado.com\/danielmatos\/wp-json\/wp\/v2\/categories?post=106725"},{"taxonomy":"post_tag","embeddable":true,"href":"https:\/\/www.blogsoestado.com\/danielmatos\/wp-json\/wp\/v2\/tags?post=106725"}],"curies":[{"name":"wp","href":"https:\/\/api.w.org\/{rel}","templated":true}]}}