{"id":106734,"date":"2023-03-04T00:14:10","date_gmt":"2023-03-04T03:14:10","guid":{"rendered":"https:\/\/www.blogsoestado.com\/danielmatos\/?p=106734"},"modified":"2023-03-04T00:14:10","modified_gmt":"2023-03-04T03:14:10","slug":"rafaela-albuquerque-e-lara-moreira-sao-convidadas-especiais-da-3a-edicao-do-cafe-acm-mulher","status":"publish","type":"post","link":"https:\/\/www.blogsoestado.com\/danielmatos\/rafaela-albuquerque-e-lara-moreira-sao-convidadas-especiais-da-3a-edicao-do-cafe-acm-mulher\/","title":{"rendered":"Rafaela Albuquerque e Lara Moreira s\u00e3o convidadas especiais da 3\u00aa edi\u00e7\u00e3o do Caf\u00e9 ACM Mulher"},"content":{"rendered":"\n<div class=\"wp-block-image\"><figure class=\"aligncenter size-large\"><a href=\"https:\/\/www.blogsoestado.com\/danielmatos\/files\/2023\/03\/Screenshot_20230304-0007002.png\"><img decoding=\"async\" src=\"https:\/\/www.blogsoestado.com\/danielmatos\/files\/2023\/03\/Screenshot_20230304-0007002-706x1024.png\" alt=\"\" class=\"wp-image-106738\"\/><\/a><figcaption>Rafaela Albuquerque, consultora de imagem<\/figcaption><\/figure><\/div>\n\n\n\n<p>\u201cO que sua imagem comunica\u201d, este \u00e9 o tema que o Conselho da Mulher Empres\u00e1ria, da Associa\u00e7\u00e3o Comercial do Maranh\u00e3o (ACM), discutir\u00e1 na 3\u00aa edi\u00e7\u00e3o do Caf\u00e9 ACM Mulher, que acontecer\u00e1 na pr\u00f3xima ter\u00e7a-feira (7), no Villa Reale Buffet, no Calhau.<\/p>\n\n\n\n<p>De acordo com a presidente do conselho, a empres\u00e1ria Jacira Haickel, com as aten\u00e7\u00f5es voltadas para o Dia Internacional da Mulher, a ACM, mais uma vez, promover\u00e1 o evento que \u00e9 uma oportunidade de aumentar a rede de relacionamento das empres\u00e1rias maranhenses com o objetivo de fomentar o empreendedorismo feminino, discutindo, por exemplo, quais\u00a0 ferramentas podem ajudar as mulheres a constru\u00edrem o seu neg\u00f3cio, de forma que possam, inclusive, ultrapassar os obst\u00e1culos que constantemente enfrentam no seu percurso.<\/p>\n\n\n\n<div class=\"wp-block-image\"><figure class=\"aligncenter size-large\"><a href=\"https:\/\/www.blogsoestado.com\/danielmatos\/files\/2023\/03\/Screenshot_20230304-0008172.png\"><img decoding=\"async\" src=\"https:\/\/www.blogsoestado.com\/danielmatos\/files\/2023\/03\/Screenshot_20230304-0008172.png\" alt=\"\" class=\"wp-image-106739\"\/><\/a><figcaption>Lara Moreira, propriet\u00e1ria da loja Villa e Villa Shoes<\/figcaption><\/figure><\/div>\n\n\n\n<p>Al\u00e9m do espa\u00e7o para networking, de exposi\u00e7\u00e3o de produtos e servi\u00e7os de empresas lideradas por mulheres, apresenta\u00e7\u00e3o de cases de sucesso, a 3\u00aa edi\u00e7\u00e3o do Caf\u00e9 ACM Mulher ter\u00e1 o momento do talk-show, com um bate papo descontra\u00eddo entre as empres\u00e1rias Rafaela Albuquerque (consultora de imagem), Lara Moreira (Loja Villa e Villa Shoes) e Uildinora Salgado (que ser\u00e1 a mediadora). A proposta do tema \u201cO que sua imagem comunica\u201d, \u00e9 debater sobre o quanto a primeiras impress\u00f5es pessoais s\u00e3o importantes para fortalecer rela\u00e7\u00f5es na vida profissional e pessoal, e que, sim, esta \u00e9 uma a das principais ferramentas, o investimento na marca pessoal, na autovaloriza\u00e7\u00e3o, para se alcan\u00e7ar algum objetivo com sucesso.<\/p>\n\n\n\n<div class=\"wp-block-image\"><figure class=\"aligncenter size-large\"><a href=\"https:\/\/www.blogsoestado.com\/danielmatos\/files\/2023\/03\/Screenshot_20230304-0009212.png\"><img decoding=\"async\" src=\"https:\/\/www.blogsoestado.com\/danielmatos\/files\/2023\/03\/Screenshot_20230304-0009212.png\" alt=\"\" class=\"wp-image-106740\"\/><\/a><figcaption>Uildinora Salgado tamb\u00e9m confirmou presen\u00e7a no no Caf\u00e9 ACM Mulher<\/figcaption><\/figure><\/div>\n\n\n\n<p>A 3\u00aa edi\u00e7\u00e3o do Caf\u00e9 ACM Mulher come\u00e7a \u00e0s 17h e conta com apoio e patroc\u00ednio do Grupo Villa \u2013 Villa Shoes, Enphoc Eventos, Central de Eventos e Villa Reale Buffet.<\/p>\n","protected":false},"excerpt":{"rendered":"<p>\u201cO que sua imagem comunica\u201d, este \u00e9 o tema que o Conselho da Mulher Empres\u00e1ria, da Associa\u00e7\u00e3o Comercial do Maranh\u00e3o [&hellip;]<\/p>\n","protected":false},"author":0,"featured_media":0,"comment_status":"open","ping_status":"open","sticky":false,"template":"","format":"standard","meta":{"site-sidebar-layout":"default","site-content-layout":"","ast-site-content-layout":"default","site-content-style":"default","site-sidebar-style":"default","ast-global-header-display":"","ast-banner-title-visibility":"","ast-main-header-display":"","ast-hfb-above-header-display":"","ast-hfb-below-header-display":"","ast-hfb-mobile-header-display":"","site-post-title":"","ast-breadcrumbs-content":"","ast-featured-img":"","footer-sml-layout":"","ast-disable-related-posts":"","theme-transparent-header-meta":"","adv-header-id-meta":"","stick-header-meta":"","header-above-stick-meta":"","header-main-stick-meta":"","header-below-stick-meta":"","astra-migrate-meta-layouts":"default","ast-page-background-enabled":"default","ast-page-background-meta":{"desktop":{"background-color":"var(--ast-global-color-5)","background-image":"","background-repeat":"repeat","background-position":"center center","background-size":"auto","background-attachment":"scroll","background-type":"","background-media":"","overlay-type":"","overlay-color":"","overlay-opacity":"","overlay-gradient":""},"tablet":{"background-color":"","background-image":"","background-repeat":"repeat","background-position":"center center","background-size":"auto","background-attachment":"scroll","background-type":"","background-media":"","overlay-type":"","overlay-color":"","overlay-opacity":"","overlay-gradient":""},"mobile":{"background-color":"","background-image":"","background-repeat":"repeat","background-position":"center center","background-size":"auto","background-attachment":"scroll","background-type":"","background-media":"","overlay-type":"","overlay-color":"","overlay-opacity":"","overlay-gradient":""}},"ast-content-background-meta":{"desktop":{"background-color":"var(--ast-global-color-4)","background-image":"","background-repeat":"repeat","background-position":"center center","background-size":"auto","background-attachment":"scroll","background-type":"","background-media":"","overlay-type":"","overlay-color":"","overlay-opacity":"","overlay-gradient":""},"tablet":{"background-color":"var(--ast-global-color-4)","background-image":"","background-repeat":"repeat","background-position":"center center","background-size":"auto","background-attachment":"scroll","background-type":"","background-media":"","overlay-type":"","overlay-color":"","overlay-opacity":"","overlay-gradient":""},"mobile":{"background-color":"var(--ast-global-color-4)","background-image":"","background-repeat":"repeat","background-position":"center center","background-size":"auto","background-attachment":"scroll","background-type":"","background-media":"","overlay-type":"","overlay-color":"","overlay-opacity":"","overlay-gradient":""}},"footnotes":""},"categories":[1],"tags":[],"class_list":["post-106734","post","type-post","status-publish","format-standard","hentry","category-sem-categoria"],"yoast_head":"<!-- This site is optimized with the Yoast SEO plugin v26.6 - https:\/\/yoast.com\/wordpress\/plugins\/seo\/ -->\n<title>Rafaela Albuquerque e Lara Moreira s\u00e3o convidadas especiais da 3\u00aa edi\u00e7\u00e3o do Caf\u00e9 ACM Mulher - Daniel Matos<\/title>\n<meta name=\"robots\" content=\"index, follow, max-snippet:-1, max-image-preview:large, max-video-preview:-1\" \/>\n<link rel=\"canonical\" href=\"https:\/\/www.blogsoestado.com\/danielmatos\/rafaela-albuquerque-e-lara-moreira-sao-convidadas-especiais-da-3a-edicao-do-cafe-acm-mulher\/\" \/>\n<meta property=\"og:locale\" content=\"pt_BR\" \/>\n<meta property=\"og:type\" content=\"article\" \/>\n<meta property=\"og:title\" content=\"Rafaela Albuquerque e Lara Moreira s\u00e3o convidadas especiais da 3\u00aa edi\u00e7\u00e3o do Caf\u00e9 ACM Mulher - Daniel Matos\" \/>\n<meta property=\"og:description\" content=\"\u201cO que sua imagem comunica\u201d, este \u00e9 o tema que o Conselho da Mulher Empres\u00e1ria, da Associa\u00e7\u00e3o Comercial do Maranh\u00e3o [&hellip;]\" \/>\n<meta property=\"og:url\" content=\"https:\/\/www.blogsoestado.com\/danielmatos\/rafaela-albuquerque-e-lara-moreira-sao-convidadas-especiais-da-3a-edicao-do-cafe-acm-mulher\/\" \/>\n<meta property=\"og:site_name\" content=\"Daniel Matos\" \/>\n<meta property=\"article:published_time\" content=\"2023-03-04T03:14:10+00:00\" \/>\n<meta property=\"og:image\" content=\"https:\/\/www.blogsoestado.com\/danielmatos\/files\/2023\/03\/Screenshot_20230304-0007002-706x1024.png\" \/>\n<meta name=\"twitter:card\" content=\"summary_large_image\" \/>\n<meta name=\"twitter:label1\" content=\"Est. tempo de leitura\" \/>\n\t<meta name=\"twitter:data1\" content=\"2 minutos\" \/>\n<script type=\"application\/ld+json\" class=\"yoast-schema-graph\">{\"@context\":\"https:\/\/schema.org\",\"@graph\":[{\"@type\":\"WebPage\",\"@id\":\"https:\/\/www.blogsoestado.com\/danielmatos\/rafaela-albuquerque-e-lara-moreira-sao-convidadas-especiais-da-3a-edicao-do-cafe-acm-mulher\/\",\"url\":\"https:\/\/www.blogsoestado.com\/danielmatos\/rafaela-albuquerque-e-lara-moreira-sao-convidadas-especiais-da-3a-edicao-do-cafe-acm-mulher\/\",\"name\":\"Rafaela Albuquerque e Lara Moreira s\u00e3o convidadas especiais da 3\u00aa edi\u00e7\u00e3o do Caf\u00e9 ACM Mulher - Daniel Matos\",\"isPartOf\":{\"@id\":\"https:\/\/www.blogsoestado.com\/danielmatos\/#website\"},\"primaryImageOfPage\":{\"@id\":\"https:\/\/www.blogsoestado.com\/danielmatos\/rafaela-albuquerque-e-lara-moreira-sao-convidadas-especiais-da-3a-edicao-do-cafe-acm-mulher\/#primaryimage\"},\"image\":{\"@id\":\"https:\/\/www.blogsoestado.com\/danielmatos\/rafaela-albuquerque-e-lara-moreira-sao-convidadas-especiais-da-3a-edicao-do-cafe-acm-mulher\/#primaryimage\"},\"thumbnailUrl\":\"https:\/\/www.blogsoestado.com\/danielmatos\/files\/2023\/03\/Screenshot_20230304-0007002-706x1024.png\",\"datePublished\":\"2023-03-04T03:14:10+00:00\",\"author\":{\"@id\":\"\"},\"breadcrumb\":{\"@id\":\"https:\/\/www.blogsoestado.com\/danielmatos\/rafaela-albuquerque-e-lara-moreira-sao-convidadas-especiais-da-3a-edicao-do-cafe-acm-mulher\/#breadcrumb\"},\"inLanguage\":\"pt-BR\",\"potentialAction\":[{\"@type\":\"ReadAction\",\"target\":[\"https:\/\/www.blogsoestado.com\/danielmatos\/rafaela-albuquerque-e-lara-moreira-sao-convidadas-especiais-da-3a-edicao-do-cafe-acm-mulher\/\"]}]},{\"@type\":\"ImageObject\",\"inLanguage\":\"pt-BR\",\"@id\":\"https:\/\/www.blogsoestado.com\/danielmatos\/rafaela-albuquerque-e-lara-moreira-sao-convidadas-especiais-da-3a-edicao-do-cafe-acm-mulher\/#primaryimage\",\"url\":\"https:\/\/www.blogsoestado.com\/danielmatos\/files\/2023\/03\/Screenshot_20230304-0007002-706x1024.png\",\"contentUrl\":\"https:\/\/www.blogsoestado.com\/danielmatos\/files\/2023\/03\/Screenshot_20230304-0007002-706x1024.png\"},{\"@type\":\"BreadcrumbList\",\"@id\":\"https:\/\/www.blogsoestado.com\/danielmatos\/rafaela-albuquerque-e-lara-moreira-sao-convidadas-especiais-da-3a-edicao-do-cafe-acm-mulher\/#breadcrumb\",\"itemListElement\":[{\"@type\":\"ListItem\",\"position\":1,\"name\":\"In\u00edcio\",\"item\":\"https:\/\/www.blogsoestado.com\/danielmatos\/\"},{\"@type\":\"ListItem\",\"position\":2,\"name\":\"Rafaela Albuquerque e Lara Moreira s\u00e3o convidadas especiais da 3\u00aa edi\u00e7\u00e3o do Caf\u00e9 ACM Mulher\"}]},{\"@type\":\"WebSite\",\"@id\":\"https:\/\/www.blogsoestado.com\/danielmatos\/#website\",\"url\":\"https:\/\/www.blogsoestado.com\/danielmatos\/\",\"name\":\"Daniel Matos\",\"description\":\"\",\"potentialAction\":[{\"@type\":\"SearchAction\",\"target\":{\"@type\":\"EntryPoint\",\"urlTemplate\":\"https:\/\/www.blogsoestado.com\/danielmatos\/?s={search_term_string}\"},\"query-input\":{\"@type\":\"PropertyValueSpecification\",\"valueRequired\":true,\"valueName\":\"search_term_string\"}}],\"inLanguage\":\"pt-BR\"}]}<\/script>\n<!-- \/ Yoast SEO plugin. -->","yoast_head_json":{"title":"Rafaela Albuquerque e Lara Moreira s\u00e3o convidadas especiais da 3\u00aa edi\u00e7\u00e3o do Caf\u00e9 ACM Mulher - Daniel Matos","robots":{"index":"index","follow":"follow","max-snippet":"max-snippet:-1","max-image-preview":"max-image-preview:large","max-video-preview":"max-video-preview:-1"},"canonical":"https:\/\/www.blogsoestado.com\/danielmatos\/rafaela-albuquerque-e-lara-moreira-sao-convidadas-especiais-da-3a-edicao-do-cafe-acm-mulher\/","og_locale":"pt_BR","og_type":"article","og_title":"Rafaela Albuquerque e Lara Moreira s\u00e3o convidadas especiais da 3\u00aa edi\u00e7\u00e3o do Caf\u00e9 ACM Mulher - Daniel Matos","og_description":"\u201cO que sua imagem comunica\u201d, este \u00e9 o tema que o Conselho da Mulher Empres\u00e1ria, da Associa\u00e7\u00e3o Comercial do Maranh\u00e3o [&hellip;]","og_url":"https:\/\/www.blogsoestado.com\/danielmatos\/rafaela-albuquerque-e-lara-moreira-sao-convidadas-especiais-da-3a-edicao-do-cafe-acm-mulher\/","og_site_name":"Daniel Matos","article_published_time":"2023-03-04T03:14:10+00:00","og_image":[{"url":"https:\/\/www.blogsoestado.com\/danielmatos\/files\/2023\/03\/Screenshot_20230304-0007002-706x1024.png","type":"","width":"","height":""}],"twitter_card":"summary_large_image","twitter_misc":{"Est. tempo de leitura":"2 minutos"},"schema":{"@context":"https:\/\/schema.org","@graph":[{"@type":"WebPage","@id":"https:\/\/www.blogsoestado.com\/danielmatos\/rafaela-albuquerque-e-lara-moreira-sao-convidadas-especiais-da-3a-edicao-do-cafe-acm-mulher\/","url":"https:\/\/www.blogsoestado.com\/danielmatos\/rafaela-albuquerque-e-lara-moreira-sao-convidadas-especiais-da-3a-edicao-do-cafe-acm-mulher\/","name":"Rafaela Albuquerque e Lara Moreira s\u00e3o convidadas especiais da 3\u00aa edi\u00e7\u00e3o do Caf\u00e9 ACM Mulher - Daniel Matos","isPartOf":{"@id":"https:\/\/www.blogsoestado.com\/danielmatos\/#website"},"primaryImageOfPage":{"@id":"https:\/\/www.blogsoestado.com\/danielmatos\/rafaela-albuquerque-e-lara-moreira-sao-convidadas-especiais-da-3a-edicao-do-cafe-acm-mulher\/#primaryimage"},"image":{"@id":"https:\/\/www.blogsoestado.com\/danielmatos\/rafaela-albuquerque-e-lara-moreira-sao-convidadas-especiais-da-3a-edicao-do-cafe-acm-mulher\/#primaryimage"},"thumbnailUrl":"https:\/\/www.blogsoestado.com\/danielmatos\/files\/2023\/03\/Screenshot_20230304-0007002-706x1024.png","datePublished":"2023-03-04T03:14:10+00:00","author":{"@id":""},"breadcrumb":{"@id":"https:\/\/www.blogsoestado.com\/danielmatos\/rafaela-albuquerque-e-lara-moreira-sao-convidadas-especiais-da-3a-edicao-do-cafe-acm-mulher\/#breadcrumb"},"inLanguage":"pt-BR","potentialAction":[{"@type":"ReadAction","target":["https:\/\/www.blogsoestado.com\/danielmatos\/rafaela-albuquerque-e-lara-moreira-sao-convidadas-especiais-da-3a-edicao-do-cafe-acm-mulher\/"]}]},{"@type":"ImageObject","inLanguage":"pt-BR","@id":"https:\/\/www.blogsoestado.com\/danielmatos\/rafaela-albuquerque-e-lara-moreira-sao-convidadas-especiais-da-3a-edicao-do-cafe-acm-mulher\/#primaryimage","url":"https:\/\/www.blogsoestado.com\/danielmatos\/files\/2023\/03\/Screenshot_20230304-0007002-706x1024.png","contentUrl":"https:\/\/www.blogsoestado.com\/danielmatos\/files\/2023\/03\/Screenshot_20230304-0007002-706x1024.png"},{"@type":"BreadcrumbList","@id":"https:\/\/www.blogsoestado.com\/danielmatos\/rafaela-albuquerque-e-lara-moreira-sao-convidadas-especiais-da-3a-edicao-do-cafe-acm-mulher\/#breadcrumb","itemListElement":[{"@type":"ListItem","position":1,"name":"In\u00edcio","item":"https:\/\/www.blogsoestado.com\/danielmatos\/"},{"@type":"ListItem","position":2,"name":"Rafaela Albuquerque e Lara Moreira s\u00e3o convidadas especiais da 3\u00aa edi\u00e7\u00e3o do Caf\u00e9 ACM Mulher"}]},{"@type":"WebSite","@id":"https:\/\/www.blogsoestado.com\/danielmatos\/#website","url":"https:\/\/www.blogsoestado.com\/danielmatos\/","name":"Daniel Matos","description":"","potentialAction":[{"@type":"SearchAction","target":{"@type":"EntryPoint","urlTemplate":"https:\/\/www.blogsoestado.com\/danielmatos\/?s={search_term_string}"},"query-input":{"@type":"PropertyValueSpecification","valueRequired":true,"valueName":"search_term_string"}}],"inLanguage":"pt-BR"}]}},"jetpack_featured_media_url":"","_links":{"self":[{"href":"https:\/\/www.blogsoestado.com\/danielmatos\/wp-json\/wp\/v2\/posts\/106734","targetHints":{"allow":["GET"]}}],"collection":[{"href":"https:\/\/www.blogsoestado.com\/danielmatos\/wp-json\/wp\/v2\/posts"}],"about":[{"href":"https:\/\/www.blogsoestado.com\/danielmatos\/wp-json\/wp\/v2\/types\/post"}],"replies":[{"embeddable":true,"href":"https:\/\/www.blogsoestado.com\/danielmatos\/wp-json\/wp\/v2\/comments?post=106734"}],"version-history":[{"count":0,"href":"https:\/\/www.blogsoestado.com\/danielmatos\/wp-json\/wp\/v2\/posts\/106734\/revisions"}],"wp:attachment":[{"href":"https:\/\/www.blogsoestado.com\/danielmatos\/wp-json\/wp\/v2\/media?parent=106734"}],"wp:term":[{"taxonomy":"category","embeddable":true,"href":"https:\/\/www.blogsoestado.com\/danielmatos\/wp-json\/wp\/v2\/categories?post=106734"},{"taxonomy":"post_tag","embeddable":true,"href":"https:\/\/www.blogsoestado.com\/danielmatos\/wp-json\/wp\/v2\/tags?post=106734"}],"curies":[{"name":"wp","href":"https:\/\/api.w.org\/{rel}","templated":true}]}}