{"id":106753,"date":"2023-03-04T11:13:38","date_gmt":"2023-03-04T14:13:38","guid":{"rendered":"https:\/\/www.blogsoestado.com\/danielmatos\/?p=106753"},"modified":"2023-03-04T11:13:38","modified_gmt":"2023-03-04T14:13:38","slug":"classe-politica-e-autoridades-reforcam-importancia-da-assembleia-itinerante-e-parabenizam-a-iniciativa","status":"publish","type":"post","link":"https:\/\/www.blogsoestado.com\/danielmatos\/classe-politica-e-autoridades-reforcam-importancia-da-assembleia-itinerante-e-parabenizam-a-iniciativa\/","title":{"rendered":"Classe pol\u00edtica e autoridades refor\u00e7am import\u00e2ncia da \u2018Assembleia Itinerante\u2019 e parabenizam a iniciativa"},"content":{"rendered":"\n<div class=\"wp-block-image\"><figure class=\"aligncenter size-large\"><a href=\"https:\/\/www.blogsoestado.com\/danielmatos\/files\/2023\/03\/Screenshot_20230304-1111292.png\"><img decoding=\"async\" src=\"https:\/\/www.blogsoestado.com\/danielmatos\/files\/2023\/03\/Screenshot_20230304-1111292.png\" alt=\"\" class=\"wp-image-106754\"\/><\/a><figcaption>Classe pol\u00edtica e autoridades marcam presen\u00e7a na sess\u00e3o itinerante da Assembleia em Imperatriz<\/figcaption><\/figure><\/div>\n\n\n\n<p>Prefeitos, deputados federais, vereadores, lideran\u00e7as pol\u00edticas e comunit\u00e1rias das regi\u00f5es Tocantina e Sul do Maranh\u00e3o enalteceram a iniciativa de realiza\u00e7\u00e3o da &#8216;Assembleia Itinerante&#8217;\u00a0e parabenizaram a presidente do Parlamento Estadual, deputada Iracema Vale (PSB), pelo evento, ocorrido nesta sexta-feira (3), na C\u00e2mara de Vereadores de Imperatriz.<\/p>\n\n\n\n<p>Al\u00e9m dos deputados estaduais, o evento reuniu dezenas de prefeitos, vereadores, lideran\u00e7as pol\u00edticas e representantes da sociedade civil. Tamb\u00e9m estiveram presentes o secret\u00e1rio-chefe da Casa Civil, Sebasti\u00e3o Madeira, o secret\u00e1rio de Estado de Articula\u00e7\u00e3o Pol\u00edtica, Rubens Pereira, o defensor p\u00fablico-geral do Estado, Gabriel Furtado, o diretor das Promotorias de Justi\u00e7a de Imperatriz, Newton de Barros Belo Neto, o presidente da OAB de Imperatriz, Bruno Guilherme, al\u00e9m dos deputados federais Rubens J\u00fanior (PT), M\u00e1rcio Jerry (PCdoB) e Josivaldo JP (PSD).<\/p>\n\n\n\n<p>\u201cImperatriz, hoje, est\u00e1 sendo a capital pol\u00edtica do nosso estado do Maranh\u00e3o. Essa sess\u00e3o itinerante \u00e9 muito importante e eu parabenizo a deputada Iracema Vale e todos os outros 41 parlamentares que, al\u00e9m de trazerem a Assembleia para Imperatriz, tamb\u00e9m beneficiaram a cidade com emendas para a sa\u00fade\u201d, declarou o deputado federal M\u00e1rcio Jerry.<\/p>\n\n\n\n<p><strong>Solu\u00e7\u00f5es<\/strong><\/p>\n\n\n\n<p>O prefeito de Balsas, Dr. Erik, afirmou que a realiza\u00e7\u00e3o da \u2018Assembleia Itinerante\u2019 tem um significado muito importante para as regi\u00f5es Sul e Tocantina, no sentido de ouvir as demandas da regi\u00e3o e propor solu\u00e7\u00f5es.<\/p>\n\n\n\n<p>\u201cA presen\u00e7a dos deputados estaduais na nossa regi\u00e3o \u00e9 muito importante para sentirem a nossa realidade, ouvirem as nossas demandas e poderem legislar com conhecimento de causa.&nbsp; Essa iniciativa da presidente Iracema Vale de trazer os deputados estaduais para uma sess\u00e3o oficial, em Imperatriz, nos deixou muito felizes e esperan\u00e7osos em dias melhores para nossa regi\u00e3o\u201d, assinalou.<\/p>\n\n\n\n<p>O defensor p\u00fablico-geral do Estado, Gabriel Furtado, tamb\u00e9m parabenizou a iniciativa da Assembleia Legislativa. \u201cFazer uma sess\u00e3o deliberativa em Imperatriz mostra a preocupa\u00e7\u00e3o da presidente Iracema Vale e dos deputados em levar os servi\u00e7os ao interior do estado. Isso \u00e9 essencial para que tenhamos uma democracia mais unida e garantirmos servi\u00e7os \u00e0 popula\u00e7\u00e3o\u201d, afirmou.<\/p>\n","protected":false},"excerpt":{"rendered":"<p>Prefeitos, deputados federais, vereadores, lideran\u00e7as pol\u00edticas e comunit\u00e1rias das regi\u00f5es Tocantina e Sul do Maranh\u00e3o enalteceram a iniciativa de realiza\u00e7\u00e3o [&hellip;]<\/p>\n","protected":false},"author":0,"featured_media":0,"comment_status":"open","ping_status":"open","sticky":false,"template":"","format":"standard","meta":{"site-sidebar-layout":"default","site-content-layout":"","ast-site-content-layout":"default","site-content-style":"default","site-sidebar-style":"default","ast-global-header-display":"","ast-banner-title-visibility":"","ast-main-header-display":"","ast-hfb-above-header-display":"","ast-hfb-below-header-display":"","ast-hfb-mobile-header-display":"","site-post-title":"","ast-breadcrumbs-content":"","ast-featured-img":"","footer-sml-layout":"","ast-disable-related-posts":"","theme-transparent-header-meta":"","adv-header-id-meta":"","stick-header-meta":"","header-above-stick-meta":"","header-main-stick-meta":"","header-below-stick-meta":"","astra-migrate-meta-layouts":"default","ast-page-background-enabled":"default","ast-page-background-meta":{"desktop":{"background-color":"var(--ast-global-color-5)","background-image":"","background-repeat":"repeat","background-position":"center center","background-size":"auto","background-attachment":"scroll","background-type":"","background-media":"","overlay-type":"","overlay-color":"","overlay-opacity":"","overlay-gradient":""},"tablet":{"background-color":"","background-image":"","background-repeat":"repeat","background-position":"center center","background-size":"auto","background-attachment":"scroll","background-type":"","background-media":"","overlay-type":"","overlay-color":"","overlay-opacity":"","overlay-gradient":""},"mobile":{"background-color":"","background-image":"","background-repeat":"repeat","background-position":"center center","background-size":"auto","background-attachment":"scroll","background-type":"","background-media":"","overlay-type":"","overlay-color":"","overlay-opacity":"","overlay-gradient":""}},"ast-content-background-meta":{"desktop":{"background-color":"var(--ast-global-color-4)","background-image":"","background-repeat":"repeat","background-position":"center center","background-size":"auto","background-attachment":"scroll","background-type":"","background-media":"","overlay-type":"","overlay-color":"","overlay-opacity":"","overlay-gradient":""},"tablet":{"background-color":"var(--ast-global-color-4)","background-image":"","background-repeat":"repeat","background-position":"center center","background-size":"auto","background-attachment":"scroll","background-type":"","background-media":"","overlay-type":"","overlay-color":"","overlay-opacity":"","overlay-gradient":""},"mobile":{"background-color":"var(--ast-global-color-4)","background-image":"","background-repeat":"repeat","background-position":"center center","background-size":"auto","background-attachment":"scroll","background-type":"","background-media":"","overlay-type":"","overlay-color":"","overlay-opacity":"","overlay-gradient":""}},"footnotes":""},"categories":[1],"tags":[],"class_list":["post-106753","post","type-post","status-publish","format-standard","hentry","category-sem-categoria"],"yoast_head":"<!-- This site is optimized with the Yoast SEO plugin v26.6 - https:\/\/yoast.com\/wordpress\/plugins\/seo\/ -->\n<title>Classe pol\u00edtica e autoridades refor\u00e7am import\u00e2ncia da \u2018Assembleia Itinerante\u2019 e parabenizam a iniciativa - Daniel Matos<\/title>\n<meta name=\"robots\" content=\"index, follow, max-snippet:-1, max-image-preview:large, max-video-preview:-1\" \/>\n<link rel=\"canonical\" href=\"https:\/\/www.blogsoestado.com\/danielmatos\/classe-politica-e-autoridades-reforcam-importancia-da-assembleia-itinerante-e-parabenizam-a-iniciativa\/\" \/>\n<meta property=\"og:locale\" content=\"pt_BR\" \/>\n<meta property=\"og:type\" content=\"article\" \/>\n<meta property=\"og:title\" content=\"Classe pol\u00edtica e autoridades refor\u00e7am import\u00e2ncia da \u2018Assembleia Itinerante\u2019 e parabenizam a iniciativa - Daniel Matos\" \/>\n<meta property=\"og:description\" content=\"Prefeitos, deputados federais, vereadores, lideran\u00e7as pol\u00edticas e comunit\u00e1rias das regi\u00f5es Tocantina e Sul do Maranh\u00e3o enalteceram a iniciativa de realiza\u00e7\u00e3o [&hellip;]\" \/>\n<meta property=\"og:url\" content=\"https:\/\/www.blogsoestado.com\/danielmatos\/classe-politica-e-autoridades-reforcam-importancia-da-assembleia-itinerante-e-parabenizam-a-iniciativa\/\" \/>\n<meta property=\"og:site_name\" content=\"Daniel Matos\" \/>\n<meta property=\"article:published_time\" content=\"2023-03-04T14:13:38+00:00\" \/>\n<meta property=\"og:image\" content=\"https:\/\/www.blogsoestado.com\/danielmatos\/files\/2023\/03\/Screenshot_20230304-1111292.png\" \/>\n<meta name=\"twitter:card\" content=\"summary_large_image\" \/>\n<meta name=\"twitter:label1\" content=\"Est. tempo de leitura\" \/>\n\t<meta name=\"twitter:data1\" content=\"2 minutos\" \/>\n<script type=\"application\/ld+json\" class=\"yoast-schema-graph\">{\"@context\":\"https:\/\/schema.org\",\"@graph\":[{\"@type\":\"WebPage\",\"@id\":\"https:\/\/www.blogsoestado.com\/danielmatos\/classe-politica-e-autoridades-reforcam-importancia-da-assembleia-itinerante-e-parabenizam-a-iniciativa\/\",\"url\":\"https:\/\/www.blogsoestado.com\/danielmatos\/classe-politica-e-autoridades-reforcam-importancia-da-assembleia-itinerante-e-parabenizam-a-iniciativa\/\",\"name\":\"Classe pol\u00edtica e autoridades refor\u00e7am import\u00e2ncia da \u2018Assembleia Itinerante\u2019 e parabenizam a iniciativa - Daniel Matos\",\"isPartOf\":{\"@id\":\"https:\/\/www.blogsoestado.com\/danielmatos\/#website\"},\"primaryImageOfPage\":{\"@id\":\"https:\/\/www.blogsoestado.com\/danielmatos\/classe-politica-e-autoridades-reforcam-importancia-da-assembleia-itinerante-e-parabenizam-a-iniciativa\/#primaryimage\"},\"image\":{\"@id\":\"https:\/\/www.blogsoestado.com\/danielmatos\/classe-politica-e-autoridades-reforcam-importancia-da-assembleia-itinerante-e-parabenizam-a-iniciativa\/#primaryimage\"},\"thumbnailUrl\":\"https:\/\/www.blogsoestado.com\/danielmatos\/files\/2023\/03\/Screenshot_20230304-1111292.png\",\"datePublished\":\"2023-03-04T14:13:38+00:00\",\"author\":{\"@id\":\"\"},\"breadcrumb\":{\"@id\":\"https:\/\/www.blogsoestado.com\/danielmatos\/classe-politica-e-autoridades-reforcam-importancia-da-assembleia-itinerante-e-parabenizam-a-iniciativa\/#breadcrumb\"},\"inLanguage\":\"pt-BR\",\"potentialAction\":[{\"@type\":\"ReadAction\",\"target\":[\"https:\/\/www.blogsoestado.com\/danielmatos\/classe-politica-e-autoridades-reforcam-importancia-da-assembleia-itinerante-e-parabenizam-a-iniciativa\/\"]}]},{\"@type\":\"ImageObject\",\"inLanguage\":\"pt-BR\",\"@id\":\"https:\/\/www.blogsoestado.com\/danielmatos\/classe-politica-e-autoridades-reforcam-importancia-da-assembleia-itinerante-e-parabenizam-a-iniciativa\/#primaryimage\",\"url\":\"https:\/\/www.blogsoestado.com\/danielmatos\/files\/2023\/03\/Screenshot_20230304-1111292.png\",\"contentUrl\":\"https:\/\/www.blogsoestado.com\/danielmatos\/files\/2023\/03\/Screenshot_20230304-1111292.png\"},{\"@type\":\"BreadcrumbList\",\"@id\":\"https:\/\/www.blogsoestado.com\/danielmatos\/classe-politica-e-autoridades-reforcam-importancia-da-assembleia-itinerante-e-parabenizam-a-iniciativa\/#breadcrumb\",\"itemListElement\":[{\"@type\":\"ListItem\",\"position\":1,\"name\":\"In\u00edcio\",\"item\":\"https:\/\/www.blogsoestado.com\/danielmatos\/\"},{\"@type\":\"ListItem\",\"position\":2,\"name\":\"Classe pol\u00edtica e autoridades refor\u00e7am import\u00e2ncia da \u2018Assembleia Itinerante\u2019 e parabenizam a iniciativa\"}]},{\"@type\":\"WebSite\",\"@id\":\"https:\/\/www.blogsoestado.com\/danielmatos\/#website\",\"url\":\"https:\/\/www.blogsoestado.com\/danielmatos\/\",\"name\":\"Daniel Matos\",\"description\":\"\",\"potentialAction\":[{\"@type\":\"SearchAction\",\"target\":{\"@type\":\"EntryPoint\",\"urlTemplate\":\"https:\/\/www.blogsoestado.com\/danielmatos\/?s={search_term_string}\"},\"query-input\":{\"@type\":\"PropertyValueSpecification\",\"valueRequired\":true,\"valueName\":\"search_term_string\"}}],\"inLanguage\":\"pt-BR\"}]}<\/script>\n<!-- \/ Yoast SEO plugin. -->","yoast_head_json":{"title":"Classe pol\u00edtica e autoridades refor\u00e7am import\u00e2ncia da \u2018Assembleia Itinerante\u2019 e parabenizam a iniciativa - Daniel Matos","robots":{"index":"index","follow":"follow","max-snippet":"max-snippet:-1","max-image-preview":"max-image-preview:large","max-video-preview":"max-video-preview:-1"},"canonical":"https:\/\/www.blogsoestado.com\/danielmatos\/classe-politica-e-autoridades-reforcam-importancia-da-assembleia-itinerante-e-parabenizam-a-iniciativa\/","og_locale":"pt_BR","og_type":"article","og_title":"Classe pol\u00edtica e autoridades refor\u00e7am import\u00e2ncia da \u2018Assembleia Itinerante\u2019 e parabenizam a iniciativa - Daniel Matos","og_description":"Prefeitos, deputados federais, vereadores, lideran\u00e7as pol\u00edticas e comunit\u00e1rias das regi\u00f5es Tocantina e Sul do Maranh\u00e3o enalteceram a iniciativa de realiza\u00e7\u00e3o [&hellip;]","og_url":"https:\/\/www.blogsoestado.com\/danielmatos\/classe-politica-e-autoridades-reforcam-importancia-da-assembleia-itinerante-e-parabenizam-a-iniciativa\/","og_site_name":"Daniel Matos","article_published_time":"2023-03-04T14:13:38+00:00","og_image":[{"url":"https:\/\/www.blogsoestado.com\/danielmatos\/files\/2023\/03\/Screenshot_20230304-1111292.png","type":"","width":"","height":""}],"twitter_card":"summary_large_image","twitter_misc":{"Est. tempo de leitura":"2 minutos"},"schema":{"@context":"https:\/\/schema.org","@graph":[{"@type":"WebPage","@id":"https:\/\/www.blogsoestado.com\/danielmatos\/classe-politica-e-autoridades-reforcam-importancia-da-assembleia-itinerante-e-parabenizam-a-iniciativa\/","url":"https:\/\/www.blogsoestado.com\/danielmatos\/classe-politica-e-autoridades-reforcam-importancia-da-assembleia-itinerante-e-parabenizam-a-iniciativa\/","name":"Classe pol\u00edtica e autoridades refor\u00e7am import\u00e2ncia da \u2018Assembleia Itinerante\u2019 e parabenizam a iniciativa - Daniel Matos","isPartOf":{"@id":"https:\/\/www.blogsoestado.com\/danielmatos\/#website"},"primaryImageOfPage":{"@id":"https:\/\/www.blogsoestado.com\/danielmatos\/classe-politica-e-autoridades-reforcam-importancia-da-assembleia-itinerante-e-parabenizam-a-iniciativa\/#primaryimage"},"image":{"@id":"https:\/\/www.blogsoestado.com\/danielmatos\/classe-politica-e-autoridades-reforcam-importancia-da-assembleia-itinerante-e-parabenizam-a-iniciativa\/#primaryimage"},"thumbnailUrl":"https:\/\/www.blogsoestado.com\/danielmatos\/files\/2023\/03\/Screenshot_20230304-1111292.png","datePublished":"2023-03-04T14:13:38+00:00","author":{"@id":""},"breadcrumb":{"@id":"https:\/\/www.blogsoestado.com\/danielmatos\/classe-politica-e-autoridades-reforcam-importancia-da-assembleia-itinerante-e-parabenizam-a-iniciativa\/#breadcrumb"},"inLanguage":"pt-BR","potentialAction":[{"@type":"ReadAction","target":["https:\/\/www.blogsoestado.com\/danielmatos\/classe-politica-e-autoridades-reforcam-importancia-da-assembleia-itinerante-e-parabenizam-a-iniciativa\/"]}]},{"@type":"ImageObject","inLanguage":"pt-BR","@id":"https:\/\/www.blogsoestado.com\/danielmatos\/classe-politica-e-autoridades-reforcam-importancia-da-assembleia-itinerante-e-parabenizam-a-iniciativa\/#primaryimage","url":"https:\/\/www.blogsoestado.com\/danielmatos\/files\/2023\/03\/Screenshot_20230304-1111292.png","contentUrl":"https:\/\/www.blogsoestado.com\/danielmatos\/files\/2023\/03\/Screenshot_20230304-1111292.png"},{"@type":"BreadcrumbList","@id":"https:\/\/www.blogsoestado.com\/danielmatos\/classe-politica-e-autoridades-reforcam-importancia-da-assembleia-itinerante-e-parabenizam-a-iniciativa\/#breadcrumb","itemListElement":[{"@type":"ListItem","position":1,"name":"In\u00edcio","item":"https:\/\/www.blogsoestado.com\/danielmatos\/"},{"@type":"ListItem","position":2,"name":"Classe pol\u00edtica e autoridades refor\u00e7am import\u00e2ncia da \u2018Assembleia Itinerante\u2019 e parabenizam a iniciativa"}]},{"@type":"WebSite","@id":"https:\/\/www.blogsoestado.com\/danielmatos\/#website","url":"https:\/\/www.blogsoestado.com\/danielmatos\/","name":"Daniel Matos","description":"","potentialAction":[{"@type":"SearchAction","target":{"@type":"EntryPoint","urlTemplate":"https:\/\/www.blogsoestado.com\/danielmatos\/?s={search_term_string}"},"query-input":{"@type":"PropertyValueSpecification","valueRequired":true,"valueName":"search_term_string"}}],"inLanguage":"pt-BR"}]}},"jetpack_featured_media_url":"","_links":{"self":[{"href":"https:\/\/www.blogsoestado.com\/danielmatos\/wp-json\/wp\/v2\/posts\/106753","targetHints":{"allow":["GET"]}}],"collection":[{"href":"https:\/\/www.blogsoestado.com\/danielmatos\/wp-json\/wp\/v2\/posts"}],"about":[{"href":"https:\/\/www.blogsoestado.com\/danielmatos\/wp-json\/wp\/v2\/types\/post"}],"replies":[{"embeddable":true,"href":"https:\/\/www.blogsoestado.com\/danielmatos\/wp-json\/wp\/v2\/comments?post=106753"}],"version-history":[{"count":0,"href":"https:\/\/www.blogsoestado.com\/danielmatos\/wp-json\/wp\/v2\/posts\/106753\/revisions"}],"wp:attachment":[{"href":"https:\/\/www.blogsoestado.com\/danielmatos\/wp-json\/wp\/v2\/media?parent=106753"}],"wp:term":[{"taxonomy":"category","embeddable":true,"href":"https:\/\/www.blogsoestado.com\/danielmatos\/wp-json\/wp\/v2\/categories?post=106753"},{"taxonomy":"post_tag","embeddable":true,"href":"https:\/\/www.blogsoestado.com\/danielmatos\/wp-json\/wp\/v2\/tags?post=106753"}],"curies":[{"name":"wp","href":"https:\/\/api.w.org\/{rel}","templated":true}]}}