{"id":106761,"date":"2023-03-05T00:15:20","date_gmt":"2023-03-05T03:15:20","guid":{"rendered":"https:\/\/www.blogsoestado.com\/danielmatos\/?p=106761"},"modified":"2023-03-05T00:15:20","modified_gmt":"2023-03-05T03:15:20","slug":"em-imperatriz-deputados-prestigiam-posse-de-novos-secretarios-de-estado-do-governo-carlos-brandao","status":"publish","type":"post","link":"https:\/\/www.blogsoestado.com\/danielmatos\/em-imperatriz-deputados-prestigiam-posse-de-novos-secretarios-de-estado-do-governo-carlos-brandao\/","title":{"rendered":"Em Imperatriz, deputados prestigiam posse de novos secret\u00e1rios de Estado do governo Carlos Brand\u00e3o"},"content":{"rendered":"\n<div class=\"wp-block-image\"><figure class=\"aligncenter size-large\"><a href=\"https:\/\/www.blogsoestado.com\/danielmatos\/files\/2023\/03\/Screenshot_20230305-0009422.png\"><img decoding=\"async\" src=\"https:\/\/www.blogsoestado.com\/danielmatos\/files\/2023\/03\/Screenshot_20230305-0009422.png\" alt=\"\" class=\"wp-image-106762\"\/><\/a><figcaption>Presidente da Alema, Iracema Vale, demais deputados e autoridades participam da cerim\u00f4nia de posse do novo secretariado (<strong>Fotos:<\/strong> Ag\u00eancia Assembleia)<\/figcaption><\/figure><\/div>\n\n\n\n<p>A presidente da Assembleia Legislativa do Maranh\u00e3o, Iracema Vale (PSB), e outros deputados prestigiaram, neste s\u00e1bado (4), em Imperatriz, a cerim\u00f4nia de posse dos novos secret\u00e1rios de Estado e presidentes de autarquia que passam a integrar o Governo do Maranh\u00e3o. O ato foi liderado pelo governador Carlos Brand\u00e3o (PSB), que na ocasi\u00e3o tamb\u00e9m anunciou novos investimentos para a Regi\u00e3o Tocantina.<\/p>\n\n\n\n<p>Na solenidade, Iracema Vale afirmou que o gesto do governador Carlos Brand\u00e3o em realizar a posse do novo secretariado em Imperatriz refor\u00e7a a sua postura municipalista e o compromisso de estar atento a todos os 217 munic\u00edpios maranhenses.<\/p>\n\n\n\n<p>\u201cEsse ato mostra como o governador Carlos Brand\u00e3o est\u00e1 atento n\u00e3o s\u00f3 \u00e0 capital S\u00e3o Lu\u00eds, mas a todos os munic\u00edpios do estado. Ele \u00e9 um governador municipalista e estamos irmanados para trabalharmos juntos e em sintonia em prol de todos os maranhenses\u201d, afirmou a chefe do Legislativo maranhense.<\/p>\n\n\n\n<p>No ato,&nbsp;o governador Carlos Brand\u00e3o disse que Imperatriz, al\u00e9m de ser uma cidade acolhedora, tem grande import\u00e2ncia para o Maranh\u00e3o em diversos setores. \u201cAqui apresentamos para todos, pela primeira vez, a nossa equipe de secret\u00e1rios. O governo n\u00e3o \u00e9 s\u00f3 o Pal\u00e1cio dos Le\u00f5es e esse ato simboliza que o governo \u00e9 os 217 munic\u00edpios. Desejo a todos os secret\u00e1rios \u00eaxito nesta miss\u00e3o\u201d, frisou.<\/p>\n\n\n\n<p><strong>Hist\u00f3ria<\/strong><\/p>\n\n\n\n<p>O secret\u00e1rio-geral de Governadoria, Lu\u00eds Fernando, que na ocasi\u00e3o falou em nome de todos os demais secret\u00e1rios empossados, destacou que o ato, na segunda maior cidade do Maranh\u00e3o, escreve uma nova p\u00e1gina na hist\u00f3ria de Imperatriz.<\/p>\n\n\n\n<p>\u201cSomente a sensibilidade pol\u00edtica do governador Carlos Brand\u00e3o, a sua preocupa\u00e7\u00e3o com a popula\u00e7\u00e3o e sua convic\u00e7\u00e3o municipalista fez com que esse momento acontecesse e escrevesse uma nova p\u00e1gina na hist\u00f3ria pol\u00edtica e administrativa de Imperatriz. Desejo a todos os companheiros e companheiras empossados uma gest\u00e3o muito proveitosa em favor do Maranh\u00e3o\u201d, declarou.<\/p>\n\n\n\n<div class=\"wp-block-image\"><figure class=\"aligncenter size-large\"><a href=\"https:\/\/www.blogsoestado.com\/danielmatos\/files\/2023\/03\/Screenshot_20230305-0010412.png\"><img decoding=\"async\" src=\"https:\/\/www.blogsoestado.com\/danielmatos\/files\/2023\/03\/Screenshot_20230305-0010412.png\" alt=\"\" class=\"wp-image-106763\"\/><\/a><figcaption>Solenidade de posse do novo secretariado do governo Carlos Brand\u00e3o, realizada em Imperatriz<\/figcaption><\/figure><\/div>\n\n\n\n<p><strong>Presen\u00e7as&nbsp;<\/strong><\/p>\n\n\n\n<p>Tamb\u00e9m estiveram presentes ao evento os deputados Ricardo Arruda (MDB), Ygl\u00e9sio Moyses (PSB), Eric Costa (PSD), Osmar Filho (PDT), Edna Silva (Patriotas), Jana\u00edna Ramos (Republicanos), Cl\u00e1udio Cunha (PL), Carlos Lula (PSB), Arnaldo Melo (PP), Rodrigo Lago (PCdoB), Ana do G\u00e1s (PCdoB), Ariston (PSB),\u00a0 Fabiana Vilar (PL), Flor\u00eancio Neto (PSB), J\u00fanior Fran\u00e7a (PP), Leandro Bello (Podemos), Neto Evangelista (Uni\u00e3o Brasil), Ricardo Rios (PCdoB), Guilherme Paz (Patriotas), Roberto Costa (MDB), Rafael (PSB), Daniella (PSB), Dra. Vivianne (PDT), J\u00fanior Cascaria (Podemos), J\u00falio Mendon\u00e7a (PCdoB), Davi Brand\u00e3o (PSB), Glalbert Cutrim (PDT), Hemet\u00e9rio Weba (PP), Juscelino Marreca (Patriotas), Rildo Amaral (PP) e Fernando Braide (PSD).<\/p>\n\n\n\n<p>O deputado Cl\u00e1udio Cunha enalteceu a iniciativa do governador Carlos Brand\u00e3o em descentralizar as a\u00e7\u00f5es do Poder Executivo. \u201c\u00c9 a primeira vez que o governador do Maranh\u00e3o traz o centro do poder para Imperatriz, escrevendo na hist\u00f3ria do estado esse ato de nomea\u00e7\u00e3o dos secret\u00e1rios, que v\u00e3o ajudar a governar o Maranh\u00e3o\u201d, disse.<\/p>\n\n\n\n<p>O deputado Rildo Amaral, parlamentar da regi\u00e3o, afirmou que Imperatriz se alegra em sediar esse grandioso ato. \u201c\u00c9 a primeira vez que a posse do secretariado acontece fora da capital. Agradecemos ao governador Carlos Brand\u00e3o pela sensibilidade e postura \u00edmpar em rela\u00e7\u00e3o \u00e0 nossa regi\u00e3o\u201d.<\/p>\n\n\n\n<p>A deputada estadual Abigail (PL), empossada secret\u00e1ria de Estado da Mulher, falou da satisfa\u00e7\u00e3o em assumir esta nova miss\u00e3o. \u201cSinto-me extremamente honrada pelo convite feito pelo nosso governador para assumir essa pasta t\u00e3o importante na defesa dos direitos e garantias constitucionais de todas n\u00f3s, mulheres. Cumprirei essa miss\u00e3o fielmente, com muito amor, carinho e respeito por todas as mulheres\u201d, garantiu.<\/p>\n","protected":false},"excerpt":{"rendered":"<p>A presidente da Assembleia Legislativa do Maranh\u00e3o, Iracema Vale (PSB), e outros deputados prestigiaram, neste s\u00e1bado (4), em Imperatriz, a [&hellip;]<\/p>\n","protected":false},"author":0,"featured_media":0,"comment_status":"open","ping_status":"open","sticky":false,"template":"","format":"standard","meta":{"site-sidebar-layout":"default","site-content-layout":"","ast-site-content-layout":"default","site-content-style":"default","site-sidebar-style":"default","ast-global-header-display":"","ast-banner-title-visibility":"","ast-main-header-display":"","ast-hfb-above-header-display":"","ast-hfb-below-header-display":"","ast-hfb-mobile-header-display":"","site-post-title":"","ast-breadcrumbs-content":"","ast-featured-img":"","footer-sml-layout":"","ast-disable-related-posts":"","theme-transparent-header-meta":"","adv-header-id-meta":"","stick-header-meta":"","header-above-stick-meta":"","header-main-stick-meta":"","header-below-stick-meta":"","astra-migrate-meta-layouts":"default","ast-page-background-enabled":"default","ast-page-background-meta":{"desktop":{"background-color":"var(--ast-global-color-5)","background-image":"","background-repeat":"repeat","background-position":"center center","background-size":"auto","background-attachment":"scroll","background-type":"","background-media":"","overlay-type":"","overlay-color":"","overlay-opacity":"","overlay-gradient":""},"tablet":{"background-color":"","background-image":"","background-repeat":"repeat","background-position":"center center","background-size":"auto","background-attachment":"scroll","background-type":"","background-media":"","overlay-type":"","overlay-color":"","overlay-opacity":"","overlay-gradient":""},"mobile":{"background-color":"","background-image":"","background-repeat":"repeat","background-position":"center center","background-size":"auto","background-attachment":"scroll","background-type":"","background-media":"","overlay-type":"","overlay-color":"","overlay-opacity":"","overlay-gradient":""}},"ast-content-background-meta":{"desktop":{"background-color":"var(--ast-global-color-4)","background-image":"","background-repeat":"repeat","background-position":"center center","background-size":"auto","background-attachment":"scroll","background-type":"","background-media":"","overlay-type":"","overlay-color":"","overlay-opacity":"","overlay-gradient":""},"tablet":{"background-color":"var(--ast-global-color-4)","background-image":"","background-repeat":"repeat","background-position":"center center","background-size":"auto","background-attachment":"scroll","background-type":"","background-media":"","overlay-type":"","overlay-color":"","overlay-opacity":"","overlay-gradient":""},"mobile":{"background-color":"var(--ast-global-color-4)","background-image":"","background-repeat":"repeat","background-position":"center center","background-size":"auto","background-attachment":"scroll","background-type":"","background-media":"","overlay-type":"","overlay-color":"","overlay-opacity":"","overlay-gradient":""}},"footnotes":""},"categories":[1],"tags":[],"class_list":["post-106761","post","type-post","status-publish","format-standard","hentry","category-sem-categoria"],"yoast_head":"<!-- This site is optimized with the Yoast SEO plugin v26.6 - https:\/\/yoast.com\/wordpress\/plugins\/seo\/ -->\n<title>Em Imperatriz, deputados prestigiam posse de novos secret\u00e1rios de Estado do governo Carlos Brand\u00e3o - Daniel Matos<\/title>\n<meta name=\"robots\" content=\"index, follow, max-snippet:-1, max-image-preview:large, max-video-preview:-1\" \/>\n<link rel=\"canonical\" href=\"https:\/\/www.blogsoestado.com\/danielmatos\/em-imperatriz-deputados-prestigiam-posse-de-novos-secretarios-de-estado-do-governo-carlos-brandao\/\" \/>\n<meta property=\"og:locale\" content=\"pt_BR\" \/>\n<meta property=\"og:type\" content=\"article\" \/>\n<meta property=\"og:title\" content=\"Em Imperatriz, deputados prestigiam posse de novos secret\u00e1rios de Estado do governo Carlos Brand\u00e3o - Daniel Matos\" \/>\n<meta property=\"og:description\" content=\"A presidente da Assembleia Legislativa do Maranh\u00e3o, Iracema Vale (PSB), e outros deputados prestigiaram, neste s\u00e1bado (4), em Imperatriz, a [&hellip;]\" \/>\n<meta property=\"og:url\" content=\"https:\/\/www.blogsoestado.com\/danielmatos\/em-imperatriz-deputados-prestigiam-posse-de-novos-secretarios-de-estado-do-governo-carlos-brandao\/\" \/>\n<meta property=\"og:site_name\" content=\"Daniel Matos\" \/>\n<meta property=\"article:published_time\" content=\"2023-03-05T03:15:20+00:00\" \/>\n<meta property=\"og:image\" content=\"https:\/\/www.blogsoestado.com\/danielmatos\/files\/2023\/03\/Screenshot_20230305-0009422.png\" \/>\n<meta name=\"twitter:card\" content=\"summary_large_image\" \/>\n<meta name=\"twitter:label1\" content=\"Est. tempo de leitura\" \/>\n\t<meta name=\"twitter:data1\" content=\"4 minutos\" \/>\n<script type=\"application\/ld+json\" class=\"yoast-schema-graph\">{\"@context\":\"https:\/\/schema.org\",\"@graph\":[{\"@type\":\"WebPage\",\"@id\":\"https:\/\/www.blogsoestado.com\/danielmatos\/em-imperatriz-deputados-prestigiam-posse-de-novos-secretarios-de-estado-do-governo-carlos-brandao\/\",\"url\":\"https:\/\/www.blogsoestado.com\/danielmatos\/em-imperatriz-deputados-prestigiam-posse-de-novos-secretarios-de-estado-do-governo-carlos-brandao\/\",\"name\":\"Em Imperatriz, deputados prestigiam posse de novos secret\u00e1rios de Estado do governo Carlos Brand\u00e3o - Daniel Matos\",\"isPartOf\":{\"@id\":\"https:\/\/www.blogsoestado.com\/danielmatos\/#website\"},\"primaryImageOfPage\":{\"@id\":\"https:\/\/www.blogsoestado.com\/danielmatos\/em-imperatriz-deputados-prestigiam-posse-de-novos-secretarios-de-estado-do-governo-carlos-brandao\/#primaryimage\"},\"image\":{\"@id\":\"https:\/\/www.blogsoestado.com\/danielmatos\/em-imperatriz-deputados-prestigiam-posse-de-novos-secretarios-de-estado-do-governo-carlos-brandao\/#primaryimage\"},\"thumbnailUrl\":\"https:\/\/www.blogsoestado.com\/danielmatos\/files\/2023\/03\/Screenshot_20230305-0009422.png\",\"datePublished\":\"2023-03-05T03:15:20+00:00\",\"author\":{\"@id\":\"\"},\"breadcrumb\":{\"@id\":\"https:\/\/www.blogsoestado.com\/danielmatos\/em-imperatriz-deputados-prestigiam-posse-de-novos-secretarios-de-estado-do-governo-carlos-brandao\/#breadcrumb\"},\"inLanguage\":\"pt-BR\",\"potentialAction\":[{\"@type\":\"ReadAction\",\"target\":[\"https:\/\/www.blogsoestado.com\/danielmatos\/em-imperatriz-deputados-prestigiam-posse-de-novos-secretarios-de-estado-do-governo-carlos-brandao\/\"]}]},{\"@type\":\"ImageObject\",\"inLanguage\":\"pt-BR\",\"@id\":\"https:\/\/www.blogsoestado.com\/danielmatos\/em-imperatriz-deputados-prestigiam-posse-de-novos-secretarios-de-estado-do-governo-carlos-brandao\/#primaryimage\",\"url\":\"https:\/\/www.blogsoestado.com\/danielmatos\/files\/2023\/03\/Screenshot_20230305-0009422.png\",\"contentUrl\":\"https:\/\/www.blogsoestado.com\/danielmatos\/files\/2023\/03\/Screenshot_20230305-0009422.png\"},{\"@type\":\"BreadcrumbList\",\"@id\":\"https:\/\/www.blogsoestado.com\/danielmatos\/em-imperatriz-deputados-prestigiam-posse-de-novos-secretarios-de-estado-do-governo-carlos-brandao\/#breadcrumb\",\"itemListElement\":[{\"@type\":\"ListItem\",\"position\":1,\"name\":\"In\u00edcio\",\"item\":\"https:\/\/www.blogsoestado.com\/danielmatos\/\"},{\"@type\":\"ListItem\",\"position\":2,\"name\":\"Em Imperatriz, deputados prestigiam posse de novos secret\u00e1rios de Estado do governo Carlos Brand\u00e3o\"}]},{\"@type\":\"WebSite\",\"@id\":\"https:\/\/www.blogsoestado.com\/danielmatos\/#website\",\"url\":\"https:\/\/www.blogsoestado.com\/danielmatos\/\",\"name\":\"Daniel Matos\",\"description\":\"\",\"potentialAction\":[{\"@type\":\"SearchAction\",\"target\":{\"@type\":\"EntryPoint\",\"urlTemplate\":\"https:\/\/www.blogsoestado.com\/danielmatos\/?s={search_term_string}\"},\"query-input\":{\"@type\":\"PropertyValueSpecification\",\"valueRequired\":true,\"valueName\":\"search_term_string\"}}],\"inLanguage\":\"pt-BR\"}]}<\/script>\n<!-- \/ Yoast SEO plugin. -->","yoast_head_json":{"title":"Em Imperatriz, deputados prestigiam posse de novos secret\u00e1rios de Estado do governo Carlos Brand\u00e3o - Daniel Matos","robots":{"index":"index","follow":"follow","max-snippet":"max-snippet:-1","max-image-preview":"max-image-preview:large","max-video-preview":"max-video-preview:-1"},"canonical":"https:\/\/www.blogsoestado.com\/danielmatos\/em-imperatriz-deputados-prestigiam-posse-de-novos-secretarios-de-estado-do-governo-carlos-brandao\/","og_locale":"pt_BR","og_type":"article","og_title":"Em Imperatriz, deputados prestigiam posse de novos secret\u00e1rios de Estado do governo Carlos Brand\u00e3o - Daniel Matos","og_description":"A presidente da Assembleia Legislativa do Maranh\u00e3o, Iracema Vale (PSB), e outros deputados prestigiaram, neste s\u00e1bado (4), em Imperatriz, a [&hellip;]","og_url":"https:\/\/www.blogsoestado.com\/danielmatos\/em-imperatriz-deputados-prestigiam-posse-de-novos-secretarios-de-estado-do-governo-carlos-brandao\/","og_site_name":"Daniel Matos","article_published_time":"2023-03-05T03:15:20+00:00","og_image":[{"url":"https:\/\/www.blogsoestado.com\/danielmatos\/files\/2023\/03\/Screenshot_20230305-0009422.png","type":"","width":"","height":""}],"twitter_card":"summary_large_image","twitter_misc":{"Est. tempo de leitura":"4 minutos"},"schema":{"@context":"https:\/\/schema.org","@graph":[{"@type":"WebPage","@id":"https:\/\/www.blogsoestado.com\/danielmatos\/em-imperatriz-deputados-prestigiam-posse-de-novos-secretarios-de-estado-do-governo-carlos-brandao\/","url":"https:\/\/www.blogsoestado.com\/danielmatos\/em-imperatriz-deputados-prestigiam-posse-de-novos-secretarios-de-estado-do-governo-carlos-brandao\/","name":"Em Imperatriz, deputados prestigiam posse de novos secret\u00e1rios de Estado do governo Carlos Brand\u00e3o - Daniel Matos","isPartOf":{"@id":"https:\/\/www.blogsoestado.com\/danielmatos\/#website"},"primaryImageOfPage":{"@id":"https:\/\/www.blogsoestado.com\/danielmatos\/em-imperatriz-deputados-prestigiam-posse-de-novos-secretarios-de-estado-do-governo-carlos-brandao\/#primaryimage"},"image":{"@id":"https:\/\/www.blogsoestado.com\/danielmatos\/em-imperatriz-deputados-prestigiam-posse-de-novos-secretarios-de-estado-do-governo-carlos-brandao\/#primaryimage"},"thumbnailUrl":"https:\/\/www.blogsoestado.com\/danielmatos\/files\/2023\/03\/Screenshot_20230305-0009422.png","datePublished":"2023-03-05T03:15:20+00:00","author":{"@id":""},"breadcrumb":{"@id":"https:\/\/www.blogsoestado.com\/danielmatos\/em-imperatriz-deputados-prestigiam-posse-de-novos-secretarios-de-estado-do-governo-carlos-brandao\/#breadcrumb"},"inLanguage":"pt-BR","potentialAction":[{"@type":"ReadAction","target":["https:\/\/www.blogsoestado.com\/danielmatos\/em-imperatriz-deputados-prestigiam-posse-de-novos-secretarios-de-estado-do-governo-carlos-brandao\/"]}]},{"@type":"ImageObject","inLanguage":"pt-BR","@id":"https:\/\/www.blogsoestado.com\/danielmatos\/em-imperatriz-deputados-prestigiam-posse-de-novos-secretarios-de-estado-do-governo-carlos-brandao\/#primaryimage","url":"https:\/\/www.blogsoestado.com\/danielmatos\/files\/2023\/03\/Screenshot_20230305-0009422.png","contentUrl":"https:\/\/www.blogsoestado.com\/danielmatos\/files\/2023\/03\/Screenshot_20230305-0009422.png"},{"@type":"BreadcrumbList","@id":"https:\/\/www.blogsoestado.com\/danielmatos\/em-imperatriz-deputados-prestigiam-posse-de-novos-secretarios-de-estado-do-governo-carlos-brandao\/#breadcrumb","itemListElement":[{"@type":"ListItem","position":1,"name":"In\u00edcio","item":"https:\/\/www.blogsoestado.com\/danielmatos\/"},{"@type":"ListItem","position":2,"name":"Em Imperatriz, deputados prestigiam posse de novos secret\u00e1rios de Estado do governo Carlos Brand\u00e3o"}]},{"@type":"WebSite","@id":"https:\/\/www.blogsoestado.com\/danielmatos\/#website","url":"https:\/\/www.blogsoestado.com\/danielmatos\/","name":"Daniel Matos","description":"","potentialAction":[{"@type":"SearchAction","target":{"@type":"EntryPoint","urlTemplate":"https:\/\/www.blogsoestado.com\/danielmatos\/?s={search_term_string}"},"query-input":{"@type":"PropertyValueSpecification","valueRequired":true,"valueName":"search_term_string"}}],"inLanguage":"pt-BR"}]}},"jetpack_featured_media_url":"","_links":{"self":[{"href":"https:\/\/www.blogsoestado.com\/danielmatos\/wp-json\/wp\/v2\/posts\/106761","targetHints":{"allow":["GET"]}}],"collection":[{"href":"https:\/\/www.blogsoestado.com\/danielmatos\/wp-json\/wp\/v2\/posts"}],"about":[{"href":"https:\/\/www.blogsoestado.com\/danielmatos\/wp-json\/wp\/v2\/types\/post"}],"replies":[{"embeddable":true,"href":"https:\/\/www.blogsoestado.com\/danielmatos\/wp-json\/wp\/v2\/comments?post=106761"}],"version-history":[{"count":0,"href":"https:\/\/www.blogsoestado.com\/danielmatos\/wp-json\/wp\/v2\/posts\/106761\/revisions"}],"wp:attachment":[{"href":"https:\/\/www.blogsoestado.com\/danielmatos\/wp-json\/wp\/v2\/media?parent=106761"}],"wp:term":[{"taxonomy":"category","embeddable":true,"href":"https:\/\/www.blogsoestado.com\/danielmatos\/wp-json\/wp\/v2\/categories?post=106761"},{"taxonomy":"post_tag","embeddable":true,"href":"https:\/\/www.blogsoestado.com\/danielmatos\/wp-json\/wp\/v2\/tags?post=106761"}],"curies":[{"name":"wp","href":"https:\/\/api.w.org\/{rel}","templated":true}]}}