{"id":106770,"date":"2023-03-05T06:00:00","date_gmt":"2023-03-05T09:00:00","guid":{"rendered":"https:\/\/www.blogsoestado.com\/danielmatos\/?p=106770"},"modified":"2023-03-05T06:00:00","modified_gmt":"2023-03-05T09:00:00","slug":"governo-federal-corta-mais-de-53-mil-beneficios-do-bolsa-familia-no-maranhao","status":"publish","type":"post","link":"https:\/\/www.blogsoestado.com\/danielmatos\/governo-federal-corta-mais-de-53-mil-beneficios-do-bolsa-familia-no-maranhao\/","title":{"rendered":"Governo Federal corta mais de 53 mil benef\u00edcios do Bolsa Fam\u00edlia no Maranh\u00e3o"},"content":{"rendered":"\n<div class=\"wp-block-image\"><figure class=\"aligncenter size-large\"><a href=\"https:\/\/www.blogsoestado.com\/danielmatos\/files\/2023\/03\/Screenshot_20230305-0147312.png\"><img decoding=\"async\" src=\"https:\/\/www.blogsoestado.com\/danielmatos\/files\/2023\/03\/Screenshot_20230305-0147312.png\" alt=\"\" class=\"wp-image-106771\"\/><\/a><\/figure><\/div>\n\n\n\n<div class=\"wp-block-image\"><figure class=\"alignleft size-large\"><a href=\"https:\/\/www.blogsoestado.com\/danielmatos\/files\/2015\/06\/exclusivo.jpg\"><img decoding=\"async\" src=\"https:\/\/www.blogsoestado.com\/danielmatos\/files\/2015\/06\/exclusivo.jpg\" alt=\"\" class=\"wp-image-24706\"\/><\/a><figcaption>,<\/figcaption><\/figure><\/div>\n\n\n\n<p>Relan\u00e7ado no dia 2 deste m\u00eas, o Programa Bolsa Fam\u00edlia (PBF) iniciar\u00e1 os pagamentos no pr\u00f3ximo dia 20, e registrar\u00e1 um corte expressivo do n\u00famero de benefici\u00e1rios no Maranh\u00e3o. Nada menos do que 53.183 fam\u00edlias tiveram o aux\u00edlio cancelado por n\u00e3o se enquadrarem, segundo o Governo Federal, nos crit\u00e9rios de transfer\u00eancia de renda direta que definem o perfil da parcela mais pobre da popula\u00e7\u00e3o brasileira.<\/p>\n\n\n\n<p>A quantidade de fam\u00edlias inclu\u00eddas no benef\u00edcio no Maranh\u00e3o corresponde a pouco mais da metade do contingente que deixou de ser atendido no estado: 27.933. O Minist\u00e9rio do Desenvolvimento e Assist\u00eancia Social, Fam\u00edlia e Combate \u00e0 Fome (MDS), gestor do programa, anunciou, ainda, o pagamento de R$ 150,00 extras a 14.221 crian\u00e7as de 0 a 6 anos no estado a partir deste m\u00eas.<\/p>\n\n\n\n<p>No ranking nacional do n\u00famero de benef\u00edcios cancelados, no qual est\u00e3o listadas as 27 unidades da federa\u00e7\u00e3o , o Maranh\u00e3o ocupa a 9\u00aa posi\u00e7\u00e3o, atr\u00e1s de S\u00e3o Paulo, Bahia, Rio de Janeiro, Minas Gerais, Pernambuco, Cear\u00e1, Rio Grande do Sul e Paran\u00e1. Em rela\u00e7\u00e3o ao Nordeste, o estado \u00e9 o 4\u00ba colocado, com n\u00famero maior de cortes que a Para\u00edba, Alagoas, Piau\u00ed, Rio Grande do Norte e Sergipe.<\/p>\n\n\n\n<p>Vale destacar que o Maranh\u00e3o supera, em n\u00famero de cancelamentos, duas regi\u00f5es inteiras: Norte e Centro-Oeste, que juntas somam 11 unidades da federa\u00e7\u00e3o, duas delas com popula\u00e7\u00e3o expressiva: Par\u00e1 e Goi\u00e1s.<\/p>\n\n\n\n<p><strong>Panorama nacional<\/strong><\/p>\n\n\n\n<p>Em todo o Brasil, a estimativa para a folha de pagamento de mar\u00e7o \u00e9 da inclus\u00e3o de 694.245 fam\u00edlias que preenchiam os requisitos e estavam fora da lista de benefici\u00e1rios at\u00e9 ent\u00e3o. Nessas fam\u00edlias h\u00e1 335.682 crian\u00e7as de zero a seis anos. Ao todo, ser\u00e3o 8,9 milh\u00f5es de crian\u00e7as nessa faixa et\u00e1ria&nbsp;que j\u00e1 recebem neste m\u00eas o adicional de R$ 150, totalizando um investimento federal de R$ 1,34 bilh\u00e3o para o grupo.<\/p>\n\n\n\n<p>Tamb\u00e9m para mar\u00e7o, a estimativa do MDS \u00e9 que saiam do programa 1.479.916 fam\u00edlias, que n\u00e3o se enquadram no crit\u00e9rio de renda do Bolsa Fam\u00edlia.<\/p>\n\n\n\n<p>Abaixo, o n\u00famero de cortes de benef\u00edcios na regi\u00e3o Nordeste, por estado:<\/p>\n\n\n\n<div class=\"wp-block-image\"><figure class=\"aligncenter size-large\"><a href=\"https:\/\/www.blogsoestado.com\/danielmatos\/files\/2023\/03\/Screenshot_20230305-0107242.png\"><img decoding=\"async\" src=\"https:\/\/www.blogsoestado.com\/danielmatos\/files\/2023\/03\/Screenshot_20230305-0107242.png\" alt=\"\" class=\"wp-image-106772\"\/><\/a><\/figure><\/div>\n\n\n\n<p><strong>Saiba mais <a href=\"https:\/\/www.gov.br\/cidadania\/pt-br\/noticias-e-conteudos\/desenvolvimento-social\/noticias-desenvolvimento-social\/acrescimo-R%24150-chega-a-mais-de-8%2C9-milhoes-de-criancas\">aqui<\/a><\/strong>.<\/p>\n","protected":false},"excerpt":{"rendered":"<p>Relan\u00e7ado no dia 2 deste m\u00eas, o Programa Bolsa Fam\u00edlia (PBF) iniciar\u00e1 os pagamentos no pr\u00f3ximo dia 20, e registrar\u00e1 [&hellip;]<\/p>\n","protected":false},"author":0,"featured_media":0,"comment_status":"open","ping_status":"open","sticky":false,"template":"","format":"standard","meta":{"site-sidebar-layout":"default","site-content-layout":"","ast-site-content-layout":"default","site-content-style":"default","site-sidebar-style":"default","ast-global-header-display":"","ast-banner-title-visibility":"","ast-main-header-display":"","ast-hfb-above-header-display":"","ast-hfb-below-header-display":"","ast-hfb-mobile-header-display":"","site-post-title":"","ast-breadcrumbs-content":"","ast-featured-img":"","footer-sml-layout":"","ast-disable-related-posts":"","theme-transparent-header-meta":"","adv-header-id-meta":"","stick-header-meta":"","header-above-stick-meta":"","header-main-stick-meta":"","header-below-stick-meta":"","astra-migrate-meta-layouts":"default","ast-page-background-enabled":"default","ast-page-background-meta":{"desktop":{"background-color":"var(--ast-global-color-5)","background-image":"","background-repeat":"repeat","background-position":"center center","background-size":"auto","background-attachment":"scroll","background-type":"","background-media":"","overlay-type":"","overlay-color":"","overlay-opacity":"","overlay-gradient":""},"tablet":{"background-color":"","background-image":"","background-repeat":"repeat","background-position":"center center","background-size":"auto","background-attachment":"scroll","background-type":"","background-media":"","overlay-type":"","overlay-color":"","overlay-opacity":"","overlay-gradient":""},"mobile":{"background-color":"","background-image":"","background-repeat":"repeat","background-position":"center center","background-size":"auto","background-attachment":"scroll","background-type":"","background-media":"","overlay-type":"","overlay-color":"","overlay-opacity":"","overlay-gradient":""}},"ast-content-background-meta":{"desktop":{"background-color":"var(--ast-global-color-4)","background-image":"","background-repeat":"repeat","background-position":"center center","background-size":"auto","background-attachment":"scroll","background-type":"","background-media":"","overlay-type":"","overlay-color":"","overlay-opacity":"","overlay-gradient":""},"tablet":{"background-color":"var(--ast-global-color-4)","background-image":"","background-repeat":"repeat","background-position":"center center","background-size":"auto","background-attachment":"scroll","background-type":"","background-media":"","overlay-type":"","overlay-color":"","overlay-opacity":"","overlay-gradient":""},"mobile":{"background-color":"var(--ast-global-color-4)","background-image":"","background-repeat":"repeat","background-position":"center center","background-size":"auto","background-attachment":"scroll","background-type":"","background-media":"","overlay-type":"","overlay-color":"","overlay-opacity":"","overlay-gradient":""}},"footnotes":""},"categories":[1],"tags":[],"class_list":["post-106770","post","type-post","status-publish","format-standard","hentry","category-sem-categoria"],"yoast_head":"<!-- This site is optimized with the Yoast SEO plugin v26.6 - https:\/\/yoast.com\/wordpress\/plugins\/seo\/ -->\n<title>Governo Federal corta mais de 53 mil benef\u00edcios do Bolsa Fam\u00edlia no Maranh\u00e3o - Daniel Matos<\/title>\n<meta name=\"robots\" content=\"index, follow, max-snippet:-1, max-image-preview:large, max-video-preview:-1\" \/>\n<link rel=\"canonical\" href=\"https:\/\/www.blogsoestado.com\/danielmatos\/governo-federal-corta-mais-de-53-mil-beneficios-do-bolsa-familia-no-maranhao\/\" \/>\n<meta property=\"og:locale\" content=\"pt_BR\" \/>\n<meta property=\"og:type\" content=\"article\" \/>\n<meta property=\"og:title\" content=\"Governo Federal corta mais de 53 mil benef\u00edcios do Bolsa Fam\u00edlia no Maranh\u00e3o - Daniel Matos\" \/>\n<meta property=\"og:description\" content=\"Relan\u00e7ado no dia 2 deste m\u00eas, o Programa Bolsa Fam\u00edlia (PBF) iniciar\u00e1 os pagamentos no pr\u00f3ximo dia 20, e registrar\u00e1 [&hellip;]\" \/>\n<meta property=\"og:url\" content=\"https:\/\/www.blogsoestado.com\/danielmatos\/governo-federal-corta-mais-de-53-mil-beneficios-do-bolsa-familia-no-maranhao\/\" \/>\n<meta property=\"og:site_name\" content=\"Daniel Matos\" \/>\n<meta property=\"article:published_time\" content=\"2023-03-05T09:00:00+00:00\" \/>\n<meta property=\"og:image\" content=\"https:\/\/www.blogsoestado.com\/danielmatos\/files\/2023\/03\/Screenshot_20230305-0147312.png\" \/>\n<meta name=\"twitter:card\" content=\"summary_large_image\" \/>\n<meta name=\"twitter:label1\" content=\"Est. tempo de leitura\" \/>\n\t<meta name=\"twitter:data1\" content=\"3 minutos\" \/>\n<script type=\"application\/ld+json\" class=\"yoast-schema-graph\">{\"@context\":\"https:\/\/schema.org\",\"@graph\":[{\"@type\":\"WebPage\",\"@id\":\"https:\/\/www.blogsoestado.com\/danielmatos\/governo-federal-corta-mais-de-53-mil-beneficios-do-bolsa-familia-no-maranhao\/\",\"url\":\"https:\/\/www.blogsoestado.com\/danielmatos\/governo-federal-corta-mais-de-53-mil-beneficios-do-bolsa-familia-no-maranhao\/\",\"name\":\"Governo Federal corta mais de 53 mil benef\u00edcios do Bolsa Fam\u00edlia no Maranh\u00e3o - Daniel Matos\",\"isPartOf\":{\"@id\":\"https:\/\/www.blogsoestado.com\/danielmatos\/#website\"},\"primaryImageOfPage\":{\"@id\":\"https:\/\/www.blogsoestado.com\/danielmatos\/governo-federal-corta-mais-de-53-mil-beneficios-do-bolsa-familia-no-maranhao\/#primaryimage\"},\"image\":{\"@id\":\"https:\/\/www.blogsoestado.com\/danielmatos\/governo-federal-corta-mais-de-53-mil-beneficios-do-bolsa-familia-no-maranhao\/#primaryimage\"},\"thumbnailUrl\":\"https:\/\/www.blogsoestado.com\/danielmatos\/files\/2023\/03\/Screenshot_20230305-0147312.png\",\"datePublished\":\"2023-03-05T09:00:00+00:00\",\"author\":{\"@id\":\"\"},\"breadcrumb\":{\"@id\":\"https:\/\/www.blogsoestado.com\/danielmatos\/governo-federal-corta-mais-de-53-mil-beneficios-do-bolsa-familia-no-maranhao\/#breadcrumb\"},\"inLanguage\":\"pt-BR\",\"potentialAction\":[{\"@type\":\"ReadAction\",\"target\":[\"https:\/\/www.blogsoestado.com\/danielmatos\/governo-federal-corta-mais-de-53-mil-beneficios-do-bolsa-familia-no-maranhao\/\"]}]},{\"@type\":\"ImageObject\",\"inLanguage\":\"pt-BR\",\"@id\":\"https:\/\/www.blogsoestado.com\/danielmatos\/governo-federal-corta-mais-de-53-mil-beneficios-do-bolsa-familia-no-maranhao\/#primaryimage\",\"url\":\"https:\/\/www.blogsoestado.com\/danielmatos\/files\/2023\/03\/Screenshot_20230305-0147312.png\",\"contentUrl\":\"https:\/\/www.blogsoestado.com\/danielmatos\/files\/2023\/03\/Screenshot_20230305-0147312.png\"},{\"@type\":\"BreadcrumbList\",\"@id\":\"https:\/\/www.blogsoestado.com\/danielmatos\/governo-federal-corta-mais-de-53-mil-beneficios-do-bolsa-familia-no-maranhao\/#breadcrumb\",\"itemListElement\":[{\"@type\":\"ListItem\",\"position\":1,\"name\":\"In\u00edcio\",\"item\":\"https:\/\/www.blogsoestado.com\/danielmatos\/\"},{\"@type\":\"ListItem\",\"position\":2,\"name\":\"Governo Federal corta mais de 53 mil benef\u00edcios do Bolsa Fam\u00edlia no Maranh\u00e3o\"}]},{\"@type\":\"WebSite\",\"@id\":\"https:\/\/www.blogsoestado.com\/danielmatos\/#website\",\"url\":\"https:\/\/www.blogsoestado.com\/danielmatos\/\",\"name\":\"Daniel Matos\",\"description\":\"\",\"potentialAction\":[{\"@type\":\"SearchAction\",\"target\":{\"@type\":\"EntryPoint\",\"urlTemplate\":\"https:\/\/www.blogsoestado.com\/danielmatos\/?s={search_term_string}\"},\"query-input\":{\"@type\":\"PropertyValueSpecification\",\"valueRequired\":true,\"valueName\":\"search_term_string\"}}],\"inLanguage\":\"pt-BR\"}]}<\/script>\n<!-- \/ Yoast SEO plugin. -->","yoast_head_json":{"title":"Governo Federal corta mais de 53 mil benef\u00edcios do Bolsa Fam\u00edlia no Maranh\u00e3o - Daniel Matos","robots":{"index":"index","follow":"follow","max-snippet":"max-snippet:-1","max-image-preview":"max-image-preview:large","max-video-preview":"max-video-preview:-1"},"canonical":"https:\/\/www.blogsoestado.com\/danielmatos\/governo-federal-corta-mais-de-53-mil-beneficios-do-bolsa-familia-no-maranhao\/","og_locale":"pt_BR","og_type":"article","og_title":"Governo Federal corta mais de 53 mil benef\u00edcios do Bolsa Fam\u00edlia no Maranh\u00e3o - Daniel Matos","og_description":"Relan\u00e7ado no dia 2 deste m\u00eas, o Programa Bolsa Fam\u00edlia (PBF) iniciar\u00e1 os pagamentos no pr\u00f3ximo dia 20, e registrar\u00e1 [&hellip;]","og_url":"https:\/\/www.blogsoestado.com\/danielmatos\/governo-federal-corta-mais-de-53-mil-beneficios-do-bolsa-familia-no-maranhao\/","og_site_name":"Daniel Matos","article_published_time":"2023-03-05T09:00:00+00:00","og_image":[{"url":"https:\/\/www.blogsoestado.com\/danielmatos\/files\/2023\/03\/Screenshot_20230305-0147312.png","type":"","width":"","height":""}],"twitter_card":"summary_large_image","twitter_misc":{"Est. tempo de leitura":"3 minutos"},"schema":{"@context":"https:\/\/schema.org","@graph":[{"@type":"WebPage","@id":"https:\/\/www.blogsoestado.com\/danielmatos\/governo-federal-corta-mais-de-53-mil-beneficios-do-bolsa-familia-no-maranhao\/","url":"https:\/\/www.blogsoestado.com\/danielmatos\/governo-federal-corta-mais-de-53-mil-beneficios-do-bolsa-familia-no-maranhao\/","name":"Governo Federal corta mais de 53 mil benef\u00edcios do Bolsa Fam\u00edlia no Maranh\u00e3o - Daniel Matos","isPartOf":{"@id":"https:\/\/www.blogsoestado.com\/danielmatos\/#website"},"primaryImageOfPage":{"@id":"https:\/\/www.blogsoestado.com\/danielmatos\/governo-federal-corta-mais-de-53-mil-beneficios-do-bolsa-familia-no-maranhao\/#primaryimage"},"image":{"@id":"https:\/\/www.blogsoestado.com\/danielmatos\/governo-federal-corta-mais-de-53-mil-beneficios-do-bolsa-familia-no-maranhao\/#primaryimage"},"thumbnailUrl":"https:\/\/www.blogsoestado.com\/danielmatos\/files\/2023\/03\/Screenshot_20230305-0147312.png","datePublished":"2023-03-05T09:00:00+00:00","author":{"@id":""},"breadcrumb":{"@id":"https:\/\/www.blogsoestado.com\/danielmatos\/governo-federal-corta-mais-de-53-mil-beneficios-do-bolsa-familia-no-maranhao\/#breadcrumb"},"inLanguage":"pt-BR","potentialAction":[{"@type":"ReadAction","target":["https:\/\/www.blogsoestado.com\/danielmatos\/governo-federal-corta-mais-de-53-mil-beneficios-do-bolsa-familia-no-maranhao\/"]}]},{"@type":"ImageObject","inLanguage":"pt-BR","@id":"https:\/\/www.blogsoestado.com\/danielmatos\/governo-federal-corta-mais-de-53-mil-beneficios-do-bolsa-familia-no-maranhao\/#primaryimage","url":"https:\/\/www.blogsoestado.com\/danielmatos\/files\/2023\/03\/Screenshot_20230305-0147312.png","contentUrl":"https:\/\/www.blogsoestado.com\/danielmatos\/files\/2023\/03\/Screenshot_20230305-0147312.png"},{"@type":"BreadcrumbList","@id":"https:\/\/www.blogsoestado.com\/danielmatos\/governo-federal-corta-mais-de-53-mil-beneficios-do-bolsa-familia-no-maranhao\/#breadcrumb","itemListElement":[{"@type":"ListItem","position":1,"name":"In\u00edcio","item":"https:\/\/www.blogsoestado.com\/danielmatos\/"},{"@type":"ListItem","position":2,"name":"Governo Federal corta mais de 53 mil benef\u00edcios do Bolsa Fam\u00edlia no Maranh\u00e3o"}]},{"@type":"WebSite","@id":"https:\/\/www.blogsoestado.com\/danielmatos\/#website","url":"https:\/\/www.blogsoestado.com\/danielmatos\/","name":"Daniel Matos","description":"","potentialAction":[{"@type":"SearchAction","target":{"@type":"EntryPoint","urlTemplate":"https:\/\/www.blogsoestado.com\/danielmatos\/?s={search_term_string}"},"query-input":{"@type":"PropertyValueSpecification","valueRequired":true,"valueName":"search_term_string"}}],"inLanguage":"pt-BR"}]}},"jetpack_featured_media_url":"","_links":{"self":[{"href":"https:\/\/www.blogsoestado.com\/danielmatos\/wp-json\/wp\/v2\/posts\/106770","targetHints":{"allow":["GET"]}}],"collection":[{"href":"https:\/\/www.blogsoestado.com\/danielmatos\/wp-json\/wp\/v2\/posts"}],"about":[{"href":"https:\/\/www.blogsoestado.com\/danielmatos\/wp-json\/wp\/v2\/types\/post"}],"replies":[{"embeddable":true,"href":"https:\/\/www.blogsoestado.com\/danielmatos\/wp-json\/wp\/v2\/comments?post=106770"}],"version-history":[{"count":0,"href":"https:\/\/www.blogsoestado.com\/danielmatos\/wp-json\/wp\/v2\/posts\/106770\/revisions"}],"wp:attachment":[{"href":"https:\/\/www.blogsoestado.com\/danielmatos\/wp-json\/wp\/v2\/media?parent=106770"}],"wp:term":[{"taxonomy":"category","embeddable":true,"href":"https:\/\/www.blogsoestado.com\/danielmatos\/wp-json\/wp\/v2\/categories?post=106770"},{"taxonomy":"post_tag","embeddable":true,"href":"https:\/\/www.blogsoestado.com\/danielmatos\/wp-json\/wp\/v2\/tags?post=106770"}],"curies":[{"name":"wp","href":"https:\/\/api.w.org\/{rel}","templated":true}]}}