{"id":106775,"date":"2023-03-05T03:11:25","date_gmt":"2023-03-05T06:11:25","guid":{"rendered":"https:\/\/www.blogsoestado.com\/danielmatos\/?p=106775"},"modified":"2023-03-05T03:11:25","modified_gmt":"2023-03-05T06:11:25","slug":"em-imperatriz-governador-brandao-empossa-novo-secretariado-estadual-e-anuncia-obras-a-regiao-tocantina","status":"publish","type":"post","link":"https:\/\/www.blogsoestado.com\/danielmatos\/em-imperatriz-governador-brandao-empossa-novo-secretariado-estadual-e-anuncia-obras-a-regiao-tocantina\/","title":{"rendered":"Em Imperatriz, governador Brand\u00e3o empossa novo secretariado estadual e anuncia obras \u00e0 Regi\u00e3o Tocantina"},"content":{"rendered":"\n<div class=\"wp-block-image\"><figure class=\"aligncenter size-large\"><a href=\"https:\/\/www.blogsoestado.com\/danielmatos\/files\/2023\/03\/Screenshot_20230305-0259432.png\"><img decoding=\"async\" src=\"https:\/\/www.blogsoestado.com\/danielmatos\/files\/2023\/03\/Screenshot_20230305-0259432.png\" alt=\"\" class=\"wp-image-106779\"\/><\/a><figcaption>Carlos Brand\u00e3o anuncia obras para a Regi\u00e3o Tocantina no ato de posse do seu secretariado (<strong>Foto: <\/strong>Brunno Carvalho)<\/figcaption><\/figure><\/div>\n\n\n\n<p>O governador Carlos Brand\u00e3o empossou, neste s\u00e1bado (4), no Centro de Conven\u00e7\u00f5es de Imperatriz, os titulares de 56 cargos na sua nova gest\u00e3o, entre secret\u00e1rios de Estado e presidentes de autarquias. Os an\u00fancios, iniciados pelo governador desde a semana passada, comunicaram altera\u00e7\u00f5es em 31 cargos e a perman\u00eancia de gestores em outros 25.<\/p>\n\n\n\n<p>A escolha da cidade de Imperatriz para a realiza\u00e7\u00e3o do ato \u00e9 mais uma iniciativa do governador em fortalecimento ao municipalismo no Maranh\u00e3o. Durante a solenidade, Carlos Brand\u00e3o anunciou uma s\u00e9rie de benfeitorias \u00e0 Regi\u00e3o Tocantina, nas \u00e1reas de infraestrutura e sa\u00fade. Na ocasi\u00e3o, tamb\u00e9m lan\u00e7ou a nova logomarca do Governo do Maranh\u00e3o.<\/p>\n\n\n\n<p>Em comemora\u00e7\u00e3o, o evento governamental na \u2018Princesa do Tocantins\u2019 contou com programa\u00e7\u00e3o cultural na Beira-Rio da cidade, com os shows de Diego e Victor Hugo, Forr\u00f3 de Elite, Baile TDN, Quadrilha Matutos do Rei e DJ Waguim.<\/p>\n\n\n\n<p>\u201cA gente sabe da dificuldade financeira que os munic\u00edpios passam, por isso, desde que assumimos o Governo temos trazido conosco as palavras \u2018Municipalismo\u2019 e &#8216;Parceria&#8217;. Temos o entendimento de que nenhum munic\u00edpio e nenhum estado avan\u00e7a sem que haja parceria, ent\u00e3o precisamos trabalhar unidos, independentemente de quest\u00f5es pol\u00edtico partid\u00e1rias ou ideol\u00f3gicas\u201d, comunicou o governador Carlos Brand\u00e3o.<\/p>\n\n\n\n<div class=\"wp-block-image\"><figure class=\"aligncenter size-large\"><a href=\"https:\/\/www.blogsoestado.com\/danielmatos\/files\/2023\/03\/Screenshot_20230305-0251302.png\"><img decoding=\"async\" src=\"https:\/\/www.blogsoestado.com\/danielmatos\/files\/2023\/03\/Screenshot_20230305-0251302.png\" alt=\"\" class=\"wp-image-106776\"\/><\/a><figcaption>Brand\u00e3o com a primeira-dama, Larissa, na cerim\u00f4nia de posse do seu secretariado ao lado do vice-governador e secret\u00e1rio de Estado da Educa\u00e7\u00e3o, Felipe Camar\u00e3o, e da presidente da Assembleia Legislativa, Iracema Vale <\/figcaption><\/figure><\/div>\n\n\n\n<p>O governador explica que o empossamento realizado em Imperatriz simboliza a presen\u00e7a da gest\u00e3o estadual em todos os munic\u00edpios maranhenses, e destaca que para compor o novo secretariado foram privilegiados os nomes mais qualificados tecnicamente.<\/p>\n\n\n\n<p>\u201cA gente tem que entender que o Governo n\u00e3o acontece somente no Pal\u00e1cio dos Le\u00f5es, precisamos simbolizar que o nosso Governo acontece nos 217 munic\u00edpios. Ap\u00f3s muitos detalhes e discuss\u00f5es, pudemos escolher nomes que eu considero extremamente qualificados\u201d, explicou Carlos.<\/p>\n\n\n\n<p>O novo secret\u00e1rio de Estado da Comunica\u00e7\u00e3o (Secom), S\u00e9rgio Macedo, se comprometeu a fortalecer o perfil municipalista do Governo Brand\u00e3o, em assist\u00eancia \u00e0s cidades maranhenses &nbsp;e no refor\u00e7o aos di\u00e1logos junto \u00e0 sociedade civil, prefeitos, vereadores e demais lideran\u00e7as.<\/p>\n\n\n\n<p>\u201cO Maranh\u00e3o \u00e9 um estado bastante rural, que depende muito do governo maior, da esfera mais elevada de governo. Ent\u00e3o, o municipalismo resolve muito, a grande maioria dos munic\u00edpios depende de recursos que n\u00e3o vem naturalmente da arrecada\u00e7\u00e3o pr\u00f3pria, mas sim dos recursos constitucionais\u201d, pontuou Macedo.<\/p>\n\n\n\n<p>O secret\u00e1rio de Estado de Articula\u00e7\u00e3o Pol\u00edtica (Secap), Rubens Pereira, elogia a atitude in\u00e9dita do governador em empossar os titulares em Imperatriz, e explica que a iniciativa mostra n\u00e3o s\u00f3 aos secret\u00e1rios, mas para todo o Estado, que o Governo Brand\u00e3o trabalhar\u00e1 de forma descentralizada e dar\u00e1 apoio a todos, independentemente.<\/p>\n\n\n\n<p>\u201cFoi uma ideia brilhante essa de come\u00e7ar descentralizando o Governo j\u00e1 na posse dos secret\u00e1rios. Com isso, entendo que o governador quer dizer que somos secret\u00e1rios do estado inteiro, n\u00e3o s\u00f3 de S\u00e3o Lu\u00eds, que devemos colocar o p\u00e9 na estrada e conversar com todos\u201d, explicou Rubens.<\/p>\n\n\n\n<div class=\"wp-block-image\"><figure class=\"aligncenter size-large\"><a href=\"https:\/\/www.blogsoestado.com\/danielmatos\/files\/2023\/03\/Screenshot_20230305-0254012.png\"><img decoding=\"async\" src=\"https:\/\/www.blogsoestado.com\/danielmatos\/files\/2023\/03\/Screenshot_20230305-0254012.png\" alt=\"\" class=\"wp-image-106777\"\/><\/a><figcaption>Carlos Brand\u00e3o com os membros da equipe de governo empossados na solenidade no Centro de Conven\u00e7\u00f5es de Imperatriz<\/figcaption><\/figure><\/div>\n\n\n\n<p><strong>Mudan\u00e7a de titulares<\/strong><\/p>\n\n\n\n<p>Entre as novidades est\u00e1 a Secretaria de Estado da Educa\u00e7\u00e3o (Seduc), que ter\u00e1 como gestor o vice-governador Felipe Camar\u00e3o. As altera\u00e7\u00f5es se estenderam \u00e0s secretarias como Agricultura Pecu\u00e1ria e Pesca (Sagrima), Diego Rolim; Agricultura Familiar (Saf), Bira do Pindar\u00e9; Ci\u00eancia, Tecnologia e Inova\u00e7\u00e3o (Secti), Natassia Weba; Comunica\u00e7\u00e3o (Secom), S\u00e9rgio Macedo; Cultura (Secma), Paulo Victor; Gest\u00e3o, Patrim\u00f4nio e Assist\u00eancia dos Servidores (Segep), Guilberth Garc\u00eas; Secretaria da Mulher (Semu), Abigail Cunha; Secretaria de Estado de Governo (Segov), M\u00e1rcio Machado.<\/p>\n\n\n\n<p>Seguidamente, Ind\u00fastria e Com\u00e9rcio do Maranh\u00e3o (Seinc), J\u00fanior Marreca; Meio Ambiente e Recursos Naturais (Sema), Pedro Chagas; Monitoramento de A\u00e7\u00f5es Governamentais (Semag), Alberto Bastos; Pesca e Aquicultura (Sepaq), Edson Ara\u00fajo; Representa\u00e7\u00e3o Institucional do Maranh\u00e3o em Bras\u00edlia (Rebras), Othelino Neto; Planejamento e Or\u00e7amento (Seplan), Vinicius Ferro; Trabalho e Economia Solid\u00e1ria (Setres), Luiz Henrique; Turismo (Setur), Socorro Ara\u00fajo; Direitos Humanos e Participa\u00e7\u00e3o Popular (Sedihpop), Lilia Raquel; Secretaria-Geral de Governadoria (SGG), Lu\u00eds Fernando.<\/p>\n\n\n\n<p>O governador tamb\u00e9m determinou altern\u00e2ncia de 12 gestores nas presid\u00eancias de autarquias e diretorias de \u00f3rg\u00e3os. S\u00e3o estes os novos l\u00edderes: Ag\u00eancia Estadual de Mobilidade Urbana e Servi\u00e7os P\u00fablicos (MOB), Adriano Sarney; Ag\u00eancia Estadual de Pesquisa Agropecu\u00e1ria e Extens\u00e3o Rural do Maranh\u00e3o (Agerp), Sandro Montenegro; Ag\u00eancia Executiva Metropolitana do Sudoeste Maranhense (AgemSul), Vagtonio dos Santos; Chefe da Assessoria Especial da Secretaria de Estado da Educa\u00e7\u00e3o (Seduc), Odair Jos\u00e9; e Diretoria-geral do Instituto Estadual de Educa\u00e7\u00e3o, Ci\u00eancia e Tecnologia do Maranh\u00e3o (Iema), Cricielle Muniz.<\/p>\n\n\n\n<p>Para a Empresa Maranhense de Administra\u00e7\u00e3o Portu\u00e1ria (Emap), Gilberto Lins; Escola de Governo do Maranh\u00e3o (Egma), Leuzinete Pereira; Funda\u00e7\u00e3o de Amparo \u00e0 Pesquisa e ao Desenvolvimento Cient\u00edfico e Tecnol\u00f3gico do Maranh\u00e3o (Fapema), Nordman Wall; Instituto de Metrologia e Qualidade Industrial do Maranh\u00e3o (Inmeq), Eliel Gama; Instituto de Previd\u00eancia dos Servidores do Estado do Maranh\u00e3o (Iprev), Raysa Queiroz; Instituto Maranhense de Estudos Socioecon\u00f4micos e Cartogr\u00e1ficos (Imesc), Dionatan Carvalho; e Maranh\u00e3o Parcerias (Mapa), Cassiano Pereira J\u00fanior.<\/p>\n\n\n\n<div class=\"wp-block-image\"><figure class=\"aligncenter size-large\"><a href=\"https:\/\/www.blogsoestado.com\/danielmatos\/files\/2023\/03\/Screenshot_20230305-0306072.png\"><img decoding=\"async\" src=\"https:\/\/www.blogsoestado.com\/danielmatos\/files\/2023\/03\/Screenshot_20230305-0306072.png\" alt=\"\" class=\"wp-image-106780\"\/><\/a><figcaption>Brand\u00e3o com a presidente da Assembleia Legislativa, Iracema Vale, o deputado estadual Ant\u00f4nio Pereira e lideran\u00e7as populares, que exibiram cartazes com mensagens de esperan\u00e7a em seu governo<\/figcaption><\/figure><\/div>\n\n\n\n<p><strong>Permanecem em suas pastas<\/strong><\/p>\n\n\n\n<p>Entre secretarias e autarquias, o governador Carlos Brand\u00e3o decidiu manter 25 titulares nos postos em que ocupavam desde a sua ascens\u00e3o ao Governo do Maranh\u00e3o, em abril de 2022. O quadro de permanentes em secretarias de estado segue desta forma: Secretaria de Estado da Fazenda (Sefaz), Marcellus Alves; Infraestrutura (Sinfra), Apar\u00edcio Bandeira; e Sa\u00fade (SES), Tiago Fernandes.<\/p>\n\n\n\n<p>Na Secretaria de Estado das Cidades e Desenvolvimento Urbano (Secid) ficou com Joslene Rodrigues; Administra\u00e7\u00e3o Penitenci\u00e1ria (Seap), Murilo Andrade; Articula\u00e7\u00e3o Pol\u00edtica (Secap), Rubens Pereira; Desenvolvimento Econ\u00f4mico e Programas Estrat\u00e9gicos (Sedepe), Jos\u00e9 Reinaldo Tavares; Desenvolvimento Social (Sedes), Paulo Cas\u00e9; Transpar\u00eancia e Controle (STC), Raul Mochel; Esporte e Lazer (Sedel), Naldir Lopes.<\/p>\n\n\n\n<p>Quanto \u00e0s presid\u00eancias de autarquias e diretorias de \u00f3rg\u00e3os de estado, o quadro de permanentes segue desta forma: Ag\u00eancia Executiva Metropolitana (Agem), Le\u00f4nidas Ara\u00fajo; Casa Civil, Sebasti\u00e3o Madeira; Casa da Mulher Brasileira, Susan Lucena; Chefe do Cerimonial, Wallqu\u00edria Moraes; Chefe do Gabinete do Governador, Luzia Waquim; Comando-Geral do Corpo de Bombeiros Militar do Maranh\u00e3o (CBMMA), Coronel C\u00e9lio Roberto; Companhia de Saneamento Ambiental do Maranh\u00e3o (Caema), Marcos Aur\u00e9lio Freitas.<\/p>\n\n\n\n<p>A Companhia Maranhense de G\u00e1s (Gasmar) ficou com Allan Kardec; Departamento de Tr\u00e2nsito do Maranh\u00e3o (Detran), Hewerton Pereira; Empresa Maranhense de Servi\u00e7os Hospitalares (Emserh), Marcello Duailibe; Funda\u00e7\u00e3o da Crian\u00e7a e do Adolescente (Funac), Sorimar Sab\u00f3ia; Funda\u00e7\u00e3o da Mem\u00f3ria Republicana Brasileira (FMRB), K\u00e9cio Rabelo; Instituto de Coloniza\u00e7\u00e3o e Terras do Maranh\u00e3o (Iterma), Anderson Ferreira; Instituto de Promo\u00e7\u00e3o e Defesa do Cidad\u00e3o e Consumidor do Maranh\u00e3o (Procon), Karen Barros; e Procuradoria-Geral do Maranh\u00e3o (PGE), Rodrigo Maia.<\/p>\n\n\n\n<p><strong>Obras e servi\u00e7os \u00e0 Regi\u00e3o Tocantina<\/strong><\/p>\n\n\n\n<p>Ainda neste s\u00e1bado (4), em Imperatriz, durante a Cerim\u00f4nia de Posse dos Secret\u00e1rios, o governador Carlos Brand\u00e3o anunciou novos benef\u00edcios \u00e0 Regi\u00e3o Tocantina, nas \u00e1reas de infraestrutura e sa\u00fade.<\/p>\n\n\n\n<div class=\"wp-block-image\"><figure class=\"aligncenter size-large\"><a href=\"https:\/\/www.blogsoestado.com\/danielmatos\/files\/2023\/03\/Screenshot_20230305-0255272.png\"><img decoding=\"async\" src=\"https:\/\/www.blogsoestado.com\/danielmatos\/files\/2023\/03\/Screenshot_20230305-0255272.png\" alt=\"\" class=\"wp-image-106778\"\/><\/a><figcaption>O governador Carlos Brand\u00e3o na cerim\u00f4nia de posse com o vice, Felipe Camar\u00e3o, reconduzido ao cargo de secret\u00e1rio de Estado da Educa\u00e7\u00e3o<\/figcaption><\/figure><\/div>\n\n\n\n<p>Na \u00e1rea da Sa\u00fade, Brand\u00e3o anunciou a retomada da constru\u00e7\u00e3o do Hospital da Regi\u00e3o Tocantina (HRT), com capacidade para 131 leitos, centro cir\u00fargico e atendimento de urg\u00eancia e emerg\u00eancia. Tamb\u00e9m ser\u00e3o entregues tr\u00eas novas ambul\u00e2ncias para a regi\u00e3o, sendo uma para o munic\u00edpio de Senador La Rocque, uma para o munic\u00edpio de Imperatriz e uma para o Hospital Macrorregional de Imperatriz.<\/p>\n\n\n\n<p>\u201c\u00c9 uma decis\u00e3o nossa a de concluir este Socorr\u00e3o at\u00e9 o final do ano. N\u00f3s estivemos reunidos com a empresa que vem executando um servi\u00e7o de qualidade, a entrega ao final do ano tamb\u00e9m \u00e9 um comprometimento dela. Vamos avan\u00e7ar muito em servi\u00e7os de urg\u00eancia e emerg\u00eancia, apesar de n\u00e3o ser esta uma obrigatoriedade do estado\u201d, afirmou o governador Brand\u00e3o.<\/p>\n\n\n\n<p>Foi anunciada, ainda, a realiza\u00e7\u00e3o de mutir\u00f5es de cirurgias oftalmol\u00f3gicas e de ortopedia, com oferta de mil procedimentos de catarata e pter\u00edgio e de 131 vagas para procedimentos ortop\u00e9dicos, contribuindo para a redu\u00e7\u00e3o da fila de espera do servi\u00e7o p\u00fablico de sa\u00fade.<\/p>\n\n\n\n<p>Na \u00e1rea da Infraestrutura, o governador comunicou o in\u00edcio do programa de Gest\u00e3o de Manuten\u00e7\u00e3o Rodovi\u00e1ria nas estradas estaduais da regi\u00e3o Tocantina, beneficiando os munic\u00edpios de Imperatriz, S\u00e3o Francisco do Brej\u00e3o, S\u00e3o Pedro da \u00c1gua Branca, Davin\u00f3polis, Cidel\u00e2ndia, Buriticupu, Arame, Amarante do Maranh\u00e3o, S\u00edtio Novo, Governador Edison Lob\u00e3o e Montes Altos, com um investimento de R$ 42 milh\u00f5es em 451,4 km.<\/p>\n","protected":false},"excerpt":{"rendered":"<p>O governador Carlos Brand\u00e3o empossou, neste s\u00e1bado (4), no Centro de Conven\u00e7\u00f5es de Imperatriz, os titulares de 56 cargos na [&hellip;]<\/p>\n","protected":false},"author":0,"featured_media":0,"comment_status":"open","ping_status":"open","sticky":false,"template":"","format":"standard","meta":{"site-sidebar-layout":"default","site-content-layout":"","ast-site-content-layout":"default","site-content-style":"default","site-sidebar-style":"default","ast-global-header-display":"","ast-banner-title-visibility":"","ast-main-header-display":"","ast-hfb-above-header-display":"","ast-hfb-below-header-display":"","ast-hfb-mobile-header-display":"","site-post-title":"","ast-breadcrumbs-content":"","ast-featured-img":"","footer-sml-layout":"","ast-disable-related-posts":"","theme-transparent-header-meta":"","adv-header-id-meta":"","stick-header-meta":"","header-above-stick-meta":"","header-main-stick-meta":"","header-below-stick-meta":"","astra-migrate-meta-layouts":"default","ast-page-background-enabled":"default","ast-page-background-meta":{"desktop":{"background-color":"var(--ast-global-color-5)","background-image":"","background-repeat":"repeat","background-position":"center center","background-size":"auto","background-attachment":"scroll","background-type":"","background-media":"","overlay-type":"","overlay-color":"","overlay-opacity":"","overlay-gradient":""},"tablet":{"background-color":"","background-image":"","background-repeat":"repeat","background-position":"center center","background-size":"auto","background-attachment":"scroll","background-type":"","background-media":"","overlay-type":"","overlay-color":"","overlay-opacity":"","overlay-gradient":""},"mobile":{"background-color":"","background-image":"","background-repeat":"repeat","background-position":"center center","background-size":"auto","background-attachment":"scroll","background-type":"","background-media":"","overlay-type":"","overlay-color":"","overlay-opacity":"","overlay-gradient":""}},"ast-content-background-meta":{"desktop":{"background-color":"var(--ast-global-color-4)","background-image":"","background-repeat":"repeat","background-position":"center center","background-size":"auto","background-attachment":"scroll","background-type":"","background-media":"","overlay-type":"","overlay-color":"","overlay-opacity":"","overlay-gradient":""},"tablet":{"background-color":"var(--ast-global-color-4)","background-image":"","background-repeat":"repeat","background-position":"center center","background-size":"auto","background-attachment":"scroll","background-type":"","background-media":"","overlay-type":"","overlay-color":"","overlay-opacity":"","overlay-gradient":""},"mobile":{"background-color":"var(--ast-global-color-4)","background-image":"","background-repeat":"repeat","background-position":"center center","background-size":"auto","background-attachment":"scroll","background-type":"","background-media":"","overlay-type":"","overlay-color":"","overlay-opacity":"","overlay-gradient":""}},"footnotes":""},"categories":[1],"tags":[],"class_list":["post-106775","post","type-post","status-publish","format-standard","hentry","category-sem-categoria"],"yoast_head":"<!-- This site is optimized with the Yoast SEO plugin v26.6 - https:\/\/yoast.com\/wordpress\/plugins\/seo\/ -->\n<title>Em Imperatriz, governador Brand\u00e3o empossa novo secretariado estadual e anuncia obras \u00e0 Regi\u00e3o Tocantina - Daniel Matos<\/title>\n<meta name=\"robots\" content=\"index, follow, max-snippet:-1, max-image-preview:large, max-video-preview:-1\" \/>\n<link rel=\"canonical\" href=\"https:\/\/www.blogsoestado.com\/danielmatos\/em-imperatriz-governador-brandao-empossa-novo-secretariado-estadual-e-anuncia-obras-a-regiao-tocantina\/\" \/>\n<meta property=\"og:locale\" content=\"pt_BR\" \/>\n<meta property=\"og:type\" content=\"article\" \/>\n<meta property=\"og:title\" content=\"Em Imperatriz, governador Brand\u00e3o empossa novo secretariado estadual e anuncia obras \u00e0 Regi\u00e3o Tocantina - Daniel Matos\" \/>\n<meta property=\"og:description\" content=\"O governador Carlos Brand\u00e3o empossou, neste s\u00e1bado (4), no Centro de Conven\u00e7\u00f5es de Imperatriz, os titulares de 56 cargos na [&hellip;]\" \/>\n<meta property=\"og:url\" content=\"https:\/\/www.blogsoestado.com\/danielmatos\/em-imperatriz-governador-brandao-empossa-novo-secretariado-estadual-e-anuncia-obras-a-regiao-tocantina\/\" \/>\n<meta property=\"og:site_name\" content=\"Daniel Matos\" \/>\n<meta property=\"article:published_time\" content=\"2023-03-05T06:11:25+00:00\" \/>\n<meta property=\"og:image\" content=\"https:\/\/www.blogsoestado.com\/danielmatos\/files\/2023\/03\/Screenshot_20230305-0259432.png\" \/>\n<meta name=\"twitter:card\" content=\"summary_large_image\" \/>\n<meta name=\"twitter:label1\" content=\"Est. tempo de leitura\" \/>\n\t<meta name=\"twitter:data1\" content=\"8 minutos\" \/>\n<script type=\"application\/ld+json\" class=\"yoast-schema-graph\">{\"@context\":\"https:\/\/schema.org\",\"@graph\":[{\"@type\":\"WebPage\",\"@id\":\"https:\/\/www.blogsoestado.com\/danielmatos\/em-imperatriz-governador-brandao-empossa-novo-secretariado-estadual-e-anuncia-obras-a-regiao-tocantina\/\",\"url\":\"https:\/\/www.blogsoestado.com\/danielmatos\/em-imperatriz-governador-brandao-empossa-novo-secretariado-estadual-e-anuncia-obras-a-regiao-tocantina\/\",\"name\":\"Em Imperatriz, governador Brand\u00e3o empossa novo secretariado estadual e anuncia obras \u00e0 Regi\u00e3o Tocantina - Daniel Matos\",\"isPartOf\":{\"@id\":\"https:\/\/www.blogsoestado.com\/danielmatos\/#website\"},\"primaryImageOfPage\":{\"@id\":\"https:\/\/www.blogsoestado.com\/danielmatos\/em-imperatriz-governador-brandao-empossa-novo-secretariado-estadual-e-anuncia-obras-a-regiao-tocantina\/#primaryimage\"},\"image\":{\"@id\":\"https:\/\/www.blogsoestado.com\/danielmatos\/em-imperatriz-governador-brandao-empossa-novo-secretariado-estadual-e-anuncia-obras-a-regiao-tocantina\/#primaryimage\"},\"thumbnailUrl\":\"https:\/\/www.blogsoestado.com\/danielmatos\/files\/2023\/03\/Screenshot_20230305-0259432.png\",\"datePublished\":\"2023-03-05T06:11:25+00:00\",\"author\":{\"@id\":\"\"},\"breadcrumb\":{\"@id\":\"https:\/\/www.blogsoestado.com\/danielmatos\/em-imperatriz-governador-brandao-empossa-novo-secretariado-estadual-e-anuncia-obras-a-regiao-tocantina\/#breadcrumb\"},\"inLanguage\":\"pt-BR\",\"potentialAction\":[{\"@type\":\"ReadAction\",\"target\":[\"https:\/\/www.blogsoestado.com\/danielmatos\/em-imperatriz-governador-brandao-empossa-novo-secretariado-estadual-e-anuncia-obras-a-regiao-tocantina\/\"]}]},{\"@type\":\"ImageObject\",\"inLanguage\":\"pt-BR\",\"@id\":\"https:\/\/www.blogsoestado.com\/danielmatos\/em-imperatriz-governador-brandao-empossa-novo-secretariado-estadual-e-anuncia-obras-a-regiao-tocantina\/#primaryimage\",\"url\":\"https:\/\/www.blogsoestado.com\/danielmatos\/files\/2023\/03\/Screenshot_20230305-0259432.png\",\"contentUrl\":\"https:\/\/www.blogsoestado.com\/danielmatos\/files\/2023\/03\/Screenshot_20230305-0259432.png\"},{\"@type\":\"BreadcrumbList\",\"@id\":\"https:\/\/www.blogsoestado.com\/danielmatos\/em-imperatriz-governador-brandao-empossa-novo-secretariado-estadual-e-anuncia-obras-a-regiao-tocantina\/#breadcrumb\",\"itemListElement\":[{\"@type\":\"ListItem\",\"position\":1,\"name\":\"In\u00edcio\",\"item\":\"https:\/\/www.blogsoestado.com\/danielmatos\/\"},{\"@type\":\"ListItem\",\"position\":2,\"name\":\"Em Imperatriz, governador Brand\u00e3o empossa novo secretariado estadual e anuncia obras \u00e0 Regi\u00e3o Tocantina\"}]},{\"@type\":\"WebSite\",\"@id\":\"https:\/\/www.blogsoestado.com\/danielmatos\/#website\",\"url\":\"https:\/\/www.blogsoestado.com\/danielmatos\/\",\"name\":\"Daniel Matos\",\"description\":\"\",\"potentialAction\":[{\"@type\":\"SearchAction\",\"target\":{\"@type\":\"EntryPoint\",\"urlTemplate\":\"https:\/\/www.blogsoestado.com\/danielmatos\/?s={search_term_string}\"},\"query-input\":{\"@type\":\"PropertyValueSpecification\",\"valueRequired\":true,\"valueName\":\"search_term_string\"}}],\"inLanguage\":\"pt-BR\"}]}<\/script>\n<!-- \/ Yoast SEO plugin. -->","yoast_head_json":{"title":"Em Imperatriz, governador Brand\u00e3o empossa novo secretariado estadual e anuncia obras \u00e0 Regi\u00e3o Tocantina - Daniel Matos","robots":{"index":"index","follow":"follow","max-snippet":"max-snippet:-1","max-image-preview":"max-image-preview:large","max-video-preview":"max-video-preview:-1"},"canonical":"https:\/\/www.blogsoestado.com\/danielmatos\/em-imperatriz-governador-brandao-empossa-novo-secretariado-estadual-e-anuncia-obras-a-regiao-tocantina\/","og_locale":"pt_BR","og_type":"article","og_title":"Em Imperatriz, governador Brand\u00e3o empossa novo secretariado estadual e anuncia obras \u00e0 Regi\u00e3o Tocantina - Daniel Matos","og_description":"O governador Carlos Brand\u00e3o empossou, neste s\u00e1bado (4), no Centro de Conven\u00e7\u00f5es de Imperatriz, os titulares de 56 cargos na [&hellip;]","og_url":"https:\/\/www.blogsoestado.com\/danielmatos\/em-imperatriz-governador-brandao-empossa-novo-secretariado-estadual-e-anuncia-obras-a-regiao-tocantina\/","og_site_name":"Daniel Matos","article_published_time":"2023-03-05T06:11:25+00:00","og_image":[{"url":"https:\/\/www.blogsoestado.com\/danielmatos\/files\/2023\/03\/Screenshot_20230305-0259432.png","type":"","width":"","height":""}],"twitter_card":"summary_large_image","twitter_misc":{"Est. tempo de leitura":"8 minutos"},"schema":{"@context":"https:\/\/schema.org","@graph":[{"@type":"WebPage","@id":"https:\/\/www.blogsoestado.com\/danielmatos\/em-imperatriz-governador-brandao-empossa-novo-secretariado-estadual-e-anuncia-obras-a-regiao-tocantina\/","url":"https:\/\/www.blogsoestado.com\/danielmatos\/em-imperatriz-governador-brandao-empossa-novo-secretariado-estadual-e-anuncia-obras-a-regiao-tocantina\/","name":"Em Imperatriz, governador Brand\u00e3o empossa novo secretariado estadual e anuncia obras \u00e0 Regi\u00e3o Tocantina - Daniel Matos","isPartOf":{"@id":"https:\/\/www.blogsoestado.com\/danielmatos\/#website"},"primaryImageOfPage":{"@id":"https:\/\/www.blogsoestado.com\/danielmatos\/em-imperatriz-governador-brandao-empossa-novo-secretariado-estadual-e-anuncia-obras-a-regiao-tocantina\/#primaryimage"},"image":{"@id":"https:\/\/www.blogsoestado.com\/danielmatos\/em-imperatriz-governador-brandao-empossa-novo-secretariado-estadual-e-anuncia-obras-a-regiao-tocantina\/#primaryimage"},"thumbnailUrl":"https:\/\/www.blogsoestado.com\/danielmatos\/files\/2023\/03\/Screenshot_20230305-0259432.png","datePublished":"2023-03-05T06:11:25+00:00","author":{"@id":""},"breadcrumb":{"@id":"https:\/\/www.blogsoestado.com\/danielmatos\/em-imperatriz-governador-brandao-empossa-novo-secretariado-estadual-e-anuncia-obras-a-regiao-tocantina\/#breadcrumb"},"inLanguage":"pt-BR","potentialAction":[{"@type":"ReadAction","target":["https:\/\/www.blogsoestado.com\/danielmatos\/em-imperatriz-governador-brandao-empossa-novo-secretariado-estadual-e-anuncia-obras-a-regiao-tocantina\/"]}]},{"@type":"ImageObject","inLanguage":"pt-BR","@id":"https:\/\/www.blogsoestado.com\/danielmatos\/em-imperatriz-governador-brandao-empossa-novo-secretariado-estadual-e-anuncia-obras-a-regiao-tocantina\/#primaryimage","url":"https:\/\/www.blogsoestado.com\/danielmatos\/files\/2023\/03\/Screenshot_20230305-0259432.png","contentUrl":"https:\/\/www.blogsoestado.com\/danielmatos\/files\/2023\/03\/Screenshot_20230305-0259432.png"},{"@type":"BreadcrumbList","@id":"https:\/\/www.blogsoestado.com\/danielmatos\/em-imperatriz-governador-brandao-empossa-novo-secretariado-estadual-e-anuncia-obras-a-regiao-tocantina\/#breadcrumb","itemListElement":[{"@type":"ListItem","position":1,"name":"In\u00edcio","item":"https:\/\/www.blogsoestado.com\/danielmatos\/"},{"@type":"ListItem","position":2,"name":"Em Imperatriz, governador Brand\u00e3o empossa novo secretariado estadual e anuncia obras \u00e0 Regi\u00e3o Tocantina"}]},{"@type":"WebSite","@id":"https:\/\/www.blogsoestado.com\/danielmatos\/#website","url":"https:\/\/www.blogsoestado.com\/danielmatos\/","name":"Daniel Matos","description":"","potentialAction":[{"@type":"SearchAction","target":{"@type":"EntryPoint","urlTemplate":"https:\/\/www.blogsoestado.com\/danielmatos\/?s={search_term_string}"},"query-input":{"@type":"PropertyValueSpecification","valueRequired":true,"valueName":"search_term_string"}}],"inLanguage":"pt-BR"}]}},"jetpack_featured_media_url":"","_links":{"self":[{"href":"https:\/\/www.blogsoestado.com\/danielmatos\/wp-json\/wp\/v2\/posts\/106775","targetHints":{"allow":["GET"]}}],"collection":[{"href":"https:\/\/www.blogsoestado.com\/danielmatos\/wp-json\/wp\/v2\/posts"}],"about":[{"href":"https:\/\/www.blogsoestado.com\/danielmatos\/wp-json\/wp\/v2\/types\/post"}],"replies":[{"embeddable":true,"href":"https:\/\/www.blogsoestado.com\/danielmatos\/wp-json\/wp\/v2\/comments?post=106775"}],"version-history":[{"count":0,"href":"https:\/\/www.blogsoestado.com\/danielmatos\/wp-json\/wp\/v2\/posts\/106775\/revisions"}],"wp:attachment":[{"href":"https:\/\/www.blogsoestado.com\/danielmatos\/wp-json\/wp\/v2\/media?parent=106775"}],"wp:term":[{"taxonomy":"category","embeddable":true,"href":"https:\/\/www.blogsoestado.com\/danielmatos\/wp-json\/wp\/v2\/categories?post=106775"},{"taxonomy":"post_tag","embeddable":true,"href":"https:\/\/www.blogsoestado.com\/danielmatos\/wp-json\/wp\/v2\/tags?post=106775"}],"curies":[{"name":"wp","href":"https:\/\/api.w.org\/{rel}","templated":true}]}}