{"id":106792,"date":"2023-03-06T06:55:42","date_gmt":"2023-03-06T09:55:42","guid":{"rendered":"https:\/\/www.blogsoestado.com\/danielmatos\/?p=106792"},"modified":"2023-03-06T06:55:42","modified_gmt":"2023-03-06T09:55:42","slug":"governador-carlos-brandao-deve-anunciar-novos-nomes-nesta-segunda-feira-6","status":"publish","type":"post","link":"https:\/\/www.blogsoestado.com\/danielmatos\/governador-carlos-brandao-deve-anunciar-novos-nomes-nesta-segunda-feira-6\/","title":{"rendered":"Governador Carlos Brand\u00e3o deve anunciar novos nomes nesta segunda-feira (6)"},"content":{"rendered":"\n<div class=\"wp-block-image\"><figure class=\"aligncenter size-large\"><a href=\"https:\/\/www.blogsoestado.com\/danielmatos\/files\/2023\/03\/Screenshot_20230306-0648582.png\"><img decoding=\"async\" src=\"https:\/\/www.blogsoestado.com\/danielmatos\/files\/2023\/03\/Screenshot_20230306-0648582.png\" alt=\"\" class=\"wp-image-106793\"\/><\/a><figcaption>Nomes cotados para assumir secretarias e outros cargos de alto escal\u00e3o no Governo do Estado<\/figcaption><\/figure><\/div>\n\n\n\n<p>O governador Carlos Brand\u00e3o (PSB),Neste s\u00e1bado (4), no Centro de Conven\u00e7\u00f5es de Imperatriz, Brand\u00e3o empossou os titulares de 56 cargos na sua nova gest\u00e3o, entre secret\u00e1rios de Estado e presidentes de autarquias.<br \/>Os an\u00fancios, iniciados pelo governador desde a semana passada, comunicaram altera\u00e7\u00f5es em 31 cargos e a perman\u00eancia de gestores em outros 25.<\/p>\n\n\n\n<p>A escolha da cidade de Imperatriz para a realiza\u00e7\u00e3o do ato \u00e9 mais uma iniciativa do governador em fortalecimento ao municipalismo no Maranh\u00e3o.Durante a solenidade, Carlos Brand\u00e3o anunciou uma s\u00e9rie de benfeitorias \u00e0 Regi\u00e3o Tocantina, nas \u00e1reas de infraestrutura e sa\u00fade.<\/p>\n\n\n\n<p>J\u00e1 ap\u00f3s sua chegada em S\u00e3o Lu\u00eds, nesta manh\u00e3 de domingo (05), fontes ligada ao governo confirma que Brand\u00e3o deve anunciar nesta segunda feira (06), seguintes pastas com os poss\u00edveis seguintes nomes;<\/p>\n\n\n\n<p>GMG (Gabinete Militar) \u2013 Coronel Aldrin ou Coronel Freire<\/p>\n\n\n\n<p>SSP (Secretaria da Seguran\u00e7a) \u2013 Raimundo Cutrim<\/p>\n\n\n\n<p>SEIR (Secretaria da Igualdade Racial) \u2013 Professor Chocolate ou Socorro Guterres<\/p>\n\n\n\n<p>SEEJUV (Secretaria da Juventude) \u2013 John Ribeiro ou Vini Jansen ou Bruno Cacau<\/p>\n\n\n\n<p>Ainda hoje, ap\u00f3s reuni\u00f5es no Pal\u00e1cio dos Le\u00f5es, Carlos Brand\u00e3o deve divulgar mais nomes da sua equipe.<\/p>\n","protected":false},"excerpt":{"rendered":"<p>O governador Carlos Brand\u00e3o (PSB),Neste s\u00e1bado (4), no Centro de Conven\u00e7\u00f5es de Imperatriz, Brand\u00e3o empossou os titulares de 56 cargos [&hellip;]<\/p>\n","protected":false},"author":0,"featured_media":0,"comment_status":"open","ping_status":"open","sticky":false,"template":"","format":"standard","meta":{"site-sidebar-layout":"default","site-content-layout":"","ast-site-content-layout":"default","site-content-style":"default","site-sidebar-style":"default","ast-global-header-display":"","ast-banner-title-visibility":"","ast-main-header-display":"","ast-hfb-above-header-display":"","ast-hfb-below-header-display":"","ast-hfb-mobile-header-display":"","site-post-title":"","ast-breadcrumbs-content":"","ast-featured-img":"","footer-sml-layout":"","ast-disable-related-posts":"","theme-transparent-header-meta":"","adv-header-id-meta":"","stick-header-meta":"","header-above-stick-meta":"","header-main-stick-meta":"","header-below-stick-meta":"","astra-migrate-meta-layouts":"default","ast-page-background-enabled":"default","ast-page-background-meta":{"desktop":{"background-color":"var(--ast-global-color-5)","background-image":"","background-repeat":"repeat","background-position":"center center","background-size":"auto","background-attachment":"scroll","background-type":"","background-media":"","overlay-type":"","overlay-color":"","overlay-opacity":"","overlay-gradient":""},"tablet":{"background-color":"","background-image":"","background-repeat":"repeat","background-position":"center center","background-size":"auto","background-attachment":"scroll","background-type":"","background-media":"","overlay-type":"","overlay-color":"","overlay-opacity":"","overlay-gradient":""},"mobile":{"background-color":"","background-image":"","background-repeat":"repeat","background-position":"center center","background-size":"auto","background-attachment":"scroll","background-type":"","background-media":"","overlay-type":"","overlay-color":"","overlay-opacity":"","overlay-gradient":""}},"ast-content-background-meta":{"desktop":{"background-color":"var(--ast-global-color-4)","background-image":"","background-repeat":"repeat","background-position":"center center","background-size":"auto","background-attachment":"scroll","background-type":"","background-media":"","overlay-type":"","overlay-color":"","overlay-opacity":"","overlay-gradient":""},"tablet":{"background-color":"var(--ast-global-color-4)","background-image":"","background-repeat":"repeat","background-position":"center center","background-size":"auto","background-attachment":"scroll","background-type":"","background-media":"","overlay-type":"","overlay-color":"","overlay-opacity":"","overlay-gradient":""},"mobile":{"background-color":"var(--ast-global-color-4)","background-image":"","background-repeat":"repeat","background-position":"center center","background-size":"auto","background-attachment":"scroll","background-type":"","background-media":"","overlay-type":"","overlay-color":"","overlay-opacity":"","overlay-gradient":""}},"footnotes":""},"categories":[1],"tags":[],"class_list":["post-106792","post","type-post","status-publish","format-standard","hentry","category-sem-categoria"],"yoast_head":"<!-- This site is optimized with the Yoast SEO plugin v26.6 - https:\/\/yoast.com\/wordpress\/plugins\/seo\/ -->\n<title>Governador Carlos Brand\u00e3o deve anunciar novos nomes nesta segunda-feira (6) - Daniel Matos<\/title>\n<meta name=\"robots\" content=\"index, follow, max-snippet:-1, max-image-preview:large, max-video-preview:-1\" \/>\n<link rel=\"canonical\" href=\"https:\/\/www.blogsoestado.com\/danielmatos\/governador-carlos-brandao-deve-anunciar-novos-nomes-nesta-segunda-feira-6\/\" \/>\n<meta property=\"og:locale\" content=\"pt_BR\" \/>\n<meta property=\"og:type\" content=\"article\" \/>\n<meta property=\"og:title\" content=\"Governador Carlos Brand\u00e3o deve anunciar novos nomes nesta segunda-feira (6) - Daniel Matos\" \/>\n<meta property=\"og:description\" content=\"O governador Carlos Brand\u00e3o (PSB),Neste s\u00e1bado (4), no Centro de Conven\u00e7\u00f5es de Imperatriz, Brand\u00e3o empossou os titulares de 56 cargos [&hellip;]\" \/>\n<meta property=\"og:url\" content=\"https:\/\/www.blogsoestado.com\/danielmatos\/governador-carlos-brandao-deve-anunciar-novos-nomes-nesta-segunda-feira-6\/\" \/>\n<meta property=\"og:site_name\" content=\"Daniel Matos\" \/>\n<meta property=\"article:published_time\" content=\"2023-03-06T09:55:42+00:00\" \/>\n<meta property=\"og:image\" content=\"https:\/\/www.blogsoestado.com\/danielmatos\/files\/2023\/03\/Screenshot_20230306-0648582.png\" \/>\n<meta name=\"twitter:card\" content=\"summary_large_image\" \/>\n<meta name=\"twitter:label1\" content=\"Est. tempo de leitura\" \/>\n\t<meta name=\"twitter:data1\" content=\"2 minutos\" \/>\n<script type=\"application\/ld+json\" class=\"yoast-schema-graph\">{\"@context\":\"https:\/\/schema.org\",\"@graph\":[{\"@type\":\"WebPage\",\"@id\":\"https:\/\/www.blogsoestado.com\/danielmatos\/governador-carlos-brandao-deve-anunciar-novos-nomes-nesta-segunda-feira-6\/\",\"url\":\"https:\/\/www.blogsoestado.com\/danielmatos\/governador-carlos-brandao-deve-anunciar-novos-nomes-nesta-segunda-feira-6\/\",\"name\":\"Governador Carlos Brand\u00e3o deve anunciar novos nomes nesta segunda-feira (6) - Daniel Matos\",\"isPartOf\":{\"@id\":\"https:\/\/www.blogsoestado.com\/danielmatos\/#website\"},\"primaryImageOfPage\":{\"@id\":\"https:\/\/www.blogsoestado.com\/danielmatos\/governador-carlos-brandao-deve-anunciar-novos-nomes-nesta-segunda-feira-6\/#primaryimage\"},\"image\":{\"@id\":\"https:\/\/www.blogsoestado.com\/danielmatos\/governador-carlos-brandao-deve-anunciar-novos-nomes-nesta-segunda-feira-6\/#primaryimage\"},\"thumbnailUrl\":\"https:\/\/www.blogsoestado.com\/danielmatos\/files\/2023\/03\/Screenshot_20230306-0648582.png\",\"datePublished\":\"2023-03-06T09:55:42+00:00\",\"author\":{\"@id\":\"\"},\"breadcrumb\":{\"@id\":\"https:\/\/www.blogsoestado.com\/danielmatos\/governador-carlos-brandao-deve-anunciar-novos-nomes-nesta-segunda-feira-6\/#breadcrumb\"},\"inLanguage\":\"pt-BR\",\"potentialAction\":[{\"@type\":\"ReadAction\",\"target\":[\"https:\/\/www.blogsoestado.com\/danielmatos\/governador-carlos-brandao-deve-anunciar-novos-nomes-nesta-segunda-feira-6\/\"]}]},{\"@type\":\"ImageObject\",\"inLanguage\":\"pt-BR\",\"@id\":\"https:\/\/www.blogsoestado.com\/danielmatos\/governador-carlos-brandao-deve-anunciar-novos-nomes-nesta-segunda-feira-6\/#primaryimage\",\"url\":\"https:\/\/www.blogsoestado.com\/danielmatos\/files\/2023\/03\/Screenshot_20230306-0648582.png\",\"contentUrl\":\"https:\/\/www.blogsoestado.com\/danielmatos\/files\/2023\/03\/Screenshot_20230306-0648582.png\"},{\"@type\":\"BreadcrumbList\",\"@id\":\"https:\/\/www.blogsoestado.com\/danielmatos\/governador-carlos-brandao-deve-anunciar-novos-nomes-nesta-segunda-feira-6\/#breadcrumb\",\"itemListElement\":[{\"@type\":\"ListItem\",\"position\":1,\"name\":\"In\u00edcio\",\"item\":\"https:\/\/www.blogsoestado.com\/danielmatos\/\"},{\"@type\":\"ListItem\",\"position\":2,\"name\":\"Governador Carlos Brand\u00e3o deve anunciar novos nomes nesta segunda-feira (6)\"}]},{\"@type\":\"WebSite\",\"@id\":\"https:\/\/www.blogsoestado.com\/danielmatos\/#website\",\"url\":\"https:\/\/www.blogsoestado.com\/danielmatos\/\",\"name\":\"Daniel Matos\",\"description\":\"\",\"potentialAction\":[{\"@type\":\"SearchAction\",\"target\":{\"@type\":\"EntryPoint\",\"urlTemplate\":\"https:\/\/www.blogsoestado.com\/danielmatos\/?s={search_term_string}\"},\"query-input\":{\"@type\":\"PropertyValueSpecification\",\"valueRequired\":true,\"valueName\":\"search_term_string\"}}],\"inLanguage\":\"pt-BR\"}]}<\/script>\n<!-- \/ Yoast SEO plugin. -->","yoast_head_json":{"title":"Governador Carlos Brand\u00e3o deve anunciar novos nomes nesta segunda-feira (6) - Daniel Matos","robots":{"index":"index","follow":"follow","max-snippet":"max-snippet:-1","max-image-preview":"max-image-preview:large","max-video-preview":"max-video-preview:-1"},"canonical":"https:\/\/www.blogsoestado.com\/danielmatos\/governador-carlos-brandao-deve-anunciar-novos-nomes-nesta-segunda-feira-6\/","og_locale":"pt_BR","og_type":"article","og_title":"Governador Carlos Brand\u00e3o deve anunciar novos nomes nesta segunda-feira (6) - Daniel Matos","og_description":"O governador Carlos Brand\u00e3o (PSB),Neste s\u00e1bado (4), no Centro de Conven\u00e7\u00f5es de Imperatriz, Brand\u00e3o empossou os titulares de 56 cargos [&hellip;]","og_url":"https:\/\/www.blogsoestado.com\/danielmatos\/governador-carlos-brandao-deve-anunciar-novos-nomes-nesta-segunda-feira-6\/","og_site_name":"Daniel Matos","article_published_time":"2023-03-06T09:55:42+00:00","og_image":[{"url":"https:\/\/www.blogsoestado.com\/danielmatos\/files\/2023\/03\/Screenshot_20230306-0648582.png","type":"","width":"","height":""}],"twitter_card":"summary_large_image","twitter_misc":{"Est. tempo de leitura":"2 minutos"},"schema":{"@context":"https:\/\/schema.org","@graph":[{"@type":"WebPage","@id":"https:\/\/www.blogsoestado.com\/danielmatos\/governador-carlos-brandao-deve-anunciar-novos-nomes-nesta-segunda-feira-6\/","url":"https:\/\/www.blogsoestado.com\/danielmatos\/governador-carlos-brandao-deve-anunciar-novos-nomes-nesta-segunda-feira-6\/","name":"Governador Carlos Brand\u00e3o deve anunciar novos nomes nesta segunda-feira (6) - Daniel Matos","isPartOf":{"@id":"https:\/\/www.blogsoestado.com\/danielmatos\/#website"},"primaryImageOfPage":{"@id":"https:\/\/www.blogsoestado.com\/danielmatos\/governador-carlos-brandao-deve-anunciar-novos-nomes-nesta-segunda-feira-6\/#primaryimage"},"image":{"@id":"https:\/\/www.blogsoestado.com\/danielmatos\/governador-carlos-brandao-deve-anunciar-novos-nomes-nesta-segunda-feira-6\/#primaryimage"},"thumbnailUrl":"https:\/\/www.blogsoestado.com\/danielmatos\/files\/2023\/03\/Screenshot_20230306-0648582.png","datePublished":"2023-03-06T09:55:42+00:00","author":{"@id":""},"breadcrumb":{"@id":"https:\/\/www.blogsoestado.com\/danielmatos\/governador-carlos-brandao-deve-anunciar-novos-nomes-nesta-segunda-feira-6\/#breadcrumb"},"inLanguage":"pt-BR","potentialAction":[{"@type":"ReadAction","target":["https:\/\/www.blogsoestado.com\/danielmatos\/governador-carlos-brandao-deve-anunciar-novos-nomes-nesta-segunda-feira-6\/"]}]},{"@type":"ImageObject","inLanguage":"pt-BR","@id":"https:\/\/www.blogsoestado.com\/danielmatos\/governador-carlos-brandao-deve-anunciar-novos-nomes-nesta-segunda-feira-6\/#primaryimage","url":"https:\/\/www.blogsoestado.com\/danielmatos\/files\/2023\/03\/Screenshot_20230306-0648582.png","contentUrl":"https:\/\/www.blogsoestado.com\/danielmatos\/files\/2023\/03\/Screenshot_20230306-0648582.png"},{"@type":"BreadcrumbList","@id":"https:\/\/www.blogsoestado.com\/danielmatos\/governador-carlos-brandao-deve-anunciar-novos-nomes-nesta-segunda-feira-6\/#breadcrumb","itemListElement":[{"@type":"ListItem","position":1,"name":"In\u00edcio","item":"https:\/\/www.blogsoestado.com\/danielmatos\/"},{"@type":"ListItem","position":2,"name":"Governador Carlos Brand\u00e3o deve anunciar novos nomes nesta segunda-feira (6)"}]},{"@type":"WebSite","@id":"https:\/\/www.blogsoestado.com\/danielmatos\/#website","url":"https:\/\/www.blogsoestado.com\/danielmatos\/","name":"Daniel Matos","description":"","potentialAction":[{"@type":"SearchAction","target":{"@type":"EntryPoint","urlTemplate":"https:\/\/www.blogsoestado.com\/danielmatos\/?s={search_term_string}"},"query-input":{"@type":"PropertyValueSpecification","valueRequired":true,"valueName":"search_term_string"}}],"inLanguage":"pt-BR"}]}},"jetpack_featured_media_url":"","_links":{"self":[{"href":"https:\/\/www.blogsoestado.com\/danielmatos\/wp-json\/wp\/v2\/posts\/106792","targetHints":{"allow":["GET"]}}],"collection":[{"href":"https:\/\/www.blogsoestado.com\/danielmatos\/wp-json\/wp\/v2\/posts"}],"about":[{"href":"https:\/\/www.blogsoestado.com\/danielmatos\/wp-json\/wp\/v2\/types\/post"}],"replies":[{"embeddable":true,"href":"https:\/\/www.blogsoestado.com\/danielmatos\/wp-json\/wp\/v2\/comments?post=106792"}],"version-history":[{"count":0,"href":"https:\/\/www.blogsoestado.com\/danielmatos\/wp-json\/wp\/v2\/posts\/106792\/revisions"}],"wp:attachment":[{"href":"https:\/\/www.blogsoestado.com\/danielmatos\/wp-json\/wp\/v2\/media?parent=106792"}],"wp:term":[{"taxonomy":"category","embeddable":true,"href":"https:\/\/www.blogsoestado.com\/danielmatos\/wp-json\/wp\/v2\/categories?post=106792"},{"taxonomy":"post_tag","embeddable":true,"href":"https:\/\/www.blogsoestado.com\/danielmatos\/wp-json\/wp\/v2\/tags?post=106792"}],"curies":[{"name":"wp","href":"https:\/\/api.w.org\/{rel}","templated":true}]}}