{"id":106804,"date":"2023-03-06T18:11:19","date_gmt":"2023-03-06T21:11:19","guid":{"rendered":"https:\/\/www.blogsoestado.com\/danielmatos\/?p=106804"},"modified":"2023-03-06T18:11:19","modified_gmt":"2023-03-06T21:11:19","slug":"wellington-do-curso-confirma-pre-candidatura-a-prefeitura-de-sao-luis-durante-entrevista-ao-bom-dia-mirante","status":"publish","type":"post","link":"https:\/\/www.blogsoestado.com\/danielmatos\/wellington-do-curso-confirma-pre-candidatura-a-prefeitura-de-sao-luis-durante-entrevista-ao-bom-dia-mirante\/","title":{"rendered":"Wellington do Curso confirma pr\u00e9-candidatura \u00e0 Prefeitura de S\u00e3o Lu\u00eds durante entrevista ao \u201cBom Dia Mirante\u201d"},"content":{"rendered":"\n<div class=\"wp-block-image\"><figure class=\"aligncenter size-large\"><a href=\"https:\/\/www.blogsoestado.com\/danielmatos\/files\/2023\/03\/Screenshot_20230306-1758192.png\"><img decoding=\"async\" src=\"https:\/\/www.blogsoestado.com\/danielmatos\/files\/2023\/03\/Screenshot_20230306-1758192.png\" alt=\"\" class=\"wp-image-106805\"\/><\/a><figcaption>O deputado estadual Wellington colocou novamente o seu nome \u00e0 disposi\u00e7\u00e3o da popula\u00e7\u00e3o de S\u00e3o Lu\u00eds na pr\u00f3xima elei\u00e7\u00e3o de prefeito <\/figcaption><\/figure><\/div>\n\n\n\n<p>Em entrevista concedida \u00e0 TV Mirante, o deputado estadual Wellington do Curso abordou a pr\u00e9-candidatura \u00e0 Prefeitura de S\u00e3o Lu\u00eds para o ano de 2024. Entre o sentimento das ruas e um projeto que contempla educa\u00e7\u00e3o, sa\u00fade e gera\u00e7\u00e3o de empregos, Wellington reafirmou que segue \u00e0 disposi\u00e7\u00e3o para administrar a capital maranhense.<\/p>\n\n\n\n<p>Ao abordar o assunto, Wellington rememorou 2016, quando chegou a somar mais de 100 mil votos na disputa pela Prefeitura.<\/p>\n\n\n\n<p>\u201cFui candidato a prefeito em 2016 e tive mais de 100 mil votos. Em 2020, mesmo estando em 2\u00ba lugar nas pesquisas, fui covardemente retirado das elei\u00e7\u00f5es e por falta de Partido acabei n\u00e3o entrando na disputa eleitoral. Gra\u00e7as a Deus, a vontade das ruas permanece viva e \u00e9 por isso que minha pr\u00e9-candidatura segue firme e rumo \u00e0 Prefeitura de S\u00e3o Lu\u00eds\u201d, disse Wellington do Curso.<\/p>\n\n\n\n<p><strong><span class=\"has-inline-color has-vivid-red-color\">Assista ao v\u00eddeo<\/span> <a href=\"https:\/\/youtu.be\/tRKYqklvU-g\">aqui<\/a><\/strong>.<\/p>\n","protected":false},"excerpt":{"rendered":"<p>Em entrevista concedida \u00e0 TV Mirante, o deputado estadual Wellington do Curso abordou a pr\u00e9-candidatura \u00e0 Prefeitura de S\u00e3o Lu\u00eds [&hellip;]<\/p>\n","protected":false},"author":0,"featured_media":0,"comment_status":"open","ping_status":"open","sticky":false,"template":"","format":"standard","meta":{"site-sidebar-layout":"default","site-content-layout":"","ast-site-content-layout":"default","site-content-style":"default","site-sidebar-style":"default","ast-global-header-display":"","ast-banner-title-visibility":"","ast-main-header-display":"","ast-hfb-above-header-display":"","ast-hfb-below-header-display":"","ast-hfb-mobile-header-display":"","site-post-title":"","ast-breadcrumbs-content":"","ast-featured-img":"","footer-sml-layout":"","ast-disable-related-posts":"","theme-transparent-header-meta":"","adv-header-id-meta":"","stick-header-meta":"","header-above-stick-meta":"","header-main-stick-meta":"","header-below-stick-meta":"","astra-migrate-meta-layouts":"default","ast-page-background-enabled":"default","ast-page-background-meta":{"desktop":{"background-color":"var(--ast-global-color-5)","background-image":"","background-repeat":"repeat","background-position":"center center","background-size":"auto","background-attachment":"scroll","background-type":"","background-media":"","overlay-type":"","overlay-color":"","overlay-opacity":"","overlay-gradient":""},"tablet":{"background-color":"","background-image":"","background-repeat":"repeat","background-position":"center center","background-size":"auto","background-attachment":"scroll","background-type":"","background-media":"","overlay-type":"","overlay-color":"","overlay-opacity":"","overlay-gradient":""},"mobile":{"background-color":"","background-image":"","background-repeat":"repeat","background-position":"center center","background-size":"auto","background-attachment":"scroll","background-type":"","background-media":"","overlay-type":"","overlay-color":"","overlay-opacity":"","overlay-gradient":""}},"ast-content-background-meta":{"desktop":{"background-color":"var(--ast-global-color-4)","background-image":"","background-repeat":"repeat","background-position":"center center","background-size":"auto","background-attachment":"scroll","background-type":"","background-media":"","overlay-type":"","overlay-color":"","overlay-opacity":"","overlay-gradient":""},"tablet":{"background-color":"var(--ast-global-color-4)","background-image":"","background-repeat":"repeat","background-position":"center center","background-size":"auto","background-attachment":"scroll","background-type":"","background-media":"","overlay-type":"","overlay-color":"","overlay-opacity":"","overlay-gradient":""},"mobile":{"background-color":"var(--ast-global-color-4)","background-image":"","background-repeat":"repeat","background-position":"center center","background-size":"auto","background-attachment":"scroll","background-type":"","background-media":"","overlay-type":"","overlay-color":"","overlay-opacity":"","overlay-gradient":""}},"footnotes":""},"categories":[1],"tags":[],"class_list":["post-106804","post","type-post","status-publish","format-standard","hentry","category-sem-categoria"],"yoast_head":"<!-- This site is optimized with the Yoast SEO plugin v26.6 - https:\/\/yoast.com\/wordpress\/plugins\/seo\/ -->\n<title>Wellington do Curso confirma pr\u00e9-candidatura \u00e0 Prefeitura de S\u00e3o Lu\u00eds durante entrevista ao \u201cBom Dia Mirante\u201d - Daniel Matos<\/title>\n<meta name=\"robots\" content=\"index, follow, max-snippet:-1, max-image-preview:large, max-video-preview:-1\" \/>\n<link rel=\"canonical\" href=\"https:\/\/www.blogsoestado.com\/danielmatos\/wellington-do-curso-confirma-pre-candidatura-a-prefeitura-de-sao-luis-durante-entrevista-ao-bom-dia-mirante\/\" \/>\n<meta property=\"og:locale\" content=\"pt_BR\" \/>\n<meta property=\"og:type\" content=\"article\" \/>\n<meta property=\"og:title\" content=\"Wellington do Curso confirma pr\u00e9-candidatura \u00e0 Prefeitura de S\u00e3o Lu\u00eds durante entrevista ao \u201cBom Dia Mirante\u201d - Daniel Matos\" \/>\n<meta property=\"og:description\" content=\"Em entrevista concedida \u00e0 TV Mirante, o deputado estadual Wellington do Curso abordou a pr\u00e9-candidatura \u00e0 Prefeitura de S\u00e3o Lu\u00eds [&hellip;]\" \/>\n<meta property=\"og:url\" content=\"https:\/\/www.blogsoestado.com\/danielmatos\/wellington-do-curso-confirma-pre-candidatura-a-prefeitura-de-sao-luis-durante-entrevista-ao-bom-dia-mirante\/\" \/>\n<meta property=\"og:site_name\" content=\"Daniel Matos\" \/>\n<meta property=\"article:published_time\" content=\"2023-03-06T21:11:19+00:00\" \/>\n<meta property=\"og:image\" content=\"https:\/\/www.blogsoestado.com\/danielmatos\/files\/2023\/03\/Screenshot_20230306-1758192.png\" \/>\n<meta name=\"twitter:card\" content=\"summary_large_image\" \/>\n<meta name=\"twitter:label1\" content=\"Est. tempo de leitura\" \/>\n\t<meta name=\"twitter:data1\" content=\"1 minuto\" \/>\n<script type=\"application\/ld+json\" class=\"yoast-schema-graph\">{\"@context\":\"https:\/\/schema.org\",\"@graph\":[{\"@type\":\"WebPage\",\"@id\":\"https:\/\/www.blogsoestado.com\/danielmatos\/wellington-do-curso-confirma-pre-candidatura-a-prefeitura-de-sao-luis-durante-entrevista-ao-bom-dia-mirante\/\",\"url\":\"https:\/\/www.blogsoestado.com\/danielmatos\/wellington-do-curso-confirma-pre-candidatura-a-prefeitura-de-sao-luis-durante-entrevista-ao-bom-dia-mirante\/\",\"name\":\"Wellington do Curso confirma pr\u00e9-candidatura \u00e0 Prefeitura de S\u00e3o Lu\u00eds durante entrevista ao \u201cBom Dia Mirante\u201d - Daniel Matos\",\"isPartOf\":{\"@id\":\"https:\/\/www.blogsoestado.com\/danielmatos\/#website\"},\"primaryImageOfPage\":{\"@id\":\"https:\/\/www.blogsoestado.com\/danielmatos\/wellington-do-curso-confirma-pre-candidatura-a-prefeitura-de-sao-luis-durante-entrevista-ao-bom-dia-mirante\/#primaryimage\"},\"image\":{\"@id\":\"https:\/\/www.blogsoestado.com\/danielmatos\/wellington-do-curso-confirma-pre-candidatura-a-prefeitura-de-sao-luis-durante-entrevista-ao-bom-dia-mirante\/#primaryimage\"},\"thumbnailUrl\":\"https:\/\/www.blogsoestado.com\/danielmatos\/files\/2023\/03\/Screenshot_20230306-1758192.png\",\"datePublished\":\"2023-03-06T21:11:19+00:00\",\"author\":{\"@id\":\"\"},\"breadcrumb\":{\"@id\":\"https:\/\/www.blogsoestado.com\/danielmatos\/wellington-do-curso-confirma-pre-candidatura-a-prefeitura-de-sao-luis-durante-entrevista-ao-bom-dia-mirante\/#breadcrumb\"},\"inLanguage\":\"pt-BR\",\"potentialAction\":[{\"@type\":\"ReadAction\",\"target\":[\"https:\/\/www.blogsoestado.com\/danielmatos\/wellington-do-curso-confirma-pre-candidatura-a-prefeitura-de-sao-luis-durante-entrevista-ao-bom-dia-mirante\/\"]}]},{\"@type\":\"ImageObject\",\"inLanguage\":\"pt-BR\",\"@id\":\"https:\/\/www.blogsoestado.com\/danielmatos\/wellington-do-curso-confirma-pre-candidatura-a-prefeitura-de-sao-luis-durante-entrevista-ao-bom-dia-mirante\/#primaryimage\",\"url\":\"https:\/\/www.blogsoestado.com\/danielmatos\/files\/2023\/03\/Screenshot_20230306-1758192.png\",\"contentUrl\":\"https:\/\/www.blogsoestado.com\/danielmatos\/files\/2023\/03\/Screenshot_20230306-1758192.png\"},{\"@type\":\"BreadcrumbList\",\"@id\":\"https:\/\/www.blogsoestado.com\/danielmatos\/wellington-do-curso-confirma-pre-candidatura-a-prefeitura-de-sao-luis-durante-entrevista-ao-bom-dia-mirante\/#breadcrumb\",\"itemListElement\":[{\"@type\":\"ListItem\",\"position\":1,\"name\":\"In\u00edcio\",\"item\":\"https:\/\/www.blogsoestado.com\/danielmatos\/\"},{\"@type\":\"ListItem\",\"position\":2,\"name\":\"Wellington do Curso confirma pr\u00e9-candidatura \u00e0 Prefeitura de S\u00e3o Lu\u00eds durante entrevista ao \u201cBom Dia Mirante\u201d\"}]},{\"@type\":\"WebSite\",\"@id\":\"https:\/\/www.blogsoestado.com\/danielmatos\/#website\",\"url\":\"https:\/\/www.blogsoestado.com\/danielmatos\/\",\"name\":\"Daniel Matos\",\"description\":\"\",\"potentialAction\":[{\"@type\":\"SearchAction\",\"target\":{\"@type\":\"EntryPoint\",\"urlTemplate\":\"https:\/\/www.blogsoestado.com\/danielmatos\/?s={search_term_string}\"},\"query-input\":{\"@type\":\"PropertyValueSpecification\",\"valueRequired\":true,\"valueName\":\"search_term_string\"}}],\"inLanguage\":\"pt-BR\"}]}<\/script>\n<!-- \/ Yoast SEO plugin. -->","yoast_head_json":{"title":"Wellington do Curso confirma pr\u00e9-candidatura \u00e0 Prefeitura de S\u00e3o Lu\u00eds durante entrevista ao \u201cBom Dia Mirante\u201d - Daniel Matos","robots":{"index":"index","follow":"follow","max-snippet":"max-snippet:-1","max-image-preview":"max-image-preview:large","max-video-preview":"max-video-preview:-1"},"canonical":"https:\/\/www.blogsoestado.com\/danielmatos\/wellington-do-curso-confirma-pre-candidatura-a-prefeitura-de-sao-luis-durante-entrevista-ao-bom-dia-mirante\/","og_locale":"pt_BR","og_type":"article","og_title":"Wellington do Curso confirma pr\u00e9-candidatura \u00e0 Prefeitura de S\u00e3o Lu\u00eds durante entrevista ao \u201cBom Dia Mirante\u201d - Daniel Matos","og_description":"Em entrevista concedida \u00e0 TV Mirante, o deputado estadual Wellington do Curso abordou a pr\u00e9-candidatura \u00e0 Prefeitura de S\u00e3o Lu\u00eds [&hellip;]","og_url":"https:\/\/www.blogsoestado.com\/danielmatos\/wellington-do-curso-confirma-pre-candidatura-a-prefeitura-de-sao-luis-durante-entrevista-ao-bom-dia-mirante\/","og_site_name":"Daniel Matos","article_published_time":"2023-03-06T21:11:19+00:00","og_image":[{"url":"https:\/\/www.blogsoestado.com\/danielmatos\/files\/2023\/03\/Screenshot_20230306-1758192.png","type":"","width":"","height":""}],"twitter_card":"summary_large_image","twitter_misc":{"Est. tempo de leitura":"1 minuto"},"schema":{"@context":"https:\/\/schema.org","@graph":[{"@type":"WebPage","@id":"https:\/\/www.blogsoestado.com\/danielmatos\/wellington-do-curso-confirma-pre-candidatura-a-prefeitura-de-sao-luis-durante-entrevista-ao-bom-dia-mirante\/","url":"https:\/\/www.blogsoestado.com\/danielmatos\/wellington-do-curso-confirma-pre-candidatura-a-prefeitura-de-sao-luis-durante-entrevista-ao-bom-dia-mirante\/","name":"Wellington do Curso confirma pr\u00e9-candidatura \u00e0 Prefeitura de S\u00e3o Lu\u00eds durante entrevista ao \u201cBom Dia Mirante\u201d - Daniel Matos","isPartOf":{"@id":"https:\/\/www.blogsoestado.com\/danielmatos\/#website"},"primaryImageOfPage":{"@id":"https:\/\/www.blogsoestado.com\/danielmatos\/wellington-do-curso-confirma-pre-candidatura-a-prefeitura-de-sao-luis-durante-entrevista-ao-bom-dia-mirante\/#primaryimage"},"image":{"@id":"https:\/\/www.blogsoestado.com\/danielmatos\/wellington-do-curso-confirma-pre-candidatura-a-prefeitura-de-sao-luis-durante-entrevista-ao-bom-dia-mirante\/#primaryimage"},"thumbnailUrl":"https:\/\/www.blogsoestado.com\/danielmatos\/files\/2023\/03\/Screenshot_20230306-1758192.png","datePublished":"2023-03-06T21:11:19+00:00","author":{"@id":""},"breadcrumb":{"@id":"https:\/\/www.blogsoestado.com\/danielmatos\/wellington-do-curso-confirma-pre-candidatura-a-prefeitura-de-sao-luis-durante-entrevista-ao-bom-dia-mirante\/#breadcrumb"},"inLanguage":"pt-BR","potentialAction":[{"@type":"ReadAction","target":["https:\/\/www.blogsoestado.com\/danielmatos\/wellington-do-curso-confirma-pre-candidatura-a-prefeitura-de-sao-luis-durante-entrevista-ao-bom-dia-mirante\/"]}]},{"@type":"ImageObject","inLanguage":"pt-BR","@id":"https:\/\/www.blogsoestado.com\/danielmatos\/wellington-do-curso-confirma-pre-candidatura-a-prefeitura-de-sao-luis-durante-entrevista-ao-bom-dia-mirante\/#primaryimage","url":"https:\/\/www.blogsoestado.com\/danielmatos\/files\/2023\/03\/Screenshot_20230306-1758192.png","contentUrl":"https:\/\/www.blogsoestado.com\/danielmatos\/files\/2023\/03\/Screenshot_20230306-1758192.png"},{"@type":"BreadcrumbList","@id":"https:\/\/www.blogsoestado.com\/danielmatos\/wellington-do-curso-confirma-pre-candidatura-a-prefeitura-de-sao-luis-durante-entrevista-ao-bom-dia-mirante\/#breadcrumb","itemListElement":[{"@type":"ListItem","position":1,"name":"In\u00edcio","item":"https:\/\/www.blogsoestado.com\/danielmatos\/"},{"@type":"ListItem","position":2,"name":"Wellington do Curso confirma pr\u00e9-candidatura \u00e0 Prefeitura de S\u00e3o Lu\u00eds durante entrevista ao \u201cBom Dia Mirante\u201d"}]},{"@type":"WebSite","@id":"https:\/\/www.blogsoestado.com\/danielmatos\/#website","url":"https:\/\/www.blogsoestado.com\/danielmatos\/","name":"Daniel Matos","description":"","potentialAction":[{"@type":"SearchAction","target":{"@type":"EntryPoint","urlTemplate":"https:\/\/www.blogsoestado.com\/danielmatos\/?s={search_term_string}"},"query-input":{"@type":"PropertyValueSpecification","valueRequired":true,"valueName":"search_term_string"}}],"inLanguage":"pt-BR"}]}},"jetpack_featured_media_url":"","_links":{"self":[{"href":"https:\/\/www.blogsoestado.com\/danielmatos\/wp-json\/wp\/v2\/posts\/106804","targetHints":{"allow":["GET"]}}],"collection":[{"href":"https:\/\/www.blogsoestado.com\/danielmatos\/wp-json\/wp\/v2\/posts"}],"about":[{"href":"https:\/\/www.blogsoestado.com\/danielmatos\/wp-json\/wp\/v2\/types\/post"}],"replies":[{"embeddable":true,"href":"https:\/\/www.blogsoestado.com\/danielmatos\/wp-json\/wp\/v2\/comments?post=106804"}],"version-history":[{"count":0,"href":"https:\/\/www.blogsoestado.com\/danielmatos\/wp-json\/wp\/v2\/posts\/106804\/revisions"}],"wp:attachment":[{"href":"https:\/\/www.blogsoestado.com\/danielmatos\/wp-json\/wp\/v2\/media?parent=106804"}],"wp:term":[{"taxonomy":"category","embeddable":true,"href":"https:\/\/www.blogsoestado.com\/danielmatos\/wp-json\/wp\/v2\/categories?post=106804"},{"taxonomy":"post_tag","embeddable":true,"href":"https:\/\/www.blogsoestado.com\/danielmatos\/wp-json\/wp\/v2\/tags?post=106804"}],"curies":[{"name":"wp","href":"https:\/\/api.w.org\/{rel}","templated":true}]}}