{"id":106807,"date":"2023-03-06T21:13:30","date_gmt":"2023-03-07T00:13:30","guid":{"rendered":"https:\/\/www.blogsoestado.com\/danielmatos\/?p=106807"},"modified":"2023-03-06T21:13:30","modified_gmt":"2023-03-07T00:13:30","slug":"janela-de-lancamento-de-foguete-sul-coreano-sera-reaberta-nesta-terca-feira-7-em-alcantara","status":"publish","type":"post","link":"https:\/\/www.blogsoestado.com\/danielmatos\/janela-de-lancamento-de-foguete-sul-coreano-sera-reaberta-nesta-terca-feira-7-em-alcantara\/","title":{"rendered":"Janela de lan\u00e7amento de foguete sul-coreano ser\u00e1 reaberta nesta ter\u00e7a-feira (7), em Alc\u00e2ntara"},"content":{"rendered":"\n<div class=\"wp-block-image\"><figure class=\"aligncenter size-large\"><a href=\"https:\/\/www.blogsoestado.com\/danielmatos\/files\/2023\/03\/Screenshot_20230306-2104472.png\"><img decoding=\"async\" src=\"https:\/\/www.blogsoestado.com\/danielmatos\/files\/2023\/03\/Screenshot_20230306-2104472.png\" alt=\"\" class=\"wp-image-106808\"\/><\/a><figcaption>Foguete fabricado pela empresa sul-coreana na plataforma do Centro de Lan\u00e7amento de Alc\u00e2ntara (CLA) pronto para ir a \u00f3rbita<\/figcaption><\/figure><\/div>\n\n\n\n<p>A Opera\u00e7\u00e3o Astrol\u00e1bio, resultado da parceria entre o Departamento de Ci\u00eancia e Tecnologia Aeroespacial (DCTA) e a empresa privada sul-coreana INNOSPACE, acaba de ser retomada e uma nova janela de lan\u00e7amento foi definida para o per\u00edodo de 7 a 21 de mar\u00e7o de 2023, no Centro de Lan\u00e7amento de Alc\u00e2ntara (CLA).<\/p>\n\n\n\n<p>No dia 21 de dezembro de 2022, o lan\u00e7amento do foguete HANBIT-TLV precisou ser adiado devido a uma quest\u00e3o de ordem t\u00e9cnica. De acordo com o CEO da INNOSPACE, Kim Soojong, diversas a\u00e7\u00f5es foram planejadas e implementadas para que a pr\u00f3xima tentativa possa acontecer de forma eficaz. \u201cAssim como para o Centro de Lan\u00e7amento de Alc\u00e2ntara (CLA), a seguran\u00e7a tamb\u00e9m \u00e9 uma prioridade para a INNOSPACE. Estamos confiantes de que teremos um lan\u00e7amento seguro e bem-sucedido\u201d, comentou Kim Soojong.<\/p>\n\n\n\n<p>Segundo o coordenador-geral da opera\u00e7\u00e3o, coronel aviador Rodrigo Jos\u00e9 Fontes de Almeida, a miss\u00e3o envolveu muitos desafios e quebras de paradigmas, afinal, \u00e9 a primeira vez que uma empresa privada estrangeira realiza um lan\u00e7amento a partir da base de Alc\u00e2ntara. \u201cEsse \u00e9 um momento marcante para o Programa Espacial Brasileiro, pois a Opera\u00e7\u00e3o Astrol\u00e1bio vem ratificar o futuro Centro Espacial de Alc\u00e2ntara (CEA) como um espa\u00e7o-porto para o New Space*, abrindo possibilidades de parcerias futuras e o aprimoramento dos processos e da estrutura do CLA\u201d, explicou.<\/p>\n\n\n\n<p>Com o lan\u00e7amento do HANBIT-TLV, o CLA chega ao 500\u00ba lan\u00e7amento em 40 anos de hist\u00f3ria, apoiando in\u00fameros experimentos tecnol\u00f3gicos complexos e multidisciplinares.<\/p>\n\n\n\n<p><strong>New Space<\/strong><\/p>\n\n\n\n<p>New Space \u00e9 um conceito atual no mercado espacial que prioriza o lan\u00e7amento de sat\u00e9lites menores e mais leves, planejados para orbitarem por per\u00edodos mais curtos, o que diminui o tempo de fabrica\u00e7\u00e3o e, principalmente, o custo dessas cargas \u00fateis, al\u00e9m de potencializar o desenvolvimento de pesquisas espaciais devido \u00e0 constante atualiza\u00e7\u00e3o das tecnologias envolvidas e a facilidade crescente na miniaturiza\u00e7\u00e3o e utiliza\u00e7\u00e3o de novos componentes.<\/p>\n\n\n\n<div class=\"wp-block-image\"><figure class=\"aligncenter size-large\"><a href=\"https:\/\/www.blogsoestado.com\/danielmatos\/files\/2023\/03\/Screenshot_20230306-2106002.png\"><img decoding=\"async\" src=\"https:\/\/www.blogsoestado.com\/danielmatos\/files\/2023\/03\/Screenshot_20230306-2106002.png\" alt=\"\" class=\"wp-image-106809\"\/><\/a><figcaption>Equipe envolvida na Opera\u00e7\u00e3o Astrol\u00e1bio trabalha para que o lan\u00e7amento seja bem-sucedido<\/figcaption><\/figure><\/div>\n\n\n\n<p><strong>Sobre a carga \u00fatil<\/strong><\/p>\n\n\n\n<p>O foguete sul-coreano \u00e9 equipado com a carga \u00fatil denominada Sistema de Navega\u00e7\u00e3o Inercial (SISNAV), desenvolvida pelos militares e profissionais civis do Instituto de Aeron\u00e1utica e Espa\u00e7o (IAE), com o apoio da Ag\u00eancia Espacial Brasileira (AEB).<\/p>\n\n\n\n<p>O SISNAV \u00e9 um experimento tecnol\u00f3gico brasileiro essencial para a navega\u00e7\u00e3o aut\u00f4noma de foguetes, que permitir\u00e1 ao Brasil um grande passo em dire\u00e7\u00e3o \u00e0 independ\u00eancia no desenvolvimento de ve\u00edculos para lan\u00e7amentos de sat\u00e9lites de todos os tipos. O Projeto SISNAV est\u00e1 inserido dentro do Sistema de Navega\u00e7\u00e3o e Controle (SISNAC), previsto para o Ve\u00edculo Lan\u00e7ador de Microssat\u00e9lites (VLM) da FAB, focado em \u00f3rbitas baixas do New Space.<\/p>\n\n\n\n<p>Essa miss\u00e3o propicia o desenvolvimento t\u00e9cnico e operacional das equipes envolvidas no que tange \u00e0 tecnologia de propuls\u00e3o h\u00edbrida, avalia\u00e7\u00e3o do desempenho em voo do SISNAV e sistemas de rastreio, transmiss\u00e3o e recebimento de dados. Dessa forma, o Programa Espacial Brasileiro ser\u00e1 fortalecido, mostrando ao mundo a capacidade do Brasil de desenvolver tecnologias aeroespaciais.<\/p>\n\n\n\n<p>Para saber mais sobre o ve\u00edculo e a import\u00e2ncia da Opera\u00e7\u00e3o,&nbsp;<a href=\"https:\/\/www.dcta.mil.br\/index.php\/2014-12-11-17-51-57\/610-03-especial-operacao-astrolabio-seguindo-as-estrelas-para-conquistar-o-espaco\" target=\"_blank\" rel=\"noreferrer noopener\">clique aqui<\/a>.<\/p>\n","protected":false},"excerpt":{"rendered":"<p>A Opera\u00e7\u00e3o Astrol\u00e1bio, resultado da parceria entre o Departamento de Ci\u00eancia e Tecnologia Aeroespacial (DCTA) e a empresa privada sul-coreana [&hellip;]<\/p>\n","protected":false},"author":0,"featured_media":0,"comment_status":"open","ping_status":"open","sticky":false,"template":"","format":"standard","meta":{"site-sidebar-layout":"default","site-content-layout":"","ast-site-content-layout":"default","site-content-style":"default","site-sidebar-style":"default","ast-global-header-display":"","ast-banner-title-visibility":"","ast-main-header-display":"","ast-hfb-above-header-display":"","ast-hfb-below-header-display":"","ast-hfb-mobile-header-display":"","site-post-title":"","ast-breadcrumbs-content":"","ast-featured-img":"","footer-sml-layout":"","ast-disable-related-posts":"","theme-transparent-header-meta":"","adv-header-id-meta":"","stick-header-meta":"","header-above-stick-meta":"","header-main-stick-meta":"","header-below-stick-meta":"","astra-migrate-meta-layouts":"default","ast-page-background-enabled":"default","ast-page-background-meta":{"desktop":{"background-color":"var(--ast-global-color-5)","background-image":"","background-repeat":"repeat","background-position":"center center","background-size":"auto","background-attachment":"scroll","background-type":"","background-media":"","overlay-type":"","overlay-color":"","overlay-opacity":"","overlay-gradient":""},"tablet":{"background-color":"","background-image":"","background-repeat":"repeat","background-position":"center center","background-size":"auto","background-attachment":"scroll","background-type":"","background-media":"","overlay-type":"","overlay-color":"","overlay-opacity":"","overlay-gradient":""},"mobile":{"background-color":"","background-image":"","background-repeat":"repeat","background-position":"center center","background-size":"auto","background-attachment":"scroll","background-type":"","background-media":"","overlay-type":"","overlay-color":"","overlay-opacity":"","overlay-gradient":""}},"ast-content-background-meta":{"desktop":{"background-color":"var(--ast-global-color-4)","background-image":"","background-repeat":"repeat","background-position":"center center","background-size":"auto","background-attachment":"scroll","background-type":"","background-media":"","overlay-type":"","overlay-color":"","overlay-opacity":"","overlay-gradient":""},"tablet":{"background-color":"var(--ast-global-color-4)","background-image":"","background-repeat":"repeat","background-position":"center center","background-size":"auto","background-attachment":"scroll","background-type":"","background-media":"","overlay-type":"","overlay-color":"","overlay-opacity":"","overlay-gradient":""},"mobile":{"background-color":"var(--ast-global-color-4)","background-image":"","background-repeat":"repeat","background-position":"center center","background-size":"auto","background-attachment":"scroll","background-type":"","background-media":"","overlay-type":"","overlay-color":"","overlay-opacity":"","overlay-gradient":""}},"footnotes":""},"categories":[1],"tags":[],"class_list":["post-106807","post","type-post","status-publish","format-standard","hentry","category-sem-categoria"],"yoast_head":"<!-- This site is optimized with the Yoast SEO plugin v26.6 - https:\/\/yoast.com\/wordpress\/plugins\/seo\/ -->\n<title>Janela de lan\u00e7amento de foguete sul-coreano ser\u00e1 reaberta nesta ter\u00e7a-feira (7), em Alc\u00e2ntara - Daniel Matos<\/title>\n<meta name=\"robots\" content=\"index, follow, max-snippet:-1, max-image-preview:large, max-video-preview:-1\" \/>\n<link rel=\"canonical\" href=\"https:\/\/www.blogsoestado.com\/danielmatos\/janela-de-lancamento-de-foguete-sul-coreano-sera-reaberta-nesta-terca-feira-7-em-alcantara\/\" \/>\n<meta property=\"og:locale\" content=\"pt_BR\" \/>\n<meta property=\"og:type\" content=\"article\" \/>\n<meta property=\"og:title\" content=\"Janela de lan\u00e7amento de foguete sul-coreano ser\u00e1 reaberta nesta ter\u00e7a-feira (7), em Alc\u00e2ntara - Daniel Matos\" \/>\n<meta property=\"og:description\" content=\"A Opera\u00e7\u00e3o Astrol\u00e1bio, resultado da parceria entre o Departamento de Ci\u00eancia e Tecnologia Aeroespacial (DCTA) e a empresa privada sul-coreana [&hellip;]\" \/>\n<meta property=\"og:url\" content=\"https:\/\/www.blogsoestado.com\/danielmatos\/janela-de-lancamento-de-foguete-sul-coreano-sera-reaberta-nesta-terca-feira-7-em-alcantara\/\" \/>\n<meta property=\"og:site_name\" content=\"Daniel Matos\" \/>\n<meta property=\"article:published_time\" content=\"2023-03-07T00:13:30+00:00\" \/>\n<meta property=\"og:image\" content=\"https:\/\/www.blogsoestado.com\/danielmatos\/files\/2023\/03\/Screenshot_20230306-2104472.png\" \/>\n<meta name=\"twitter:card\" content=\"summary_large_image\" \/>\n<meta name=\"twitter:label1\" content=\"Est. tempo de leitura\" \/>\n\t<meta name=\"twitter:data1\" content=\"3 minutos\" \/>\n<script type=\"application\/ld+json\" class=\"yoast-schema-graph\">{\"@context\":\"https:\/\/schema.org\",\"@graph\":[{\"@type\":\"WebPage\",\"@id\":\"https:\/\/www.blogsoestado.com\/danielmatos\/janela-de-lancamento-de-foguete-sul-coreano-sera-reaberta-nesta-terca-feira-7-em-alcantara\/\",\"url\":\"https:\/\/www.blogsoestado.com\/danielmatos\/janela-de-lancamento-de-foguete-sul-coreano-sera-reaberta-nesta-terca-feira-7-em-alcantara\/\",\"name\":\"Janela de lan\u00e7amento de foguete sul-coreano ser\u00e1 reaberta nesta ter\u00e7a-feira (7), em Alc\u00e2ntara - Daniel Matos\",\"isPartOf\":{\"@id\":\"https:\/\/www.blogsoestado.com\/danielmatos\/#website\"},\"primaryImageOfPage\":{\"@id\":\"https:\/\/www.blogsoestado.com\/danielmatos\/janela-de-lancamento-de-foguete-sul-coreano-sera-reaberta-nesta-terca-feira-7-em-alcantara\/#primaryimage\"},\"image\":{\"@id\":\"https:\/\/www.blogsoestado.com\/danielmatos\/janela-de-lancamento-de-foguete-sul-coreano-sera-reaberta-nesta-terca-feira-7-em-alcantara\/#primaryimage\"},\"thumbnailUrl\":\"https:\/\/www.blogsoestado.com\/danielmatos\/files\/2023\/03\/Screenshot_20230306-2104472.png\",\"datePublished\":\"2023-03-07T00:13:30+00:00\",\"author\":{\"@id\":\"\"},\"breadcrumb\":{\"@id\":\"https:\/\/www.blogsoestado.com\/danielmatos\/janela-de-lancamento-de-foguete-sul-coreano-sera-reaberta-nesta-terca-feira-7-em-alcantara\/#breadcrumb\"},\"inLanguage\":\"pt-BR\",\"potentialAction\":[{\"@type\":\"ReadAction\",\"target\":[\"https:\/\/www.blogsoestado.com\/danielmatos\/janela-de-lancamento-de-foguete-sul-coreano-sera-reaberta-nesta-terca-feira-7-em-alcantara\/\"]}]},{\"@type\":\"ImageObject\",\"inLanguage\":\"pt-BR\",\"@id\":\"https:\/\/www.blogsoestado.com\/danielmatos\/janela-de-lancamento-de-foguete-sul-coreano-sera-reaberta-nesta-terca-feira-7-em-alcantara\/#primaryimage\",\"url\":\"https:\/\/www.blogsoestado.com\/danielmatos\/files\/2023\/03\/Screenshot_20230306-2104472.png\",\"contentUrl\":\"https:\/\/www.blogsoestado.com\/danielmatos\/files\/2023\/03\/Screenshot_20230306-2104472.png\"},{\"@type\":\"BreadcrumbList\",\"@id\":\"https:\/\/www.blogsoestado.com\/danielmatos\/janela-de-lancamento-de-foguete-sul-coreano-sera-reaberta-nesta-terca-feira-7-em-alcantara\/#breadcrumb\",\"itemListElement\":[{\"@type\":\"ListItem\",\"position\":1,\"name\":\"In\u00edcio\",\"item\":\"https:\/\/www.blogsoestado.com\/danielmatos\/\"},{\"@type\":\"ListItem\",\"position\":2,\"name\":\"Janela de lan\u00e7amento de foguete sul-coreano ser\u00e1 reaberta nesta ter\u00e7a-feira (7), em Alc\u00e2ntara\"}]},{\"@type\":\"WebSite\",\"@id\":\"https:\/\/www.blogsoestado.com\/danielmatos\/#website\",\"url\":\"https:\/\/www.blogsoestado.com\/danielmatos\/\",\"name\":\"Daniel Matos\",\"description\":\"\",\"potentialAction\":[{\"@type\":\"SearchAction\",\"target\":{\"@type\":\"EntryPoint\",\"urlTemplate\":\"https:\/\/www.blogsoestado.com\/danielmatos\/?s={search_term_string}\"},\"query-input\":{\"@type\":\"PropertyValueSpecification\",\"valueRequired\":true,\"valueName\":\"search_term_string\"}}],\"inLanguage\":\"pt-BR\"}]}<\/script>\n<!-- \/ Yoast SEO plugin. -->","yoast_head_json":{"title":"Janela de lan\u00e7amento de foguete sul-coreano ser\u00e1 reaberta nesta ter\u00e7a-feira (7), em Alc\u00e2ntara - Daniel Matos","robots":{"index":"index","follow":"follow","max-snippet":"max-snippet:-1","max-image-preview":"max-image-preview:large","max-video-preview":"max-video-preview:-1"},"canonical":"https:\/\/www.blogsoestado.com\/danielmatos\/janela-de-lancamento-de-foguete-sul-coreano-sera-reaberta-nesta-terca-feira-7-em-alcantara\/","og_locale":"pt_BR","og_type":"article","og_title":"Janela de lan\u00e7amento de foguete sul-coreano ser\u00e1 reaberta nesta ter\u00e7a-feira (7), em Alc\u00e2ntara - Daniel Matos","og_description":"A Opera\u00e7\u00e3o Astrol\u00e1bio, resultado da parceria entre o Departamento de Ci\u00eancia e Tecnologia Aeroespacial (DCTA) e a empresa privada sul-coreana [&hellip;]","og_url":"https:\/\/www.blogsoestado.com\/danielmatos\/janela-de-lancamento-de-foguete-sul-coreano-sera-reaberta-nesta-terca-feira-7-em-alcantara\/","og_site_name":"Daniel Matos","article_published_time":"2023-03-07T00:13:30+00:00","og_image":[{"url":"https:\/\/www.blogsoestado.com\/danielmatos\/files\/2023\/03\/Screenshot_20230306-2104472.png","type":"","width":"","height":""}],"twitter_card":"summary_large_image","twitter_misc":{"Est. tempo de leitura":"3 minutos"},"schema":{"@context":"https:\/\/schema.org","@graph":[{"@type":"WebPage","@id":"https:\/\/www.blogsoestado.com\/danielmatos\/janela-de-lancamento-de-foguete-sul-coreano-sera-reaberta-nesta-terca-feira-7-em-alcantara\/","url":"https:\/\/www.blogsoestado.com\/danielmatos\/janela-de-lancamento-de-foguete-sul-coreano-sera-reaberta-nesta-terca-feira-7-em-alcantara\/","name":"Janela de lan\u00e7amento de foguete sul-coreano ser\u00e1 reaberta nesta ter\u00e7a-feira (7), em Alc\u00e2ntara - Daniel Matos","isPartOf":{"@id":"https:\/\/www.blogsoestado.com\/danielmatos\/#website"},"primaryImageOfPage":{"@id":"https:\/\/www.blogsoestado.com\/danielmatos\/janela-de-lancamento-de-foguete-sul-coreano-sera-reaberta-nesta-terca-feira-7-em-alcantara\/#primaryimage"},"image":{"@id":"https:\/\/www.blogsoestado.com\/danielmatos\/janela-de-lancamento-de-foguete-sul-coreano-sera-reaberta-nesta-terca-feira-7-em-alcantara\/#primaryimage"},"thumbnailUrl":"https:\/\/www.blogsoestado.com\/danielmatos\/files\/2023\/03\/Screenshot_20230306-2104472.png","datePublished":"2023-03-07T00:13:30+00:00","author":{"@id":""},"breadcrumb":{"@id":"https:\/\/www.blogsoestado.com\/danielmatos\/janela-de-lancamento-de-foguete-sul-coreano-sera-reaberta-nesta-terca-feira-7-em-alcantara\/#breadcrumb"},"inLanguage":"pt-BR","potentialAction":[{"@type":"ReadAction","target":["https:\/\/www.blogsoestado.com\/danielmatos\/janela-de-lancamento-de-foguete-sul-coreano-sera-reaberta-nesta-terca-feira-7-em-alcantara\/"]}]},{"@type":"ImageObject","inLanguage":"pt-BR","@id":"https:\/\/www.blogsoestado.com\/danielmatos\/janela-de-lancamento-de-foguete-sul-coreano-sera-reaberta-nesta-terca-feira-7-em-alcantara\/#primaryimage","url":"https:\/\/www.blogsoestado.com\/danielmatos\/files\/2023\/03\/Screenshot_20230306-2104472.png","contentUrl":"https:\/\/www.blogsoestado.com\/danielmatos\/files\/2023\/03\/Screenshot_20230306-2104472.png"},{"@type":"BreadcrumbList","@id":"https:\/\/www.blogsoestado.com\/danielmatos\/janela-de-lancamento-de-foguete-sul-coreano-sera-reaberta-nesta-terca-feira-7-em-alcantara\/#breadcrumb","itemListElement":[{"@type":"ListItem","position":1,"name":"In\u00edcio","item":"https:\/\/www.blogsoestado.com\/danielmatos\/"},{"@type":"ListItem","position":2,"name":"Janela de lan\u00e7amento de foguete sul-coreano ser\u00e1 reaberta nesta ter\u00e7a-feira (7), em Alc\u00e2ntara"}]},{"@type":"WebSite","@id":"https:\/\/www.blogsoestado.com\/danielmatos\/#website","url":"https:\/\/www.blogsoestado.com\/danielmatos\/","name":"Daniel Matos","description":"","potentialAction":[{"@type":"SearchAction","target":{"@type":"EntryPoint","urlTemplate":"https:\/\/www.blogsoestado.com\/danielmatos\/?s={search_term_string}"},"query-input":{"@type":"PropertyValueSpecification","valueRequired":true,"valueName":"search_term_string"}}],"inLanguage":"pt-BR"}]}},"jetpack_featured_media_url":"","_links":{"self":[{"href":"https:\/\/www.blogsoestado.com\/danielmatos\/wp-json\/wp\/v2\/posts\/106807","targetHints":{"allow":["GET"]}}],"collection":[{"href":"https:\/\/www.blogsoestado.com\/danielmatos\/wp-json\/wp\/v2\/posts"}],"about":[{"href":"https:\/\/www.blogsoestado.com\/danielmatos\/wp-json\/wp\/v2\/types\/post"}],"replies":[{"embeddable":true,"href":"https:\/\/www.blogsoestado.com\/danielmatos\/wp-json\/wp\/v2\/comments?post=106807"}],"version-history":[{"count":0,"href":"https:\/\/www.blogsoestado.com\/danielmatos\/wp-json\/wp\/v2\/posts\/106807\/revisions"}],"wp:attachment":[{"href":"https:\/\/www.blogsoestado.com\/danielmatos\/wp-json\/wp\/v2\/media?parent=106807"}],"wp:term":[{"taxonomy":"category","embeddable":true,"href":"https:\/\/www.blogsoestado.com\/danielmatos\/wp-json\/wp\/v2\/categories?post=106807"},{"taxonomy":"post_tag","embeddable":true,"href":"https:\/\/www.blogsoestado.com\/danielmatos\/wp-json\/wp\/v2\/tags?post=106807"}],"curies":[{"name":"wp","href":"https:\/\/api.w.org\/{rel}","templated":true}]}}