{"id":106832,"date":"2023-03-07T12:30:00","date_gmt":"2023-03-07T15:30:00","guid":{"rendered":"https:\/\/www.blogsoestado.com\/danielmatos\/?p=106832"},"modified":"2023-03-07T12:30:00","modified_gmt":"2023-03-07T15:30:00","slug":"toda-mulher-estreia-na-tv-assembleia-no-dia-8-de-marco-destacando-entrevista-com-iracema-vale","status":"publish","type":"post","link":"https:\/\/www.blogsoestado.com\/danielmatos\/toda-mulher-estreia-na-tv-assembleia-no-dia-8-de-marco-destacando-entrevista-com-iracema-vale\/","title":{"rendered":"\u201cToda Mulher\u201d estreia na TV Assembleia no dia 8 de mar\u00e7o, destacando entrevista com Iracema Vale"},"content":{"rendered":"\n<div class=\"wp-block-image\"><figure class=\"aligncenter size-large\"><a href=\"https:\/\/www.blogsoestado.com\/danielmatos\/files\/2023\/03\/Screenshot_20230307-1146532.png\"><img decoding=\"async\" src=\"https:\/\/www.blogsoestado.com\/danielmatos\/files\/2023\/03\/Screenshot_20230307-1146532.png\" alt=\"\" class=\"wp-image-106833\"\/><\/a><figcaption>A apresentadora Karla Bianca e a presidente da Assembleia, deputada Iracema Vale, no cen\u00e1rio do programa<\/figcaption><\/figure><\/div>\n\n\n\n<p>As pol\u00edticas p\u00fablicas, garantias de direitos em leis e demais assuntos que impactam no cotidiano feminino estar\u00e3o em debate no programa \u201cToda Mulher\u201d, que a TV Assembleia estreia \u00e0s 15h desta quarta-feira, Dia Internacional da Mulher (8 de mar\u00e7o), com apresenta\u00e7\u00e3o da jornalista Karla Bianca. A primeira entrevistada \u00e9 a presidente da Assembleia Legislativa do Maranh\u00e3o, deputada Iracema Vale (PSB), \u00fanica mulher a ocupar o cargo e que falar\u00e1 sobre a participa\u00e7\u00e3o feminina na pol\u00edtica.<\/p>\n\n\n\n<p>\u201cEstou muito feliz por abrir este espa\u00e7o para as mulheres obterem mais informa\u00e7\u00e3o, mais conte\u00fado. A gente vive um momento de empoderamento feminino aqui na Assembleia. Em 188 anos de hist\u00f3ria, \u00e9 a primeira vez que tem uma mulher na presid\u00eancia na Casa; \u00e9 a primeira vez que temos a maior bancada feminina, s\u00e3o 12 mulheres; e \u00e0 frente da TV Assembleia, temos uma diretora maravilhosa, que \u00e9 a jornalista Jacqueline Heluy, que est\u00e1 fazendo um grande trabalho e nos presenteando com esse programa\u201d, assinala a presidente da Alema.<\/p>\n\n\n\n<p>\u201c\u2018Toda Mulher\u2019 \u00e9 uma produ\u00e7\u00e3o que nasce com uma proposta diferenciada e bem atual, com foco nas a\u00e7\u00f5es do Parlamento maranhense e na legisla\u00e7\u00e3o voltada \u00e0s garantias de direito das mulheres, para dar mais visibilidade ao tema e tamb\u00e9m ampliar o espa\u00e7o de debate na comunidade\u201d, destaca a diretora de Comunica\u00e7\u00e3o da Assembleia Legislativa, jornalista Jacqueline Heluy.<\/p>\n\n\n\n<p>A apresentadora Karla Bianca afirma ser um prazer enorme apresentar o \u2018Toda Mulher\u2019, que \u00e9 uma atra\u00e7\u00e3o quinzenal. \u201c\u00c9 um programa pensado e dirigido por mulheres, que vai falar sobre o protagonismo feminino, sobre as leis, os direitos das mulheres. Voc\u00ea n\u00e3o pode deixar de assistir\u201d, convoca a jornalista.<\/p>\n\n\n\n<p><strong>Mat\u00e9ria especial<\/strong><\/p>\n\n\n\n<p>Al\u00e9m da entrevista com a presidente Iracema Vale, o programa destacar\u00e1 uma mat\u00e9ria especial, assinada pela jornalista Milena Dutra, sobre a ocupa\u00e7\u00e3o dos espa\u00e7os de poder pol\u00edtico pelas mulheres. Entre outros dados, ressaltar\u00e1 que, segundo o Tribunal Superior Eleitoral (TSE), 53% do eleitorado brasileiro \u00e9 formado por mulheres, mas que apesar disso as mulheres ainda s\u00e3o minoria nos tr\u00eas poderes.<\/p>\n\n\n\n<p>O programa \u2018Toda Mulher\u2019 tem produ\u00e7\u00e3o da jornalista Juliana Sipa\u00faba e vai ao ar todas as quartas-feiras, \u00e0s 15h, pela TV Assembleia (canal aberto digital 9.2; Maxx TV, canal 17; e Sky, canal 309).<\/p>\n","protected":false},"excerpt":{"rendered":"<p>As pol\u00edticas p\u00fablicas, garantias de direitos em leis e demais assuntos que impactam no cotidiano feminino estar\u00e3o em debate no [&hellip;]<\/p>\n","protected":false},"author":0,"featured_media":0,"comment_status":"open","ping_status":"open","sticky":false,"template":"","format":"standard","meta":{"site-sidebar-layout":"default","site-content-layout":"","ast-site-content-layout":"default","site-content-style":"default","site-sidebar-style":"default","ast-global-header-display":"","ast-banner-title-visibility":"","ast-main-header-display":"","ast-hfb-above-header-display":"","ast-hfb-below-header-display":"","ast-hfb-mobile-header-display":"","site-post-title":"","ast-breadcrumbs-content":"","ast-featured-img":"","footer-sml-layout":"","ast-disable-related-posts":"","theme-transparent-header-meta":"","adv-header-id-meta":"","stick-header-meta":"","header-above-stick-meta":"","header-main-stick-meta":"","header-below-stick-meta":"","astra-migrate-meta-layouts":"default","ast-page-background-enabled":"default","ast-page-background-meta":{"desktop":{"background-color":"var(--ast-global-color-5)","background-image":"","background-repeat":"repeat","background-position":"center center","background-size":"auto","background-attachment":"scroll","background-type":"","background-media":"","overlay-type":"","overlay-color":"","overlay-opacity":"","overlay-gradient":""},"tablet":{"background-color":"","background-image":"","background-repeat":"repeat","background-position":"center center","background-size":"auto","background-attachment":"scroll","background-type":"","background-media":"","overlay-type":"","overlay-color":"","overlay-opacity":"","overlay-gradient":""},"mobile":{"background-color":"","background-image":"","background-repeat":"repeat","background-position":"center center","background-size":"auto","background-attachment":"scroll","background-type":"","background-media":"","overlay-type":"","overlay-color":"","overlay-opacity":"","overlay-gradient":""}},"ast-content-background-meta":{"desktop":{"background-color":"var(--ast-global-color-4)","background-image":"","background-repeat":"repeat","background-position":"center center","background-size":"auto","background-attachment":"scroll","background-type":"","background-media":"","overlay-type":"","overlay-color":"","overlay-opacity":"","overlay-gradient":""},"tablet":{"background-color":"var(--ast-global-color-4)","background-image":"","background-repeat":"repeat","background-position":"center center","background-size":"auto","background-attachment":"scroll","background-type":"","background-media":"","overlay-type":"","overlay-color":"","overlay-opacity":"","overlay-gradient":""},"mobile":{"background-color":"var(--ast-global-color-4)","background-image":"","background-repeat":"repeat","background-position":"center center","background-size":"auto","background-attachment":"scroll","background-type":"","background-media":"","overlay-type":"","overlay-color":"","overlay-opacity":"","overlay-gradient":""}},"footnotes":""},"categories":[1],"tags":[],"class_list":["post-106832","post","type-post","status-publish","format-standard","hentry","category-sem-categoria"],"yoast_head":"<!-- This site is optimized with the Yoast SEO plugin v26.6 - https:\/\/yoast.com\/wordpress\/plugins\/seo\/ -->\n<title>\u201cToda Mulher\u201d estreia na TV Assembleia no dia 8 de mar\u00e7o, destacando entrevista com Iracema Vale - Daniel Matos<\/title>\n<meta name=\"robots\" content=\"index, follow, max-snippet:-1, max-image-preview:large, max-video-preview:-1\" \/>\n<link rel=\"canonical\" href=\"https:\/\/www.blogsoestado.com\/danielmatos\/toda-mulher-estreia-na-tv-assembleia-no-dia-8-de-marco-destacando-entrevista-com-iracema-vale\/\" \/>\n<meta property=\"og:locale\" content=\"pt_BR\" \/>\n<meta property=\"og:type\" content=\"article\" \/>\n<meta property=\"og:title\" content=\"\u201cToda Mulher\u201d estreia na TV Assembleia no dia 8 de mar\u00e7o, destacando entrevista com Iracema Vale - Daniel Matos\" \/>\n<meta property=\"og:description\" content=\"As pol\u00edticas p\u00fablicas, garantias de direitos em leis e demais assuntos que impactam no cotidiano feminino estar\u00e3o em debate no [&hellip;]\" \/>\n<meta property=\"og:url\" content=\"https:\/\/www.blogsoestado.com\/danielmatos\/toda-mulher-estreia-na-tv-assembleia-no-dia-8-de-marco-destacando-entrevista-com-iracema-vale\/\" \/>\n<meta property=\"og:site_name\" content=\"Daniel Matos\" \/>\n<meta property=\"article:published_time\" content=\"2023-03-07T15:30:00+00:00\" \/>\n<meta property=\"og:image\" content=\"https:\/\/www.blogsoestado.com\/danielmatos\/files\/2023\/03\/Screenshot_20230307-1146532.png\" \/>\n<meta name=\"twitter:card\" content=\"summary_large_image\" \/>\n<meta name=\"twitter:label1\" content=\"Est. tempo de leitura\" \/>\n\t<meta name=\"twitter:data1\" content=\"2 minutos\" \/>\n<script type=\"application\/ld+json\" class=\"yoast-schema-graph\">{\"@context\":\"https:\/\/schema.org\",\"@graph\":[{\"@type\":\"WebPage\",\"@id\":\"https:\/\/www.blogsoestado.com\/danielmatos\/toda-mulher-estreia-na-tv-assembleia-no-dia-8-de-marco-destacando-entrevista-com-iracema-vale\/\",\"url\":\"https:\/\/www.blogsoestado.com\/danielmatos\/toda-mulher-estreia-na-tv-assembleia-no-dia-8-de-marco-destacando-entrevista-com-iracema-vale\/\",\"name\":\"\u201cToda Mulher\u201d estreia na TV Assembleia no dia 8 de mar\u00e7o, destacando entrevista com Iracema Vale - Daniel Matos\",\"isPartOf\":{\"@id\":\"https:\/\/www.blogsoestado.com\/danielmatos\/#website\"},\"primaryImageOfPage\":{\"@id\":\"https:\/\/www.blogsoestado.com\/danielmatos\/toda-mulher-estreia-na-tv-assembleia-no-dia-8-de-marco-destacando-entrevista-com-iracema-vale\/#primaryimage\"},\"image\":{\"@id\":\"https:\/\/www.blogsoestado.com\/danielmatos\/toda-mulher-estreia-na-tv-assembleia-no-dia-8-de-marco-destacando-entrevista-com-iracema-vale\/#primaryimage\"},\"thumbnailUrl\":\"https:\/\/www.blogsoestado.com\/danielmatos\/files\/2023\/03\/Screenshot_20230307-1146532.png\",\"datePublished\":\"2023-03-07T15:30:00+00:00\",\"author\":{\"@id\":\"\"},\"breadcrumb\":{\"@id\":\"https:\/\/www.blogsoestado.com\/danielmatos\/toda-mulher-estreia-na-tv-assembleia-no-dia-8-de-marco-destacando-entrevista-com-iracema-vale\/#breadcrumb\"},\"inLanguage\":\"pt-BR\",\"potentialAction\":[{\"@type\":\"ReadAction\",\"target\":[\"https:\/\/www.blogsoestado.com\/danielmatos\/toda-mulher-estreia-na-tv-assembleia-no-dia-8-de-marco-destacando-entrevista-com-iracema-vale\/\"]}]},{\"@type\":\"ImageObject\",\"inLanguage\":\"pt-BR\",\"@id\":\"https:\/\/www.blogsoestado.com\/danielmatos\/toda-mulher-estreia-na-tv-assembleia-no-dia-8-de-marco-destacando-entrevista-com-iracema-vale\/#primaryimage\",\"url\":\"https:\/\/www.blogsoestado.com\/danielmatos\/files\/2023\/03\/Screenshot_20230307-1146532.png\",\"contentUrl\":\"https:\/\/www.blogsoestado.com\/danielmatos\/files\/2023\/03\/Screenshot_20230307-1146532.png\"},{\"@type\":\"BreadcrumbList\",\"@id\":\"https:\/\/www.blogsoestado.com\/danielmatos\/toda-mulher-estreia-na-tv-assembleia-no-dia-8-de-marco-destacando-entrevista-com-iracema-vale\/#breadcrumb\",\"itemListElement\":[{\"@type\":\"ListItem\",\"position\":1,\"name\":\"In\u00edcio\",\"item\":\"https:\/\/www.blogsoestado.com\/danielmatos\/\"},{\"@type\":\"ListItem\",\"position\":2,\"name\":\"\u201cToda Mulher\u201d estreia na TV Assembleia no dia 8 de mar\u00e7o, destacando entrevista com Iracema Vale\"}]},{\"@type\":\"WebSite\",\"@id\":\"https:\/\/www.blogsoestado.com\/danielmatos\/#website\",\"url\":\"https:\/\/www.blogsoestado.com\/danielmatos\/\",\"name\":\"Daniel Matos\",\"description\":\"\",\"potentialAction\":[{\"@type\":\"SearchAction\",\"target\":{\"@type\":\"EntryPoint\",\"urlTemplate\":\"https:\/\/www.blogsoestado.com\/danielmatos\/?s={search_term_string}\"},\"query-input\":{\"@type\":\"PropertyValueSpecification\",\"valueRequired\":true,\"valueName\":\"search_term_string\"}}],\"inLanguage\":\"pt-BR\"}]}<\/script>\n<!-- \/ Yoast SEO plugin. -->","yoast_head_json":{"title":"\u201cToda Mulher\u201d estreia na TV Assembleia no dia 8 de mar\u00e7o, destacando entrevista com Iracema Vale - Daniel Matos","robots":{"index":"index","follow":"follow","max-snippet":"max-snippet:-1","max-image-preview":"max-image-preview:large","max-video-preview":"max-video-preview:-1"},"canonical":"https:\/\/www.blogsoestado.com\/danielmatos\/toda-mulher-estreia-na-tv-assembleia-no-dia-8-de-marco-destacando-entrevista-com-iracema-vale\/","og_locale":"pt_BR","og_type":"article","og_title":"\u201cToda Mulher\u201d estreia na TV Assembleia no dia 8 de mar\u00e7o, destacando entrevista com Iracema Vale - Daniel Matos","og_description":"As pol\u00edticas p\u00fablicas, garantias de direitos em leis e demais assuntos que impactam no cotidiano feminino estar\u00e3o em debate no [&hellip;]","og_url":"https:\/\/www.blogsoestado.com\/danielmatos\/toda-mulher-estreia-na-tv-assembleia-no-dia-8-de-marco-destacando-entrevista-com-iracema-vale\/","og_site_name":"Daniel Matos","article_published_time":"2023-03-07T15:30:00+00:00","og_image":[{"url":"https:\/\/www.blogsoestado.com\/danielmatos\/files\/2023\/03\/Screenshot_20230307-1146532.png","type":"","width":"","height":""}],"twitter_card":"summary_large_image","twitter_misc":{"Est. tempo de leitura":"2 minutos"},"schema":{"@context":"https:\/\/schema.org","@graph":[{"@type":"WebPage","@id":"https:\/\/www.blogsoestado.com\/danielmatos\/toda-mulher-estreia-na-tv-assembleia-no-dia-8-de-marco-destacando-entrevista-com-iracema-vale\/","url":"https:\/\/www.blogsoestado.com\/danielmatos\/toda-mulher-estreia-na-tv-assembleia-no-dia-8-de-marco-destacando-entrevista-com-iracema-vale\/","name":"\u201cToda Mulher\u201d estreia na TV Assembleia no dia 8 de mar\u00e7o, destacando entrevista com Iracema Vale - Daniel Matos","isPartOf":{"@id":"https:\/\/www.blogsoestado.com\/danielmatos\/#website"},"primaryImageOfPage":{"@id":"https:\/\/www.blogsoestado.com\/danielmatos\/toda-mulher-estreia-na-tv-assembleia-no-dia-8-de-marco-destacando-entrevista-com-iracema-vale\/#primaryimage"},"image":{"@id":"https:\/\/www.blogsoestado.com\/danielmatos\/toda-mulher-estreia-na-tv-assembleia-no-dia-8-de-marco-destacando-entrevista-com-iracema-vale\/#primaryimage"},"thumbnailUrl":"https:\/\/www.blogsoestado.com\/danielmatos\/files\/2023\/03\/Screenshot_20230307-1146532.png","datePublished":"2023-03-07T15:30:00+00:00","author":{"@id":""},"breadcrumb":{"@id":"https:\/\/www.blogsoestado.com\/danielmatos\/toda-mulher-estreia-na-tv-assembleia-no-dia-8-de-marco-destacando-entrevista-com-iracema-vale\/#breadcrumb"},"inLanguage":"pt-BR","potentialAction":[{"@type":"ReadAction","target":["https:\/\/www.blogsoestado.com\/danielmatos\/toda-mulher-estreia-na-tv-assembleia-no-dia-8-de-marco-destacando-entrevista-com-iracema-vale\/"]}]},{"@type":"ImageObject","inLanguage":"pt-BR","@id":"https:\/\/www.blogsoestado.com\/danielmatos\/toda-mulher-estreia-na-tv-assembleia-no-dia-8-de-marco-destacando-entrevista-com-iracema-vale\/#primaryimage","url":"https:\/\/www.blogsoestado.com\/danielmatos\/files\/2023\/03\/Screenshot_20230307-1146532.png","contentUrl":"https:\/\/www.blogsoestado.com\/danielmatos\/files\/2023\/03\/Screenshot_20230307-1146532.png"},{"@type":"BreadcrumbList","@id":"https:\/\/www.blogsoestado.com\/danielmatos\/toda-mulher-estreia-na-tv-assembleia-no-dia-8-de-marco-destacando-entrevista-com-iracema-vale\/#breadcrumb","itemListElement":[{"@type":"ListItem","position":1,"name":"In\u00edcio","item":"https:\/\/www.blogsoestado.com\/danielmatos\/"},{"@type":"ListItem","position":2,"name":"\u201cToda Mulher\u201d estreia na TV Assembleia no dia 8 de mar\u00e7o, destacando entrevista com Iracema Vale"}]},{"@type":"WebSite","@id":"https:\/\/www.blogsoestado.com\/danielmatos\/#website","url":"https:\/\/www.blogsoestado.com\/danielmatos\/","name":"Daniel Matos","description":"","potentialAction":[{"@type":"SearchAction","target":{"@type":"EntryPoint","urlTemplate":"https:\/\/www.blogsoestado.com\/danielmatos\/?s={search_term_string}"},"query-input":{"@type":"PropertyValueSpecification","valueRequired":true,"valueName":"search_term_string"}}],"inLanguage":"pt-BR"}]}},"jetpack_featured_media_url":"","_links":{"self":[{"href":"https:\/\/www.blogsoestado.com\/danielmatos\/wp-json\/wp\/v2\/posts\/106832","targetHints":{"allow":["GET"]}}],"collection":[{"href":"https:\/\/www.blogsoestado.com\/danielmatos\/wp-json\/wp\/v2\/posts"}],"about":[{"href":"https:\/\/www.blogsoestado.com\/danielmatos\/wp-json\/wp\/v2\/types\/post"}],"replies":[{"embeddable":true,"href":"https:\/\/www.blogsoestado.com\/danielmatos\/wp-json\/wp\/v2\/comments?post=106832"}],"version-history":[{"count":0,"href":"https:\/\/www.blogsoestado.com\/danielmatos\/wp-json\/wp\/v2\/posts\/106832\/revisions"}],"wp:attachment":[{"href":"https:\/\/www.blogsoestado.com\/danielmatos\/wp-json\/wp\/v2\/media?parent=106832"}],"wp:term":[{"taxonomy":"category","embeddable":true,"href":"https:\/\/www.blogsoestado.com\/danielmatos\/wp-json\/wp\/v2\/categories?post=106832"},{"taxonomy":"post_tag","embeddable":true,"href":"https:\/\/www.blogsoestado.com\/danielmatos\/wp-json\/wp\/v2\/tags?post=106832"}],"curies":[{"name":"wp","href":"https:\/\/api.w.org\/{rel}","templated":true}]}}