{"id":106835,"date":"2023-03-07T15:21:14","date_gmt":"2023-03-07T18:21:14","guid":{"rendered":"https:\/\/www.blogsoestado.com\/danielmatos\/?p=106835"},"modified":"2023-03-07T15:21:14","modified_gmt":"2023-03-07T18:21:14","slug":"brandao-dialoga-com-ministro-responsavel-pelo-bolsa-familia-4-dias-apos-corte-de-53-mil-lares-do-programa-no-maranhao","status":"publish","type":"post","link":"https:\/\/www.blogsoestado.com\/danielmatos\/brandao-dialoga-com-ministro-responsavel-pelo-bolsa-familia-4-dias-apos-corte-de-53-mil-lares-do-programa-no-maranhao\/","title":{"rendered":"Brand\u00e3o dialoga com ministro respons\u00e1vel pelo Bolsa Fam\u00edlia 4 dias ap\u00f3s corte de 53 mil lares do programa no Maranh\u00e3o"},"content":{"rendered":"\n<div class=\"wp-block-image\"><figure class=\"aligncenter size-large\"><a href=\"https:\/\/www.blogsoestado.com\/danielmatos\/files\/2023\/03\/Screenshot_20230307-1457462.png\"><img decoding=\"async\" src=\"https:\/\/www.blogsoestado.com\/danielmatos\/files\/2023\/03\/Screenshot_20230307-1457462.png\" alt=\"\" class=\"wp-image-106836\"\/><\/a><figcaption>O governador Carlos Brand\u00e3o dialogou com o ministro Wellngton Dias sobre pol\u00edticas federais de combate \u00e0 fome quatro dias depois da exclus\u00e3o de mais de 53 benef\u00edcios do Bolsa Fam\u00edlia no Maranh\u00e3o<\/figcaption><\/figure><\/div>\n\n\n\n<p>O governador Carlos Brand\u00e3o (PSB) viajou a Bras\u00edlia nesta ter\u00e7a-feira (7) para discutir com o ministro do Desenvolvimento e Assist\u00eancia Social, Fam\u00edlia e Combate \u00e0 Fome, Wellngton Dias, a execu\u00e7\u00e3o das pol\u00edticas do governo Lula para o combate \u00e0 fome. A miss\u00e3o oficial acontece quatro dias depois do an\u00fancio do cancelamento de 53.183 benef\u00edcios do Bolsa Fam\u00edlia no Maranh\u00e3o, feito pelo pr\u00f3prio MDS, respons\u00e1vel pela gest\u00e3o do programa.<\/p>\n\n\n\n<p>C\u00e1lculo feito a grosso modo &#8211; multiplicando-se o n\u00famero de fam\u00edlias exclu\u00eddas pela quantidade de membros &#8211; indica o corte de mais de 200 mil maranhenses do principal programa de transfer\u00eancia direta de renda do Governo Federal. Sem d\u00favida, a medida vai gerar forte impacto negativo para a seguran\u00e7a alimentar e nutricional da parcela mais pobre da popula\u00e7\u00e3o do estado.<\/p>\n\n\n\n<p>S\u00e3o dezenas de milhares de lares no Maranh\u00e3o onde m\u00e3es e filhos deixaram de contar com um importante meio de sustento, sen\u00e3o o \u00fanico. Se h\u00e1 inconsist\u00eancias para o enquadramento dessas pessoas no programa, motivo alegado pelo MDS para tantos cancelamentos, cabe, no m\u00ednimo, uma revis\u00e3o.<\/p>\n\n\n\n<p>O assunto certamente constou da pauta discutida por Brand\u00e3o com o ministro Wellngton Dias. Espera-se que d\u00ea resultado quanto antes, tendo em vista os graves indicadores de mis\u00e9ria que assolam a maioria dos 217 munic\u00edpios maranhenses. <\/p>\n","protected":false},"excerpt":{"rendered":"<p>O governador Carlos Brand\u00e3o (PSB) viajou a Bras\u00edlia nesta ter\u00e7a-feira (7) para discutir com o ministro do Desenvolvimento e Assist\u00eancia [&hellip;]<\/p>\n","protected":false},"author":0,"featured_media":0,"comment_status":"open","ping_status":"open","sticky":false,"template":"","format":"standard","meta":{"site-sidebar-layout":"default","site-content-layout":"","ast-site-content-layout":"default","site-content-style":"default","site-sidebar-style":"default","ast-global-header-display":"","ast-banner-title-visibility":"","ast-main-header-display":"","ast-hfb-above-header-display":"","ast-hfb-below-header-display":"","ast-hfb-mobile-header-display":"","site-post-title":"","ast-breadcrumbs-content":"","ast-featured-img":"","footer-sml-layout":"","ast-disable-related-posts":"","theme-transparent-header-meta":"","adv-header-id-meta":"","stick-header-meta":"","header-above-stick-meta":"","header-main-stick-meta":"","header-below-stick-meta":"","astra-migrate-meta-layouts":"default","ast-page-background-enabled":"default","ast-page-background-meta":{"desktop":{"background-color":"var(--ast-global-color-5)","background-image":"","background-repeat":"repeat","background-position":"center center","background-size":"auto","background-attachment":"scroll","background-type":"","background-media":"","overlay-type":"","overlay-color":"","overlay-opacity":"","overlay-gradient":""},"tablet":{"background-color":"","background-image":"","background-repeat":"repeat","background-position":"center center","background-size":"auto","background-attachment":"scroll","background-type":"","background-media":"","overlay-type":"","overlay-color":"","overlay-opacity":"","overlay-gradient":""},"mobile":{"background-color":"","background-image":"","background-repeat":"repeat","background-position":"center center","background-size":"auto","background-attachment":"scroll","background-type":"","background-media":"","overlay-type":"","overlay-color":"","overlay-opacity":"","overlay-gradient":""}},"ast-content-background-meta":{"desktop":{"background-color":"var(--ast-global-color-4)","background-image":"","background-repeat":"repeat","background-position":"center center","background-size":"auto","background-attachment":"scroll","background-type":"","background-media":"","overlay-type":"","overlay-color":"","overlay-opacity":"","overlay-gradient":""},"tablet":{"background-color":"var(--ast-global-color-4)","background-image":"","background-repeat":"repeat","background-position":"center center","background-size":"auto","background-attachment":"scroll","background-type":"","background-media":"","overlay-type":"","overlay-color":"","overlay-opacity":"","overlay-gradient":""},"mobile":{"background-color":"var(--ast-global-color-4)","background-image":"","background-repeat":"repeat","background-position":"center center","background-size":"auto","background-attachment":"scroll","background-type":"","background-media":"","overlay-type":"","overlay-color":"","overlay-opacity":"","overlay-gradient":""}},"footnotes":""},"categories":[1],"tags":[],"class_list":["post-106835","post","type-post","status-publish","format-standard","hentry","category-sem-categoria"],"yoast_head":"<!-- This site is optimized with the Yoast SEO plugin v26.6 - https:\/\/yoast.com\/wordpress\/plugins\/seo\/ -->\n<title>Brand\u00e3o dialoga com ministro respons\u00e1vel pelo Bolsa Fam\u00edlia 4 dias ap\u00f3s corte de 53 mil lares do programa no Maranh\u00e3o - Daniel Matos<\/title>\n<meta name=\"robots\" content=\"index, follow, max-snippet:-1, max-image-preview:large, max-video-preview:-1\" \/>\n<link rel=\"canonical\" href=\"https:\/\/www.blogsoestado.com\/danielmatos\/brandao-dialoga-com-ministro-responsavel-pelo-bolsa-familia-4-dias-apos-corte-de-53-mil-lares-do-programa-no-maranhao\/\" \/>\n<meta property=\"og:locale\" content=\"pt_BR\" \/>\n<meta property=\"og:type\" content=\"article\" \/>\n<meta property=\"og:title\" content=\"Brand\u00e3o dialoga com ministro respons\u00e1vel pelo Bolsa Fam\u00edlia 4 dias ap\u00f3s corte de 53 mil lares do programa no Maranh\u00e3o - Daniel Matos\" \/>\n<meta property=\"og:description\" content=\"O governador Carlos Brand\u00e3o (PSB) viajou a Bras\u00edlia nesta ter\u00e7a-feira (7) para discutir com o ministro do Desenvolvimento e Assist\u00eancia [&hellip;]\" \/>\n<meta property=\"og:url\" content=\"https:\/\/www.blogsoestado.com\/danielmatos\/brandao-dialoga-com-ministro-responsavel-pelo-bolsa-familia-4-dias-apos-corte-de-53-mil-lares-do-programa-no-maranhao\/\" \/>\n<meta property=\"og:site_name\" content=\"Daniel Matos\" \/>\n<meta property=\"article:published_time\" content=\"2023-03-07T18:21:14+00:00\" \/>\n<meta property=\"og:image\" content=\"https:\/\/www.blogsoestado.com\/danielmatos\/files\/2023\/03\/Screenshot_20230307-1457462.png\" \/>\n<meta name=\"twitter:card\" content=\"summary_large_image\" \/>\n<meta name=\"twitter:label1\" content=\"Est. tempo de leitura\" \/>\n\t<meta name=\"twitter:data1\" content=\"2 minutos\" \/>\n<script type=\"application\/ld+json\" class=\"yoast-schema-graph\">{\"@context\":\"https:\/\/schema.org\",\"@graph\":[{\"@type\":\"WebPage\",\"@id\":\"https:\/\/www.blogsoestado.com\/danielmatos\/brandao-dialoga-com-ministro-responsavel-pelo-bolsa-familia-4-dias-apos-corte-de-53-mil-lares-do-programa-no-maranhao\/\",\"url\":\"https:\/\/www.blogsoestado.com\/danielmatos\/brandao-dialoga-com-ministro-responsavel-pelo-bolsa-familia-4-dias-apos-corte-de-53-mil-lares-do-programa-no-maranhao\/\",\"name\":\"Brand\u00e3o dialoga com ministro respons\u00e1vel pelo Bolsa Fam\u00edlia 4 dias ap\u00f3s corte de 53 mil lares do programa no Maranh\u00e3o - Daniel Matos\",\"isPartOf\":{\"@id\":\"https:\/\/www.blogsoestado.com\/danielmatos\/#website\"},\"primaryImageOfPage\":{\"@id\":\"https:\/\/www.blogsoestado.com\/danielmatos\/brandao-dialoga-com-ministro-responsavel-pelo-bolsa-familia-4-dias-apos-corte-de-53-mil-lares-do-programa-no-maranhao\/#primaryimage\"},\"image\":{\"@id\":\"https:\/\/www.blogsoestado.com\/danielmatos\/brandao-dialoga-com-ministro-responsavel-pelo-bolsa-familia-4-dias-apos-corte-de-53-mil-lares-do-programa-no-maranhao\/#primaryimage\"},\"thumbnailUrl\":\"https:\/\/www.blogsoestado.com\/danielmatos\/files\/2023\/03\/Screenshot_20230307-1457462.png\",\"datePublished\":\"2023-03-07T18:21:14+00:00\",\"author\":{\"@id\":\"\"},\"breadcrumb\":{\"@id\":\"https:\/\/www.blogsoestado.com\/danielmatos\/brandao-dialoga-com-ministro-responsavel-pelo-bolsa-familia-4-dias-apos-corte-de-53-mil-lares-do-programa-no-maranhao\/#breadcrumb\"},\"inLanguage\":\"pt-BR\",\"potentialAction\":[{\"@type\":\"ReadAction\",\"target\":[\"https:\/\/www.blogsoestado.com\/danielmatos\/brandao-dialoga-com-ministro-responsavel-pelo-bolsa-familia-4-dias-apos-corte-de-53-mil-lares-do-programa-no-maranhao\/\"]}]},{\"@type\":\"ImageObject\",\"inLanguage\":\"pt-BR\",\"@id\":\"https:\/\/www.blogsoestado.com\/danielmatos\/brandao-dialoga-com-ministro-responsavel-pelo-bolsa-familia-4-dias-apos-corte-de-53-mil-lares-do-programa-no-maranhao\/#primaryimage\",\"url\":\"https:\/\/www.blogsoestado.com\/danielmatos\/files\/2023\/03\/Screenshot_20230307-1457462.png\",\"contentUrl\":\"https:\/\/www.blogsoestado.com\/danielmatos\/files\/2023\/03\/Screenshot_20230307-1457462.png\"},{\"@type\":\"BreadcrumbList\",\"@id\":\"https:\/\/www.blogsoestado.com\/danielmatos\/brandao-dialoga-com-ministro-responsavel-pelo-bolsa-familia-4-dias-apos-corte-de-53-mil-lares-do-programa-no-maranhao\/#breadcrumb\",\"itemListElement\":[{\"@type\":\"ListItem\",\"position\":1,\"name\":\"In\u00edcio\",\"item\":\"https:\/\/www.blogsoestado.com\/danielmatos\/\"},{\"@type\":\"ListItem\",\"position\":2,\"name\":\"Brand\u00e3o dialoga com ministro respons\u00e1vel pelo Bolsa Fam\u00edlia 4 dias ap\u00f3s corte de 53 mil lares do programa no Maranh\u00e3o\"}]},{\"@type\":\"WebSite\",\"@id\":\"https:\/\/www.blogsoestado.com\/danielmatos\/#website\",\"url\":\"https:\/\/www.blogsoestado.com\/danielmatos\/\",\"name\":\"Daniel Matos\",\"description\":\"\",\"potentialAction\":[{\"@type\":\"SearchAction\",\"target\":{\"@type\":\"EntryPoint\",\"urlTemplate\":\"https:\/\/www.blogsoestado.com\/danielmatos\/?s={search_term_string}\"},\"query-input\":{\"@type\":\"PropertyValueSpecification\",\"valueRequired\":true,\"valueName\":\"search_term_string\"}}],\"inLanguage\":\"pt-BR\"}]}<\/script>\n<!-- \/ Yoast SEO plugin. -->","yoast_head_json":{"title":"Brand\u00e3o dialoga com ministro respons\u00e1vel pelo Bolsa Fam\u00edlia 4 dias ap\u00f3s corte de 53 mil lares do programa no Maranh\u00e3o - Daniel Matos","robots":{"index":"index","follow":"follow","max-snippet":"max-snippet:-1","max-image-preview":"max-image-preview:large","max-video-preview":"max-video-preview:-1"},"canonical":"https:\/\/www.blogsoestado.com\/danielmatos\/brandao-dialoga-com-ministro-responsavel-pelo-bolsa-familia-4-dias-apos-corte-de-53-mil-lares-do-programa-no-maranhao\/","og_locale":"pt_BR","og_type":"article","og_title":"Brand\u00e3o dialoga com ministro respons\u00e1vel pelo Bolsa Fam\u00edlia 4 dias ap\u00f3s corte de 53 mil lares do programa no Maranh\u00e3o - Daniel Matos","og_description":"O governador Carlos Brand\u00e3o (PSB) viajou a Bras\u00edlia nesta ter\u00e7a-feira (7) para discutir com o ministro do Desenvolvimento e Assist\u00eancia [&hellip;]","og_url":"https:\/\/www.blogsoestado.com\/danielmatos\/brandao-dialoga-com-ministro-responsavel-pelo-bolsa-familia-4-dias-apos-corte-de-53-mil-lares-do-programa-no-maranhao\/","og_site_name":"Daniel Matos","article_published_time":"2023-03-07T18:21:14+00:00","og_image":[{"url":"https:\/\/www.blogsoestado.com\/danielmatos\/files\/2023\/03\/Screenshot_20230307-1457462.png","type":"","width":"","height":""}],"twitter_card":"summary_large_image","twitter_misc":{"Est. tempo de leitura":"2 minutos"},"schema":{"@context":"https:\/\/schema.org","@graph":[{"@type":"WebPage","@id":"https:\/\/www.blogsoestado.com\/danielmatos\/brandao-dialoga-com-ministro-responsavel-pelo-bolsa-familia-4-dias-apos-corte-de-53-mil-lares-do-programa-no-maranhao\/","url":"https:\/\/www.blogsoestado.com\/danielmatos\/brandao-dialoga-com-ministro-responsavel-pelo-bolsa-familia-4-dias-apos-corte-de-53-mil-lares-do-programa-no-maranhao\/","name":"Brand\u00e3o dialoga com ministro respons\u00e1vel pelo Bolsa Fam\u00edlia 4 dias ap\u00f3s corte de 53 mil lares do programa no Maranh\u00e3o - Daniel Matos","isPartOf":{"@id":"https:\/\/www.blogsoestado.com\/danielmatos\/#website"},"primaryImageOfPage":{"@id":"https:\/\/www.blogsoestado.com\/danielmatos\/brandao-dialoga-com-ministro-responsavel-pelo-bolsa-familia-4-dias-apos-corte-de-53-mil-lares-do-programa-no-maranhao\/#primaryimage"},"image":{"@id":"https:\/\/www.blogsoestado.com\/danielmatos\/brandao-dialoga-com-ministro-responsavel-pelo-bolsa-familia-4-dias-apos-corte-de-53-mil-lares-do-programa-no-maranhao\/#primaryimage"},"thumbnailUrl":"https:\/\/www.blogsoestado.com\/danielmatos\/files\/2023\/03\/Screenshot_20230307-1457462.png","datePublished":"2023-03-07T18:21:14+00:00","author":{"@id":""},"breadcrumb":{"@id":"https:\/\/www.blogsoestado.com\/danielmatos\/brandao-dialoga-com-ministro-responsavel-pelo-bolsa-familia-4-dias-apos-corte-de-53-mil-lares-do-programa-no-maranhao\/#breadcrumb"},"inLanguage":"pt-BR","potentialAction":[{"@type":"ReadAction","target":["https:\/\/www.blogsoestado.com\/danielmatos\/brandao-dialoga-com-ministro-responsavel-pelo-bolsa-familia-4-dias-apos-corte-de-53-mil-lares-do-programa-no-maranhao\/"]}]},{"@type":"ImageObject","inLanguage":"pt-BR","@id":"https:\/\/www.blogsoestado.com\/danielmatos\/brandao-dialoga-com-ministro-responsavel-pelo-bolsa-familia-4-dias-apos-corte-de-53-mil-lares-do-programa-no-maranhao\/#primaryimage","url":"https:\/\/www.blogsoestado.com\/danielmatos\/files\/2023\/03\/Screenshot_20230307-1457462.png","contentUrl":"https:\/\/www.blogsoestado.com\/danielmatos\/files\/2023\/03\/Screenshot_20230307-1457462.png"},{"@type":"BreadcrumbList","@id":"https:\/\/www.blogsoestado.com\/danielmatos\/brandao-dialoga-com-ministro-responsavel-pelo-bolsa-familia-4-dias-apos-corte-de-53-mil-lares-do-programa-no-maranhao\/#breadcrumb","itemListElement":[{"@type":"ListItem","position":1,"name":"In\u00edcio","item":"https:\/\/www.blogsoestado.com\/danielmatos\/"},{"@type":"ListItem","position":2,"name":"Brand\u00e3o dialoga com ministro respons\u00e1vel pelo Bolsa Fam\u00edlia 4 dias ap\u00f3s corte de 53 mil lares do programa no Maranh\u00e3o"}]},{"@type":"WebSite","@id":"https:\/\/www.blogsoestado.com\/danielmatos\/#website","url":"https:\/\/www.blogsoestado.com\/danielmatos\/","name":"Daniel Matos","description":"","potentialAction":[{"@type":"SearchAction","target":{"@type":"EntryPoint","urlTemplate":"https:\/\/www.blogsoestado.com\/danielmatos\/?s={search_term_string}"},"query-input":{"@type":"PropertyValueSpecification","valueRequired":true,"valueName":"search_term_string"}}],"inLanguage":"pt-BR"}]}},"jetpack_featured_media_url":"","_links":{"self":[{"href":"https:\/\/www.blogsoestado.com\/danielmatos\/wp-json\/wp\/v2\/posts\/106835","targetHints":{"allow":["GET"]}}],"collection":[{"href":"https:\/\/www.blogsoestado.com\/danielmatos\/wp-json\/wp\/v2\/posts"}],"about":[{"href":"https:\/\/www.blogsoestado.com\/danielmatos\/wp-json\/wp\/v2\/types\/post"}],"replies":[{"embeddable":true,"href":"https:\/\/www.blogsoestado.com\/danielmatos\/wp-json\/wp\/v2\/comments?post=106835"}],"version-history":[{"count":0,"href":"https:\/\/www.blogsoestado.com\/danielmatos\/wp-json\/wp\/v2\/posts\/106835\/revisions"}],"wp:attachment":[{"href":"https:\/\/www.blogsoestado.com\/danielmatos\/wp-json\/wp\/v2\/media?parent=106835"}],"wp:term":[{"taxonomy":"category","embeddable":true,"href":"https:\/\/www.blogsoestado.com\/danielmatos\/wp-json\/wp\/v2\/categories?post=106835"},{"taxonomy":"post_tag","embeddable":true,"href":"https:\/\/www.blogsoestado.com\/danielmatos\/wp-json\/wp\/v2\/tags?post=106835"}],"curies":[{"name":"wp","href":"https:\/\/api.w.org\/{rel}","templated":true}]}}