{"id":106839,"date":"2023-03-07T18:18:36","date_gmt":"2023-03-07T21:18:36","guid":{"rendered":"https:\/\/www.blogsoestado.com\/danielmatos\/?p=106839"},"modified":"2023-03-07T18:18:36","modified_gmt":"2023-03-07T21:18:36","slug":"representante-do-mcti-visita-o-espaco-da-ciencia-e-do-firmamento-planetario","status":"publish","type":"post","link":"https:\/\/www.blogsoestado.com\/danielmatos\/representante-do-mcti-visita-o-espaco-da-ciencia-e-do-firmamento-planetario\/","title":{"rendered":"Representante do MCTI visita o Espa\u00e7o da Ci\u00eancia e do Firmamento &#8211; Planet\u00e1rio"},"content":{"rendered":"\n<div class=\"wp-block-image\"><figure class=\"aligncenter size-large\"><a href=\"https:\/\/www.blogsoestado.com\/danielmatos\/files\/2023\/03\/Screenshot_20230307-1809342.png\"><img decoding=\"async\" src=\"https:\/\/www.blogsoestado.com\/danielmatos\/files\/2023\/03\/Screenshot_20230307-1809342.png\" alt=\"\" class=\"wp-image-106840\"\/><\/a><figcaption>Em di\u00e1logo com o reitor da UFMA, Natalino Salgado Filho, o assessor do Minist\u00e9rio da Ci\u00eancia, Tecnologia e Inova\u00e7\u00e3o (MCTI), Rubens Diniz, defendeu a descentraliza\u00e7\u00e3o das estruturas de pesquisa do pa\u00eds e a populariza\u00e7\u00e3o da ci\u00eancia como prioridades<\/figcaption><\/figure><\/div>\n\n\n\n<p>O reitor da Universidade Federal do Maranh\u00e3o (UFMA), professor Natalino Salgado Filho, recebeu, nesta ter\u00e7a-feira, 7, o assessor do Minist\u00e9rio da Ci\u00eancia, Tecnologia e Inova\u00e7\u00e3o (MCTI), Rubens Diniz, que estava representando a ministra Luciana Santos. Durante sua visita ao Centro de Lan\u00e7amento de Alc\u00e2ntara (CLA), Diniz foi convidado pelo reitor para conhecer o Espa\u00e7o da Ci\u00eancia e do Firmamento &#8211; Planet\u00e1rio, instala\u00e7\u00e3o vinculada \u00e0 reitoria da Universidade.<\/p>\n\n\n\n<p>\u201c\u00c9 uma satisfa\u00e7\u00e3o para n\u00f3s visitar a Universidade Federal do Maranh\u00e3o, em nome do Minist\u00e9rio da Ci\u00eancia, Tecnologia e Inova\u00e7\u00e3o. Consideramos a descentraliza\u00e7\u00e3o das estruturas de pesquisa do pa\u00eds e a populariza\u00e7\u00e3o da ci\u00eancia como prioridades\u201d, afirma Diniz. A ci\u00eancia precisa ser pol\u00edtica de Estado, de recursos e investimentos. &#8220;Queremos aqui, em nome da ministra Luciana Santos, assumir o compromisso de trabalhar para a finaliza\u00e7\u00e3o dessa importante estrutura de convers\u00e3o cient\u00edfica do nordeste brasileiro e para o estado do Maranh\u00e3o\u201d, completou.<\/p>\n\n\n\n<div class=\"wp-block-image\"><figure class=\"aligncenter size-large\"><a href=\"https:\/\/www.blogsoestado.com\/danielmatos\/files\/2023\/03\/Screenshot_20230307-1809032.png\"><img decoding=\"async\" src=\"https:\/\/www.blogsoestado.com\/danielmatos\/files\/2023\/03\/Screenshot_20230307-1809032.png\" alt=\"\" class=\"wp-image-106841\"\/><\/a><figcaption>Acompanhado pelo reitor Natalino Salgado, Rubens Diniz conheceu a estrutura f\u00edsica e equipamentos do Espa\u00e7o da Ci\u00eancia e do Firmamento &#8211; Planet\u00e1rio<\/figcaption><\/figure><\/div>\n\n\n\n<p>O reitor Natalino Salgado enfatizou a import\u00e2ncia do planet\u00e1rio para o incentivo \u00e0 ci\u00eancia no estado. \u201cSem d\u00favida alguma, o Espa\u00e7o da Ci\u00eancia e do Firmamento possui grande relev\u00e2ncia para a populariza\u00e7\u00e3o da ci\u00eancia, sobretudo para os jovens do ensino fundamental e m\u00e9dio na capital e tamb\u00e9m do interior. \u00c9 um esfor\u00e7o que a Universidade vem fazendo, em sintonia com as pol\u00edticas p\u00fablicas do Minist\u00e9rio da Ci\u00eancia, Tecnologia e Inova\u00e7\u00e3o. Tenho certeza que seremos grandes parceiros e iremos, neste ano, inaugurar essa importante obra\u201d, pontuou.<\/p>\n\n\n\n<p><strong>Saiba<\/strong> <strong>+<\/strong><\/p>\n\n\n\n<p>O Espa\u00e7o da Ci\u00eancia e do Firmamento &#8211; Planet\u00e1rio tem o objetivo de promover a divulga\u00e7\u00e3o cient\u00edfica por meio de palestras e demonstra\u00e7\u00f5es de experimentos cient\u00edficos, buscando incentivar o interesse pela ci\u00eancia nos visitantes. No Planet\u00e1rio, tamb\u00e9m est\u00e1 presente o Laborat\u00f3rio de Divulga\u00e7\u00e3o Cient\u00edfica Ilha da Ci\u00eancia, um espa\u00e7o interativo de ci\u00eancias e ensino de astronomia composto por telesc\u00f3pios profissionais, sala de v\u00eddeo e uma unidade m\u00f3vel do planet\u00e1rio, que percorre todo o estado aproximando a ci\u00eancia da comunidade.<\/p>\n","protected":false},"excerpt":{"rendered":"<p>O reitor da Universidade Federal do Maranh\u00e3o (UFMA), professor Natalino Salgado Filho, recebeu, nesta ter\u00e7a-feira, 7, o assessor do Minist\u00e9rio [&hellip;]<\/p>\n","protected":false},"author":0,"featured_media":0,"comment_status":"open","ping_status":"open","sticky":false,"template":"","format":"standard","meta":{"site-sidebar-layout":"default","site-content-layout":"","ast-site-content-layout":"default","site-content-style":"default","site-sidebar-style":"default","ast-global-header-display":"","ast-banner-title-visibility":"","ast-main-header-display":"","ast-hfb-above-header-display":"","ast-hfb-below-header-display":"","ast-hfb-mobile-header-display":"","site-post-title":"","ast-breadcrumbs-content":"","ast-featured-img":"","footer-sml-layout":"","ast-disable-related-posts":"","theme-transparent-header-meta":"","adv-header-id-meta":"","stick-header-meta":"","header-above-stick-meta":"","header-main-stick-meta":"","header-below-stick-meta":"","astra-migrate-meta-layouts":"default","ast-page-background-enabled":"default","ast-page-background-meta":{"desktop":{"background-color":"var(--ast-global-color-5)","background-image":"","background-repeat":"repeat","background-position":"center center","background-size":"auto","background-attachment":"scroll","background-type":"","background-media":"","overlay-type":"","overlay-color":"","overlay-opacity":"","overlay-gradient":""},"tablet":{"background-color":"","background-image":"","background-repeat":"repeat","background-position":"center center","background-size":"auto","background-attachment":"scroll","background-type":"","background-media":"","overlay-type":"","overlay-color":"","overlay-opacity":"","overlay-gradient":""},"mobile":{"background-color":"","background-image":"","background-repeat":"repeat","background-position":"center center","background-size":"auto","background-attachment":"scroll","background-type":"","background-media":"","overlay-type":"","overlay-color":"","overlay-opacity":"","overlay-gradient":""}},"ast-content-background-meta":{"desktop":{"background-color":"var(--ast-global-color-4)","background-image":"","background-repeat":"repeat","background-position":"center center","background-size":"auto","background-attachment":"scroll","background-type":"","background-media":"","overlay-type":"","overlay-color":"","overlay-opacity":"","overlay-gradient":""},"tablet":{"background-color":"var(--ast-global-color-4)","background-image":"","background-repeat":"repeat","background-position":"center center","background-size":"auto","background-attachment":"scroll","background-type":"","background-media":"","overlay-type":"","overlay-color":"","overlay-opacity":"","overlay-gradient":""},"mobile":{"background-color":"var(--ast-global-color-4)","background-image":"","background-repeat":"repeat","background-position":"center center","background-size":"auto","background-attachment":"scroll","background-type":"","background-media":"","overlay-type":"","overlay-color":"","overlay-opacity":"","overlay-gradient":""}},"footnotes":""},"categories":[1],"tags":[],"class_list":["post-106839","post","type-post","status-publish","format-standard","hentry","category-sem-categoria"],"yoast_head":"<!-- This site is optimized with the Yoast SEO plugin v26.6 - https:\/\/yoast.com\/wordpress\/plugins\/seo\/ -->\n<title>Representante do MCTI visita o Espa\u00e7o da Ci\u00eancia e do Firmamento - Planet\u00e1rio - Daniel Matos<\/title>\n<meta name=\"robots\" content=\"index, follow, max-snippet:-1, max-image-preview:large, max-video-preview:-1\" \/>\n<link rel=\"canonical\" href=\"https:\/\/www.blogsoestado.com\/danielmatos\/representante-do-mcti-visita-o-espaco-da-ciencia-e-do-firmamento-planetario\/\" \/>\n<meta property=\"og:locale\" content=\"pt_BR\" \/>\n<meta property=\"og:type\" content=\"article\" \/>\n<meta property=\"og:title\" content=\"Representante do MCTI visita o Espa\u00e7o da Ci\u00eancia e do Firmamento - Planet\u00e1rio - Daniel Matos\" \/>\n<meta property=\"og:description\" content=\"O reitor da Universidade Federal do Maranh\u00e3o (UFMA), professor Natalino Salgado Filho, recebeu, nesta ter\u00e7a-feira, 7, o assessor do Minist\u00e9rio [&hellip;]\" \/>\n<meta property=\"og:url\" content=\"https:\/\/www.blogsoestado.com\/danielmatos\/representante-do-mcti-visita-o-espaco-da-ciencia-e-do-firmamento-planetario\/\" \/>\n<meta property=\"og:site_name\" content=\"Daniel Matos\" \/>\n<meta property=\"article:published_time\" content=\"2023-03-07T21:18:36+00:00\" \/>\n<meta property=\"og:image\" content=\"https:\/\/www.blogsoestado.com\/danielmatos\/files\/2023\/03\/Screenshot_20230307-1809342.png\" \/>\n<meta name=\"twitter:card\" content=\"summary_large_image\" \/>\n<meta name=\"twitter:label1\" content=\"Est. tempo de leitura\" \/>\n\t<meta name=\"twitter:data1\" content=\"3 minutos\" \/>\n<script type=\"application\/ld+json\" class=\"yoast-schema-graph\">{\"@context\":\"https:\/\/schema.org\",\"@graph\":[{\"@type\":\"WebPage\",\"@id\":\"https:\/\/www.blogsoestado.com\/danielmatos\/representante-do-mcti-visita-o-espaco-da-ciencia-e-do-firmamento-planetario\/\",\"url\":\"https:\/\/www.blogsoestado.com\/danielmatos\/representante-do-mcti-visita-o-espaco-da-ciencia-e-do-firmamento-planetario\/\",\"name\":\"Representante do MCTI visita o Espa\u00e7o da Ci\u00eancia e do Firmamento - Planet\u00e1rio - Daniel Matos\",\"isPartOf\":{\"@id\":\"https:\/\/www.blogsoestado.com\/danielmatos\/#website\"},\"primaryImageOfPage\":{\"@id\":\"https:\/\/www.blogsoestado.com\/danielmatos\/representante-do-mcti-visita-o-espaco-da-ciencia-e-do-firmamento-planetario\/#primaryimage\"},\"image\":{\"@id\":\"https:\/\/www.blogsoestado.com\/danielmatos\/representante-do-mcti-visita-o-espaco-da-ciencia-e-do-firmamento-planetario\/#primaryimage\"},\"thumbnailUrl\":\"https:\/\/www.blogsoestado.com\/danielmatos\/files\/2023\/03\/Screenshot_20230307-1809342.png\",\"datePublished\":\"2023-03-07T21:18:36+00:00\",\"author\":{\"@id\":\"\"},\"breadcrumb\":{\"@id\":\"https:\/\/www.blogsoestado.com\/danielmatos\/representante-do-mcti-visita-o-espaco-da-ciencia-e-do-firmamento-planetario\/#breadcrumb\"},\"inLanguage\":\"pt-BR\",\"potentialAction\":[{\"@type\":\"ReadAction\",\"target\":[\"https:\/\/www.blogsoestado.com\/danielmatos\/representante-do-mcti-visita-o-espaco-da-ciencia-e-do-firmamento-planetario\/\"]}]},{\"@type\":\"ImageObject\",\"inLanguage\":\"pt-BR\",\"@id\":\"https:\/\/www.blogsoestado.com\/danielmatos\/representante-do-mcti-visita-o-espaco-da-ciencia-e-do-firmamento-planetario\/#primaryimage\",\"url\":\"https:\/\/www.blogsoestado.com\/danielmatos\/files\/2023\/03\/Screenshot_20230307-1809342.png\",\"contentUrl\":\"https:\/\/www.blogsoestado.com\/danielmatos\/files\/2023\/03\/Screenshot_20230307-1809342.png\"},{\"@type\":\"BreadcrumbList\",\"@id\":\"https:\/\/www.blogsoestado.com\/danielmatos\/representante-do-mcti-visita-o-espaco-da-ciencia-e-do-firmamento-planetario\/#breadcrumb\",\"itemListElement\":[{\"@type\":\"ListItem\",\"position\":1,\"name\":\"In\u00edcio\",\"item\":\"https:\/\/www.blogsoestado.com\/danielmatos\/\"},{\"@type\":\"ListItem\",\"position\":2,\"name\":\"Representante do MCTI visita o Espa\u00e7o da Ci\u00eancia e do Firmamento &#8211; Planet\u00e1rio\"}]},{\"@type\":\"WebSite\",\"@id\":\"https:\/\/www.blogsoestado.com\/danielmatos\/#website\",\"url\":\"https:\/\/www.blogsoestado.com\/danielmatos\/\",\"name\":\"Daniel Matos\",\"description\":\"\",\"potentialAction\":[{\"@type\":\"SearchAction\",\"target\":{\"@type\":\"EntryPoint\",\"urlTemplate\":\"https:\/\/www.blogsoestado.com\/danielmatos\/?s={search_term_string}\"},\"query-input\":{\"@type\":\"PropertyValueSpecification\",\"valueRequired\":true,\"valueName\":\"search_term_string\"}}],\"inLanguage\":\"pt-BR\"}]}<\/script>\n<!-- \/ Yoast SEO plugin. -->","yoast_head_json":{"title":"Representante do MCTI visita o Espa\u00e7o da Ci\u00eancia e do Firmamento - Planet\u00e1rio - Daniel Matos","robots":{"index":"index","follow":"follow","max-snippet":"max-snippet:-1","max-image-preview":"max-image-preview:large","max-video-preview":"max-video-preview:-1"},"canonical":"https:\/\/www.blogsoestado.com\/danielmatos\/representante-do-mcti-visita-o-espaco-da-ciencia-e-do-firmamento-planetario\/","og_locale":"pt_BR","og_type":"article","og_title":"Representante do MCTI visita o Espa\u00e7o da Ci\u00eancia e do Firmamento - Planet\u00e1rio - Daniel Matos","og_description":"O reitor da Universidade Federal do Maranh\u00e3o (UFMA), professor Natalino Salgado Filho, recebeu, nesta ter\u00e7a-feira, 7, o assessor do Minist\u00e9rio [&hellip;]","og_url":"https:\/\/www.blogsoestado.com\/danielmatos\/representante-do-mcti-visita-o-espaco-da-ciencia-e-do-firmamento-planetario\/","og_site_name":"Daniel Matos","article_published_time":"2023-03-07T21:18:36+00:00","og_image":[{"url":"https:\/\/www.blogsoestado.com\/danielmatos\/files\/2023\/03\/Screenshot_20230307-1809342.png","type":"","width":"","height":""}],"twitter_card":"summary_large_image","twitter_misc":{"Est. tempo de leitura":"3 minutos"},"schema":{"@context":"https:\/\/schema.org","@graph":[{"@type":"WebPage","@id":"https:\/\/www.blogsoestado.com\/danielmatos\/representante-do-mcti-visita-o-espaco-da-ciencia-e-do-firmamento-planetario\/","url":"https:\/\/www.blogsoestado.com\/danielmatos\/representante-do-mcti-visita-o-espaco-da-ciencia-e-do-firmamento-planetario\/","name":"Representante do MCTI visita o Espa\u00e7o da Ci\u00eancia e do Firmamento - Planet\u00e1rio - Daniel Matos","isPartOf":{"@id":"https:\/\/www.blogsoestado.com\/danielmatos\/#website"},"primaryImageOfPage":{"@id":"https:\/\/www.blogsoestado.com\/danielmatos\/representante-do-mcti-visita-o-espaco-da-ciencia-e-do-firmamento-planetario\/#primaryimage"},"image":{"@id":"https:\/\/www.blogsoestado.com\/danielmatos\/representante-do-mcti-visita-o-espaco-da-ciencia-e-do-firmamento-planetario\/#primaryimage"},"thumbnailUrl":"https:\/\/www.blogsoestado.com\/danielmatos\/files\/2023\/03\/Screenshot_20230307-1809342.png","datePublished":"2023-03-07T21:18:36+00:00","author":{"@id":""},"breadcrumb":{"@id":"https:\/\/www.blogsoestado.com\/danielmatos\/representante-do-mcti-visita-o-espaco-da-ciencia-e-do-firmamento-planetario\/#breadcrumb"},"inLanguage":"pt-BR","potentialAction":[{"@type":"ReadAction","target":["https:\/\/www.blogsoestado.com\/danielmatos\/representante-do-mcti-visita-o-espaco-da-ciencia-e-do-firmamento-planetario\/"]}]},{"@type":"ImageObject","inLanguage":"pt-BR","@id":"https:\/\/www.blogsoestado.com\/danielmatos\/representante-do-mcti-visita-o-espaco-da-ciencia-e-do-firmamento-planetario\/#primaryimage","url":"https:\/\/www.blogsoestado.com\/danielmatos\/files\/2023\/03\/Screenshot_20230307-1809342.png","contentUrl":"https:\/\/www.blogsoestado.com\/danielmatos\/files\/2023\/03\/Screenshot_20230307-1809342.png"},{"@type":"BreadcrumbList","@id":"https:\/\/www.blogsoestado.com\/danielmatos\/representante-do-mcti-visita-o-espaco-da-ciencia-e-do-firmamento-planetario\/#breadcrumb","itemListElement":[{"@type":"ListItem","position":1,"name":"In\u00edcio","item":"https:\/\/www.blogsoestado.com\/danielmatos\/"},{"@type":"ListItem","position":2,"name":"Representante do MCTI visita o Espa\u00e7o da Ci\u00eancia e do Firmamento &#8211; Planet\u00e1rio"}]},{"@type":"WebSite","@id":"https:\/\/www.blogsoestado.com\/danielmatos\/#website","url":"https:\/\/www.blogsoestado.com\/danielmatos\/","name":"Daniel Matos","description":"","potentialAction":[{"@type":"SearchAction","target":{"@type":"EntryPoint","urlTemplate":"https:\/\/www.blogsoestado.com\/danielmatos\/?s={search_term_string}"},"query-input":{"@type":"PropertyValueSpecification","valueRequired":true,"valueName":"search_term_string"}}],"inLanguage":"pt-BR"}]}},"jetpack_featured_media_url":"","_links":{"self":[{"href":"https:\/\/www.blogsoestado.com\/danielmatos\/wp-json\/wp\/v2\/posts\/106839","targetHints":{"allow":["GET"]}}],"collection":[{"href":"https:\/\/www.blogsoestado.com\/danielmatos\/wp-json\/wp\/v2\/posts"}],"about":[{"href":"https:\/\/www.blogsoestado.com\/danielmatos\/wp-json\/wp\/v2\/types\/post"}],"replies":[{"embeddable":true,"href":"https:\/\/www.blogsoestado.com\/danielmatos\/wp-json\/wp\/v2\/comments?post=106839"}],"version-history":[{"count":0,"href":"https:\/\/www.blogsoestado.com\/danielmatos\/wp-json\/wp\/v2\/posts\/106839\/revisions"}],"wp:attachment":[{"href":"https:\/\/www.blogsoestado.com\/danielmatos\/wp-json\/wp\/v2\/media?parent=106839"}],"wp:term":[{"taxonomy":"category","embeddable":true,"href":"https:\/\/www.blogsoestado.com\/danielmatos\/wp-json\/wp\/v2\/categories?post=106839"},{"taxonomy":"post_tag","embeddable":true,"href":"https:\/\/www.blogsoestado.com\/danielmatos\/wp-json\/wp\/v2\/tags?post=106839"}],"curies":[{"name":"wp","href":"https:\/\/api.w.org\/{rel}","templated":true}]}}