{"id":106849,"date":"2023-03-07T20:22:35","date_gmt":"2023-03-07T23:22:35","guid":{"rendered":"https:\/\/www.blogsoestado.com\/danielmatos\/?p=106849"},"modified":"2023-03-07T20:22:35","modified_gmt":"2023-03-07T23:22:35","slug":"ze-inacio-e-para-figueiredo-tomam-posse-na-assembleia-legislativa","status":"publish","type":"post","link":"https:\/\/www.blogsoestado.com\/danielmatos\/ze-inacio-e-para-figueiredo-tomam-posse-na-assembleia-legislativa\/","title":{"rendered":"Z\u00e9 In\u00e1cio e Par\u00e1 Figueiredo tomam posse na Assembleia Legislativa"},"content":{"rendered":"\n<div class=\"wp-block-image\"><figure class=\"aligncenter size-large\"><a href=\"https:\/\/www.blogsoestado.com\/danielmatos\/files\/2023\/03\/Screenshot_20230307-1931592.png\"><img decoding=\"async\" src=\"https:\/\/www.blogsoestado.com\/danielmatos\/files\/2023\/03\/Screenshot_20230307-1931592.png\" alt=\"\" class=\"wp-image-106850\"\/><\/a><figcaption>Deputados Z\u00e9 In\u00e1cio e Par\u00e1 Figueiredo assumiram em ato realizado na sess\u00e3o plen\u00e1ria desta ter\u00e7a-feira<\/figcaption><\/figure><\/div>\n\n\n\n<p>Os suplentes de deputado estadual Z\u00e9 In\u00e1cio (PT) e Par\u00e1 Figueiredo (PL) tomaram posse&nbsp;na Assembleia Legislativa do Maranh\u00e3o, nesta ter\u00e7a-feira (7), em substitui\u00e7\u00e3o aos titulares da vaga,&nbsp;que se licenciaram para assumir cargos no Executivo Estadual.&nbsp;O ato de posse foi conduzido pela chefe do Parlamento maranhense, deputada Iracema Vale (PSB).<\/p>\n\n\n\n<p>Z\u00e9 In\u00e1cio entrou no lugar de Othelino Neto (PCdoB), nomeado pelo governador Carlos Brand\u00e3o (PSB) para assumir a Secretaria de Representa\u00e7\u00e3o Institucional do Maranh\u00e3o em Bras\u00edlia (Rebras). J\u00e1 Par\u00e1 Figueiredo substitui Abigail Cunha (PL), empossada no cargo de secret\u00e1ria de Estado da Mulher.<\/p>\n\n\n\n<p>Em ato realizado no plen\u00e1rio da Assembleia, os dois novos parlamentares prestaram compromisso e assinaram o termo de posse.<\/p>\n\n\n\n<p>Logo depois de empossado, o deputado Z\u00e9 In\u00e1cio ocupou a tribuna para proferir discurso de agradecimento. \u201cMais uma vez, quero agradecer ao povo do Maranh\u00e3o por esta oportunidade. Agrade\u00e7o tamb\u00e9m o apoio, o empenho da nossa presidente Iracema Vale, que, como todos t\u00eam dito, chega a esse Parlamento fazendo hist\u00f3ria, sendo a primeira mulher a comandar esta Casa\u201d, declarou Z\u00e9 In\u00e1cio.<\/p>\n\n\n\n<p>Na ocasi\u00e3o, o parlamentar tamb\u00e9m agradeceu ao governador Carlos Brand\u00e3o e ao deputado Othelino Neto, ex-presidente da Casa. Ele reafirmou o compromisso de lutar por garantia de direitos e de igualdade entre homens&nbsp;&nbsp; e mulheres, defender as quest\u00f5es de g\u00eanero e os direitos humanos. Tamb\u00e9m destacou como suas bandeiras de luta a defesa dos direitos das minorias, a reforma agr\u00e1ria, a regulariza\u00e7\u00e3o fundi\u00e1ria, as comunidades quilombolas, as quebradeiras de coco, os ribeirinhos e pol\u00edticas p\u00fablicas de inclus\u00e3o social.<\/p>\n\n\n\n<p><strong>Uni\u00e3o<\/strong><\/p>\n\n\n\n<p>O deputado Par\u00e1 Figueiredo tamb\u00e9m discursou, depois de empossado. Ele disse que volta \u00e0 Assembleia Legislativa com o mesmo intuito da legislatura passada: continuar trabalhando pela melhoria das condi\u00e7\u00f5es de vida do povo maranhense.<\/p>\n\n\n\n<p>\u201cQuero dizer a todos que venho aqui com o esp\u00edrito de uni\u00e3o e para somar\u201d, afirmou Par\u00e1 Figueiredo, estendendo seus agradecimentos \u00e0 deputada Abigail Cunha, ao prefeito de Barra do Corda, Rigo Teles, e ao governador Carlos Brand\u00e3o.<\/p>\n\n\n\n<p>\u201cSou uma pessoa sempre pautada no respeito e na amizade. Ent\u00e3o, \u00e9 assim que eu volto para esta Casa. N\u00e3o tenho nada contra ningu\u00e9m, apenas gratid\u00e3o, esse \u00e9 o meu sentimento de retornar para o Parlamento\u201d, concluiu Par\u00e1 Figueiredo.<\/p>\n","protected":false},"excerpt":{"rendered":"<p>Os suplentes de deputado estadual Z\u00e9 In\u00e1cio (PT) e Par\u00e1 Figueiredo (PL) tomaram posse&nbsp;na Assembleia Legislativa do Maranh\u00e3o, nesta ter\u00e7a-feira [&hellip;]<\/p>\n","protected":false},"author":0,"featured_media":0,"comment_status":"open","ping_status":"open","sticky":false,"template":"","format":"standard","meta":{"site-sidebar-layout":"default","site-content-layout":"","ast-site-content-layout":"default","site-content-style":"default","site-sidebar-style":"default","ast-global-header-display":"","ast-banner-title-visibility":"","ast-main-header-display":"","ast-hfb-above-header-display":"","ast-hfb-below-header-display":"","ast-hfb-mobile-header-display":"","site-post-title":"","ast-breadcrumbs-content":"","ast-featured-img":"","footer-sml-layout":"","ast-disable-related-posts":"","theme-transparent-header-meta":"","adv-header-id-meta":"","stick-header-meta":"","header-above-stick-meta":"","header-main-stick-meta":"","header-below-stick-meta":"","astra-migrate-meta-layouts":"default","ast-page-background-enabled":"default","ast-page-background-meta":{"desktop":{"background-color":"var(--ast-global-color-5)","background-image":"","background-repeat":"repeat","background-position":"center center","background-size":"auto","background-attachment":"scroll","background-type":"","background-media":"","overlay-type":"","overlay-color":"","overlay-opacity":"","overlay-gradient":""},"tablet":{"background-color":"","background-image":"","background-repeat":"repeat","background-position":"center center","background-size":"auto","background-attachment":"scroll","background-type":"","background-media":"","overlay-type":"","overlay-color":"","overlay-opacity":"","overlay-gradient":""},"mobile":{"background-color":"","background-image":"","background-repeat":"repeat","background-position":"center center","background-size":"auto","background-attachment":"scroll","background-type":"","background-media":"","overlay-type":"","overlay-color":"","overlay-opacity":"","overlay-gradient":""}},"ast-content-background-meta":{"desktop":{"background-color":"var(--ast-global-color-4)","background-image":"","background-repeat":"repeat","background-position":"center center","background-size":"auto","background-attachment":"scroll","background-type":"","background-media":"","overlay-type":"","overlay-color":"","overlay-opacity":"","overlay-gradient":""},"tablet":{"background-color":"var(--ast-global-color-4)","background-image":"","background-repeat":"repeat","background-position":"center center","background-size":"auto","background-attachment":"scroll","background-type":"","background-media":"","overlay-type":"","overlay-color":"","overlay-opacity":"","overlay-gradient":""},"mobile":{"background-color":"var(--ast-global-color-4)","background-image":"","background-repeat":"repeat","background-position":"center center","background-size":"auto","background-attachment":"scroll","background-type":"","background-media":"","overlay-type":"","overlay-color":"","overlay-opacity":"","overlay-gradient":""}},"footnotes":""},"categories":[1],"tags":[],"class_list":["post-106849","post","type-post","status-publish","format-standard","hentry","category-sem-categoria"],"yoast_head":"<!-- This site is optimized with the Yoast SEO plugin v26.6 - https:\/\/yoast.com\/wordpress\/plugins\/seo\/ -->\n<title>Z\u00e9 In\u00e1cio e Par\u00e1 Figueiredo tomam posse na Assembleia Legislativa - Daniel Matos<\/title>\n<meta name=\"robots\" content=\"index, follow, max-snippet:-1, max-image-preview:large, max-video-preview:-1\" \/>\n<link rel=\"canonical\" href=\"https:\/\/www.blogsoestado.com\/danielmatos\/ze-inacio-e-para-figueiredo-tomam-posse-na-assembleia-legislativa\/\" \/>\n<meta property=\"og:locale\" content=\"pt_BR\" \/>\n<meta property=\"og:type\" content=\"article\" \/>\n<meta property=\"og:title\" content=\"Z\u00e9 In\u00e1cio e Par\u00e1 Figueiredo tomam posse na Assembleia Legislativa - Daniel Matos\" \/>\n<meta property=\"og:description\" content=\"Os suplentes de deputado estadual Z\u00e9 In\u00e1cio (PT) e Par\u00e1 Figueiredo (PL) tomaram posse&nbsp;na Assembleia Legislativa do Maranh\u00e3o, nesta ter\u00e7a-feira [&hellip;]\" \/>\n<meta property=\"og:url\" content=\"https:\/\/www.blogsoestado.com\/danielmatos\/ze-inacio-e-para-figueiredo-tomam-posse-na-assembleia-legislativa\/\" \/>\n<meta property=\"og:site_name\" content=\"Daniel Matos\" \/>\n<meta property=\"article:published_time\" content=\"2023-03-07T23:22:35+00:00\" \/>\n<meta property=\"og:image\" content=\"https:\/\/www.blogsoestado.com\/danielmatos\/files\/2023\/03\/Screenshot_20230307-1931592.png\" \/>\n<meta name=\"twitter:card\" content=\"summary_large_image\" \/>\n<meta name=\"twitter:label1\" content=\"Est. tempo de leitura\" \/>\n\t<meta name=\"twitter:data1\" content=\"2 minutos\" \/>\n<script type=\"application\/ld+json\" class=\"yoast-schema-graph\">{\"@context\":\"https:\/\/schema.org\",\"@graph\":[{\"@type\":\"WebPage\",\"@id\":\"https:\/\/www.blogsoestado.com\/danielmatos\/ze-inacio-e-para-figueiredo-tomam-posse-na-assembleia-legislativa\/\",\"url\":\"https:\/\/www.blogsoestado.com\/danielmatos\/ze-inacio-e-para-figueiredo-tomam-posse-na-assembleia-legislativa\/\",\"name\":\"Z\u00e9 In\u00e1cio e Par\u00e1 Figueiredo tomam posse na Assembleia Legislativa - Daniel Matos\",\"isPartOf\":{\"@id\":\"https:\/\/www.blogsoestado.com\/danielmatos\/#website\"},\"primaryImageOfPage\":{\"@id\":\"https:\/\/www.blogsoestado.com\/danielmatos\/ze-inacio-e-para-figueiredo-tomam-posse-na-assembleia-legislativa\/#primaryimage\"},\"image\":{\"@id\":\"https:\/\/www.blogsoestado.com\/danielmatos\/ze-inacio-e-para-figueiredo-tomam-posse-na-assembleia-legislativa\/#primaryimage\"},\"thumbnailUrl\":\"https:\/\/www.blogsoestado.com\/danielmatos\/files\/2023\/03\/Screenshot_20230307-1931592.png\",\"datePublished\":\"2023-03-07T23:22:35+00:00\",\"author\":{\"@id\":\"\"},\"breadcrumb\":{\"@id\":\"https:\/\/www.blogsoestado.com\/danielmatos\/ze-inacio-e-para-figueiredo-tomam-posse-na-assembleia-legislativa\/#breadcrumb\"},\"inLanguage\":\"pt-BR\",\"potentialAction\":[{\"@type\":\"ReadAction\",\"target\":[\"https:\/\/www.blogsoestado.com\/danielmatos\/ze-inacio-e-para-figueiredo-tomam-posse-na-assembleia-legislativa\/\"]}]},{\"@type\":\"ImageObject\",\"inLanguage\":\"pt-BR\",\"@id\":\"https:\/\/www.blogsoestado.com\/danielmatos\/ze-inacio-e-para-figueiredo-tomam-posse-na-assembleia-legislativa\/#primaryimage\",\"url\":\"https:\/\/www.blogsoestado.com\/danielmatos\/files\/2023\/03\/Screenshot_20230307-1931592.png\",\"contentUrl\":\"https:\/\/www.blogsoestado.com\/danielmatos\/files\/2023\/03\/Screenshot_20230307-1931592.png\"},{\"@type\":\"BreadcrumbList\",\"@id\":\"https:\/\/www.blogsoestado.com\/danielmatos\/ze-inacio-e-para-figueiredo-tomam-posse-na-assembleia-legislativa\/#breadcrumb\",\"itemListElement\":[{\"@type\":\"ListItem\",\"position\":1,\"name\":\"In\u00edcio\",\"item\":\"https:\/\/www.blogsoestado.com\/danielmatos\/\"},{\"@type\":\"ListItem\",\"position\":2,\"name\":\"Z\u00e9 In\u00e1cio e Par\u00e1 Figueiredo tomam posse na Assembleia Legislativa\"}]},{\"@type\":\"WebSite\",\"@id\":\"https:\/\/www.blogsoestado.com\/danielmatos\/#website\",\"url\":\"https:\/\/www.blogsoestado.com\/danielmatos\/\",\"name\":\"Daniel Matos\",\"description\":\"\",\"potentialAction\":[{\"@type\":\"SearchAction\",\"target\":{\"@type\":\"EntryPoint\",\"urlTemplate\":\"https:\/\/www.blogsoestado.com\/danielmatos\/?s={search_term_string}\"},\"query-input\":{\"@type\":\"PropertyValueSpecification\",\"valueRequired\":true,\"valueName\":\"search_term_string\"}}],\"inLanguage\":\"pt-BR\"}]}<\/script>\n<!-- \/ Yoast SEO plugin. -->","yoast_head_json":{"title":"Z\u00e9 In\u00e1cio e Par\u00e1 Figueiredo tomam posse na Assembleia Legislativa - Daniel Matos","robots":{"index":"index","follow":"follow","max-snippet":"max-snippet:-1","max-image-preview":"max-image-preview:large","max-video-preview":"max-video-preview:-1"},"canonical":"https:\/\/www.blogsoestado.com\/danielmatos\/ze-inacio-e-para-figueiredo-tomam-posse-na-assembleia-legislativa\/","og_locale":"pt_BR","og_type":"article","og_title":"Z\u00e9 In\u00e1cio e Par\u00e1 Figueiredo tomam posse na Assembleia Legislativa - Daniel Matos","og_description":"Os suplentes de deputado estadual Z\u00e9 In\u00e1cio (PT) e Par\u00e1 Figueiredo (PL) tomaram posse&nbsp;na Assembleia Legislativa do Maranh\u00e3o, nesta ter\u00e7a-feira [&hellip;]","og_url":"https:\/\/www.blogsoestado.com\/danielmatos\/ze-inacio-e-para-figueiredo-tomam-posse-na-assembleia-legislativa\/","og_site_name":"Daniel Matos","article_published_time":"2023-03-07T23:22:35+00:00","og_image":[{"url":"https:\/\/www.blogsoestado.com\/danielmatos\/files\/2023\/03\/Screenshot_20230307-1931592.png","type":"","width":"","height":""}],"twitter_card":"summary_large_image","twitter_misc":{"Est. tempo de leitura":"2 minutos"},"schema":{"@context":"https:\/\/schema.org","@graph":[{"@type":"WebPage","@id":"https:\/\/www.blogsoestado.com\/danielmatos\/ze-inacio-e-para-figueiredo-tomam-posse-na-assembleia-legislativa\/","url":"https:\/\/www.blogsoestado.com\/danielmatos\/ze-inacio-e-para-figueiredo-tomam-posse-na-assembleia-legislativa\/","name":"Z\u00e9 In\u00e1cio e Par\u00e1 Figueiredo tomam posse na Assembleia Legislativa - Daniel Matos","isPartOf":{"@id":"https:\/\/www.blogsoestado.com\/danielmatos\/#website"},"primaryImageOfPage":{"@id":"https:\/\/www.blogsoestado.com\/danielmatos\/ze-inacio-e-para-figueiredo-tomam-posse-na-assembleia-legislativa\/#primaryimage"},"image":{"@id":"https:\/\/www.blogsoestado.com\/danielmatos\/ze-inacio-e-para-figueiredo-tomam-posse-na-assembleia-legislativa\/#primaryimage"},"thumbnailUrl":"https:\/\/www.blogsoestado.com\/danielmatos\/files\/2023\/03\/Screenshot_20230307-1931592.png","datePublished":"2023-03-07T23:22:35+00:00","author":{"@id":""},"breadcrumb":{"@id":"https:\/\/www.blogsoestado.com\/danielmatos\/ze-inacio-e-para-figueiredo-tomam-posse-na-assembleia-legislativa\/#breadcrumb"},"inLanguage":"pt-BR","potentialAction":[{"@type":"ReadAction","target":["https:\/\/www.blogsoestado.com\/danielmatos\/ze-inacio-e-para-figueiredo-tomam-posse-na-assembleia-legislativa\/"]}]},{"@type":"ImageObject","inLanguage":"pt-BR","@id":"https:\/\/www.blogsoestado.com\/danielmatos\/ze-inacio-e-para-figueiredo-tomam-posse-na-assembleia-legislativa\/#primaryimage","url":"https:\/\/www.blogsoestado.com\/danielmatos\/files\/2023\/03\/Screenshot_20230307-1931592.png","contentUrl":"https:\/\/www.blogsoestado.com\/danielmatos\/files\/2023\/03\/Screenshot_20230307-1931592.png"},{"@type":"BreadcrumbList","@id":"https:\/\/www.blogsoestado.com\/danielmatos\/ze-inacio-e-para-figueiredo-tomam-posse-na-assembleia-legislativa\/#breadcrumb","itemListElement":[{"@type":"ListItem","position":1,"name":"In\u00edcio","item":"https:\/\/www.blogsoestado.com\/danielmatos\/"},{"@type":"ListItem","position":2,"name":"Z\u00e9 In\u00e1cio e Par\u00e1 Figueiredo tomam posse na Assembleia Legislativa"}]},{"@type":"WebSite","@id":"https:\/\/www.blogsoestado.com\/danielmatos\/#website","url":"https:\/\/www.blogsoestado.com\/danielmatos\/","name":"Daniel Matos","description":"","potentialAction":[{"@type":"SearchAction","target":{"@type":"EntryPoint","urlTemplate":"https:\/\/www.blogsoestado.com\/danielmatos\/?s={search_term_string}"},"query-input":{"@type":"PropertyValueSpecification","valueRequired":true,"valueName":"search_term_string"}}],"inLanguage":"pt-BR"}]}},"jetpack_featured_media_url":"","_links":{"self":[{"href":"https:\/\/www.blogsoestado.com\/danielmatos\/wp-json\/wp\/v2\/posts\/106849","targetHints":{"allow":["GET"]}}],"collection":[{"href":"https:\/\/www.blogsoestado.com\/danielmatos\/wp-json\/wp\/v2\/posts"}],"about":[{"href":"https:\/\/www.blogsoestado.com\/danielmatos\/wp-json\/wp\/v2\/types\/post"}],"replies":[{"embeddable":true,"href":"https:\/\/www.blogsoestado.com\/danielmatos\/wp-json\/wp\/v2\/comments?post=106849"}],"version-history":[{"count":0,"href":"https:\/\/www.blogsoestado.com\/danielmatos\/wp-json\/wp\/v2\/posts\/106849\/revisions"}],"wp:attachment":[{"href":"https:\/\/www.blogsoestado.com\/danielmatos\/wp-json\/wp\/v2\/media?parent=106849"}],"wp:term":[{"taxonomy":"category","embeddable":true,"href":"https:\/\/www.blogsoestado.com\/danielmatos\/wp-json\/wp\/v2\/categories?post=106849"},{"taxonomy":"post_tag","embeddable":true,"href":"https:\/\/www.blogsoestado.com\/danielmatos\/wp-json\/wp\/v2\/tags?post=106849"}],"curies":[{"name":"wp","href":"https:\/\/api.w.org\/{rel}","templated":true}]}}