{"id":106855,"date":"2023-03-08T06:00:00","date_gmt":"2023-03-08T09:00:00","guid":{"rendered":"https:\/\/www.blogsoestado.com\/danielmatos\/?p=106855"},"modified":"2023-03-08T06:00:00","modified_gmt":"2023-03-08T09:00:00","slug":"brandao-define-agenda-com-ministro-no-maranhao-para-estimular-beneficiarios-do-bolsa-familia-a-empreender","status":"publish","type":"post","link":"https:\/\/www.blogsoestado.com\/danielmatos\/brandao-define-agenda-com-ministro-no-maranhao-para-estimular-beneficiarios-do-bolsa-familia-a-empreender\/","title":{"rendered":"Brand\u00e3o define agenda com ministro no Maranh\u00e3o para estimular benefici\u00e1rios do Bolsa Fam\u00edlia a empreender"},"content":{"rendered":"\n<div class=\"wp-block-image\"><figure class=\"aligncenter size-large\"><a href=\"https:\/\/www.blogsoestado.com\/danielmatos\/files\/2023\/03\/Screenshot_20230307-2204192.png\"><img decoding=\"async\" src=\"https:\/\/www.blogsoestado.com\/danielmatos\/files\/2023\/03\/Screenshot_20230307-2204192.png\" alt=\"\" class=\"wp-image-106856\"\/><\/a><figcaption>O governador Carlos Brand\u00e3o e o ministro Wellngton Dias com o secret\u00e1rio de Estado de Desenvolvimento Social, Paulo Cas\u00e9, e o deputado federal Pedro Lucas Fernandes<\/figcaption><\/figure><\/div>\n\n\n\n<p>O ministro do Desenvolvimento e Assist\u00eancia Social, Fam\u00edlia e Combate \u00e0 Fome, Wellington Dias, recebeu, nessa ter\u00e7a-feira (7), o governador Carlos Brand\u00e3o (PSB) com o intuito de articular estrat\u00e9gias de pol\u00edticas de inclus\u00e3o socioecon\u00f4mica. Na reuni\u00e3o, ficou definida uma agenda oficial do ministro no Maranh\u00e3o, com data ainda a ser marcada, a fim de estimular os benefici\u00e1rios do Bolsa Fam\u00edlia no estado a empreender.<\/p>\n\n\n\n<p>A pactua\u00e7\u00e3o com estados e munic\u00edpios integra o trabalho de reconstru\u00e7\u00e3o do Sistema \u00danico de Assist\u00eancia Social (SUAS), fundamental para a meta do Governo Federal de erradicar a fome e a pobreza no pa\u00eds. \u201cO Maranh\u00e3o \u00e9, hoje, o melhor modelo do Brasil, com a maior rede de restaurantes populares e cozinhas populares da Am\u00e9rica Latina\u201d, elogiou o ministro Wellington Dias.<\/p>\n\n\n\n<p>S\u00e3o 168 unidades que oferecem alimentos \u00e0s pessoas em vulnerabilidade em todo o estado. \u201cElas atendem com alimenta\u00e7\u00e3o de qualidade, ajudando uma parte que precisa \u2018matar a fome\u2019 e tamb\u00e9m com a seguran\u00e7a nutricional\u201d, reconheceu o chefe do MDS.<\/p>\n\n\n\n<p><strong>Agenda oficial<\/strong><\/p>\n\n\n\n<p>O governador Carlos Brand\u00e3o se mostrou disposto a contribuir com a tarefa de promover a inclus\u00e3o socioecon\u00f4mica dos benefici\u00e1rios do Bolsa Fam\u00edlia. \u201cO ministro vai ao Maranh\u00e3o e n\u00f3s vamos apresentar as nossas propostas para levar \u00e0s pessoas que est\u00e3o no Bolsa Fam\u00edlia uma oportunidade de empreender\u201d, declarou.&nbsp;<\/p>\n","protected":false},"excerpt":{"rendered":"<p>O ministro do Desenvolvimento e Assist\u00eancia Social, Fam\u00edlia e Combate \u00e0 Fome, Wellington Dias, recebeu, nessa ter\u00e7a-feira (7), o governador [&hellip;]<\/p>\n","protected":false},"author":0,"featured_media":0,"comment_status":"open","ping_status":"open","sticky":false,"template":"","format":"standard","meta":{"site-sidebar-layout":"default","site-content-layout":"","ast-site-content-layout":"default","site-content-style":"default","site-sidebar-style":"default","ast-global-header-display":"","ast-banner-title-visibility":"","ast-main-header-display":"","ast-hfb-above-header-display":"","ast-hfb-below-header-display":"","ast-hfb-mobile-header-display":"","site-post-title":"","ast-breadcrumbs-content":"","ast-featured-img":"","footer-sml-layout":"","ast-disable-related-posts":"","theme-transparent-header-meta":"","adv-header-id-meta":"","stick-header-meta":"","header-above-stick-meta":"","header-main-stick-meta":"","header-below-stick-meta":"","astra-migrate-meta-layouts":"default","ast-page-background-enabled":"default","ast-page-background-meta":{"desktop":{"background-color":"var(--ast-global-color-5)","background-image":"","background-repeat":"repeat","background-position":"center center","background-size":"auto","background-attachment":"scroll","background-type":"","background-media":"","overlay-type":"","overlay-color":"","overlay-opacity":"","overlay-gradient":""},"tablet":{"background-color":"","background-image":"","background-repeat":"repeat","background-position":"center center","background-size":"auto","background-attachment":"scroll","background-type":"","background-media":"","overlay-type":"","overlay-color":"","overlay-opacity":"","overlay-gradient":""},"mobile":{"background-color":"","background-image":"","background-repeat":"repeat","background-position":"center center","background-size":"auto","background-attachment":"scroll","background-type":"","background-media":"","overlay-type":"","overlay-color":"","overlay-opacity":"","overlay-gradient":""}},"ast-content-background-meta":{"desktop":{"background-color":"var(--ast-global-color-4)","background-image":"","background-repeat":"repeat","background-position":"center center","background-size":"auto","background-attachment":"scroll","background-type":"","background-media":"","overlay-type":"","overlay-color":"","overlay-opacity":"","overlay-gradient":""},"tablet":{"background-color":"var(--ast-global-color-4)","background-image":"","background-repeat":"repeat","background-position":"center center","background-size":"auto","background-attachment":"scroll","background-type":"","background-media":"","overlay-type":"","overlay-color":"","overlay-opacity":"","overlay-gradient":""},"mobile":{"background-color":"var(--ast-global-color-4)","background-image":"","background-repeat":"repeat","background-position":"center center","background-size":"auto","background-attachment":"scroll","background-type":"","background-media":"","overlay-type":"","overlay-color":"","overlay-opacity":"","overlay-gradient":""}},"footnotes":""},"categories":[1],"tags":[],"class_list":["post-106855","post","type-post","status-publish","format-standard","hentry","category-sem-categoria"],"yoast_head":"<!-- This site is optimized with the Yoast SEO plugin v26.6 - https:\/\/yoast.com\/wordpress\/plugins\/seo\/ -->\n<title>Brand\u00e3o define agenda com ministro no Maranh\u00e3o para estimular benefici\u00e1rios do Bolsa Fam\u00edlia a empreender - Daniel Matos<\/title>\n<meta name=\"robots\" content=\"index, follow, max-snippet:-1, max-image-preview:large, max-video-preview:-1\" \/>\n<link rel=\"canonical\" href=\"https:\/\/www.blogsoestado.com\/danielmatos\/brandao-define-agenda-com-ministro-no-maranhao-para-estimular-beneficiarios-do-bolsa-familia-a-empreender\/\" \/>\n<meta property=\"og:locale\" content=\"pt_BR\" \/>\n<meta property=\"og:type\" content=\"article\" \/>\n<meta property=\"og:title\" content=\"Brand\u00e3o define agenda com ministro no Maranh\u00e3o para estimular benefici\u00e1rios do Bolsa Fam\u00edlia a empreender - Daniel Matos\" \/>\n<meta property=\"og:description\" content=\"O ministro do Desenvolvimento e Assist\u00eancia Social, Fam\u00edlia e Combate \u00e0 Fome, Wellington Dias, recebeu, nessa ter\u00e7a-feira (7), o governador [&hellip;]\" \/>\n<meta property=\"og:url\" content=\"https:\/\/www.blogsoestado.com\/danielmatos\/brandao-define-agenda-com-ministro-no-maranhao-para-estimular-beneficiarios-do-bolsa-familia-a-empreender\/\" \/>\n<meta property=\"og:site_name\" content=\"Daniel Matos\" \/>\n<meta property=\"article:published_time\" content=\"2023-03-08T09:00:00+00:00\" \/>\n<meta property=\"og:image\" content=\"https:\/\/www.blogsoestado.com\/danielmatos\/files\/2023\/03\/Screenshot_20230307-2204192.png\" \/>\n<meta name=\"twitter:card\" content=\"summary_large_image\" \/>\n<meta name=\"twitter:label1\" content=\"Est. tempo de leitura\" \/>\n\t<meta name=\"twitter:data1\" content=\"2 minutos\" \/>\n<script type=\"application\/ld+json\" class=\"yoast-schema-graph\">{\"@context\":\"https:\/\/schema.org\",\"@graph\":[{\"@type\":\"WebPage\",\"@id\":\"https:\/\/www.blogsoestado.com\/danielmatos\/brandao-define-agenda-com-ministro-no-maranhao-para-estimular-beneficiarios-do-bolsa-familia-a-empreender\/\",\"url\":\"https:\/\/www.blogsoestado.com\/danielmatos\/brandao-define-agenda-com-ministro-no-maranhao-para-estimular-beneficiarios-do-bolsa-familia-a-empreender\/\",\"name\":\"Brand\u00e3o define agenda com ministro no Maranh\u00e3o para estimular benefici\u00e1rios do Bolsa Fam\u00edlia a empreender - Daniel Matos\",\"isPartOf\":{\"@id\":\"https:\/\/www.blogsoestado.com\/danielmatos\/#website\"},\"primaryImageOfPage\":{\"@id\":\"https:\/\/www.blogsoestado.com\/danielmatos\/brandao-define-agenda-com-ministro-no-maranhao-para-estimular-beneficiarios-do-bolsa-familia-a-empreender\/#primaryimage\"},\"image\":{\"@id\":\"https:\/\/www.blogsoestado.com\/danielmatos\/brandao-define-agenda-com-ministro-no-maranhao-para-estimular-beneficiarios-do-bolsa-familia-a-empreender\/#primaryimage\"},\"thumbnailUrl\":\"https:\/\/www.blogsoestado.com\/danielmatos\/files\/2023\/03\/Screenshot_20230307-2204192.png\",\"datePublished\":\"2023-03-08T09:00:00+00:00\",\"author\":{\"@id\":\"\"},\"breadcrumb\":{\"@id\":\"https:\/\/www.blogsoestado.com\/danielmatos\/brandao-define-agenda-com-ministro-no-maranhao-para-estimular-beneficiarios-do-bolsa-familia-a-empreender\/#breadcrumb\"},\"inLanguage\":\"pt-BR\",\"potentialAction\":[{\"@type\":\"ReadAction\",\"target\":[\"https:\/\/www.blogsoestado.com\/danielmatos\/brandao-define-agenda-com-ministro-no-maranhao-para-estimular-beneficiarios-do-bolsa-familia-a-empreender\/\"]}]},{\"@type\":\"ImageObject\",\"inLanguage\":\"pt-BR\",\"@id\":\"https:\/\/www.blogsoestado.com\/danielmatos\/brandao-define-agenda-com-ministro-no-maranhao-para-estimular-beneficiarios-do-bolsa-familia-a-empreender\/#primaryimage\",\"url\":\"https:\/\/www.blogsoestado.com\/danielmatos\/files\/2023\/03\/Screenshot_20230307-2204192.png\",\"contentUrl\":\"https:\/\/www.blogsoestado.com\/danielmatos\/files\/2023\/03\/Screenshot_20230307-2204192.png\"},{\"@type\":\"BreadcrumbList\",\"@id\":\"https:\/\/www.blogsoestado.com\/danielmatos\/brandao-define-agenda-com-ministro-no-maranhao-para-estimular-beneficiarios-do-bolsa-familia-a-empreender\/#breadcrumb\",\"itemListElement\":[{\"@type\":\"ListItem\",\"position\":1,\"name\":\"In\u00edcio\",\"item\":\"https:\/\/www.blogsoestado.com\/danielmatos\/\"},{\"@type\":\"ListItem\",\"position\":2,\"name\":\"Brand\u00e3o define agenda com ministro no Maranh\u00e3o para estimular benefici\u00e1rios do Bolsa Fam\u00edlia a empreender\"}]},{\"@type\":\"WebSite\",\"@id\":\"https:\/\/www.blogsoestado.com\/danielmatos\/#website\",\"url\":\"https:\/\/www.blogsoestado.com\/danielmatos\/\",\"name\":\"Daniel Matos\",\"description\":\"\",\"potentialAction\":[{\"@type\":\"SearchAction\",\"target\":{\"@type\":\"EntryPoint\",\"urlTemplate\":\"https:\/\/www.blogsoestado.com\/danielmatos\/?s={search_term_string}\"},\"query-input\":{\"@type\":\"PropertyValueSpecification\",\"valueRequired\":true,\"valueName\":\"search_term_string\"}}],\"inLanguage\":\"pt-BR\"}]}<\/script>\n<!-- \/ Yoast SEO plugin. -->","yoast_head_json":{"title":"Brand\u00e3o define agenda com ministro no Maranh\u00e3o para estimular benefici\u00e1rios do Bolsa Fam\u00edlia a empreender - Daniel Matos","robots":{"index":"index","follow":"follow","max-snippet":"max-snippet:-1","max-image-preview":"max-image-preview:large","max-video-preview":"max-video-preview:-1"},"canonical":"https:\/\/www.blogsoestado.com\/danielmatos\/brandao-define-agenda-com-ministro-no-maranhao-para-estimular-beneficiarios-do-bolsa-familia-a-empreender\/","og_locale":"pt_BR","og_type":"article","og_title":"Brand\u00e3o define agenda com ministro no Maranh\u00e3o para estimular benefici\u00e1rios do Bolsa Fam\u00edlia a empreender - Daniel Matos","og_description":"O ministro do Desenvolvimento e Assist\u00eancia Social, Fam\u00edlia e Combate \u00e0 Fome, Wellington Dias, recebeu, nessa ter\u00e7a-feira (7), o governador [&hellip;]","og_url":"https:\/\/www.blogsoestado.com\/danielmatos\/brandao-define-agenda-com-ministro-no-maranhao-para-estimular-beneficiarios-do-bolsa-familia-a-empreender\/","og_site_name":"Daniel Matos","article_published_time":"2023-03-08T09:00:00+00:00","og_image":[{"url":"https:\/\/www.blogsoestado.com\/danielmatos\/files\/2023\/03\/Screenshot_20230307-2204192.png","type":"","width":"","height":""}],"twitter_card":"summary_large_image","twitter_misc":{"Est. tempo de leitura":"2 minutos"},"schema":{"@context":"https:\/\/schema.org","@graph":[{"@type":"WebPage","@id":"https:\/\/www.blogsoestado.com\/danielmatos\/brandao-define-agenda-com-ministro-no-maranhao-para-estimular-beneficiarios-do-bolsa-familia-a-empreender\/","url":"https:\/\/www.blogsoestado.com\/danielmatos\/brandao-define-agenda-com-ministro-no-maranhao-para-estimular-beneficiarios-do-bolsa-familia-a-empreender\/","name":"Brand\u00e3o define agenda com ministro no Maranh\u00e3o para estimular benefici\u00e1rios do Bolsa Fam\u00edlia a empreender - Daniel Matos","isPartOf":{"@id":"https:\/\/www.blogsoestado.com\/danielmatos\/#website"},"primaryImageOfPage":{"@id":"https:\/\/www.blogsoestado.com\/danielmatos\/brandao-define-agenda-com-ministro-no-maranhao-para-estimular-beneficiarios-do-bolsa-familia-a-empreender\/#primaryimage"},"image":{"@id":"https:\/\/www.blogsoestado.com\/danielmatos\/brandao-define-agenda-com-ministro-no-maranhao-para-estimular-beneficiarios-do-bolsa-familia-a-empreender\/#primaryimage"},"thumbnailUrl":"https:\/\/www.blogsoestado.com\/danielmatos\/files\/2023\/03\/Screenshot_20230307-2204192.png","datePublished":"2023-03-08T09:00:00+00:00","author":{"@id":""},"breadcrumb":{"@id":"https:\/\/www.blogsoestado.com\/danielmatos\/brandao-define-agenda-com-ministro-no-maranhao-para-estimular-beneficiarios-do-bolsa-familia-a-empreender\/#breadcrumb"},"inLanguage":"pt-BR","potentialAction":[{"@type":"ReadAction","target":["https:\/\/www.blogsoestado.com\/danielmatos\/brandao-define-agenda-com-ministro-no-maranhao-para-estimular-beneficiarios-do-bolsa-familia-a-empreender\/"]}]},{"@type":"ImageObject","inLanguage":"pt-BR","@id":"https:\/\/www.blogsoestado.com\/danielmatos\/brandao-define-agenda-com-ministro-no-maranhao-para-estimular-beneficiarios-do-bolsa-familia-a-empreender\/#primaryimage","url":"https:\/\/www.blogsoestado.com\/danielmatos\/files\/2023\/03\/Screenshot_20230307-2204192.png","contentUrl":"https:\/\/www.blogsoestado.com\/danielmatos\/files\/2023\/03\/Screenshot_20230307-2204192.png"},{"@type":"BreadcrumbList","@id":"https:\/\/www.blogsoestado.com\/danielmatos\/brandao-define-agenda-com-ministro-no-maranhao-para-estimular-beneficiarios-do-bolsa-familia-a-empreender\/#breadcrumb","itemListElement":[{"@type":"ListItem","position":1,"name":"In\u00edcio","item":"https:\/\/www.blogsoestado.com\/danielmatos\/"},{"@type":"ListItem","position":2,"name":"Brand\u00e3o define agenda com ministro no Maranh\u00e3o para estimular benefici\u00e1rios do Bolsa Fam\u00edlia a empreender"}]},{"@type":"WebSite","@id":"https:\/\/www.blogsoestado.com\/danielmatos\/#website","url":"https:\/\/www.blogsoestado.com\/danielmatos\/","name":"Daniel Matos","description":"","potentialAction":[{"@type":"SearchAction","target":{"@type":"EntryPoint","urlTemplate":"https:\/\/www.blogsoestado.com\/danielmatos\/?s={search_term_string}"},"query-input":{"@type":"PropertyValueSpecification","valueRequired":true,"valueName":"search_term_string"}}],"inLanguage":"pt-BR"}]}},"jetpack_featured_media_url":"","_links":{"self":[{"href":"https:\/\/www.blogsoestado.com\/danielmatos\/wp-json\/wp\/v2\/posts\/106855","targetHints":{"allow":["GET"]}}],"collection":[{"href":"https:\/\/www.blogsoestado.com\/danielmatos\/wp-json\/wp\/v2\/posts"}],"about":[{"href":"https:\/\/www.blogsoestado.com\/danielmatos\/wp-json\/wp\/v2\/types\/post"}],"replies":[{"embeddable":true,"href":"https:\/\/www.blogsoestado.com\/danielmatos\/wp-json\/wp\/v2\/comments?post=106855"}],"version-history":[{"count":0,"href":"https:\/\/www.blogsoestado.com\/danielmatos\/wp-json\/wp\/v2\/posts\/106855\/revisions"}],"wp:attachment":[{"href":"https:\/\/www.blogsoestado.com\/danielmatos\/wp-json\/wp\/v2\/media?parent=106855"}],"wp:term":[{"taxonomy":"category","embeddable":true,"href":"https:\/\/www.blogsoestado.com\/danielmatos\/wp-json\/wp\/v2\/categories?post=106855"},{"taxonomy":"post_tag","embeddable":true,"href":"https:\/\/www.blogsoestado.com\/danielmatos\/wp-json\/wp\/v2\/tags?post=106855"}],"curies":[{"name":"wp","href":"https:\/\/api.w.org\/{rel}","templated":true}]}}