{"id":106866,"date":"2023-03-08T10:51:55","date_gmt":"2023-03-08T13:51:55","guid":{"rendered":"https:\/\/www.blogsoestado.com\/danielmatos\/?p=106866"},"modified":"2023-03-08T10:51:55","modified_gmt":"2023-03-08T13:51:55","slug":"dr-gutemberg-entrega-certificado-da-medalha-simao-estacio-da-silveira-a-promotora-de-justica-doracy-reis","status":"publish","type":"post","link":"https:\/\/www.blogsoestado.com\/danielmatos\/dr-gutemberg-entrega-certificado-da-medalha-simao-estacio-da-silveira-a-promotora-de-justica-doracy-reis\/","title":{"rendered":"Dr. Gutemberg entrega certificado da medalha Sim\u00e3o Est\u00e1cio da Silveira \u00e0 promotora de Justi\u00e7a Doracy Reis"},"content":{"rendered":"\n<div class=\"wp-block-image\"><figure class=\"aligncenter size-large\"><a href=\"https:\/\/www.blogsoestado.com\/danielmatos\/files\/2023\/03\/Screenshot_20230308-1037462.png\"><img decoding=\"async\" src=\"https:\/\/www.blogsoestado.com\/danielmatos\/files\/2023\/03\/Screenshot_20230308-1037462.png\" alt=\"\" class=\"wp-image-106867\"\/><\/a><figcaption>A promotora de Justi\u00e7a Doracy Moreira Reis Santos exibe o certificado ao lado do vereador Dr. Gutemberg Ara\u00fajo, autor da proposta <\/figcaption><\/figure><\/div>\n\n\n\n<p>A promotora de Justi\u00e7a titular da 1\u00aa Promotoria de Funda\u00e7\u00f5es e Entidades de Interesse Social da Capital, Doracy Moreira Reis Santos, recebeu das m\u00e3os do vereador Dr. Gutemberg Ara\u00fajo (PSC), na manh\u00e3 dessa ter\u00e7a-feira (7), o certificado da medalha \u201cSim\u00e3o Est\u00e1cio da Silveira\u201d. A homenagem ocorreu durante uma visita de cortesia da promotora \u00e0 C\u00e2mara Municipal de S\u00e3o Lu\u00eds.<\/p>\n\n\n\n<p>Na oportunidade, o presidente do Legislativo, vereador Francisco Chaguinhas (Podemos), interrompeu, por 20 minutos, a sess\u00e3o ordin\u00e1ria em plen\u00e1rio para fazer a homenagem que ocorreu atendendo ao pedido do autor da honraria, o vereador Dr. Gutemberg, que no ano passado j\u00e1 tinha feito a entrega simb\u00f3lica da medalha para a promotora Doracy Moreira.<\/p>\n\n\n\n<p>Segundo o Dr. Gutemberg, a escolha da outorga \u00e0 Doracy Reis foi um acerto, porque ela exerce um excelente trabalho na \u00e1rea comunit\u00e1ria da capital maranhense.<\/p>\n\n\n\n<p>\u201cFoi uma honra muito grande para mim, agraciar a doutora Doracy com a medalha \u2018Sim\u00e3o Est\u00e1cio da Silveira\u2019, por um motivo muito simples: ela representa de forma magn\u00e2nima o que \u00e9 o Minist\u00e9rio P\u00fablico. Al\u00e9m disso, a considero uma promotora, eu diria, comunit\u00e1ria. Ela est\u00e1 todos os dias nas comunidades procurando resolver os problemas\u201d, declarou.<\/p>\n\n\n\n<div class=\"wp-block-image\"><figure class=\"aligncenter size-large\"><a href=\"https:\/\/www.blogsoestado.com\/danielmatos\/files\/2023\/03\/Screenshot_20230308-1038342.png\"><img decoding=\"async\" src=\"https:\/\/www.blogsoestado.com\/danielmatos\/files\/2023\/03\/Screenshot_20230308-1038342.png\" alt=\"\" class=\"wp-image-106868\"\/><\/a><figcaption>Um n\u00famero expressivo de vereadores prestigiou o ato de entrega do certificado \u00e0 promotora Doracy Reis<\/figcaption><\/figure><\/div>\n\n\n\n<p>A honraria, concedida pela C\u00e2mara de S\u00e3o Lu\u00eds, \u00e9 uma importante homenagem destinada \u00e0s personalidades que contribuem para o desenvolvimento e melhoria da capital do estado. No caso da promotora de Justi\u00e7a, pelos excelentes servi\u00e7os prestados \u00e0 frente da 1\u00aa Promotoria de Funda\u00e7\u00f5es e Entidades de Interesse Social da Capital.<\/p>\n\n\n\n<p>Em seu discurso, a Dra. Doracy agradeceu a homenagem proposta por Dr. Gutemberg e aprovada por unanimidade dos parlamentares. Na oportunidade, lembrou a passagem do Dia Internacional da Mulher, a ser comemorado amanh\u00e3, 8 de mar\u00e7o.<\/p>\n\n\n\n<p>\u201cAgrade\u00e7o imensamente ao Dr. Gutemberg pela honraria que recebi em decorr\u00eancia dos servi\u00e7os prestados \u00e0 frente da 1\u00aa Promotoria de Funda\u00e7\u00f5es e Entidades de Interesse Social da Capital. Me comprometo a fazer sempre mais pela cidade. Aproveito tamb\u00e9m registrar a passagem do Dia Internacional da Mulher, a ser comemorado amanh\u00e3, 8 de mar\u00e7o. N\u00f3s somos as produtoras do universo. N\u00f3s mulheres ajudamos a construir, ao lado dos homens, uma sociedade mais justa e, sobretudo, amorosa\u201d, disse.<\/p>\n","protected":false},"excerpt":{"rendered":"<p>A promotora de Justi\u00e7a titular da 1\u00aa Promotoria de Funda\u00e7\u00f5es e Entidades de Interesse Social da Capital, Doracy Moreira Reis [&hellip;]<\/p>\n","protected":false},"author":0,"featured_media":0,"comment_status":"open","ping_status":"open","sticky":false,"template":"","format":"standard","meta":{"site-sidebar-layout":"default","site-content-layout":"","ast-site-content-layout":"default","site-content-style":"default","site-sidebar-style":"default","ast-global-header-display":"","ast-banner-title-visibility":"","ast-main-header-display":"","ast-hfb-above-header-display":"","ast-hfb-below-header-display":"","ast-hfb-mobile-header-display":"","site-post-title":"","ast-breadcrumbs-content":"","ast-featured-img":"","footer-sml-layout":"","ast-disable-related-posts":"","theme-transparent-header-meta":"","adv-header-id-meta":"","stick-header-meta":"","header-above-stick-meta":"","header-main-stick-meta":"","header-below-stick-meta":"","astra-migrate-meta-layouts":"default","ast-page-background-enabled":"default","ast-page-background-meta":{"desktop":{"background-color":"var(--ast-global-color-5)","background-image":"","background-repeat":"repeat","background-position":"center center","background-size":"auto","background-attachment":"scroll","background-type":"","background-media":"","overlay-type":"","overlay-color":"","overlay-opacity":"","overlay-gradient":""},"tablet":{"background-color":"","background-image":"","background-repeat":"repeat","background-position":"center center","background-size":"auto","background-attachment":"scroll","background-type":"","background-media":"","overlay-type":"","overlay-color":"","overlay-opacity":"","overlay-gradient":""},"mobile":{"background-color":"","background-image":"","background-repeat":"repeat","background-position":"center center","background-size":"auto","background-attachment":"scroll","background-type":"","background-media":"","overlay-type":"","overlay-color":"","overlay-opacity":"","overlay-gradient":""}},"ast-content-background-meta":{"desktop":{"background-color":"var(--ast-global-color-4)","background-image":"","background-repeat":"repeat","background-position":"center center","background-size":"auto","background-attachment":"scroll","background-type":"","background-media":"","overlay-type":"","overlay-color":"","overlay-opacity":"","overlay-gradient":""},"tablet":{"background-color":"var(--ast-global-color-4)","background-image":"","background-repeat":"repeat","background-position":"center center","background-size":"auto","background-attachment":"scroll","background-type":"","background-media":"","overlay-type":"","overlay-color":"","overlay-opacity":"","overlay-gradient":""},"mobile":{"background-color":"var(--ast-global-color-4)","background-image":"","background-repeat":"repeat","background-position":"center center","background-size":"auto","background-attachment":"scroll","background-type":"","background-media":"","overlay-type":"","overlay-color":"","overlay-opacity":"","overlay-gradient":""}},"footnotes":""},"categories":[1],"tags":[],"class_list":["post-106866","post","type-post","status-publish","format-standard","hentry","category-sem-categoria"],"yoast_head":"<!-- This site is optimized with the Yoast SEO plugin v26.6 - https:\/\/yoast.com\/wordpress\/plugins\/seo\/ -->\n<title>Dr. Gutemberg entrega certificado da medalha Sim\u00e3o Est\u00e1cio da Silveira \u00e0 promotora de Justi\u00e7a Doracy Reis - Daniel Matos<\/title>\n<meta name=\"robots\" content=\"index, follow, max-snippet:-1, max-image-preview:large, max-video-preview:-1\" \/>\n<link rel=\"canonical\" href=\"https:\/\/www.blogsoestado.com\/danielmatos\/dr-gutemberg-entrega-certificado-da-medalha-simao-estacio-da-silveira-a-promotora-de-justica-doracy-reis\/\" \/>\n<meta property=\"og:locale\" content=\"pt_BR\" \/>\n<meta property=\"og:type\" content=\"article\" \/>\n<meta property=\"og:title\" content=\"Dr. Gutemberg entrega certificado da medalha Sim\u00e3o Est\u00e1cio da Silveira \u00e0 promotora de Justi\u00e7a Doracy Reis - Daniel Matos\" \/>\n<meta property=\"og:description\" content=\"A promotora de Justi\u00e7a titular da 1\u00aa Promotoria de Funda\u00e7\u00f5es e Entidades de Interesse Social da Capital, Doracy Moreira Reis [&hellip;]\" \/>\n<meta property=\"og:url\" content=\"https:\/\/www.blogsoestado.com\/danielmatos\/dr-gutemberg-entrega-certificado-da-medalha-simao-estacio-da-silveira-a-promotora-de-justica-doracy-reis\/\" \/>\n<meta property=\"og:site_name\" content=\"Daniel Matos\" \/>\n<meta property=\"article:published_time\" content=\"2023-03-08T13:51:55+00:00\" \/>\n<meta property=\"og:image\" content=\"https:\/\/www.blogsoestado.com\/danielmatos\/files\/2023\/03\/Screenshot_20230308-1037462.png\" \/>\n<meta name=\"twitter:card\" content=\"summary_large_image\" \/>\n<meta name=\"twitter:label1\" content=\"Est. tempo de leitura\" \/>\n\t<meta name=\"twitter:data1\" content=\"3 minutos\" \/>\n<script type=\"application\/ld+json\" class=\"yoast-schema-graph\">{\"@context\":\"https:\/\/schema.org\",\"@graph\":[{\"@type\":\"WebPage\",\"@id\":\"https:\/\/www.blogsoestado.com\/danielmatos\/dr-gutemberg-entrega-certificado-da-medalha-simao-estacio-da-silveira-a-promotora-de-justica-doracy-reis\/\",\"url\":\"https:\/\/www.blogsoestado.com\/danielmatos\/dr-gutemberg-entrega-certificado-da-medalha-simao-estacio-da-silveira-a-promotora-de-justica-doracy-reis\/\",\"name\":\"Dr. Gutemberg entrega certificado da medalha Sim\u00e3o Est\u00e1cio da Silveira \u00e0 promotora de Justi\u00e7a Doracy Reis - Daniel Matos\",\"isPartOf\":{\"@id\":\"https:\/\/www.blogsoestado.com\/danielmatos\/#website\"},\"primaryImageOfPage\":{\"@id\":\"https:\/\/www.blogsoestado.com\/danielmatos\/dr-gutemberg-entrega-certificado-da-medalha-simao-estacio-da-silveira-a-promotora-de-justica-doracy-reis\/#primaryimage\"},\"image\":{\"@id\":\"https:\/\/www.blogsoestado.com\/danielmatos\/dr-gutemberg-entrega-certificado-da-medalha-simao-estacio-da-silveira-a-promotora-de-justica-doracy-reis\/#primaryimage\"},\"thumbnailUrl\":\"https:\/\/www.blogsoestado.com\/danielmatos\/files\/2023\/03\/Screenshot_20230308-1037462.png\",\"datePublished\":\"2023-03-08T13:51:55+00:00\",\"author\":{\"@id\":\"\"},\"breadcrumb\":{\"@id\":\"https:\/\/www.blogsoestado.com\/danielmatos\/dr-gutemberg-entrega-certificado-da-medalha-simao-estacio-da-silveira-a-promotora-de-justica-doracy-reis\/#breadcrumb\"},\"inLanguage\":\"pt-BR\",\"potentialAction\":[{\"@type\":\"ReadAction\",\"target\":[\"https:\/\/www.blogsoestado.com\/danielmatos\/dr-gutemberg-entrega-certificado-da-medalha-simao-estacio-da-silveira-a-promotora-de-justica-doracy-reis\/\"]}]},{\"@type\":\"ImageObject\",\"inLanguage\":\"pt-BR\",\"@id\":\"https:\/\/www.blogsoestado.com\/danielmatos\/dr-gutemberg-entrega-certificado-da-medalha-simao-estacio-da-silveira-a-promotora-de-justica-doracy-reis\/#primaryimage\",\"url\":\"https:\/\/www.blogsoestado.com\/danielmatos\/files\/2023\/03\/Screenshot_20230308-1037462.png\",\"contentUrl\":\"https:\/\/www.blogsoestado.com\/danielmatos\/files\/2023\/03\/Screenshot_20230308-1037462.png\"},{\"@type\":\"BreadcrumbList\",\"@id\":\"https:\/\/www.blogsoestado.com\/danielmatos\/dr-gutemberg-entrega-certificado-da-medalha-simao-estacio-da-silveira-a-promotora-de-justica-doracy-reis\/#breadcrumb\",\"itemListElement\":[{\"@type\":\"ListItem\",\"position\":1,\"name\":\"In\u00edcio\",\"item\":\"https:\/\/www.blogsoestado.com\/danielmatos\/\"},{\"@type\":\"ListItem\",\"position\":2,\"name\":\"Dr. Gutemberg entrega certificado da medalha Sim\u00e3o Est\u00e1cio da Silveira \u00e0 promotora de Justi\u00e7a Doracy Reis\"}]},{\"@type\":\"WebSite\",\"@id\":\"https:\/\/www.blogsoestado.com\/danielmatos\/#website\",\"url\":\"https:\/\/www.blogsoestado.com\/danielmatos\/\",\"name\":\"Daniel Matos\",\"description\":\"\",\"potentialAction\":[{\"@type\":\"SearchAction\",\"target\":{\"@type\":\"EntryPoint\",\"urlTemplate\":\"https:\/\/www.blogsoestado.com\/danielmatos\/?s={search_term_string}\"},\"query-input\":{\"@type\":\"PropertyValueSpecification\",\"valueRequired\":true,\"valueName\":\"search_term_string\"}}],\"inLanguage\":\"pt-BR\"}]}<\/script>\n<!-- \/ Yoast SEO plugin. -->","yoast_head_json":{"title":"Dr. Gutemberg entrega certificado da medalha Sim\u00e3o Est\u00e1cio da Silveira \u00e0 promotora de Justi\u00e7a Doracy Reis - Daniel Matos","robots":{"index":"index","follow":"follow","max-snippet":"max-snippet:-1","max-image-preview":"max-image-preview:large","max-video-preview":"max-video-preview:-1"},"canonical":"https:\/\/www.blogsoestado.com\/danielmatos\/dr-gutemberg-entrega-certificado-da-medalha-simao-estacio-da-silveira-a-promotora-de-justica-doracy-reis\/","og_locale":"pt_BR","og_type":"article","og_title":"Dr. Gutemberg entrega certificado da medalha Sim\u00e3o Est\u00e1cio da Silveira \u00e0 promotora de Justi\u00e7a Doracy Reis - Daniel Matos","og_description":"A promotora de Justi\u00e7a titular da 1\u00aa Promotoria de Funda\u00e7\u00f5es e Entidades de Interesse Social da Capital, Doracy Moreira Reis [&hellip;]","og_url":"https:\/\/www.blogsoestado.com\/danielmatos\/dr-gutemberg-entrega-certificado-da-medalha-simao-estacio-da-silveira-a-promotora-de-justica-doracy-reis\/","og_site_name":"Daniel Matos","article_published_time":"2023-03-08T13:51:55+00:00","og_image":[{"url":"https:\/\/www.blogsoestado.com\/danielmatos\/files\/2023\/03\/Screenshot_20230308-1037462.png","type":"","width":"","height":""}],"twitter_card":"summary_large_image","twitter_misc":{"Est. tempo de leitura":"3 minutos"},"schema":{"@context":"https:\/\/schema.org","@graph":[{"@type":"WebPage","@id":"https:\/\/www.blogsoestado.com\/danielmatos\/dr-gutemberg-entrega-certificado-da-medalha-simao-estacio-da-silveira-a-promotora-de-justica-doracy-reis\/","url":"https:\/\/www.blogsoestado.com\/danielmatos\/dr-gutemberg-entrega-certificado-da-medalha-simao-estacio-da-silveira-a-promotora-de-justica-doracy-reis\/","name":"Dr. Gutemberg entrega certificado da medalha Sim\u00e3o Est\u00e1cio da Silveira \u00e0 promotora de Justi\u00e7a Doracy Reis - Daniel Matos","isPartOf":{"@id":"https:\/\/www.blogsoestado.com\/danielmatos\/#website"},"primaryImageOfPage":{"@id":"https:\/\/www.blogsoestado.com\/danielmatos\/dr-gutemberg-entrega-certificado-da-medalha-simao-estacio-da-silveira-a-promotora-de-justica-doracy-reis\/#primaryimage"},"image":{"@id":"https:\/\/www.blogsoestado.com\/danielmatos\/dr-gutemberg-entrega-certificado-da-medalha-simao-estacio-da-silveira-a-promotora-de-justica-doracy-reis\/#primaryimage"},"thumbnailUrl":"https:\/\/www.blogsoestado.com\/danielmatos\/files\/2023\/03\/Screenshot_20230308-1037462.png","datePublished":"2023-03-08T13:51:55+00:00","author":{"@id":""},"breadcrumb":{"@id":"https:\/\/www.blogsoestado.com\/danielmatos\/dr-gutemberg-entrega-certificado-da-medalha-simao-estacio-da-silveira-a-promotora-de-justica-doracy-reis\/#breadcrumb"},"inLanguage":"pt-BR","potentialAction":[{"@type":"ReadAction","target":["https:\/\/www.blogsoestado.com\/danielmatos\/dr-gutemberg-entrega-certificado-da-medalha-simao-estacio-da-silveira-a-promotora-de-justica-doracy-reis\/"]}]},{"@type":"ImageObject","inLanguage":"pt-BR","@id":"https:\/\/www.blogsoestado.com\/danielmatos\/dr-gutemberg-entrega-certificado-da-medalha-simao-estacio-da-silveira-a-promotora-de-justica-doracy-reis\/#primaryimage","url":"https:\/\/www.blogsoestado.com\/danielmatos\/files\/2023\/03\/Screenshot_20230308-1037462.png","contentUrl":"https:\/\/www.blogsoestado.com\/danielmatos\/files\/2023\/03\/Screenshot_20230308-1037462.png"},{"@type":"BreadcrumbList","@id":"https:\/\/www.blogsoestado.com\/danielmatos\/dr-gutemberg-entrega-certificado-da-medalha-simao-estacio-da-silveira-a-promotora-de-justica-doracy-reis\/#breadcrumb","itemListElement":[{"@type":"ListItem","position":1,"name":"In\u00edcio","item":"https:\/\/www.blogsoestado.com\/danielmatos\/"},{"@type":"ListItem","position":2,"name":"Dr. Gutemberg entrega certificado da medalha Sim\u00e3o Est\u00e1cio da Silveira \u00e0 promotora de Justi\u00e7a Doracy Reis"}]},{"@type":"WebSite","@id":"https:\/\/www.blogsoestado.com\/danielmatos\/#website","url":"https:\/\/www.blogsoestado.com\/danielmatos\/","name":"Daniel Matos","description":"","potentialAction":[{"@type":"SearchAction","target":{"@type":"EntryPoint","urlTemplate":"https:\/\/www.blogsoestado.com\/danielmatos\/?s={search_term_string}"},"query-input":{"@type":"PropertyValueSpecification","valueRequired":true,"valueName":"search_term_string"}}],"inLanguage":"pt-BR"}]}},"jetpack_featured_media_url":"","_links":{"self":[{"href":"https:\/\/www.blogsoestado.com\/danielmatos\/wp-json\/wp\/v2\/posts\/106866","targetHints":{"allow":["GET"]}}],"collection":[{"href":"https:\/\/www.blogsoestado.com\/danielmatos\/wp-json\/wp\/v2\/posts"}],"about":[{"href":"https:\/\/www.blogsoestado.com\/danielmatos\/wp-json\/wp\/v2\/types\/post"}],"replies":[{"embeddable":true,"href":"https:\/\/www.blogsoestado.com\/danielmatos\/wp-json\/wp\/v2\/comments?post=106866"}],"version-history":[{"count":0,"href":"https:\/\/www.blogsoestado.com\/danielmatos\/wp-json\/wp\/v2\/posts\/106866\/revisions"}],"wp:attachment":[{"href":"https:\/\/www.blogsoestado.com\/danielmatos\/wp-json\/wp\/v2\/media?parent=106866"}],"wp:term":[{"taxonomy":"category","embeddable":true,"href":"https:\/\/www.blogsoestado.com\/danielmatos\/wp-json\/wp\/v2\/categories?post=106866"},{"taxonomy":"post_tag","embeddable":true,"href":"https:\/\/www.blogsoestado.com\/danielmatos\/wp-json\/wp\/v2\/tags?post=106866"}],"curies":[{"name":"wp","href":"https:\/\/api.w.org\/{rel}","templated":true}]}}