{"id":106870,"date":"2023-03-08T14:44:03","date_gmt":"2023-03-08T17:44:03","guid":{"rendered":"https:\/\/www.blogsoestado.com\/danielmatos\/?p=106870"},"modified":"2023-03-08T14:44:03","modified_gmt":"2023-03-08T17:44:03","slug":"prefeitura-de-sao-jose-de-ribamar-paga-primeira-parcela-de-verbas-rescisorias-de-funcionarios-do-intecs","status":"publish","type":"post","link":"https:\/\/www.blogsoestado.com\/danielmatos\/prefeitura-de-sao-jose-de-ribamar-paga-primeira-parcela-de-verbas-rescisorias-de-funcionarios-do-intecs\/","title":{"rendered":"Prefeitura de S\u00e3o Jos\u00e9 de Ribamar paga primeira parcela de verbas rescis\u00f3rias de funcion\u00e1rios do INTECS"},"content":{"rendered":"\n<div class=\"wp-block-image\"><figure class=\"aligncenter size-large\"><a href=\"https:\/\/www.blogsoestado.com\/danielmatos\/files\/2023\/03\/Screenshot_20230308-1436592.png\"><img decoding=\"async\" src=\"https:\/\/www.blogsoestado.com\/danielmatos\/files\/2023\/03\/Screenshot_20230308-1436592.png\" alt=\"\" class=\"wp-image-106871\"\/><\/a><figcaption>A Prefeitura de S\u00e3o Jos\u00e9 de Ribamar pagou a 1\u00aa parcela no dia 13 de fevereiro, e os funcion\u00e1rios j\u00e1 podem acionar os Sindicatos para recebimento do valor<\/figcaption><\/figure><\/div>\n\n\n\n<p>Ap\u00f3s a desqualifica\u00e7\u00e3o e rescis\u00e3o unilateral do Contrato de Gest\u00e3o com o Instituto Nacional de Tecnologia, Educa\u00e7\u00e3o, Cultura e Sa\u00fade (Intecs), que prestava servi\u00e7o ao Hospital Municipal e Maternidade de S\u00e3o Jos\u00e9 de Ribamar, a prefeitura requereu uma audi\u00eancia de media\u00e7\u00e3o com participa\u00e7\u00e3o do Minist\u00e9rio P\u00fablico, para a realiza\u00e7\u00e3o do pagamento relativo \u00e0s verbas rescis\u00f3rias dos funcion\u00e1rios da INTECS que trabalhavam na unidade hospitalar.<\/p>\n\n\n\n<p>No acordo entre o Instituto e prefeitura, ficou acertado que o Munic\u00edpio pagaria ao Sindicato dos Auxiliares e T\u00e9cnicos em Enfermagem e Trabalhadores em Estabelecimento de Sa\u00fade do Estado do Maranh\u00e3o e ao Sindicato dos T\u00e9cnicos e Auxiliares em Enfermagem, as verbas rescis\u00f3rias dos funcion\u00e1rios do INTECS, que prestavam servi\u00e7o ao hospital. Os valores de R$ 891.384,90 (valor dos substitu\u00eddos) e R$ 163.995,70 (valor dos encargos previdenci\u00e1rios de todos os empregados) ser\u00e3o pagos em quatro parcelas iguais e essa quantia ser\u00e1 deduzida de eventuais cr\u00e9ditos da empresa para com a municipalidade. A prefeitura j\u00e1 fez o pagamento da 1\u00aa parcela no dia 13 de fevereiro, e os funcion\u00e1rios j\u00e1 podem acionar os Sindicatos para recebimento do valor.<\/p>\n\n\n\n<p><strong>ENTENDA O CASO<\/strong><\/p>\n\n\n\n<p>O Instituto Nacional de Tecnologia, Educa\u00e7\u00e3o, Cultura e Sa\u00fade &#8211; INTECS foi contratada pelo munic\u00edpio de S\u00e3o Jos\u00e9 de Ribamar, em car\u00e1ter emergencial, com vig\u00eancia de apenas 90 (noventa) dias, com in\u00edcio em 03\/01\/2022 (data da assinatura) e t\u00e9rmino em 03\/04\/2022. Per\u00edodo esse que ocorreu o processo de licita\u00e7\u00e3o.<\/p>\n\n\n\n<p>Durante o procedimento licitat\u00f3rio, concorreram duas empresas, o pr\u00f3prio&nbsp;INTECS e o IDG. No caso do INTECS, mesmo atuando no Hospital e Maternidade de S\u00e3o Jos\u00e9 de Ribamar, em car\u00e1ter emergencial, foi desqualificado por diante \u00e0 defici\u00eancia dos documentos para qualifica\u00e7\u00e3o t\u00e9cnica apresentados pelo INTECS, a Comiss\u00e3o de Sele\u00e7\u00e3o do certame determinou a sua inabilita\u00e7\u00e3o.<\/p>\n\n\n\n<p>Por n\u00e3o aceitar a decis\u00e3o da comiss\u00e3o, ajuizou a A\u00e7\u00e3o Ordin\u00e1ria com Pedido de Tutela Provis\u00f3ria de Urg\u00eancia, em tramita\u00e7\u00e3o na 1\u00aa Vara C\u00edvel do Termo Judici\u00e1rio de S\u00e3o Jos\u00e9 de Ribamar, Comarca da Ilha de S\u00e3o Lu\u00eds, em desfavor do Munic\u00edpio de S\u00e3o Jos\u00e9 de Ribamar e da empresa vencedora da licita\u00e7\u00e3o, o Instituto de Desenvolvimento e Gest\u00e3o \u2013 IDG.<\/p>\n\n\n\n<p>Por decis\u00e3o da 1\u00aa Vara C\u00edvel de S\u00e3o Jos\u00e9 de Ribamar, foi suspenso o prazo indeterminado do processo administrativo n\u00ba 572\/2021 \u2013 SEMUS (Edital de Convoca\u00e7\u00e3o P\u00fablica n\u00ba 03\/2021 \u2013 CES\/SEMUS) e todos os atos desde a decis\u00e3o de inabilita\u00e7\u00e3o do INTECS e de habilita\u00e7\u00e3o do IDG, determinando a manuten\u00e7\u00e3o do INTECS na administra\u00e7\u00e3o do Hospital.<\/p>\n\n\n\n<p>Sob j\u00fadice, a empresa continuou atuando no Hospital e Maternidade por conta pr\u00f3pria, atrasando sal\u00e1rios de funcion\u00e1rios, enquanto esteve \u00e0 frente da administra\u00e7\u00e3o&nbsp;o Instituto foi alvo de in\u00fameras den\u00fancias envolvendo o n\u00e3o pagamento de credores, falta de infraestrutura e manuten\u00e7\u00e3o das instala\u00e7\u00f5es, dentre outras irregularidades que denotam ainda mais a falta de preparo para a presta\u00e7\u00e3o de um servi\u00e7o de tamanha import\u00e2ncia como \u00e9 a administra\u00e7\u00e3o do Hospital.<\/p>\n","protected":false},"excerpt":{"rendered":"<p>Ap\u00f3s a desqualifica\u00e7\u00e3o e rescis\u00e3o unilateral do Contrato de Gest\u00e3o com o Instituto Nacional de Tecnologia, Educa\u00e7\u00e3o, Cultura e Sa\u00fade [&hellip;]<\/p>\n","protected":false},"author":0,"featured_media":0,"comment_status":"open","ping_status":"open","sticky":false,"template":"","format":"standard","meta":{"site-sidebar-layout":"default","site-content-layout":"","ast-site-content-layout":"default","site-content-style":"default","site-sidebar-style":"default","ast-global-header-display":"","ast-banner-title-visibility":"","ast-main-header-display":"","ast-hfb-above-header-display":"","ast-hfb-below-header-display":"","ast-hfb-mobile-header-display":"","site-post-title":"","ast-breadcrumbs-content":"","ast-featured-img":"","footer-sml-layout":"","ast-disable-related-posts":"","theme-transparent-header-meta":"","adv-header-id-meta":"","stick-header-meta":"","header-above-stick-meta":"","header-main-stick-meta":"","header-below-stick-meta":"","astra-migrate-meta-layouts":"default","ast-page-background-enabled":"default","ast-page-background-meta":{"desktop":{"background-color":"var(--ast-global-color-5)","background-image":"","background-repeat":"repeat","background-position":"center center","background-size":"auto","background-attachment":"scroll","background-type":"","background-media":"","overlay-type":"","overlay-color":"","overlay-opacity":"","overlay-gradient":""},"tablet":{"background-color":"","background-image":"","background-repeat":"repeat","background-position":"center center","background-size":"auto","background-attachment":"scroll","background-type":"","background-media":"","overlay-type":"","overlay-color":"","overlay-opacity":"","overlay-gradient":""},"mobile":{"background-color":"","background-image":"","background-repeat":"repeat","background-position":"center center","background-size":"auto","background-attachment":"scroll","background-type":"","background-media":"","overlay-type":"","overlay-color":"","overlay-opacity":"","overlay-gradient":""}},"ast-content-background-meta":{"desktop":{"background-color":"var(--ast-global-color-4)","background-image":"","background-repeat":"repeat","background-position":"center center","background-size":"auto","background-attachment":"scroll","background-type":"","background-media":"","overlay-type":"","overlay-color":"","overlay-opacity":"","overlay-gradient":""},"tablet":{"background-color":"var(--ast-global-color-4)","background-image":"","background-repeat":"repeat","background-position":"center center","background-size":"auto","background-attachment":"scroll","background-type":"","background-media":"","overlay-type":"","overlay-color":"","overlay-opacity":"","overlay-gradient":""},"mobile":{"background-color":"var(--ast-global-color-4)","background-image":"","background-repeat":"repeat","background-position":"center center","background-size":"auto","background-attachment":"scroll","background-type":"","background-media":"","overlay-type":"","overlay-color":"","overlay-opacity":"","overlay-gradient":""}},"footnotes":""},"categories":[1],"tags":[],"class_list":["post-106870","post","type-post","status-publish","format-standard","hentry","category-sem-categoria"],"yoast_head":"<!-- This site is optimized with the Yoast SEO plugin v26.6 - https:\/\/yoast.com\/wordpress\/plugins\/seo\/ -->\n<title>Prefeitura de S\u00e3o Jos\u00e9 de Ribamar paga primeira parcela de verbas rescis\u00f3rias de funcion\u00e1rios do INTECS - Daniel Matos<\/title>\n<meta name=\"robots\" content=\"index, follow, max-snippet:-1, max-image-preview:large, max-video-preview:-1\" \/>\n<link rel=\"canonical\" href=\"https:\/\/www.blogsoestado.com\/danielmatos\/prefeitura-de-sao-jose-de-ribamar-paga-primeira-parcela-de-verbas-rescisorias-de-funcionarios-do-intecs\/\" \/>\n<meta property=\"og:locale\" content=\"pt_BR\" \/>\n<meta property=\"og:type\" content=\"article\" \/>\n<meta property=\"og:title\" content=\"Prefeitura de S\u00e3o Jos\u00e9 de Ribamar paga primeira parcela de verbas rescis\u00f3rias de funcion\u00e1rios do INTECS - Daniel Matos\" \/>\n<meta property=\"og:description\" content=\"Ap\u00f3s a desqualifica\u00e7\u00e3o e rescis\u00e3o unilateral do Contrato de Gest\u00e3o com o Instituto Nacional de Tecnologia, Educa\u00e7\u00e3o, Cultura e Sa\u00fade [&hellip;]\" \/>\n<meta property=\"og:url\" content=\"https:\/\/www.blogsoestado.com\/danielmatos\/prefeitura-de-sao-jose-de-ribamar-paga-primeira-parcela-de-verbas-rescisorias-de-funcionarios-do-intecs\/\" \/>\n<meta property=\"og:site_name\" content=\"Daniel Matos\" \/>\n<meta property=\"article:published_time\" content=\"2023-03-08T17:44:03+00:00\" \/>\n<meta property=\"og:image\" content=\"https:\/\/www.blogsoestado.com\/danielmatos\/files\/2023\/03\/Screenshot_20230308-1436592.png\" \/>\n<meta name=\"twitter:card\" content=\"summary_large_image\" \/>\n<meta name=\"twitter:label1\" content=\"Est. tempo de leitura\" \/>\n\t<meta name=\"twitter:data1\" content=\"3 minutos\" \/>\n<script type=\"application\/ld+json\" class=\"yoast-schema-graph\">{\"@context\":\"https:\/\/schema.org\",\"@graph\":[{\"@type\":\"WebPage\",\"@id\":\"https:\/\/www.blogsoestado.com\/danielmatos\/prefeitura-de-sao-jose-de-ribamar-paga-primeira-parcela-de-verbas-rescisorias-de-funcionarios-do-intecs\/\",\"url\":\"https:\/\/www.blogsoestado.com\/danielmatos\/prefeitura-de-sao-jose-de-ribamar-paga-primeira-parcela-de-verbas-rescisorias-de-funcionarios-do-intecs\/\",\"name\":\"Prefeitura de S\u00e3o Jos\u00e9 de Ribamar paga primeira parcela de verbas rescis\u00f3rias de funcion\u00e1rios do INTECS - Daniel Matos\",\"isPartOf\":{\"@id\":\"https:\/\/www.blogsoestado.com\/danielmatos\/#website\"},\"primaryImageOfPage\":{\"@id\":\"https:\/\/www.blogsoestado.com\/danielmatos\/prefeitura-de-sao-jose-de-ribamar-paga-primeira-parcela-de-verbas-rescisorias-de-funcionarios-do-intecs\/#primaryimage\"},\"image\":{\"@id\":\"https:\/\/www.blogsoestado.com\/danielmatos\/prefeitura-de-sao-jose-de-ribamar-paga-primeira-parcela-de-verbas-rescisorias-de-funcionarios-do-intecs\/#primaryimage\"},\"thumbnailUrl\":\"https:\/\/www.blogsoestado.com\/danielmatos\/files\/2023\/03\/Screenshot_20230308-1436592.png\",\"datePublished\":\"2023-03-08T17:44:03+00:00\",\"author\":{\"@id\":\"\"},\"breadcrumb\":{\"@id\":\"https:\/\/www.blogsoestado.com\/danielmatos\/prefeitura-de-sao-jose-de-ribamar-paga-primeira-parcela-de-verbas-rescisorias-de-funcionarios-do-intecs\/#breadcrumb\"},\"inLanguage\":\"pt-BR\",\"potentialAction\":[{\"@type\":\"ReadAction\",\"target\":[\"https:\/\/www.blogsoestado.com\/danielmatos\/prefeitura-de-sao-jose-de-ribamar-paga-primeira-parcela-de-verbas-rescisorias-de-funcionarios-do-intecs\/\"]}]},{\"@type\":\"ImageObject\",\"inLanguage\":\"pt-BR\",\"@id\":\"https:\/\/www.blogsoestado.com\/danielmatos\/prefeitura-de-sao-jose-de-ribamar-paga-primeira-parcela-de-verbas-rescisorias-de-funcionarios-do-intecs\/#primaryimage\",\"url\":\"https:\/\/www.blogsoestado.com\/danielmatos\/files\/2023\/03\/Screenshot_20230308-1436592.png\",\"contentUrl\":\"https:\/\/www.blogsoestado.com\/danielmatos\/files\/2023\/03\/Screenshot_20230308-1436592.png\"},{\"@type\":\"BreadcrumbList\",\"@id\":\"https:\/\/www.blogsoestado.com\/danielmatos\/prefeitura-de-sao-jose-de-ribamar-paga-primeira-parcela-de-verbas-rescisorias-de-funcionarios-do-intecs\/#breadcrumb\",\"itemListElement\":[{\"@type\":\"ListItem\",\"position\":1,\"name\":\"In\u00edcio\",\"item\":\"https:\/\/www.blogsoestado.com\/danielmatos\/\"},{\"@type\":\"ListItem\",\"position\":2,\"name\":\"Prefeitura de S\u00e3o Jos\u00e9 de Ribamar paga primeira parcela de verbas rescis\u00f3rias de funcion\u00e1rios do INTECS\"}]},{\"@type\":\"WebSite\",\"@id\":\"https:\/\/www.blogsoestado.com\/danielmatos\/#website\",\"url\":\"https:\/\/www.blogsoestado.com\/danielmatos\/\",\"name\":\"Daniel Matos\",\"description\":\"\",\"potentialAction\":[{\"@type\":\"SearchAction\",\"target\":{\"@type\":\"EntryPoint\",\"urlTemplate\":\"https:\/\/www.blogsoestado.com\/danielmatos\/?s={search_term_string}\"},\"query-input\":{\"@type\":\"PropertyValueSpecification\",\"valueRequired\":true,\"valueName\":\"search_term_string\"}}],\"inLanguage\":\"pt-BR\"}]}<\/script>\n<!-- \/ Yoast SEO plugin. -->","yoast_head_json":{"title":"Prefeitura de S\u00e3o Jos\u00e9 de Ribamar paga primeira parcela de verbas rescis\u00f3rias de funcion\u00e1rios do INTECS - Daniel Matos","robots":{"index":"index","follow":"follow","max-snippet":"max-snippet:-1","max-image-preview":"max-image-preview:large","max-video-preview":"max-video-preview:-1"},"canonical":"https:\/\/www.blogsoestado.com\/danielmatos\/prefeitura-de-sao-jose-de-ribamar-paga-primeira-parcela-de-verbas-rescisorias-de-funcionarios-do-intecs\/","og_locale":"pt_BR","og_type":"article","og_title":"Prefeitura de S\u00e3o Jos\u00e9 de Ribamar paga primeira parcela de verbas rescis\u00f3rias de funcion\u00e1rios do INTECS - Daniel Matos","og_description":"Ap\u00f3s a desqualifica\u00e7\u00e3o e rescis\u00e3o unilateral do Contrato de Gest\u00e3o com o Instituto Nacional de Tecnologia, Educa\u00e7\u00e3o, Cultura e Sa\u00fade [&hellip;]","og_url":"https:\/\/www.blogsoestado.com\/danielmatos\/prefeitura-de-sao-jose-de-ribamar-paga-primeira-parcela-de-verbas-rescisorias-de-funcionarios-do-intecs\/","og_site_name":"Daniel Matos","article_published_time":"2023-03-08T17:44:03+00:00","og_image":[{"url":"https:\/\/www.blogsoestado.com\/danielmatos\/files\/2023\/03\/Screenshot_20230308-1436592.png","type":"","width":"","height":""}],"twitter_card":"summary_large_image","twitter_misc":{"Est. tempo de leitura":"3 minutos"},"schema":{"@context":"https:\/\/schema.org","@graph":[{"@type":"WebPage","@id":"https:\/\/www.blogsoestado.com\/danielmatos\/prefeitura-de-sao-jose-de-ribamar-paga-primeira-parcela-de-verbas-rescisorias-de-funcionarios-do-intecs\/","url":"https:\/\/www.blogsoestado.com\/danielmatos\/prefeitura-de-sao-jose-de-ribamar-paga-primeira-parcela-de-verbas-rescisorias-de-funcionarios-do-intecs\/","name":"Prefeitura de S\u00e3o Jos\u00e9 de Ribamar paga primeira parcela de verbas rescis\u00f3rias de funcion\u00e1rios do INTECS - Daniel Matos","isPartOf":{"@id":"https:\/\/www.blogsoestado.com\/danielmatos\/#website"},"primaryImageOfPage":{"@id":"https:\/\/www.blogsoestado.com\/danielmatos\/prefeitura-de-sao-jose-de-ribamar-paga-primeira-parcela-de-verbas-rescisorias-de-funcionarios-do-intecs\/#primaryimage"},"image":{"@id":"https:\/\/www.blogsoestado.com\/danielmatos\/prefeitura-de-sao-jose-de-ribamar-paga-primeira-parcela-de-verbas-rescisorias-de-funcionarios-do-intecs\/#primaryimage"},"thumbnailUrl":"https:\/\/www.blogsoestado.com\/danielmatos\/files\/2023\/03\/Screenshot_20230308-1436592.png","datePublished":"2023-03-08T17:44:03+00:00","author":{"@id":""},"breadcrumb":{"@id":"https:\/\/www.blogsoestado.com\/danielmatos\/prefeitura-de-sao-jose-de-ribamar-paga-primeira-parcela-de-verbas-rescisorias-de-funcionarios-do-intecs\/#breadcrumb"},"inLanguage":"pt-BR","potentialAction":[{"@type":"ReadAction","target":["https:\/\/www.blogsoestado.com\/danielmatos\/prefeitura-de-sao-jose-de-ribamar-paga-primeira-parcela-de-verbas-rescisorias-de-funcionarios-do-intecs\/"]}]},{"@type":"ImageObject","inLanguage":"pt-BR","@id":"https:\/\/www.blogsoestado.com\/danielmatos\/prefeitura-de-sao-jose-de-ribamar-paga-primeira-parcela-de-verbas-rescisorias-de-funcionarios-do-intecs\/#primaryimage","url":"https:\/\/www.blogsoestado.com\/danielmatos\/files\/2023\/03\/Screenshot_20230308-1436592.png","contentUrl":"https:\/\/www.blogsoestado.com\/danielmatos\/files\/2023\/03\/Screenshot_20230308-1436592.png"},{"@type":"BreadcrumbList","@id":"https:\/\/www.blogsoestado.com\/danielmatos\/prefeitura-de-sao-jose-de-ribamar-paga-primeira-parcela-de-verbas-rescisorias-de-funcionarios-do-intecs\/#breadcrumb","itemListElement":[{"@type":"ListItem","position":1,"name":"In\u00edcio","item":"https:\/\/www.blogsoestado.com\/danielmatos\/"},{"@type":"ListItem","position":2,"name":"Prefeitura de S\u00e3o Jos\u00e9 de Ribamar paga primeira parcela de verbas rescis\u00f3rias de funcion\u00e1rios do INTECS"}]},{"@type":"WebSite","@id":"https:\/\/www.blogsoestado.com\/danielmatos\/#website","url":"https:\/\/www.blogsoestado.com\/danielmatos\/","name":"Daniel Matos","description":"","potentialAction":[{"@type":"SearchAction","target":{"@type":"EntryPoint","urlTemplate":"https:\/\/www.blogsoestado.com\/danielmatos\/?s={search_term_string}"},"query-input":{"@type":"PropertyValueSpecification","valueRequired":true,"valueName":"search_term_string"}}],"inLanguage":"pt-BR"}]}},"jetpack_featured_media_url":"","_links":{"self":[{"href":"https:\/\/www.blogsoestado.com\/danielmatos\/wp-json\/wp\/v2\/posts\/106870","targetHints":{"allow":["GET"]}}],"collection":[{"href":"https:\/\/www.blogsoestado.com\/danielmatos\/wp-json\/wp\/v2\/posts"}],"about":[{"href":"https:\/\/www.blogsoestado.com\/danielmatos\/wp-json\/wp\/v2\/types\/post"}],"replies":[{"embeddable":true,"href":"https:\/\/www.blogsoestado.com\/danielmatos\/wp-json\/wp\/v2\/comments?post=106870"}],"version-history":[{"count":0,"href":"https:\/\/www.blogsoestado.com\/danielmatos\/wp-json\/wp\/v2\/posts\/106870\/revisions"}],"wp:attachment":[{"href":"https:\/\/www.blogsoestado.com\/danielmatos\/wp-json\/wp\/v2\/media?parent=106870"}],"wp:term":[{"taxonomy":"category","embeddable":true,"href":"https:\/\/www.blogsoestado.com\/danielmatos\/wp-json\/wp\/v2\/categories?post=106870"},{"taxonomy":"post_tag","embeddable":true,"href":"https:\/\/www.blogsoestado.com\/danielmatos\/wp-json\/wp\/v2\/tags?post=106870"}],"curies":[{"name":"wp","href":"https:\/\/api.w.org\/{rel}","templated":true}]}}