{"id":106888,"date":"2023-03-08T21:38:30","date_gmt":"2023-03-09T00:38:30","guid":{"rendered":"https:\/\/www.blogsoestado.com\/danielmatos\/?p=106888"},"modified":"2023-03-08T21:38:30","modified_gmt":"2023-03-09T00:38:30","slug":"dr-gutemberg-homenageia-mulheres-com-trabalho-e-acoes-voltadas-a-defesa-dos-direitos-femininos","status":"publish","type":"post","link":"https:\/\/www.blogsoestado.com\/danielmatos\/dr-gutemberg-homenageia-mulheres-com-trabalho-e-acoes-voltadas-a-defesa-dos-direitos-femininos\/","title":{"rendered":"Dr. Gutemberg homenageia mulheres com trabalho e a\u00e7\u00f5es voltadas \u00e0 defesa dos direitos femininos"},"content":{"rendered":"\n<div class=\"wp-block-image\"><figure class=\"aligncenter size-large\"><a href=\"https:\/\/www.blogsoestado.com\/danielmatos\/files\/2023\/03\/Screenshot_20230308-2119132.png\"><img decoding=\"async\" src=\"https:\/\/www.blogsoestado.com\/danielmatos\/files\/2023\/03\/Screenshot_20230308-2119132.png\" alt=\"\" class=\"wp-image-106889\"\/><\/a><figcaption>Dr. Gutemberg sempre incentivou, desde o seu primeiro mandato de vereador, as mulheres a realizarem pr\u00e1ticas saud\u00e1veis<\/figcaption><\/figure><\/div>\n\n\n\n<p>O vereador Dr. Gutemberg Ara\u00fajo (PSC) enalteceu, neste dia 8 de mar\u00e7o, Dia Internacional da Mulher, a luta das mulheres por direitos, respeito e igualdade. O parlamentar lembrou ainda as oito Leis, de sua autoria, em defesa das mulheres. S\u00e3o Leis contra a viol\u00eancia dom\u00e9stica, Lei voltadas para a sa\u00fade da mulher, como o Programa de Distribui\u00e7\u00e3o de Absorventes para mulheres em situa\u00e7\u00e3o de risco, al\u00e9m de Leis que incentivam o empreendedorismo e a participa\u00e7\u00e3o das mulheres na pol\u00edtica.<\/p>\n\n\n\n<p>O parlamentar destacou que \u00e9 preciso continuar avan\u00e7ando na conquista de espa\u00e7os ocupados pelas mulheres. E que a data tamb\u00e9m \u00e9 um momento para refletir sobre as dificuldades, discrimina\u00e7\u00f5es, viol\u00eancia e desigualdades que as mulheres ainda sofrem nos dias atuais.<\/p>\n\n\n\n<p>\u201cA educa\u00e7\u00e3o \u00e9 o caminho para construir uma sociedade mais justa e combater qualquer tipo de viol\u00eancia contra as mulheres: f\u00edsica, psicol\u00f3gica, patrimonial, sexual ou econ\u00f4mica. Em todos os meus mandatos de vereador, sempre priorizei Leis em benef\u00edcios das mulheres. Renovo meu compromisso para que as mulheres possam ser cada vez mais protagonistas em nossa sociedade\u201d, disse Dr. Gutemberg.\u00a0<\/p>\n\n\n\n<div class=\"wp-block-image\"><figure class=\"aligncenter size-large\"><a href=\"https:\/\/www.blogsoestado.com\/danielmatos\/files\/2023\/03\/Screenshot_20230308-2119452.png\"><img decoding=\"async\" src=\"https:\/\/www.blogsoestado.com\/danielmatos\/files\/2023\/03\/Screenshot_20230308-2119452.png\" alt=\"\" class=\"wp-image-106890\"\/><\/a><figcaption>O vereador Dr. Gutemberg Araujo no ato da condecora\u00e7\u00e3o da promotora de Justi\u00e7a Doracy Reis com a Medalha Sim\u00e3o Est\u00e1cio da Silveira, maior honraria concedida pela C\u00e2mara Municipal de S\u00e3o Lu\u00eds<\/figcaption><\/figure><\/div>\n\n\n\n<p>O reconhecimento ao trabalho das mulheres maranhenses \u00e9 uma outra marca do vereador. No ano passado, Dr. Gutemberg concedeu a medalha Sim\u00e3o Est\u00e1cio da Silveira, maior honraria da C\u00e2mara, para a Promotora de Justi\u00e7a, Doracy Moreira dos Reis Santos, e tamb\u00e9m para a professora. Dra. Dilercy Arag\u00e3o Adler, presidente do Instituto Hist\u00f3rico e Geogr\u00e1fico do Maranh\u00e3o \u2013 IHGM.<\/p>\n\n\n\n<p>Tamb\u00e9m com a entrega da Medalha Sim\u00e3o Est\u00e1dio da Silveira, Dr. Gutemberg homenageou em lembran\u00e7a (in memoriam) a grande escritora maranhense Maria Firmina dos Reis, primeira romancista do Brasil. Na ocasi\u00e3o, ela foi representada pela professora Dra. Dilercy Adler.\u00a0<\/p>\n\n\n\n<p>Al\u00e9m disso, tramita na C\u00e2mara Municipal de S\u00e3o Lu\u00eds (CMSL), o Projeto de Lei n\u00ba 0229\/2022, de autoria do vereador Dr. Gutemberg que declara a escritora Maria Firmina dos Reis como patronesse da educa\u00e7\u00e3o ludovicense.<\/p>\n\n\n\n<div class=\"wp-block-image\"><figure class=\"aligncenter size-large\"><a href=\"https:\/\/www.blogsoestado.com\/danielmatos\/files\/2023\/03\/Screenshot_20230308-2120102.png\"><img decoding=\"async\" src=\"https:\/\/www.blogsoestado.com\/danielmatos\/files\/2023\/03\/Screenshot_20230308-2120102.png\" alt=\"\" class=\"wp-image-106891\"\/><\/a><figcaption>A aten\u00e7\u00e3o permanente \u00e0s mulheres \u00e9 uma marca registrada da atua\u00e7\u00e3o pol\u00edtica do vereador Dr. Gutemberg Ara\u00fajo<\/figcaption><\/figure><\/div>\n\n\n\n<p>\u201cMaria Firmina dos Reis quebrou paradigmas \u00e0 frente do seu tempo. \u00c9 um grande nome da cultura brasileira. Foi uma honra fazer essa homenagem. Al\u00e9m da felicidade de agraciar a doutora Doracy e a professora. Dra. Dilercy Arag\u00e3o Adler com a medalha \u2018Sim\u00e3o Est\u00e1cio da Silveira\u2019. Elas desenvolvem importantes trabalhos para a sociedade e representam a for\u00e7a da mulher maranhense. E aqui lembro que todo o dia, \u00e9 Dia da Mulher. Parab\u00e9ns as mulheres parlamentares desta Casa e a todas as mulheres do nosso Brasil\u201d, disse Dr. Gutemberg.\u00a0<\/p>\n\n\n\n<p>Em outro trabalho para al\u00e9m dos muros da C\u00e2mara Municipal de S\u00e3o Lu\u00eds, Dr. Gutemberg apoia projetos sociais, de educa\u00e7\u00e3o e projetos esportivos voltados para as mulheres.\u00a0<\/p>\n\n\n\n<p>Leis criadas pelo Dr. Gutemberg para a prote\u00e7\u00e3o dos direitos das mulheres:<\/p>\n\n\n\n<p>&#8211; Programa de Distribui\u00e7\u00e3o de Absorventes Higi\u00eanicos (Lei n\u00b0 6.716\/2020) para as mulheres do munic\u00edpio de S\u00e3o Lu\u00eds, que estejam regularmente inscritas em programa de governo para pessoas de baixa renda.\u00a0<\/p>\n\n\n\n<p>&#8211; Programa de Preven\u00e7\u00e3o da Viol\u00eancia Dom\u00e9stica com a Estrat\u00e9gia de Sa\u00fade da Fam\u00edlia (Lei n\u00b0 6.634\/2020)<\/p>\n\n\n\n<p>&#8211; Semana Municipal de Combate \u00e0 Viol\u00eancia Contra Mulher, no m\u00eas de outubro (Lei n\u00b0 6.846\/2020)<\/p>\n\n\n\n<p>&#8211; Semana de Incentivo \u00e0 participa\u00e7\u00e3o da Mulher na Pol\u00edtica (Lei n\u00b0 6.904\/2021)<\/p>\n\n\n\n<p>&#8211; Selo de Responsabilidade Social Institui\u00e7\u00e3o Parceira da Mulher, certificando institui\u00e7\u00f5es que priorizam a contrata\u00e7\u00e3o e\/ou capacita\u00e7\u00e3o de mulheres, sobretudo de mulheres em situa\u00e7\u00e3o de viol\u00eancia dom\u00e9stica e\/ou em situa\u00e7\u00e3o de vulnerabilidade econ\u00f4mica (Lei n\u00b0 7.098\/2023).<\/p>\n\n\n\n<p>&#8211; Dia Municipal de Conscientiza\u00e7\u00e3o e Enfrentamento \u00e0 Fibromialgia &#8211; 12 de maio \u2013 (Lei n\u00ba 6.004\/2015)<\/p>\n\n\n\n<p>&#8211; Disp\u00f5e sobre a autoriza\u00e7\u00e3o para as trabalhadoras do servi\u00e7o p\u00fablico do Munic\u00edpio de S\u00e3o Lu\u00eds, a partir dos quarenta anos, serem dispensadas por um dia para realizar Mamografia (Lei n\u00ba 5.783\/2013).<\/p>\n\n\n\n<p>&#8211; Veda a nomea\u00e7\u00e3o para cargos em comiss\u00e3o de condenados pela pr\u00e1tica de crimes cometidos nas condi\u00e7\u00f5es previstas na Lei Federal n\u00ba 11.340\/2006 (Lei Maria da Penha), no \u00e2mbito do Munic\u00edpio de S\u00e3o Lu\u00eds\/MA. (Lei n\u00b0 6.711\/2020).<\/p>\n","protected":false},"excerpt":{"rendered":"<p>O vereador Dr. Gutemberg Ara\u00fajo (PSC) enalteceu, neste dia 8 de mar\u00e7o, Dia Internacional da Mulher, a luta das mulheres [&hellip;]<\/p>\n","protected":false},"author":0,"featured_media":0,"comment_status":"open","ping_status":"open","sticky":false,"template":"","format":"standard","meta":{"site-sidebar-layout":"default","site-content-layout":"","ast-site-content-layout":"default","site-content-style":"default","site-sidebar-style":"default","ast-global-header-display":"","ast-banner-title-visibility":"","ast-main-header-display":"","ast-hfb-above-header-display":"","ast-hfb-below-header-display":"","ast-hfb-mobile-header-display":"","site-post-title":"","ast-breadcrumbs-content":"","ast-featured-img":"","footer-sml-layout":"","ast-disable-related-posts":"","theme-transparent-header-meta":"","adv-header-id-meta":"","stick-header-meta":"","header-above-stick-meta":"","header-main-stick-meta":"","header-below-stick-meta":"","astra-migrate-meta-layouts":"default","ast-page-background-enabled":"default","ast-page-background-meta":{"desktop":{"background-color":"var(--ast-global-color-5)","background-image":"","background-repeat":"repeat","background-position":"center center","background-size":"auto","background-attachment":"scroll","background-type":"","background-media":"","overlay-type":"","overlay-color":"","overlay-opacity":"","overlay-gradient":""},"tablet":{"background-color":"","background-image":"","background-repeat":"repeat","background-position":"center center","background-size":"auto","background-attachment":"scroll","background-type":"","background-media":"","overlay-type":"","overlay-color":"","overlay-opacity":"","overlay-gradient":""},"mobile":{"background-color":"","background-image":"","background-repeat":"repeat","background-position":"center center","background-size":"auto","background-attachment":"scroll","background-type":"","background-media":"","overlay-type":"","overlay-color":"","overlay-opacity":"","overlay-gradient":""}},"ast-content-background-meta":{"desktop":{"background-color":"var(--ast-global-color-4)","background-image":"","background-repeat":"repeat","background-position":"center center","background-size":"auto","background-attachment":"scroll","background-type":"","background-media":"","overlay-type":"","overlay-color":"","overlay-opacity":"","overlay-gradient":""},"tablet":{"background-color":"var(--ast-global-color-4)","background-image":"","background-repeat":"repeat","background-position":"center center","background-size":"auto","background-attachment":"scroll","background-type":"","background-media":"","overlay-type":"","overlay-color":"","overlay-opacity":"","overlay-gradient":""},"mobile":{"background-color":"var(--ast-global-color-4)","background-image":"","background-repeat":"repeat","background-position":"center center","background-size":"auto","background-attachment":"scroll","background-type":"","background-media":"","overlay-type":"","overlay-color":"","overlay-opacity":"","overlay-gradient":""}},"footnotes":""},"categories":[1],"tags":[],"class_list":["post-106888","post","type-post","status-publish","format-standard","hentry","category-sem-categoria"],"yoast_head":"<!-- This site is optimized with the Yoast SEO plugin v26.6 - https:\/\/yoast.com\/wordpress\/plugins\/seo\/ -->\n<title>Dr. Gutemberg homenageia mulheres com trabalho e a\u00e7\u00f5es voltadas \u00e0 defesa dos direitos femininos - Daniel Matos<\/title>\n<meta name=\"robots\" content=\"index, follow, max-snippet:-1, max-image-preview:large, max-video-preview:-1\" \/>\n<link rel=\"canonical\" href=\"https:\/\/www.blogsoestado.com\/danielmatos\/dr-gutemberg-homenageia-mulheres-com-trabalho-e-acoes-voltadas-a-defesa-dos-direitos-femininos\/\" \/>\n<meta property=\"og:locale\" content=\"pt_BR\" \/>\n<meta property=\"og:type\" content=\"article\" \/>\n<meta property=\"og:title\" content=\"Dr. Gutemberg homenageia mulheres com trabalho e a\u00e7\u00f5es voltadas \u00e0 defesa dos direitos femininos - Daniel Matos\" \/>\n<meta property=\"og:description\" content=\"O vereador Dr. Gutemberg Ara\u00fajo (PSC) enalteceu, neste dia 8 de mar\u00e7o, Dia Internacional da Mulher, a luta das mulheres [&hellip;]\" \/>\n<meta property=\"og:url\" content=\"https:\/\/www.blogsoestado.com\/danielmatos\/dr-gutemberg-homenageia-mulheres-com-trabalho-e-acoes-voltadas-a-defesa-dos-direitos-femininos\/\" \/>\n<meta property=\"og:site_name\" content=\"Daniel Matos\" \/>\n<meta property=\"article:published_time\" content=\"2023-03-09T00:38:30+00:00\" \/>\n<meta property=\"og:image\" content=\"https:\/\/www.blogsoestado.com\/danielmatos\/files\/2023\/03\/Screenshot_20230308-2119132.png\" \/>\n<meta name=\"twitter:card\" content=\"summary_large_image\" \/>\n<meta name=\"twitter:label1\" content=\"Est. tempo de leitura\" \/>\n\t<meta name=\"twitter:data1\" content=\"4 minutos\" \/>\n<script type=\"application\/ld+json\" class=\"yoast-schema-graph\">{\"@context\":\"https:\/\/schema.org\",\"@graph\":[{\"@type\":\"WebPage\",\"@id\":\"https:\/\/www.blogsoestado.com\/danielmatos\/dr-gutemberg-homenageia-mulheres-com-trabalho-e-acoes-voltadas-a-defesa-dos-direitos-femininos\/\",\"url\":\"https:\/\/www.blogsoestado.com\/danielmatos\/dr-gutemberg-homenageia-mulheres-com-trabalho-e-acoes-voltadas-a-defesa-dos-direitos-femininos\/\",\"name\":\"Dr. Gutemberg homenageia mulheres com trabalho e a\u00e7\u00f5es voltadas \u00e0 defesa dos direitos femininos - Daniel Matos\",\"isPartOf\":{\"@id\":\"https:\/\/www.blogsoestado.com\/danielmatos\/#website\"},\"primaryImageOfPage\":{\"@id\":\"https:\/\/www.blogsoestado.com\/danielmatos\/dr-gutemberg-homenageia-mulheres-com-trabalho-e-acoes-voltadas-a-defesa-dos-direitos-femininos\/#primaryimage\"},\"image\":{\"@id\":\"https:\/\/www.blogsoestado.com\/danielmatos\/dr-gutemberg-homenageia-mulheres-com-trabalho-e-acoes-voltadas-a-defesa-dos-direitos-femininos\/#primaryimage\"},\"thumbnailUrl\":\"https:\/\/www.blogsoestado.com\/danielmatos\/files\/2023\/03\/Screenshot_20230308-2119132.png\",\"datePublished\":\"2023-03-09T00:38:30+00:00\",\"author\":{\"@id\":\"\"},\"breadcrumb\":{\"@id\":\"https:\/\/www.blogsoestado.com\/danielmatos\/dr-gutemberg-homenageia-mulheres-com-trabalho-e-acoes-voltadas-a-defesa-dos-direitos-femininos\/#breadcrumb\"},\"inLanguage\":\"pt-BR\",\"potentialAction\":[{\"@type\":\"ReadAction\",\"target\":[\"https:\/\/www.blogsoestado.com\/danielmatos\/dr-gutemberg-homenageia-mulheres-com-trabalho-e-acoes-voltadas-a-defesa-dos-direitos-femininos\/\"]}]},{\"@type\":\"ImageObject\",\"inLanguage\":\"pt-BR\",\"@id\":\"https:\/\/www.blogsoestado.com\/danielmatos\/dr-gutemberg-homenageia-mulheres-com-trabalho-e-acoes-voltadas-a-defesa-dos-direitos-femininos\/#primaryimage\",\"url\":\"https:\/\/www.blogsoestado.com\/danielmatos\/files\/2023\/03\/Screenshot_20230308-2119132.png\",\"contentUrl\":\"https:\/\/www.blogsoestado.com\/danielmatos\/files\/2023\/03\/Screenshot_20230308-2119132.png\"},{\"@type\":\"BreadcrumbList\",\"@id\":\"https:\/\/www.blogsoestado.com\/danielmatos\/dr-gutemberg-homenageia-mulheres-com-trabalho-e-acoes-voltadas-a-defesa-dos-direitos-femininos\/#breadcrumb\",\"itemListElement\":[{\"@type\":\"ListItem\",\"position\":1,\"name\":\"In\u00edcio\",\"item\":\"https:\/\/www.blogsoestado.com\/danielmatos\/\"},{\"@type\":\"ListItem\",\"position\":2,\"name\":\"Dr. Gutemberg homenageia mulheres com trabalho e a\u00e7\u00f5es voltadas \u00e0 defesa dos direitos femininos\"}]},{\"@type\":\"WebSite\",\"@id\":\"https:\/\/www.blogsoestado.com\/danielmatos\/#website\",\"url\":\"https:\/\/www.blogsoestado.com\/danielmatos\/\",\"name\":\"Daniel Matos\",\"description\":\"\",\"potentialAction\":[{\"@type\":\"SearchAction\",\"target\":{\"@type\":\"EntryPoint\",\"urlTemplate\":\"https:\/\/www.blogsoestado.com\/danielmatos\/?s={search_term_string}\"},\"query-input\":{\"@type\":\"PropertyValueSpecification\",\"valueRequired\":true,\"valueName\":\"search_term_string\"}}],\"inLanguage\":\"pt-BR\"}]}<\/script>\n<!-- \/ Yoast SEO plugin. -->","yoast_head_json":{"title":"Dr. Gutemberg homenageia mulheres com trabalho e a\u00e7\u00f5es voltadas \u00e0 defesa dos direitos femininos - Daniel Matos","robots":{"index":"index","follow":"follow","max-snippet":"max-snippet:-1","max-image-preview":"max-image-preview:large","max-video-preview":"max-video-preview:-1"},"canonical":"https:\/\/www.blogsoestado.com\/danielmatos\/dr-gutemberg-homenageia-mulheres-com-trabalho-e-acoes-voltadas-a-defesa-dos-direitos-femininos\/","og_locale":"pt_BR","og_type":"article","og_title":"Dr. Gutemberg homenageia mulheres com trabalho e a\u00e7\u00f5es voltadas \u00e0 defesa dos direitos femininos - Daniel Matos","og_description":"O vereador Dr. Gutemberg Ara\u00fajo (PSC) enalteceu, neste dia 8 de mar\u00e7o, Dia Internacional da Mulher, a luta das mulheres [&hellip;]","og_url":"https:\/\/www.blogsoestado.com\/danielmatos\/dr-gutemberg-homenageia-mulheres-com-trabalho-e-acoes-voltadas-a-defesa-dos-direitos-femininos\/","og_site_name":"Daniel Matos","article_published_time":"2023-03-09T00:38:30+00:00","og_image":[{"url":"https:\/\/www.blogsoestado.com\/danielmatos\/files\/2023\/03\/Screenshot_20230308-2119132.png","type":"","width":"","height":""}],"twitter_card":"summary_large_image","twitter_misc":{"Est. tempo de leitura":"4 minutos"},"schema":{"@context":"https:\/\/schema.org","@graph":[{"@type":"WebPage","@id":"https:\/\/www.blogsoestado.com\/danielmatos\/dr-gutemberg-homenageia-mulheres-com-trabalho-e-acoes-voltadas-a-defesa-dos-direitos-femininos\/","url":"https:\/\/www.blogsoestado.com\/danielmatos\/dr-gutemberg-homenageia-mulheres-com-trabalho-e-acoes-voltadas-a-defesa-dos-direitos-femininos\/","name":"Dr. Gutemberg homenageia mulheres com trabalho e a\u00e7\u00f5es voltadas \u00e0 defesa dos direitos femininos - Daniel Matos","isPartOf":{"@id":"https:\/\/www.blogsoestado.com\/danielmatos\/#website"},"primaryImageOfPage":{"@id":"https:\/\/www.blogsoestado.com\/danielmatos\/dr-gutemberg-homenageia-mulheres-com-trabalho-e-acoes-voltadas-a-defesa-dos-direitos-femininos\/#primaryimage"},"image":{"@id":"https:\/\/www.blogsoestado.com\/danielmatos\/dr-gutemberg-homenageia-mulheres-com-trabalho-e-acoes-voltadas-a-defesa-dos-direitos-femininos\/#primaryimage"},"thumbnailUrl":"https:\/\/www.blogsoestado.com\/danielmatos\/files\/2023\/03\/Screenshot_20230308-2119132.png","datePublished":"2023-03-09T00:38:30+00:00","author":{"@id":""},"breadcrumb":{"@id":"https:\/\/www.blogsoestado.com\/danielmatos\/dr-gutemberg-homenageia-mulheres-com-trabalho-e-acoes-voltadas-a-defesa-dos-direitos-femininos\/#breadcrumb"},"inLanguage":"pt-BR","potentialAction":[{"@type":"ReadAction","target":["https:\/\/www.blogsoestado.com\/danielmatos\/dr-gutemberg-homenageia-mulheres-com-trabalho-e-acoes-voltadas-a-defesa-dos-direitos-femininos\/"]}]},{"@type":"ImageObject","inLanguage":"pt-BR","@id":"https:\/\/www.blogsoestado.com\/danielmatos\/dr-gutemberg-homenageia-mulheres-com-trabalho-e-acoes-voltadas-a-defesa-dos-direitos-femininos\/#primaryimage","url":"https:\/\/www.blogsoestado.com\/danielmatos\/files\/2023\/03\/Screenshot_20230308-2119132.png","contentUrl":"https:\/\/www.blogsoestado.com\/danielmatos\/files\/2023\/03\/Screenshot_20230308-2119132.png"},{"@type":"BreadcrumbList","@id":"https:\/\/www.blogsoestado.com\/danielmatos\/dr-gutemberg-homenageia-mulheres-com-trabalho-e-acoes-voltadas-a-defesa-dos-direitos-femininos\/#breadcrumb","itemListElement":[{"@type":"ListItem","position":1,"name":"In\u00edcio","item":"https:\/\/www.blogsoestado.com\/danielmatos\/"},{"@type":"ListItem","position":2,"name":"Dr. Gutemberg homenageia mulheres com trabalho e a\u00e7\u00f5es voltadas \u00e0 defesa dos direitos femininos"}]},{"@type":"WebSite","@id":"https:\/\/www.blogsoestado.com\/danielmatos\/#website","url":"https:\/\/www.blogsoestado.com\/danielmatos\/","name":"Daniel Matos","description":"","potentialAction":[{"@type":"SearchAction","target":{"@type":"EntryPoint","urlTemplate":"https:\/\/www.blogsoestado.com\/danielmatos\/?s={search_term_string}"},"query-input":{"@type":"PropertyValueSpecification","valueRequired":true,"valueName":"search_term_string"}}],"inLanguage":"pt-BR"}]}},"jetpack_featured_media_url":"","_links":{"self":[{"href":"https:\/\/www.blogsoestado.com\/danielmatos\/wp-json\/wp\/v2\/posts\/106888","targetHints":{"allow":["GET"]}}],"collection":[{"href":"https:\/\/www.blogsoestado.com\/danielmatos\/wp-json\/wp\/v2\/posts"}],"about":[{"href":"https:\/\/www.blogsoestado.com\/danielmatos\/wp-json\/wp\/v2\/types\/post"}],"replies":[{"embeddable":true,"href":"https:\/\/www.blogsoestado.com\/danielmatos\/wp-json\/wp\/v2\/comments?post=106888"}],"version-history":[{"count":0,"href":"https:\/\/www.blogsoestado.com\/danielmatos\/wp-json\/wp\/v2\/posts\/106888\/revisions"}],"wp:attachment":[{"href":"https:\/\/www.blogsoestado.com\/danielmatos\/wp-json\/wp\/v2\/media?parent=106888"}],"wp:term":[{"taxonomy":"category","embeddable":true,"href":"https:\/\/www.blogsoestado.com\/danielmatos\/wp-json\/wp\/v2\/categories?post=106888"},{"taxonomy":"post_tag","embeddable":true,"href":"https:\/\/www.blogsoestado.com\/danielmatos\/wp-json\/wp\/v2\/tags?post=106888"}],"curies":[{"name":"wp","href":"https:\/\/api.w.org\/{rel}","templated":true}]}}