{"id":106900,"date":"2023-03-08T23:53:40","date_gmt":"2023-03-09T02:53:40","guid":{"rendered":"https:\/\/www.blogsoestado.com\/danielmatos\/?p=106900"},"modified":"2023-03-08T23:53:40","modified_gmt":"2023-03-09T02:53:40","slug":"amanda-gentil-comemora-aprovacao-de-projeto-de-lei-de-sua-relatoria-que-garante-troca-de-implante-mamario-colocado-em-tratamento-de-cancer","status":"publish","type":"post","link":"https:\/\/www.blogsoestado.com\/danielmatos\/amanda-gentil-comemora-aprovacao-de-projeto-de-lei-de-sua-relatoria-que-garante-troca-de-implante-mamario-colocado-em-tratamento-de-cancer\/","title":{"rendered":"Amanda Gentil comemora aprova\u00e7\u00e3o de projeto de lei de sua relatoria que garante troca de implante mam\u00e1rio colocado em tratamento de c\u00e2ncer"},"content":{"rendered":"\n<p><strong><span class=\"has-inline-color has-vivid-red-color\">Ap\u00f3s passar no plen\u00e1rio da C\u00e2mara Federal, proposta ir\u00e1 a san\u00e7\u00e3o presidencial<\/span><\/strong><\/p>\n\n\n\n<div class=\"wp-block-image\"><figure class=\"aligncenter size-large\"><a href=\"https:\/\/www.blogsoestado.com\/danielmatos\/files\/2023\/03\/Screenshot_20230308-2316412.png\"><img decoding=\"async\" src=\"https:\/\/www.blogsoestado.com\/danielmatos\/files\/2023\/03\/Screenshot_20230308-2316412.png\" alt=\"\" class=\"wp-image-106901\"\/><\/a><figcaption>A deputada federal Amanda Gentil, do PP do Maranh\u00e3o, foi a relatora do projeto de lei aprovado pela C\u00e2mara e que ir\u00e1 \u00e0 san\u00e7\u00e3o presidencial<\/figcaption><\/figure><\/div>\n\n\n\n<p>A C\u00e2mara dos Deputados aprovou nesta quarta-feira (8) projeto de lei que garante \u00e0 mulher o direito de troca de implante mam\u00e1rio colocado em virtude de tratamento de c\u00e2ncer sempre que houver complica\u00e7\u00f5es ou efeitos adversos. A proposta, que teve como relatora a deputada federal Amanda Gentil (PP-MA), ser\u00e1 enviada \u00e0 san\u00e7\u00e3o presidencial.<\/p>\n\n\n\n<p>Ao comentar a aprova\u00e7\u00e3o da proposta, Amanda Gentil alertou para o trauma sofridas pelas mulheres acometidas por uma enfermidade que deixa sequelas t\u00e3o graves. \u201cTratar o c\u00e2ncer n\u00e3o \u00e9 apenas tratar o tumor, mas tamb\u00e9m a paciente, psicologicamente e fisicamente\u201d, afirmou a parlamentar.<\/p>\n\n\n\n<p>O texto aprovado \u00e9 um substitutivo do Senado para o Projeto de Lei 2113\/19, da deputada Laura Carneiro (PSD-RJ), e prev\u00ea ainda acompanhamento psicol\u00f3gico e multidisciplinar especializado das mulheres que sofrerem mutila\u00e7\u00e3o total ou parcial de mama em raz\u00e3o do tratamento de c\u00e2ncer. Esse acompanhamento dever\u00e1 ocorrer desde o diagn\u00f3stico.<\/p>\n\n\n\n<p>As normas valer\u00e3o tanto para o setor privado quanto para o Sistema \u00danico de Sa\u00fade (SUS). No \u00e2mbito do SUS, o projeto determina tamb\u00e9m que o procedimento seja realizado no prazo de 30 dias ap\u00f3s a indica\u00e7\u00e3o do m\u00e9dico assistente.<\/p>\n\n\n\n<p><strong><span class=\"has-inline-color has-vivid-red-color\">Assista aos discursos de Amanda Gentil<\/span><\/strong> <strong><a href=\"https:\/\/youtu.be\/OIYaiA2V_a0\">aqui<\/a><\/strong> e <strong><a href=\"https:\/\/youtu.be\/n6OQgFoy-Jk\">aqui<\/a><\/strong>.<\/p>\n\n\n\n<p>Saiba mais <a href=\"https:\/\/www.camara.leg.br\/noticias\/943548-camara-aprova-direito-a-troca-de-implante-mamario-para-paciente-de-cancer-acompanhe\/\">aqui<\/a>.<\/p>\n","protected":false},"excerpt":{"rendered":"<p>Ap\u00f3s passar no plen\u00e1rio da C\u00e2mara Federal, proposta ir\u00e1 a san\u00e7\u00e3o presidencial A C\u00e2mara dos Deputados aprovou nesta quarta-feira (8) [&hellip;]<\/p>\n","protected":false},"author":0,"featured_media":0,"comment_status":"open","ping_status":"open","sticky":false,"template":"","format":"standard","meta":{"site-sidebar-layout":"default","site-content-layout":"","ast-site-content-layout":"default","site-content-style":"default","site-sidebar-style":"default","ast-global-header-display":"","ast-banner-title-visibility":"","ast-main-header-display":"","ast-hfb-above-header-display":"","ast-hfb-below-header-display":"","ast-hfb-mobile-header-display":"","site-post-title":"","ast-breadcrumbs-content":"","ast-featured-img":"","footer-sml-layout":"","ast-disable-related-posts":"","theme-transparent-header-meta":"","adv-header-id-meta":"","stick-header-meta":"","header-above-stick-meta":"","header-main-stick-meta":"","header-below-stick-meta":"","astra-migrate-meta-layouts":"default","ast-page-background-enabled":"default","ast-page-background-meta":{"desktop":{"background-color":"var(--ast-global-color-5)","background-image":"","background-repeat":"repeat","background-position":"center center","background-size":"auto","background-attachment":"scroll","background-type":"","background-media":"","overlay-type":"","overlay-color":"","overlay-opacity":"","overlay-gradient":""},"tablet":{"background-color":"","background-image":"","background-repeat":"repeat","background-position":"center center","background-size":"auto","background-attachment":"scroll","background-type":"","background-media":"","overlay-type":"","overlay-color":"","overlay-opacity":"","overlay-gradient":""},"mobile":{"background-color":"","background-image":"","background-repeat":"repeat","background-position":"center center","background-size":"auto","background-attachment":"scroll","background-type":"","background-media":"","overlay-type":"","overlay-color":"","overlay-opacity":"","overlay-gradient":""}},"ast-content-background-meta":{"desktop":{"background-color":"var(--ast-global-color-4)","background-image":"","background-repeat":"repeat","background-position":"center center","background-size":"auto","background-attachment":"scroll","background-type":"","background-media":"","overlay-type":"","overlay-color":"","overlay-opacity":"","overlay-gradient":""},"tablet":{"background-color":"var(--ast-global-color-4)","background-image":"","background-repeat":"repeat","background-position":"center center","background-size":"auto","background-attachment":"scroll","background-type":"","background-media":"","overlay-type":"","overlay-color":"","overlay-opacity":"","overlay-gradient":""},"mobile":{"background-color":"var(--ast-global-color-4)","background-image":"","background-repeat":"repeat","background-position":"center center","background-size":"auto","background-attachment":"scroll","background-type":"","background-media":"","overlay-type":"","overlay-color":"","overlay-opacity":"","overlay-gradient":""}},"footnotes":""},"categories":[1],"tags":[],"class_list":["post-106900","post","type-post","status-publish","format-standard","hentry","category-sem-categoria"],"yoast_head":"<!-- This site is optimized with the Yoast SEO plugin v26.6 - https:\/\/yoast.com\/wordpress\/plugins\/seo\/ -->\n<title>Amanda Gentil comemora aprova\u00e7\u00e3o de projeto de lei de sua relatoria que garante troca de implante mam\u00e1rio colocado em tratamento de c\u00e2ncer - Daniel Matos<\/title>\n<meta name=\"robots\" content=\"index, follow, max-snippet:-1, max-image-preview:large, max-video-preview:-1\" \/>\n<link rel=\"canonical\" href=\"https:\/\/www.blogsoestado.com\/danielmatos\/amanda-gentil-comemora-aprovacao-de-projeto-de-lei-de-sua-relatoria-que-garante-troca-de-implante-mamario-colocado-em-tratamento-de-cancer\/\" \/>\n<meta property=\"og:locale\" content=\"pt_BR\" \/>\n<meta property=\"og:type\" content=\"article\" \/>\n<meta property=\"og:title\" content=\"Amanda Gentil comemora aprova\u00e7\u00e3o de projeto de lei de sua relatoria que garante troca de implante mam\u00e1rio colocado em tratamento de c\u00e2ncer - Daniel Matos\" \/>\n<meta property=\"og:description\" content=\"Ap\u00f3s passar no plen\u00e1rio da C\u00e2mara Federal, proposta ir\u00e1 a san\u00e7\u00e3o presidencial A C\u00e2mara dos Deputados aprovou nesta quarta-feira (8) [&hellip;]\" \/>\n<meta property=\"og:url\" content=\"https:\/\/www.blogsoestado.com\/danielmatos\/amanda-gentil-comemora-aprovacao-de-projeto-de-lei-de-sua-relatoria-que-garante-troca-de-implante-mamario-colocado-em-tratamento-de-cancer\/\" \/>\n<meta property=\"og:site_name\" content=\"Daniel Matos\" \/>\n<meta property=\"article:published_time\" content=\"2023-03-09T02:53:40+00:00\" \/>\n<meta property=\"og:image\" content=\"https:\/\/www.blogsoestado.com\/danielmatos\/files\/2023\/03\/Screenshot_20230308-2316412.png\" \/>\n<meta name=\"twitter:card\" content=\"summary_large_image\" \/>\n<meta name=\"twitter:label1\" content=\"Est. tempo de leitura\" \/>\n\t<meta name=\"twitter:data1\" content=\"2 minutos\" \/>\n<script type=\"application\/ld+json\" class=\"yoast-schema-graph\">{\"@context\":\"https:\/\/schema.org\",\"@graph\":[{\"@type\":\"WebPage\",\"@id\":\"https:\/\/www.blogsoestado.com\/danielmatos\/amanda-gentil-comemora-aprovacao-de-projeto-de-lei-de-sua-relatoria-que-garante-troca-de-implante-mamario-colocado-em-tratamento-de-cancer\/\",\"url\":\"https:\/\/www.blogsoestado.com\/danielmatos\/amanda-gentil-comemora-aprovacao-de-projeto-de-lei-de-sua-relatoria-que-garante-troca-de-implante-mamario-colocado-em-tratamento-de-cancer\/\",\"name\":\"Amanda Gentil comemora aprova\u00e7\u00e3o de projeto de lei de sua relatoria que garante troca de implante mam\u00e1rio colocado em tratamento de c\u00e2ncer - Daniel Matos\",\"isPartOf\":{\"@id\":\"https:\/\/www.blogsoestado.com\/danielmatos\/#website\"},\"primaryImageOfPage\":{\"@id\":\"https:\/\/www.blogsoestado.com\/danielmatos\/amanda-gentil-comemora-aprovacao-de-projeto-de-lei-de-sua-relatoria-que-garante-troca-de-implante-mamario-colocado-em-tratamento-de-cancer\/#primaryimage\"},\"image\":{\"@id\":\"https:\/\/www.blogsoestado.com\/danielmatos\/amanda-gentil-comemora-aprovacao-de-projeto-de-lei-de-sua-relatoria-que-garante-troca-de-implante-mamario-colocado-em-tratamento-de-cancer\/#primaryimage\"},\"thumbnailUrl\":\"https:\/\/www.blogsoestado.com\/danielmatos\/files\/2023\/03\/Screenshot_20230308-2316412.png\",\"datePublished\":\"2023-03-09T02:53:40+00:00\",\"author\":{\"@id\":\"\"},\"breadcrumb\":{\"@id\":\"https:\/\/www.blogsoestado.com\/danielmatos\/amanda-gentil-comemora-aprovacao-de-projeto-de-lei-de-sua-relatoria-que-garante-troca-de-implante-mamario-colocado-em-tratamento-de-cancer\/#breadcrumb\"},\"inLanguage\":\"pt-BR\",\"potentialAction\":[{\"@type\":\"ReadAction\",\"target\":[\"https:\/\/www.blogsoestado.com\/danielmatos\/amanda-gentil-comemora-aprovacao-de-projeto-de-lei-de-sua-relatoria-que-garante-troca-de-implante-mamario-colocado-em-tratamento-de-cancer\/\"]}]},{\"@type\":\"ImageObject\",\"inLanguage\":\"pt-BR\",\"@id\":\"https:\/\/www.blogsoestado.com\/danielmatos\/amanda-gentil-comemora-aprovacao-de-projeto-de-lei-de-sua-relatoria-que-garante-troca-de-implante-mamario-colocado-em-tratamento-de-cancer\/#primaryimage\",\"url\":\"https:\/\/www.blogsoestado.com\/danielmatos\/files\/2023\/03\/Screenshot_20230308-2316412.png\",\"contentUrl\":\"https:\/\/www.blogsoestado.com\/danielmatos\/files\/2023\/03\/Screenshot_20230308-2316412.png\"},{\"@type\":\"BreadcrumbList\",\"@id\":\"https:\/\/www.blogsoestado.com\/danielmatos\/amanda-gentil-comemora-aprovacao-de-projeto-de-lei-de-sua-relatoria-que-garante-troca-de-implante-mamario-colocado-em-tratamento-de-cancer\/#breadcrumb\",\"itemListElement\":[{\"@type\":\"ListItem\",\"position\":1,\"name\":\"In\u00edcio\",\"item\":\"https:\/\/www.blogsoestado.com\/danielmatos\/\"},{\"@type\":\"ListItem\",\"position\":2,\"name\":\"Amanda Gentil comemora aprova\u00e7\u00e3o de projeto de lei de sua relatoria que garante troca de implante mam\u00e1rio colocado em tratamento de c\u00e2ncer\"}]},{\"@type\":\"WebSite\",\"@id\":\"https:\/\/www.blogsoestado.com\/danielmatos\/#website\",\"url\":\"https:\/\/www.blogsoestado.com\/danielmatos\/\",\"name\":\"Daniel Matos\",\"description\":\"\",\"potentialAction\":[{\"@type\":\"SearchAction\",\"target\":{\"@type\":\"EntryPoint\",\"urlTemplate\":\"https:\/\/www.blogsoestado.com\/danielmatos\/?s={search_term_string}\"},\"query-input\":{\"@type\":\"PropertyValueSpecification\",\"valueRequired\":true,\"valueName\":\"search_term_string\"}}],\"inLanguage\":\"pt-BR\"}]}<\/script>\n<!-- \/ Yoast SEO plugin. -->","yoast_head_json":{"title":"Amanda Gentil comemora aprova\u00e7\u00e3o de projeto de lei de sua relatoria que garante troca de implante mam\u00e1rio colocado em tratamento de c\u00e2ncer - Daniel Matos","robots":{"index":"index","follow":"follow","max-snippet":"max-snippet:-1","max-image-preview":"max-image-preview:large","max-video-preview":"max-video-preview:-1"},"canonical":"https:\/\/www.blogsoestado.com\/danielmatos\/amanda-gentil-comemora-aprovacao-de-projeto-de-lei-de-sua-relatoria-que-garante-troca-de-implante-mamario-colocado-em-tratamento-de-cancer\/","og_locale":"pt_BR","og_type":"article","og_title":"Amanda Gentil comemora aprova\u00e7\u00e3o de projeto de lei de sua relatoria que garante troca de implante mam\u00e1rio colocado em tratamento de c\u00e2ncer - Daniel Matos","og_description":"Ap\u00f3s passar no plen\u00e1rio da C\u00e2mara Federal, proposta ir\u00e1 a san\u00e7\u00e3o presidencial A C\u00e2mara dos Deputados aprovou nesta quarta-feira (8) [&hellip;]","og_url":"https:\/\/www.blogsoestado.com\/danielmatos\/amanda-gentil-comemora-aprovacao-de-projeto-de-lei-de-sua-relatoria-que-garante-troca-de-implante-mamario-colocado-em-tratamento-de-cancer\/","og_site_name":"Daniel Matos","article_published_time":"2023-03-09T02:53:40+00:00","og_image":[{"url":"https:\/\/www.blogsoestado.com\/danielmatos\/files\/2023\/03\/Screenshot_20230308-2316412.png","type":"","width":"","height":""}],"twitter_card":"summary_large_image","twitter_misc":{"Est. tempo de leitura":"2 minutos"},"schema":{"@context":"https:\/\/schema.org","@graph":[{"@type":"WebPage","@id":"https:\/\/www.blogsoestado.com\/danielmatos\/amanda-gentil-comemora-aprovacao-de-projeto-de-lei-de-sua-relatoria-que-garante-troca-de-implante-mamario-colocado-em-tratamento-de-cancer\/","url":"https:\/\/www.blogsoestado.com\/danielmatos\/amanda-gentil-comemora-aprovacao-de-projeto-de-lei-de-sua-relatoria-que-garante-troca-de-implante-mamario-colocado-em-tratamento-de-cancer\/","name":"Amanda Gentil comemora aprova\u00e7\u00e3o de projeto de lei de sua relatoria que garante troca de implante mam\u00e1rio colocado em tratamento de c\u00e2ncer - Daniel Matos","isPartOf":{"@id":"https:\/\/www.blogsoestado.com\/danielmatos\/#website"},"primaryImageOfPage":{"@id":"https:\/\/www.blogsoestado.com\/danielmatos\/amanda-gentil-comemora-aprovacao-de-projeto-de-lei-de-sua-relatoria-que-garante-troca-de-implante-mamario-colocado-em-tratamento-de-cancer\/#primaryimage"},"image":{"@id":"https:\/\/www.blogsoestado.com\/danielmatos\/amanda-gentil-comemora-aprovacao-de-projeto-de-lei-de-sua-relatoria-que-garante-troca-de-implante-mamario-colocado-em-tratamento-de-cancer\/#primaryimage"},"thumbnailUrl":"https:\/\/www.blogsoestado.com\/danielmatos\/files\/2023\/03\/Screenshot_20230308-2316412.png","datePublished":"2023-03-09T02:53:40+00:00","author":{"@id":""},"breadcrumb":{"@id":"https:\/\/www.blogsoestado.com\/danielmatos\/amanda-gentil-comemora-aprovacao-de-projeto-de-lei-de-sua-relatoria-que-garante-troca-de-implante-mamario-colocado-em-tratamento-de-cancer\/#breadcrumb"},"inLanguage":"pt-BR","potentialAction":[{"@type":"ReadAction","target":["https:\/\/www.blogsoestado.com\/danielmatos\/amanda-gentil-comemora-aprovacao-de-projeto-de-lei-de-sua-relatoria-que-garante-troca-de-implante-mamario-colocado-em-tratamento-de-cancer\/"]}]},{"@type":"ImageObject","inLanguage":"pt-BR","@id":"https:\/\/www.blogsoestado.com\/danielmatos\/amanda-gentil-comemora-aprovacao-de-projeto-de-lei-de-sua-relatoria-que-garante-troca-de-implante-mamario-colocado-em-tratamento-de-cancer\/#primaryimage","url":"https:\/\/www.blogsoestado.com\/danielmatos\/files\/2023\/03\/Screenshot_20230308-2316412.png","contentUrl":"https:\/\/www.blogsoestado.com\/danielmatos\/files\/2023\/03\/Screenshot_20230308-2316412.png"},{"@type":"BreadcrumbList","@id":"https:\/\/www.blogsoestado.com\/danielmatos\/amanda-gentil-comemora-aprovacao-de-projeto-de-lei-de-sua-relatoria-que-garante-troca-de-implante-mamario-colocado-em-tratamento-de-cancer\/#breadcrumb","itemListElement":[{"@type":"ListItem","position":1,"name":"In\u00edcio","item":"https:\/\/www.blogsoestado.com\/danielmatos\/"},{"@type":"ListItem","position":2,"name":"Amanda Gentil comemora aprova\u00e7\u00e3o de projeto de lei de sua relatoria que garante troca de implante mam\u00e1rio colocado em tratamento de c\u00e2ncer"}]},{"@type":"WebSite","@id":"https:\/\/www.blogsoestado.com\/danielmatos\/#website","url":"https:\/\/www.blogsoestado.com\/danielmatos\/","name":"Daniel Matos","description":"","potentialAction":[{"@type":"SearchAction","target":{"@type":"EntryPoint","urlTemplate":"https:\/\/www.blogsoestado.com\/danielmatos\/?s={search_term_string}"},"query-input":{"@type":"PropertyValueSpecification","valueRequired":true,"valueName":"search_term_string"}}],"inLanguage":"pt-BR"}]}},"jetpack_featured_media_url":"","_links":{"self":[{"href":"https:\/\/www.blogsoestado.com\/danielmatos\/wp-json\/wp\/v2\/posts\/106900","targetHints":{"allow":["GET"]}}],"collection":[{"href":"https:\/\/www.blogsoestado.com\/danielmatos\/wp-json\/wp\/v2\/posts"}],"about":[{"href":"https:\/\/www.blogsoestado.com\/danielmatos\/wp-json\/wp\/v2\/types\/post"}],"replies":[{"embeddable":true,"href":"https:\/\/www.blogsoestado.com\/danielmatos\/wp-json\/wp\/v2\/comments?post=106900"}],"version-history":[{"count":0,"href":"https:\/\/www.blogsoestado.com\/danielmatos\/wp-json\/wp\/v2\/posts\/106900\/revisions"}],"wp:attachment":[{"href":"https:\/\/www.blogsoestado.com\/danielmatos\/wp-json\/wp\/v2\/media?parent=106900"}],"wp:term":[{"taxonomy":"category","embeddable":true,"href":"https:\/\/www.blogsoestado.com\/danielmatos\/wp-json\/wp\/v2\/categories?post=106900"},{"taxonomy":"post_tag","embeddable":true,"href":"https:\/\/www.blogsoestado.com\/danielmatos\/wp-json\/wp\/v2\/tags?post=106900"}],"curies":[{"name":"wp","href":"https:\/\/api.w.org\/{rel}","templated":true}]}}