{"id":106922,"date":"2023-03-09T19:18:47","date_gmt":"2023-03-09T22:18:47","guid":{"rendered":"https:\/\/www.blogsoestado.com\/danielmatos\/?p=106922"},"modified":"2023-03-09T19:18:47","modified_gmt":"2023-03-09T22:18:47","slug":"rio-anil-shopping-manifesta-pesar-por-vitimas-do-incendio-no-cinesystem","status":"publish","type":"post","link":"https:\/\/www.blogsoestado.com\/danielmatos\/rio-anil-shopping-manifesta-pesar-por-vitimas-do-incendio-no-cinesystem\/","title":{"rendered":"Rio Anil Shopping manifesta pesar por v\u00edtimas do inc\u00eandio no Cinesystem"},"content":{"rendered":"\n<p><strong><span class=\"has-inline-color has-vivid-red-color\">Empresa garantiu assist\u00eancia \u00e0s fam\u00edlias da adolescente e da jovem que morreram na trag\u00e9dia e a todos os feridos<\/span><\/strong><\/p>\n\n\n\n<div class=\"wp-block-image\"><figure class=\"aligncenter size-large\"><a href=\"https:\/\/www.blogsoestado.com\/danielmatos\/files\/2023\/03\/whatsapp-image-2023-03-08-at-09.09.10-1-.jpeg\"><img decoding=\"async\" src=\"https:\/\/www.blogsoestado.com\/danielmatos\/files\/2023\/03\/whatsapp-image-2023-03-08-at-09.09.10-1-.jpeg\" alt=\"\" class=\"wp-image-106924\"\/><\/a><figcaption>Inc\u00eandio em salas de cinema do Cinesystem deixou saldo de duas pessoas mortas e v\u00e1rios feridos<\/figcaption><\/figure><\/div>\n\n\n\n<p>Por meio de uma nota p\u00fablica emitida nesta quinta-feira (9), o Rio Anil Shopping manifestou pesar pelas v\u00edtimas do inc\u00eandio ocorrido na tarde da \u00faltima ter\u00e7a-feira (7) em duas salas de exibi\u00e7\u00e3o do Cinesystem. A trag\u00e9dia resultou nas mortes de uma adolescente e de uma jovem, sendo que um dos corpos ainda n\u00e3o foi oficialmente identificado. Outras 13 pessoas sairam feridas, algumas com queimaduras de 2\u00ba e 3\u00ba graus, e\/ou intoxicadas ao inalar a fuma\u00e7a produzida pelas chamas.<\/p>\n\n\n\n<p>O shopping se solidarizou \u00e0 dor das fam\u00edlias de todas as v\u00edtimas e informou estar buscando ampar\u00e1-las e auxili\u00e1-las com o que for poss\u00edvel.<\/p>\n\n\n\n<p>O Rio Anil Shopping garantiu estar comprometido com o cuidado e a assist\u00eancia aos clientes que est\u00e3o sofrendo com a trag\u00e9dia, bem como aos seus familiares. Assegurou, ainda, estar fazendo todos os esfor\u00e7os para auxiliar os \u00f3rg\u00e3os competentes a identificar as causas do inc\u00eandio.<\/p>\n\n\n\n<p><strong>Telefone<\/strong><\/p>\n\n\n\n<p>O shopping tamb\u00e9m disponibilizou o n\u00famero de telefone <strong>0800 300 4591<\/strong>, para liga\u00e7\u00e3o gratuita, destinado a familiares de v\u00edtimas que ainda n\u00e3o estejam recebendo atendimento m\u00e9dico e custeio de despesas com cuidados com a sa\u00fade.<\/p>\n\n\n\n<p>Confira a nota de pesar emitida pelo Rio Anil Shopping:<\/p>\n\n\n\n<div class=\"wp-block-image\"><figure class=\"aligncenter size-large\"><a href=\"https:\/\/www.blogsoestado.com\/danielmatos\/files\/2023\/03\/Screenshot_20230309-1829462.png\"><img decoding=\"async\" src=\"https:\/\/www.blogsoestado.com\/danielmatos\/files\/2023\/03\/Screenshot_20230309-1829462.png\" alt=\"\" class=\"wp-image-106923\"\/><\/a><\/figure><\/div>\n\n\n\n<p><strong>Leia mais <a href=\"https:\/\/www.rioanil.com.br\/blog\/comunicado\/\">aqui<\/a><\/strong>.<\/p>\n","protected":false},"excerpt":{"rendered":"<p>Empresa garantiu assist\u00eancia \u00e0s fam\u00edlias da adolescente e da jovem que morreram na trag\u00e9dia e a todos os feridos Por [&hellip;]<\/p>\n","protected":false},"author":0,"featured_media":0,"comment_status":"open","ping_status":"open","sticky":false,"template":"","format":"standard","meta":{"site-sidebar-layout":"default","site-content-layout":"","ast-site-content-layout":"default","site-content-style":"default","site-sidebar-style":"default","ast-global-header-display":"","ast-banner-title-visibility":"","ast-main-header-display":"","ast-hfb-above-header-display":"","ast-hfb-below-header-display":"","ast-hfb-mobile-header-display":"","site-post-title":"","ast-breadcrumbs-content":"","ast-featured-img":"","footer-sml-layout":"","ast-disable-related-posts":"","theme-transparent-header-meta":"","adv-header-id-meta":"","stick-header-meta":"","header-above-stick-meta":"","header-main-stick-meta":"","header-below-stick-meta":"","astra-migrate-meta-layouts":"default","ast-page-background-enabled":"default","ast-page-background-meta":{"desktop":{"background-color":"var(--ast-global-color-5)","background-image":"","background-repeat":"repeat","background-position":"center center","background-size":"auto","background-attachment":"scroll","background-type":"","background-media":"","overlay-type":"","overlay-color":"","overlay-opacity":"","overlay-gradient":""},"tablet":{"background-color":"","background-image":"","background-repeat":"repeat","background-position":"center center","background-size":"auto","background-attachment":"scroll","background-type":"","background-media":"","overlay-type":"","overlay-color":"","overlay-opacity":"","overlay-gradient":""},"mobile":{"background-color":"","background-image":"","background-repeat":"repeat","background-position":"center center","background-size":"auto","background-attachment":"scroll","background-type":"","background-media":"","overlay-type":"","overlay-color":"","overlay-opacity":"","overlay-gradient":""}},"ast-content-background-meta":{"desktop":{"background-color":"var(--ast-global-color-4)","background-image":"","background-repeat":"repeat","background-position":"center center","background-size":"auto","background-attachment":"scroll","background-type":"","background-media":"","overlay-type":"","overlay-color":"","overlay-opacity":"","overlay-gradient":""},"tablet":{"background-color":"var(--ast-global-color-4)","background-image":"","background-repeat":"repeat","background-position":"center center","background-size":"auto","background-attachment":"scroll","background-type":"","background-media":"","overlay-type":"","overlay-color":"","overlay-opacity":"","overlay-gradient":""},"mobile":{"background-color":"var(--ast-global-color-4)","background-image":"","background-repeat":"repeat","background-position":"center center","background-size":"auto","background-attachment":"scroll","background-type":"","background-media":"","overlay-type":"","overlay-color":"","overlay-opacity":"","overlay-gradient":""}},"footnotes":""},"categories":[1],"tags":[],"class_list":["post-106922","post","type-post","status-publish","format-standard","hentry","category-sem-categoria"],"yoast_head":"<!-- This site is optimized with the Yoast SEO plugin v26.6 - https:\/\/yoast.com\/wordpress\/plugins\/seo\/ -->\n<title>Rio Anil Shopping manifesta pesar por v\u00edtimas do inc\u00eandio no Cinesystem - Daniel Matos<\/title>\n<meta name=\"robots\" content=\"index, follow, max-snippet:-1, max-image-preview:large, max-video-preview:-1\" \/>\n<link rel=\"canonical\" href=\"https:\/\/www.blogsoestado.com\/danielmatos\/rio-anil-shopping-manifesta-pesar-por-vitimas-do-incendio-no-cinesystem\/\" \/>\n<meta property=\"og:locale\" content=\"pt_BR\" \/>\n<meta property=\"og:type\" content=\"article\" \/>\n<meta property=\"og:title\" content=\"Rio Anil Shopping manifesta pesar por v\u00edtimas do inc\u00eandio no Cinesystem - Daniel Matos\" \/>\n<meta property=\"og:description\" content=\"Empresa garantiu assist\u00eancia \u00e0s fam\u00edlias da adolescente e da jovem que morreram na trag\u00e9dia e a todos os feridos Por [&hellip;]\" \/>\n<meta property=\"og:url\" content=\"https:\/\/www.blogsoestado.com\/danielmatos\/rio-anil-shopping-manifesta-pesar-por-vitimas-do-incendio-no-cinesystem\/\" \/>\n<meta property=\"og:site_name\" content=\"Daniel Matos\" \/>\n<meta property=\"article:published_time\" content=\"2023-03-09T22:18:47+00:00\" \/>\n<meta property=\"og:image\" content=\"https:\/\/www.blogsoestado.com\/danielmatos\/files\/2023\/03\/whatsapp-image-2023-03-08-at-09.09.10-1-.jpeg\" \/>\n<meta name=\"twitter:card\" content=\"summary_large_image\" \/>\n<meta name=\"twitter:label1\" content=\"Est. tempo de leitura\" \/>\n\t<meta name=\"twitter:data1\" content=\"2 minutos\" \/>\n<script type=\"application\/ld+json\" class=\"yoast-schema-graph\">{\"@context\":\"https:\/\/schema.org\",\"@graph\":[{\"@type\":\"WebPage\",\"@id\":\"https:\/\/www.blogsoestado.com\/danielmatos\/rio-anil-shopping-manifesta-pesar-por-vitimas-do-incendio-no-cinesystem\/\",\"url\":\"https:\/\/www.blogsoestado.com\/danielmatos\/rio-anil-shopping-manifesta-pesar-por-vitimas-do-incendio-no-cinesystem\/\",\"name\":\"Rio Anil Shopping manifesta pesar por v\u00edtimas do inc\u00eandio no Cinesystem - Daniel Matos\",\"isPartOf\":{\"@id\":\"https:\/\/www.blogsoestado.com\/danielmatos\/#website\"},\"primaryImageOfPage\":{\"@id\":\"https:\/\/www.blogsoestado.com\/danielmatos\/rio-anil-shopping-manifesta-pesar-por-vitimas-do-incendio-no-cinesystem\/#primaryimage\"},\"image\":{\"@id\":\"https:\/\/www.blogsoestado.com\/danielmatos\/rio-anil-shopping-manifesta-pesar-por-vitimas-do-incendio-no-cinesystem\/#primaryimage\"},\"thumbnailUrl\":\"https:\/\/www.blogsoestado.com\/danielmatos\/files\/2023\/03\/whatsapp-image-2023-03-08-at-09.09.10-1-.jpeg\",\"datePublished\":\"2023-03-09T22:18:47+00:00\",\"author\":{\"@id\":\"\"},\"breadcrumb\":{\"@id\":\"https:\/\/www.blogsoestado.com\/danielmatos\/rio-anil-shopping-manifesta-pesar-por-vitimas-do-incendio-no-cinesystem\/#breadcrumb\"},\"inLanguage\":\"pt-BR\",\"potentialAction\":[{\"@type\":\"ReadAction\",\"target\":[\"https:\/\/www.blogsoestado.com\/danielmatos\/rio-anil-shopping-manifesta-pesar-por-vitimas-do-incendio-no-cinesystem\/\"]}]},{\"@type\":\"ImageObject\",\"inLanguage\":\"pt-BR\",\"@id\":\"https:\/\/www.blogsoestado.com\/danielmatos\/rio-anil-shopping-manifesta-pesar-por-vitimas-do-incendio-no-cinesystem\/#primaryimage\",\"url\":\"https:\/\/www.blogsoestado.com\/danielmatos\/files\/2023\/03\/whatsapp-image-2023-03-08-at-09.09.10-1-.jpeg\",\"contentUrl\":\"https:\/\/www.blogsoestado.com\/danielmatos\/files\/2023\/03\/whatsapp-image-2023-03-08-at-09.09.10-1-.jpeg\"},{\"@type\":\"BreadcrumbList\",\"@id\":\"https:\/\/www.blogsoestado.com\/danielmatos\/rio-anil-shopping-manifesta-pesar-por-vitimas-do-incendio-no-cinesystem\/#breadcrumb\",\"itemListElement\":[{\"@type\":\"ListItem\",\"position\":1,\"name\":\"In\u00edcio\",\"item\":\"https:\/\/www.blogsoestado.com\/danielmatos\/\"},{\"@type\":\"ListItem\",\"position\":2,\"name\":\"Rio Anil Shopping manifesta pesar por v\u00edtimas do inc\u00eandio no Cinesystem\"}]},{\"@type\":\"WebSite\",\"@id\":\"https:\/\/www.blogsoestado.com\/danielmatos\/#website\",\"url\":\"https:\/\/www.blogsoestado.com\/danielmatos\/\",\"name\":\"Daniel Matos\",\"description\":\"\",\"potentialAction\":[{\"@type\":\"SearchAction\",\"target\":{\"@type\":\"EntryPoint\",\"urlTemplate\":\"https:\/\/www.blogsoestado.com\/danielmatos\/?s={search_term_string}\"},\"query-input\":{\"@type\":\"PropertyValueSpecification\",\"valueRequired\":true,\"valueName\":\"search_term_string\"}}],\"inLanguage\":\"pt-BR\"}]}<\/script>\n<!-- \/ Yoast SEO plugin. -->","yoast_head_json":{"title":"Rio Anil Shopping manifesta pesar por v\u00edtimas do inc\u00eandio no Cinesystem - Daniel Matos","robots":{"index":"index","follow":"follow","max-snippet":"max-snippet:-1","max-image-preview":"max-image-preview:large","max-video-preview":"max-video-preview:-1"},"canonical":"https:\/\/www.blogsoestado.com\/danielmatos\/rio-anil-shopping-manifesta-pesar-por-vitimas-do-incendio-no-cinesystem\/","og_locale":"pt_BR","og_type":"article","og_title":"Rio Anil Shopping manifesta pesar por v\u00edtimas do inc\u00eandio no Cinesystem - Daniel Matos","og_description":"Empresa garantiu assist\u00eancia \u00e0s fam\u00edlias da adolescente e da jovem que morreram na trag\u00e9dia e a todos os feridos Por [&hellip;]","og_url":"https:\/\/www.blogsoestado.com\/danielmatos\/rio-anil-shopping-manifesta-pesar-por-vitimas-do-incendio-no-cinesystem\/","og_site_name":"Daniel Matos","article_published_time":"2023-03-09T22:18:47+00:00","og_image":[{"url":"https:\/\/www.blogsoestado.com\/danielmatos\/files\/2023\/03\/whatsapp-image-2023-03-08-at-09.09.10-1-.jpeg","type":"","width":"","height":""}],"twitter_card":"summary_large_image","twitter_misc":{"Est. tempo de leitura":"2 minutos"},"schema":{"@context":"https:\/\/schema.org","@graph":[{"@type":"WebPage","@id":"https:\/\/www.blogsoestado.com\/danielmatos\/rio-anil-shopping-manifesta-pesar-por-vitimas-do-incendio-no-cinesystem\/","url":"https:\/\/www.blogsoestado.com\/danielmatos\/rio-anil-shopping-manifesta-pesar-por-vitimas-do-incendio-no-cinesystem\/","name":"Rio Anil Shopping manifesta pesar por v\u00edtimas do inc\u00eandio no Cinesystem - Daniel Matos","isPartOf":{"@id":"https:\/\/www.blogsoestado.com\/danielmatos\/#website"},"primaryImageOfPage":{"@id":"https:\/\/www.blogsoestado.com\/danielmatos\/rio-anil-shopping-manifesta-pesar-por-vitimas-do-incendio-no-cinesystem\/#primaryimage"},"image":{"@id":"https:\/\/www.blogsoestado.com\/danielmatos\/rio-anil-shopping-manifesta-pesar-por-vitimas-do-incendio-no-cinesystem\/#primaryimage"},"thumbnailUrl":"https:\/\/www.blogsoestado.com\/danielmatos\/files\/2023\/03\/whatsapp-image-2023-03-08-at-09.09.10-1-.jpeg","datePublished":"2023-03-09T22:18:47+00:00","author":{"@id":""},"breadcrumb":{"@id":"https:\/\/www.blogsoestado.com\/danielmatos\/rio-anil-shopping-manifesta-pesar-por-vitimas-do-incendio-no-cinesystem\/#breadcrumb"},"inLanguage":"pt-BR","potentialAction":[{"@type":"ReadAction","target":["https:\/\/www.blogsoestado.com\/danielmatos\/rio-anil-shopping-manifesta-pesar-por-vitimas-do-incendio-no-cinesystem\/"]}]},{"@type":"ImageObject","inLanguage":"pt-BR","@id":"https:\/\/www.blogsoestado.com\/danielmatos\/rio-anil-shopping-manifesta-pesar-por-vitimas-do-incendio-no-cinesystem\/#primaryimage","url":"https:\/\/www.blogsoestado.com\/danielmatos\/files\/2023\/03\/whatsapp-image-2023-03-08-at-09.09.10-1-.jpeg","contentUrl":"https:\/\/www.blogsoestado.com\/danielmatos\/files\/2023\/03\/whatsapp-image-2023-03-08-at-09.09.10-1-.jpeg"},{"@type":"BreadcrumbList","@id":"https:\/\/www.blogsoestado.com\/danielmatos\/rio-anil-shopping-manifesta-pesar-por-vitimas-do-incendio-no-cinesystem\/#breadcrumb","itemListElement":[{"@type":"ListItem","position":1,"name":"In\u00edcio","item":"https:\/\/www.blogsoestado.com\/danielmatos\/"},{"@type":"ListItem","position":2,"name":"Rio Anil Shopping manifesta pesar por v\u00edtimas do inc\u00eandio no Cinesystem"}]},{"@type":"WebSite","@id":"https:\/\/www.blogsoestado.com\/danielmatos\/#website","url":"https:\/\/www.blogsoestado.com\/danielmatos\/","name":"Daniel Matos","description":"","potentialAction":[{"@type":"SearchAction","target":{"@type":"EntryPoint","urlTemplate":"https:\/\/www.blogsoestado.com\/danielmatos\/?s={search_term_string}"},"query-input":{"@type":"PropertyValueSpecification","valueRequired":true,"valueName":"search_term_string"}}],"inLanguage":"pt-BR"}]}},"jetpack_featured_media_url":"","_links":{"self":[{"href":"https:\/\/www.blogsoestado.com\/danielmatos\/wp-json\/wp\/v2\/posts\/106922","targetHints":{"allow":["GET"]}}],"collection":[{"href":"https:\/\/www.blogsoestado.com\/danielmatos\/wp-json\/wp\/v2\/posts"}],"about":[{"href":"https:\/\/www.blogsoestado.com\/danielmatos\/wp-json\/wp\/v2\/types\/post"}],"replies":[{"embeddable":true,"href":"https:\/\/www.blogsoestado.com\/danielmatos\/wp-json\/wp\/v2\/comments?post=106922"}],"version-history":[{"count":0,"href":"https:\/\/www.blogsoestado.com\/danielmatos\/wp-json\/wp\/v2\/posts\/106922\/revisions"}],"wp:attachment":[{"href":"https:\/\/www.blogsoestado.com\/danielmatos\/wp-json\/wp\/v2\/media?parent=106922"}],"wp:term":[{"taxonomy":"category","embeddable":true,"href":"https:\/\/www.blogsoestado.com\/danielmatos\/wp-json\/wp\/v2\/categories?post=106922"},{"taxonomy":"post_tag","embeddable":true,"href":"https:\/\/www.blogsoestado.com\/danielmatos\/wp-json\/wp\/v2\/tags?post=106922"}],"curies":[{"name":"wp","href":"https:\/\/api.w.org\/{rel}","templated":true}]}}