{"id":106934,"date":"2023-03-09T23:31:12","date_gmt":"2023-03-10T02:31:12","guid":{"rendered":"https:\/\/www.blogsoestado.com\/danielmatos\/?p=106934"},"modified":"2023-03-09T23:31:12","modified_gmt":"2023-03-10T02:31:12","slug":"maco-lilas-mestra-em-saude-corporativa-reforca-importancia-de-campanha-em-empresas","status":"publish","type":"post","link":"https:\/\/www.blogsoestado.com\/danielmatos\/maco-lilas-mestra-em-saude-corporativa-reforca-importancia-de-campanha-em-empresas\/","title":{"rendered":"Mar\u00e7o Lil\u00e1s: mestra em sa\u00fade corporativa refor\u00e7a import\u00e2ncia de campanha em empresas"},"content":{"rendered":"\n<div class=\"wp-block-image\"><figure class=\"aligncenter size-large\"><a href=\"https:\/\/www.blogsoestado.com\/danielmatos\/files\/2023\/03\/Screenshot_20230309-2324243.png\"><img decoding=\"async\" src=\"https:\/\/www.blogsoestado.com\/danielmatos\/files\/2023\/03\/Screenshot_20230309-2324243.png\" alt=\"\" class=\"wp-image-106936\"\/><\/a><figcaption>Daniella Andrade atua em processos de qualidade, gest\u00e3o de pessoas e programas de bem-estar para incentivar o desenvolvimento humano e empresarial<\/figcaption><\/figure><\/div>\n\n\n\n<p><strong>&nbsp;S\u00e3o Lu\u00eds<\/strong>&nbsp;&#8211; O m\u00eas de mar\u00e7o j\u00e1 chegou e trouxe com ele uma miss\u00e3o muito importante para as organiza\u00e7\u00f5es e a sociedade: a campanha \u2018Mar\u00e7o Lil\u00e1s\u2019, cujo objetivo \u00e9 conscientizar sobre c\u00e2ncer de colo de \u00fatero para que haja preven\u00e7\u00e3o e possibilidade de tratamento precoce.<\/p>\n\n\n\n<p>\u201cEsse trabalho somente \u00e9 poss\u00edvel por meio do compartilhamento de dados relevantes que podem e devem ser disseminados no ambiente de trabalho. Quanto mais mulheres alcan\u00e7adas, maior a chance de salvar vidas\u201d, frisa Daniella Andrade, que atua em processos de qualidade, gest\u00e3o de pessoas e programas de bem-estar para incentivar o desenvolvimento humano e empresarial.<\/p>\n\n\n\n<p>Repercutindo dados do Instituto Nacional de C\u00e2ncer (INCA), ela alerta para o fato de que, no Brasil, o c\u00e2ncer de colo de \u00fatero \u00e9 o terceiro tipo mais incidente entre mulheres, exclu\u00eddos os de tumores de pele n\u00e3o melanoma.<\/p>\n\n\n\n<p>\u201cO \u00f3rg\u00e3o nos revela que, para este ano, s\u00e3o estimados 17.010 novos casos, o que representa um risco considerado de 13,25 casos a cada 100 mil mulheres\u201d, frisa Andrade.<\/p>\n\n\n\n<p><strong>A\u00e7\u00f5es<\/strong><\/p>\n\n\n\n<p>Ela diz que \u00e9 de suma import\u00e2ncia que as empresas reforcem a\u00e7\u00f5es neste per\u00edodo como um alerta para a doen\u00e7a, uma vez que essas iniciativas s\u00e3o capazes de aumentar o bem-estar no ambiente de trabalho e a produtividade dos colaboradores, bem como reduzir custos com planos de sa\u00fade.<\/p>\n\n\n\n<p>\u201cAs empresas exercem um papel social muito importante na vida de seus colaboradores. Afinal de contas, passamos a maior parte das nossas horas semanais no ambiente de trabalho. Por isso, quanto mais comprometidas em a\u00e7\u00f5es ligadas \u00e0 sa\u00fade mental, f\u00edsica e ao bem-estar no trabalho, mais elas contribuir\u00e3o na preven\u00e7\u00e3o de enfermidades\u201d, afirma.<\/p>\n\n\n\n<p><strong>Silenciosa<\/strong><\/p>\n\n\n\n<p>Daniella Andrade, que \u00e9 mestra em Sa\u00fade Corporativa com abrang\u00eancia em autarquias e ind\u00fastrias, al\u00e9m de conselheira e madrinha humanit\u00e1ria da Cruz Vermelha, alerta para o fato de que o c\u00e2ncer de colo de \u00fatero \u00e9 uma doen\u00e7a com desenvolvimento lento e atua\u00e7\u00e3o silenciosa no organismo. A patologia manifesta-se a partir da modifica\u00e7\u00e3o das c\u00e9lulas respons\u00e1veis pela forma\u00e7\u00e3o do c\u00e2ncer de colo uterino.<\/p>\n\n\n\n<p>\u201cEssas c\u00e9lulas doentes s\u00e3o facilmente descobertas na realiza\u00e7\u00e3o do exame preventivo, tamb\u00e9m conhecido como Papanicolau. A principal causa \u00e9 a infec\u00e7\u00e3o por alguns v\u00edrus, tais como o HPV\u201d, lembra.<\/p>\n\n\n\n<p>No Brasil, a incid\u00eancia do c\u00e2ncer de colo de \u00fatero ocorre de forma significativa. A doen\u00e7a \u00e9 o terceiro tipo de neoplasia de maior ocorr\u00eancia entre as mulheres. Esse \u00e9 um dos principais motivos para o engajamento na campanha \u2018Mar\u00e7o Lil\u00e1s\u2019.<\/p>\n\n\n\n<p>\u201cToda e qualquer a\u00e7\u00e3o focada no bem-estar no trabalho e produtividade das colaboradoras merece destaque. Afinal de contas, informar \u00e9 o primeiro passo tanto para a preven\u00e7\u00e3o quanto para a busca de um diagn\u00f3stico que n\u00e3o seja tardio\u201d, finalizou Daniella Andrade.<\/p>\n","protected":false},"excerpt":{"rendered":"<p>&nbsp;S\u00e3o Lu\u00eds&nbsp;&#8211; O m\u00eas de mar\u00e7o j\u00e1 chegou e trouxe com ele uma miss\u00e3o muito importante para as organiza\u00e7\u00f5es e [&hellip;]<\/p>\n","protected":false},"author":0,"featured_media":0,"comment_status":"open","ping_status":"open","sticky":false,"template":"","format":"standard","meta":{"site-sidebar-layout":"default","site-content-layout":"","ast-site-content-layout":"default","site-content-style":"default","site-sidebar-style":"default","ast-global-header-display":"","ast-banner-title-visibility":"","ast-main-header-display":"","ast-hfb-above-header-display":"","ast-hfb-below-header-display":"","ast-hfb-mobile-header-display":"","site-post-title":"","ast-breadcrumbs-content":"","ast-featured-img":"","footer-sml-layout":"","ast-disable-related-posts":"","theme-transparent-header-meta":"","adv-header-id-meta":"","stick-header-meta":"","header-above-stick-meta":"","header-main-stick-meta":"","header-below-stick-meta":"","astra-migrate-meta-layouts":"default","ast-page-background-enabled":"default","ast-page-background-meta":{"desktop":{"background-color":"var(--ast-global-color-5)","background-image":"","background-repeat":"repeat","background-position":"center center","background-size":"auto","background-attachment":"scroll","background-type":"","background-media":"","overlay-type":"","overlay-color":"","overlay-opacity":"","overlay-gradient":""},"tablet":{"background-color":"","background-image":"","background-repeat":"repeat","background-position":"center center","background-size":"auto","background-attachment":"scroll","background-type":"","background-media":"","overlay-type":"","overlay-color":"","overlay-opacity":"","overlay-gradient":""},"mobile":{"background-color":"","background-image":"","background-repeat":"repeat","background-position":"center center","background-size":"auto","background-attachment":"scroll","background-type":"","background-media":"","overlay-type":"","overlay-color":"","overlay-opacity":"","overlay-gradient":""}},"ast-content-background-meta":{"desktop":{"background-color":"var(--ast-global-color-4)","background-image":"","background-repeat":"repeat","background-position":"center center","background-size":"auto","background-attachment":"scroll","background-type":"","background-media":"","overlay-type":"","overlay-color":"","overlay-opacity":"","overlay-gradient":""},"tablet":{"background-color":"var(--ast-global-color-4)","background-image":"","background-repeat":"repeat","background-position":"center center","background-size":"auto","background-attachment":"scroll","background-type":"","background-media":"","overlay-type":"","overlay-color":"","overlay-opacity":"","overlay-gradient":""},"mobile":{"background-color":"var(--ast-global-color-4)","background-image":"","background-repeat":"repeat","background-position":"center center","background-size":"auto","background-attachment":"scroll","background-type":"","background-media":"","overlay-type":"","overlay-color":"","overlay-opacity":"","overlay-gradient":""}},"footnotes":""},"categories":[1],"tags":[],"class_list":["post-106934","post","type-post","status-publish","format-standard","hentry","category-sem-categoria"],"yoast_head":"<!-- This site is optimized with the Yoast SEO plugin v26.6 - https:\/\/yoast.com\/wordpress\/plugins\/seo\/ -->\n<title>Mar\u00e7o Lil\u00e1s: mestra em sa\u00fade corporativa refor\u00e7a import\u00e2ncia de campanha em empresas - Daniel Matos<\/title>\n<meta name=\"robots\" content=\"index, follow, max-snippet:-1, max-image-preview:large, max-video-preview:-1\" \/>\n<link rel=\"canonical\" href=\"https:\/\/www.blogsoestado.com\/danielmatos\/maco-lilas-mestra-em-saude-corporativa-reforca-importancia-de-campanha-em-empresas\/\" \/>\n<meta property=\"og:locale\" content=\"pt_BR\" \/>\n<meta property=\"og:type\" content=\"article\" \/>\n<meta property=\"og:title\" content=\"Mar\u00e7o Lil\u00e1s: mestra em sa\u00fade corporativa refor\u00e7a import\u00e2ncia de campanha em empresas - Daniel Matos\" \/>\n<meta property=\"og:description\" content=\"&nbsp;S\u00e3o Lu\u00eds&nbsp;&#8211; O m\u00eas de mar\u00e7o j\u00e1 chegou e trouxe com ele uma miss\u00e3o muito importante para as organiza\u00e7\u00f5es e [&hellip;]\" \/>\n<meta property=\"og:url\" content=\"https:\/\/www.blogsoestado.com\/danielmatos\/maco-lilas-mestra-em-saude-corporativa-reforca-importancia-de-campanha-em-empresas\/\" \/>\n<meta property=\"og:site_name\" content=\"Daniel Matos\" \/>\n<meta property=\"article:published_time\" content=\"2023-03-10T02:31:12+00:00\" \/>\n<meta property=\"og:image\" content=\"https:\/\/www.blogsoestado.com\/danielmatos\/files\/2023\/03\/Screenshot_20230309-2324243.png\" \/>\n<meta name=\"twitter:card\" content=\"summary_large_image\" \/>\n<meta name=\"twitter:label1\" content=\"Est. tempo de leitura\" \/>\n\t<meta name=\"twitter:data1\" content=\"3 minutos\" \/>\n<script type=\"application\/ld+json\" class=\"yoast-schema-graph\">{\"@context\":\"https:\/\/schema.org\",\"@graph\":[{\"@type\":\"WebPage\",\"@id\":\"https:\/\/www.blogsoestado.com\/danielmatos\/maco-lilas-mestra-em-saude-corporativa-reforca-importancia-de-campanha-em-empresas\/\",\"url\":\"https:\/\/www.blogsoestado.com\/danielmatos\/maco-lilas-mestra-em-saude-corporativa-reforca-importancia-de-campanha-em-empresas\/\",\"name\":\"Mar\u00e7o Lil\u00e1s: mestra em sa\u00fade corporativa refor\u00e7a import\u00e2ncia de campanha em empresas - Daniel Matos\",\"isPartOf\":{\"@id\":\"https:\/\/www.blogsoestado.com\/danielmatos\/#website\"},\"primaryImageOfPage\":{\"@id\":\"https:\/\/www.blogsoestado.com\/danielmatos\/maco-lilas-mestra-em-saude-corporativa-reforca-importancia-de-campanha-em-empresas\/#primaryimage\"},\"image\":{\"@id\":\"https:\/\/www.blogsoestado.com\/danielmatos\/maco-lilas-mestra-em-saude-corporativa-reforca-importancia-de-campanha-em-empresas\/#primaryimage\"},\"thumbnailUrl\":\"https:\/\/www.blogsoestado.com\/danielmatos\/files\/2023\/03\/Screenshot_20230309-2324243.png\",\"datePublished\":\"2023-03-10T02:31:12+00:00\",\"author\":{\"@id\":\"\"},\"breadcrumb\":{\"@id\":\"https:\/\/www.blogsoestado.com\/danielmatos\/maco-lilas-mestra-em-saude-corporativa-reforca-importancia-de-campanha-em-empresas\/#breadcrumb\"},\"inLanguage\":\"pt-BR\",\"potentialAction\":[{\"@type\":\"ReadAction\",\"target\":[\"https:\/\/www.blogsoestado.com\/danielmatos\/maco-lilas-mestra-em-saude-corporativa-reforca-importancia-de-campanha-em-empresas\/\"]}]},{\"@type\":\"ImageObject\",\"inLanguage\":\"pt-BR\",\"@id\":\"https:\/\/www.blogsoestado.com\/danielmatos\/maco-lilas-mestra-em-saude-corporativa-reforca-importancia-de-campanha-em-empresas\/#primaryimage\",\"url\":\"https:\/\/www.blogsoestado.com\/danielmatos\/files\/2023\/03\/Screenshot_20230309-2324243.png\",\"contentUrl\":\"https:\/\/www.blogsoestado.com\/danielmatos\/files\/2023\/03\/Screenshot_20230309-2324243.png\"},{\"@type\":\"BreadcrumbList\",\"@id\":\"https:\/\/www.blogsoestado.com\/danielmatos\/maco-lilas-mestra-em-saude-corporativa-reforca-importancia-de-campanha-em-empresas\/#breadcrumb\",\"itemListElement\":[{\"@type\":\"ListItem\",\"position\":1,\"name\":\"In\u00edcio\",\"item\":\"https:\/\/www.blogsoestado.com\/danielmatos\/\"},{\"@type\":\"ListItem\",\"position\":2,\"name\":\"Mar\u00e7o Lil\u00e1s: mestra em sa\u00fade corporativa refor\u00e7a import\u00e2ncia de campanha em empresas\"}]},{\"@type\":\"WebSite\",\"@id\":\"https:\/\/www.blogsoestado.com\/danielmatos\/#website\",\"url\":\"https:\/\/www.blogsoestado.com\/danielmatos\/\",\"name\":\"Daniel Matos\",\"description\":\"\",\"potentialAction\":[{\"@type\":\"SearchAction\",\"target\":{\"@type\":\"EntryPoint\",\"urlTemplate\":\"https:\/\/www.blogsoestado.com\/danielmatos\/?s={search_term_string}\"},\"query-input\":{\"@type\":\"PropertyValueSpecification\",\"valueRequired\":true,\"valueName\":\"search_term_string\"}}],\"inLanguage\":\"pt-BR\"}]}<\/script>\n<!-- \/ Yoast SEO plugin. -->","yoast_head_json":{"title":"Mar\u00e7o Lil\u00e1s: mestra em sa\u00fade corporativa refor\u00e7a import\u00e2ncia de campanha em empresas - Daniel Matos","robots":{"index":"index","follow":"follow","max-snippet":"max-snippet:-1","max-image-preview":"max-image-preview:large","max-video-preview":"max-video-preview:-1"},"canonical":"https:\/\/www.blogsoestado.com\/danielmatos\/maco-lilas-mestra-em-saude-corporativa-reforca-importancia-de-campanha-em-empresas\/","og_locale":"pt_BR","og_type":"article","og_title":"Mar\u00e7o Lil\u00e1s: mestra em sa\u00fade corporativa refor\u00e7a import\u00e2ncia de campanha em empresas - Daniel Matos","og_description":"&nbsp;S\u00e3o Lu\u00eds&nbsp;&#8211; O m\u00eas de mar\u00e7o j\u00e1 chegou e trouxe com ele uma miss\u00e3o muito importante para as organiza\u00e7\u00f5es e [&hellip;]","og_url":"https:\/\/www.blogsoestado.com\/danielmatos\/maco-lilas-mestra-em-saude-corporativa-reforca-importancia-de-campanha-em-empresas\/","og_site_name":"Daniel Matos","article_published_time":"2023-03-10T02:31:12+00:00","og_image":[{"url":"https:\/\/www.blogsoestado.com\/danielmatos\/files\/2023\/03\/Screenshot_20230309-2324243.png","type":"","width":"","height":""}],"twitter_card":"summary_large_image","twitter_misc":{"Est. tempo de leitura":"3 minutos"},"schema":{"@context":"https:\/\/schema.org","@graph":[{"@type":"WebPage","@id":"https:\/\/www.blogsoestado.com\/danielmatos\/maco-lilas-mestra-em-saude-corporativa-reforca-importancia-de-campanha-em-empresas\/","url":"https:\/\/www.blogsoestado.com\/danielmatos\/maco-lilas-mestra-em-saude-corporativa-reforca-importancia-de-campanha-em-empresas\/","name":"Mar\u00e7o Lil\u00e1s: mestra em sa\u00fade corporativa refor\u00e7a import\u00e2ncia de campanha em empresas - Daniel Matos","isPartOf":{"@id":"https:\/\/www.blogsoestado.com\/danielmatos\/#website"},"primaryImageOfPage":{"@id":"https:\/\/www.blogsoestado.com\/danielmatos\/maco-lilas-mestra-em-saude-corporativa-reforca-importancia-de-campanha-em-empresas\/#primaryimage"},"image":{"@id":"https:\/\/www.blogsoestado.com\/danielmatos\/maco-lilas-mestra-em-saude-corporativa-reforca-importancia-de-campanha-em-empresas\/#primaryimage"},"thumbnailUrl":"https:\/\/www.blogsoestado.com\/danielmatos\/files\/2023\/03\/Screenshot_20230309-2324243.png","datePublished":"2023-03-10T02:31:12+00:00","author":{"@id":""},"breadcrumb":{"@id":"https:\/\/www.blogsoestado.com\/danielmatos\/maco-lilas-mestra-em-saude-corporativa-reforca-importancia-de-campanha-em-empresas\/#breadcrumb"},"inLanguage":"pt-BR","potentialAction":[{"@type":"ReadAction","target":["https:\/\/www.blogsoestado.com\/danielmatos\/maco-lilas-mestra-em-saude-corporativa-reforca-importancia-de-campanha-em-empresas\/"]}]},{"@type":"ImageObject","inLanguage":"pt-BR","@id":"https:\/\/www.blogsoestado.com\/danielmatos\/maco-lilas-mestra-em-saude-corporativa-reforca-importancia-de-campanha-em-empresas\/#primaryimage","url":"https:\/\/www.blogsoestado.com\/danielmatos\/files\/2023\/03\/Screenshot_20230309-2324243.png","contentUrl":"https:\/\/www.blogsoestado.com\/danielmatos\/files\/2023\/03\/Screenshot_20230309-2324243.png"},{"@type":"BreadcrumbList","@id":"https:\/\/www.blogsoestado.com\/danielmatos\/maco-lilas-mestra-em-saude-corporativa-reforca-importancia-de-campanha-em-empresas\/#breadcrumb","itemListElement":[{"@type":"ListItem","position":1,"name":"In\u00edcio","item":"https:\/\/www.blogsoestado.com\/danielmatos\/"},{"@type":"ListItem","position":2,"name":"Mar\u00e7o Lil\u00e1s: mestra em sa\u00fade corporativa refor\u00e7a import\u00e2ncia de campanha em empresas"}]},{"@type":"WebSite","@id":"https:\/\/www.blogsoestado.com\/danielmatos\/#website","url":"https:\/\/www.blogsoestado.com\/danielmatos\/","name":"Daniel Matos","description":"","potentialAction":[{"@type":"SearchAction","target":{"@type":"EntryPoint","urlTemplate":"https:\/\/www.blogsoestado.com\/danielmatos\/?s={search_term_string}"},"query-input":{"@type":"PropertyValueSpecification","valueRequired":true,"valueName":"search_term_string"}}],"inLanguage":"pt-BR"}]}},"jetpack_featured_media_url":"","_links":{"self":[{"href":"https:\/\/www.blogsoestado.com\/danielmatos\/wp-json\/wp\/v2\/posts\/106934","targetHints":{"allow":["GET"]}}],"collection":[{"href":"https:\/\/www.blogsoestado.com\/danielmatos\/wp-json\/wp\/v2\/posts"}],"about":[{"href":"https:\/\/www.blogsoestado.com\/danielmatos\/wp-json\/wp\/v2\/types\/post"}],"replies":[{"embeddable":true,"href":"https:\/\/www.blogsoestado.com\/danielmatos\/wp-json\/wp\/v2\/comments?post=106934"}],"version-history":[{"count":0,"href":"https:\/\/www.blogsoestado.com\/danielmatos\/wp-json\/wp\/v2\/posts\/106934\/revisions"}],"wp:attachment":[{"href":"https:\/\/www.blogsoestado.com\/danielmatos\/wp-json\/wp\/v2\/media?parent=106934"}],"wp:term":[{"taxonomy":"category","embeddable":true,"href":"https:\/\/www.blogsoestado.com\/danielmatos\/wp-json\/wp\/v2\/categories?post=106934"},{"taxonomy":"post_tag","embeddable":true,"href":"https:\/\/www.blogsoestado.com\/danielmatos\/wp-json\/wp\/v2\/tags?post=106934"}],"curies":[{"name":"wp","href":"https:\/\/api.w.org\/{rel}","templated":true}]}}