{"id":106953,"date":"2023-03-10T20:42:09","date_gmt":"2023-03-10T23:42:09","guid":{"rendered":"https:\/\/www.blogsoestado.com\/danielmatos\/?p=106953"},"modified":"2023-03-10T20:42:09","modified_gmt":"2023-03-10T23:42:09","slug":"desembargador-joaquim-figueiredo-e-cotado-para-assumir-a-secretaria-de-seguranca","status":"publish","type":"post","link":"https:\/\/www.blogsoestado.com\/danielmatos\/desembargador-joaquim-figueiredo-e-cotado-para-assumir-a-secretaria-de-seguranca\/","title":{"rendered":"Desembargador Joaquim Figueiredo \u00e9 cotado para assumir a Secretaria de Seguran\u00e7a P\u00fablica"},"content":{"rendered":"\n<div class=\"wp-block-image\"><figure class=\"alignright size-large\"><a href=\"https:\/\/www.blogsoestado.com\/danielmatos\/files\/2023\/03\/Screenshot_20230310-2039112.png\"><img decoding=\"async\" src=\"https:\/\/www.blogsoestado.com\/danielmatos\/files\/2023\/03\/Screenshot_20230310-2039112.png\" alt=\"\" class=\"wp-image-106954\"\/><\/a><figcaption>Carlos Brand\u00e3o e o desembargador Joaquim Figueiredo em ato oficial no Pal\u00e1cio dos Le\u00f5es <\/figcaption><\/figure><\/div>\n\n\n\n<p>O ex-presidente do Tribunal de Justi\u00e7a, desembargador Joaquim Figueiredo, \u00e9 o mais novo cogitado para assumir a Secretaria de Estado de Seguran\u00e7a P\u00fablica. Em meio \u00e0 indefini\u00e7\u00e3o do nome que ocupar\u00e1 a pasta e \u00e0 expectativa em torno da escolha, o magistrado passou a despontar nos bastidores como preferido de figuras pr\u00f3ximas ao Pal\u00e1cio dos Le\u00f5es e \u00e0s demais inst\u00e2ncias de poder.<\/p>\n\n\n\n<p>At\u00e9 o momento, nada oficial nesse sentido foi anunciado. Mas \u00e9 certo que o curr\u00edculo de Joaquim Figueiredo o credencia a integrar a equipe do governador Carlos Brand\u00e3o (PSB) como homem forte da SSP e corresponder \u00e0s expectativas do povo no cumprimento de t\u00e3o importante miss\u00e3o.<\/p>\n\n\n\n<p>Por sua vasta experi\u00eancia na \u00e1rea penal, o magistrado re\u00fane todas as condi\u00e7\u00f5es de ocupar a pasta da seguran\u00e7a p\u00fablica. Basta dizer que foi ele o respons\u00e1vel por conduzir, em novembro de 1999, a oitiva do ent\u00e3o deputado estadual Jos\u00e9 Gerardo de Abreu, na \u00e9poca da pris\u00e3o do ex-parlamentar, em Bras\u00edlia, por suspeita de envolvimento no assassinato do delegado de Pol\u00edcia Civil do Maranh\u00e3o St\u00eanio Mendon\u00e7a, em 1997.<\/p>\n\n\n\n<p>O autor deste blog, ent\u00e3o em in\u00edcio de carreira, foi um dos profissionais de imprensa a cobrir o depoimento, no F\u00f3rum Desembargador Sarney Costa, fato que gerou ampla repercuss\u00e3o local e nacional na \u00e9poca.<\/p>\n\n\n\n<p>Por toda a sua trajet\u00f3ria, conhecimento e habilidade para lidar com quest\u00f5es complexas e que exigem pulso firme, Joaquim Figueiredo tem tudo para fazer a diferen\u00e7a \u00e0 frente do sistema de seguran\u00e7a p\u00fablica do Maranh\u00e3o.<\/p>\n","protected":false},"excerpt":{"rendered":"<p>O ex-presidente do Tribunal de Justi\u00e7a, desembargador Joaquim Figueiredo, \u00e9 o mais novo cogitado para assumir a Secretaria de Estado [&hellip;]<\/p>\n","protected":false},"author":0,"featured_media":0,"comment_status":"open","ping_status":"open","sticky":false,"template":"","format":"standard","meta":{"site-sidebar-layout":"default","site-content-layout":"","ast-site-content-layout":"default","site-content-style":"default","site-sidebar-style":"default","ast-global-header-display":"","ast-banner-title-visibility":"","ast-main-header-display":"","ast-hfb-above-header-display":"","ast-hfb-below-header-display":"","ast-hfb-mobile-header-display":"","site-post-title":"","ast-breadcrumbs-content":"","ast-featured-img":"","footer-sml-layout":"","ast-disable-related-posts":"","theme-transparent-header-meta":"","adv-header-id-meta":"","stick-header-meta":"","header-above-stick-meta":"","header-main-stick-meta":"","header-below-stick-meta":"","astra-migrate-meta-layouts":"default","ast-page-background-enabled":"default","ast-page-background-meta":{"desktop":{"background-color":"var(--ast-global-color-5)","background-image":"","background-repeat":"repeat","background-position":"center center","background-size":"auto","background-attachment":"scroll","background-type":"","background-media":"","overlay-type":"","overlay-color":"","overlay-opacity":"","overlay-gradient":""},"tablet":{"background-color":"","background-image":"","background-repeat":"repeat","background-position":"center center","background-size":"auto","background-attachment":"scroll","background-type":"","background-media":"","overlay-type":"","overlay-color":"","overlay-opacity":"","overlay-gradient":""},"mobile":{"background-color":"","background-image":"","background-repeat":"repeat","background-position":"center center","background-size":"auto","background-attachment":"scroll","background-type":"","background-media":"","overlay-type":"","overlay-color":"","overlay-opacity":"","overlay-gradient":""}},"ast-content-background-meta":{"desktop":{"background-color":"var(--ast-global-color-4)","background-image":"","background-repeat":"repeat","background-position":"center center","background-size":"auto","background-attachment":"scroll","background-type":"","background-media":"","overlay-type":"","overlay-color":"","overlay-opacity":"","overlay-gradient":""},"tablet":{"background-color":"var(--ast-global-color-4)","background-image":"","background-repeat":"repeat","background-position":"center center","background-size":"auto","background-attachment":"scroll","background-type":"","background-media":"","overlay-type":"","overlay-color":"","overlay-opacity":"","overlay-gradient":""},"mobile":{"background-color":"var(--ast-global-color-4)","background-image":"","background-repeat":"repeat","background-position":"center center","background-size":"auto","background-attachment":"scroll","background-type":"","background-media":"","overlay-type":"","overlay-color":"","overlay-opacity":"","overlay-gradient":""}},"footnotes":""},"categories":[1],"tags":[],"class_list":["post-106953","post","type-post","status-publish","format-standard","hentry","category-sem-categoria"],"yoast_head":"<!-- This site is optimized with the Yoast SEO plugin v26.6 - https:\/\/yoast.com\/wordpress\/plugins\/seo\/ -->\n<title>Desembargador Joaquim Figueiredo \u00e9 cotado para assumir a Secretaria de Seguran\u00e7a P\u00fablica - Daniel Matos<\/title>\n<meta name=\"robots\" content=\"index, follow, max-snippet:-1, max-image-preview:large, max-video-preview:-1\" \/>\n<link rel=\"canonical\" href=\"https:\/\/www.blogsoestado.com\/danielmatos\/desembargador-joaquim-figueiredo-e-cotado-para-assumir-a-secretaria-de-seguranca\/\" \/>\n<meta property=\"og:locale\" content=\"pt_BR\" \/>\n<meta property=\"og:type\" content=\"article\" \/>\n<meta property=\"og:title\" content=\"Desembargador Joaquim Figueiredo \u00e9 cotado para assumir a Secretaria de Seguran\u00e7a P\u00fablica - Daniel Matos\" \/>\n<meta property=\"og:description\" content=\"O ex-presidente do Tribunal de Justi\u00e7a, desembargador Joaquim Figueiredo, \u00e9 o mais novo cogitado para assumir a Secretaria de Estado [&hellip;]\" \/>\n<meta property=\"og:url\" content=\"https:\/\/www.blogsoestado.com\/danielmatos\/desembargador-joaquim-figueiredo-e-cotado-para-assumir-a-secretaria-de-seguranca\/\" \/>\n<meta property=\"og:site_name\" content=\"Daniel Matos\" \/>\n<meta property=\"article:published_time\" content=\"2023-03-10T23:42:09+00:00\" \/>\n<meta property=\"og:image\" content=\"https:\/\/www.blogsoestado.com\/danielmatos\/files\/2023\/03\/Screenshot_20230310-2039112.png\" \/>\n<meta name=\"twitter:card\" content=\"summary_large_image\" \/>\n<meta name=\"twitter:label1\" content=\"Est. tempo de leitura\" \/>\n\t<meta name=\"twitter:data1\" content=\"2 minutos\" \/>\n<script type=\"application\/ld+json\" class=\"yoast-schema-graph\">{\"@context\":\"https:\/\/schema.org\",\"@graph\":[{\"@type\":\"WebPage\",\"@id\":\"https:\/\/www.blogsoestado.com\/danielmatos\/desembargador-joaquim-figueiredo-e-cotado-para-assumir-a-secretaria-de-seguranca\/\",\"url\":\"https:\/\/www.blogsoestado.com\/danielmatos\/desembargador-joaquim-figueiredo-e-cotado-para-assumir-a-secretaria-de-seguranca\/\",\"name\":\"Desembargador Joaquim Figueiredo \u00e9 cotado para assumir a Secretaria de Seguran\u00e7a P\u00fablica - Daniel Matos\",\"isPartOf\":{\"@id\":\"https:\/\/www.blogsoestado.com\/danielmatos\/#website\"},\"primaryImageOfPage\":{\"@id\":\"https:\/\/www.blogsoestado.com\/danielmatos\/desembargador-joaquim-figueiredo-e-cotado-para-assumir-a-secretaria-de-seguranca\/#primaryimage\"},\"image\":{\"@id\":\"https:\/\/www.blogsoestado.com\/danielmatos\/desembargador-joaquim-figueiredo-e-cotado-para-assumir-a-secretaria-de-seguranca\/#primaryimage\"},\"thumbnailUrl\":\"https:\/\/www.blogsoestado.com\/danielmatos\/files\/2023\/03\/Screenshot_20230310-2039112.png\",\"datePublished\":\"2023-03-10T23:42:09+00:00\",\"author\":{\"@id\":\"\"},\"breadcrumb\":{\"@id\":\"https:\/\/www.blogsoestado.com\/danielmatos\/desembargador-joaquim-figueiredo-e-cotado-para-assumir-a-secretaria-de-seguranca\/#breadcrumb\"},\"inLanguage\":\"pt-BR\",\"potentialAction\":[{\"@type\":\"ReadAction\",\"target\":[\"https:\/\/www.blogsoestado.com\/danielmatos\/desembargador-joaquim-figueiredo-e-cotado-para-assumir-a-secretaria-de-seguranca\/\"]}]},{\"@type\":\"ImageObject\",\"inLanguage\":\"pt-BR\",\"@id\":\"https:\/\/www.blogsoestado.com\/danielmatos\/desembargador-joaquim-figueiredo-e-cotado-para-assumir-a-secretaria-de-seguranca\/#primaryimage\",\"url\":\"https:\/\/www.blogsoestado.com\/danielmatos\/files\/2023\/03\/Screenshot_20230310-2039112.png\",\"contentUrl\":\"https:\/\/www.blogsoestado.com\/danielmatos\/files\/2023\/03\/Screenshot_20230310-2039112.png\"},{\"@type\":\"BreadcrumbList\",\"@id\":\"https:\/\/www.blogsoestado.com\/danielmatos\/desembargador-joaquim-figueiredo-e-cotado-para-assumir-a-secretaria-de-seguranca\/#breadcrumb\",\"itemListElement\":[{\"@type\":\"ListItem\",\"position\":1,\"name\":\"In\u00edcio\",\"item\":\"https:\/\/www.blogsoestado.com\/danielmatos\/\"},{\"@type\":\"ListItem\",\"position\":2,\"name\":\"Desembargador Joaquim Figueiredo \u00e9 cotado para assumir a Secretaria de Seguran\u00e7a P\u00fablica\"}]},{\"@type\":\"WebSite\",\"@id\":\"https:\/\/www.blogsoestado.com\/danielmatos\/#website\",\"url\":\"https:\/\/www.blogsoestado.com\/danielmatos\/\",\"name\":\"Daniel Matos\",\"description\":\"\",\"potentialAction\":[{\"@type\":\"SearchAction\",\"target\":{\"@type\":\"EntryPoint\",\"urlTemplate\":\"https:\/\/www.blogsoestado.com\/danielmatos\/?s={search_term_string}\"},\"query-input\":{\"@type\":\"PropertyValueSpecification\",\"valueRequired\":true,\"valueName\":\"search_term_string\"}}],\"inLanguage\":\"pt-BR\"}]}<\/script>\n<!-- \/ Yoast SEO plugin. -->","yoast_head_json":{"title":"Desembargador Joaquim Figueiredo \u00e9 cotado para assumir a Secretaria de Seguran\u00e7a P\u00fablica - Daniel Matos","robots":{"index":"index","follow":"follow","max-snippet":"max-snippet:-1","max-image-preview":"max-image-preview:large","max-video-preview":"max-video-preview:-1"},"canonical":"https:\/\/www.blogsoestado.com\/danielmatos\/desembargador-joaquim-figueiredo-e-cotado-para-assumir-a-secretaria-de-seguranca\/","og_locale":"pt_BR","og_type":"article","og_title":"Desembargador Joaquim Figueiredo \u00e9 cotado para assumir a Secretaria de Seguran\u00e7a P\u00fablica - Daniel Matos","og_description":"O ex-presidente do Tribunal de Justi\u00e7a, desembargador Joaquim Figueiredo, \u00e9 o mais novo cogitado para assumir a Secretaria de Estado [&hellip;]","og_url":"https:\/\/www.blogsoestado.com\/danielmatos\/desembargador-joaquim-figueiredo-e-cotado-para-assumir-a-secretaria-de-seguranca\/","og_site_name":"Daniel Matos","article_published_time":"2023-03-10T23:42:09+00:00","og_image":[{"url":"https:\/\/www.blogsoestado.com\/danielmatos\/files\/2023\/03\/Screenshot_20230310-2039112.png","type":"","width":"","height":""}],"twitter_card":"summary_large_image","twitter_misc":{"Est. tempo de leitura":"2 minutos"},"schema":{"@context":"https:\/\/schema.org","@graph":[{"@type":"WebPage","@id":"https:\/\/www.blogsoestado.com\/danielmatos\/desembargador-joaquim-figueiredo-e-cotado-para-assumir-a-secretaria-de-seguranca\/","url":"https:\/\/www.blogsoestado.com\/danielmatos\/desembargador-joaquim-figueiredo-e-cotado-para-assumir-a-secretaria-de-seguranca\/","name":"Desembargador Joaquim Figueiredo \u00e9 cotado para assumir a Secretaria de Seguran\u00e7a P\u00fablica - Daniel Matos","isPartOf":{"@id":"https:\/\/www.blogsoestado.com\/danielmatos\/#website"},"primaryImageOfPage":{"@id":"https:\/\/www.blogsoestado.com\/danielmatos\/desembargador-joaquim-figueiredo-e-cotado-para-assumir-a-secretaria-de-seguranca\/#primaryimage"},"image":{"@id":"https:\/\/www.blogsoestado.com\/danielmatos\/desembargador-joaquim-figueiredo-e-cotado-para-assumir-a-secretaria-de-seguranca\/#primaryimage"},"thumbnailUrl":"https:\/\/www.blogsoestado.com\/danielmatos\/files\/2023\/03\/Screenshot_20230310-2039112.png","datePublished":"2023-03-10T23:42:09+00:00","author":{"@id":""},"breadcrumb":{"@id":"https:\/\/www.blogsoestado.com\/danielmatos\/desembargador-joaquim-figueiredo-e-cotado-para-assumir-a-secretaria-de-seguranca\/#breadcrumb"},"inLanguage":"pt-BR","potentialAction":[{"@type":"ReadAction","target":["https:\/\/www.blogsoestado.com\/danielmatos\/desembargador-joaquim-figueiredo-e-cotado-para-assumir-a-secretaria-de-seguranca\/"]}]},{"@type":"ImageObject","inLanguage":"pt-BR","@id":"https:\/\/www.blogsoestado.com\/danielmatos\/desembargador-joaquim-figueiredo-e-cotado-para-assumir-a-secretaria-de-seguranca\/#primaryimage","url":"https:\/\/www.blogsoestado.com\/danielmatos\/files\/2023\/03\/Screenshot_20230310-2039112.png","contentUrl":"https:\/\/www.blogsoestado.com\/danielmatos\/files\/2023\/03\/Screenshot_20230310-2039112.png"},{"@type":"BreadcrumbList","@id":"https:\/\/www.blogsoestado.com\/danielmatos\/desembargador-joaquim-figueiredo-e-cotado-para-assumir-a-secretaria-de-seguranca\/#breadcrumb","itemListElement":[{"@type":"ListItem","position":1,"name":"In\u00edcio","item":"https:\/\/www.blogsoestado.com\/danielmatos\/"},{"@type":"ListItem","position":2,"name":"Desembargador Joaquim Figueiredo \u00e9 cotado para assumir a Secretaria de Seguran\u00e7a P\u00fablica"}]},{"@type":"WebSite","@id":"https:\/\/www.blogsoestado.com\/danielmatos\/#website","url":"https:\/\/www.blogsoestado.com\/danielmatos\/","name":"Daniel Matos","description":"","potentialAction":[{"@type":"SearchAction","target":{"@type":"EntryPoint","urlTemplate":"https:\/\/www.blogsoestado.com\/danielmatos\/?s={search_term_string}"},"query-input":{"@type":"PropertyValueSpecification","valueRequired":true,"valueName":"search_term_string"}}],"inLanguage":"pt-BR"}]}},"jetpack_featured_media_url":"","_links":{"self":[{"href":"https:\/\/www.blogsoestado.com\/danielmatos\/wp-json\/wp\/v2\/posts\/106953","targetHints":{"allow":["GET"]}}],"collection":[{"href":"https:\/\/www.blogsoestado.com\/danielmatos\/wp-json\/wp\/v2\/posts"}],"about":[{"href":"https:\/\/www.blogsoestado.com\/danielmatos\/wp-json\/wp\/v2\/types\/post"}],"replies":[{"embeddable":true,"href":"https:\/\/www.blogsoestado.com\/danielmatos\/wp-json\/wp\/v2\/comments?post=106953"}],"version-history":[{"count":0,"href":"https:\/\/www.blogsoestado.com\/danielmatos\/wp-json\/wp\/v2\/posts\/106953\/revisions"}],"wp:attachment":[{"href":"https:\/\/www.blogsoestado.com\/danielmatos\/wp-json\/wp\/v2\/media?parent=106953"}],"wp:term":[{"taxonomy":"category","embeddable":true,"href":"https:\/\/www.blogsoestado.com\/danielmatos\/wp-json\/wp\/v2\/categories?post=106953"},{"taxonomy":"post_tag","embeddable":true,"href":"https:\/\/www.blogsoestado.com\/danielmatos\/wp-json\/wp\/v2\/tags?post=106953"}],"curies":[{"name":"wp","href":"https:\/\/api.w.org\/{rel}","templated":true}]}}