{"id":106963,"date":"2023-03-11T17:43:06","date_gmt":"2023-03-11T20:43:06","guid":{"rendered":"https:\/\/www.blogsoestado.com\/danielmatos\/?p=106963"},"modified":"2023-03-11T17:43:06","modified_gmt":"2023-03-11T20:43:06","slug":"procuradoria-da-mulher-da-alema-apresenta-cartilha-sobre-direitos-femininos-a-comunidade-do-maiobao","status":"publish","type":"post","link":"https:\/\/www.blogsoestado.com\/danielmatos\/procuradoria-da-mulher-da-alema-apresenta-cartilha-sobre-direitos-femininos-a-comunidade-do-maiobao\/","title":{"rendered":"Procuradoria da Mulher da Alema apresenta cartilha sobre direitos femininos \u00e0 comunidade do Maiob\u00e3o"},"content":{"rendered":"\n<div class=\"wp-block-image\"><figure class=\"aligncenter size-large\"><a href=\"https:\/\/www.blogsoestado.com\/danielmatos\/files\/2023\/03\/Screenshot_20230311-1734172.png\"><img decoding=\"async\" src=\"https:\/\/www.blogsoestado.com\/danielmatos\/files\/2023\/03\/Screenshot_20230311-1734172.png\" alt=\"\" class=\"wp-image-106964\"\/><\/a><figcaption>Presidente da Assembleia, Iracema Vale, entre a presidente do Gedema, Carol Duailibe, e a procuradora da Mulher, deputada Daniella, durante apresenta\u00e7\u00e3o da cartilha<\/figcaption><\/figure><\/div>\n\n\n\n<p>Em a\u00e7\u00e3o itinerante da Procuradoria da Mulher da Assembleia Legislativa, a cartilha \u201cMerm\u00e3, teu direito \u00e9 Lei\u201d, que re\u00fane uma compila\u00e7\u00e3o de leis de \u00e2mbito estadual e federal sobre os direitos da mulher, foi apresentada, na manh\u00e3 deste s\u00e1bado (11), \u00e0 comunidade do Maiob\u00e3o, no Clube dos Servidores da Alema. A iniciativa \u00e9 uma determina\u00e7\u00e3o da presidente da Casa, deputada Iracema Vale (PSB).<\/p>\n\n\n\n<p>Al\u00e9m da chefe do Legislativo maranhense, estavam presentes a procuradora da Mulher da Assembleia, deputada Daniella (PSB); a presidente do Grupo de Esposas de Deputados do Estado do Maranh\u00e3o (Gedema), Carol Duailibe; a coordenadora das Delegacias da Mulher no Estado, delegada Kazumi Tanaka; o deputado Ant\u00f4nio Pereira (PSB) e outras autoridades.<\/p>\n\n\n\n<div class=\"wp-block-image\"><figure class=\"aligncenter size-large\"><a href=\"https:\/\/www.blogsoestado.com\/danielmatos\/files\/2023\/03\/Screenshot_20230311-1735392.png\"><img decoding=\"async\" src=\"https:\/\/www.blogsoestado.com\/danielmatos\/files\/2023\/03\/Screenshot_20230311-1735392.png\" alt=\"\" class=\"wp-image-106965\"\/><\/a><figcaption>A deputada Daniella, ao lado de Iracema Vale, destacou que a cartilha tem linguagem simples e acess\u00edvel<\/figcaption><\/figure><\/div>\n\n\n\n<p>Iracema Vale, que \u00e9 a primeira mulher a estar no comando do Parlamento Estadual em 188 anos de hist\u00f3ria, destacou que a iniciativa marca o in\u00edcio das a\u00e7\u00f5es itinerantes da Procuradoria da Mulher da Casa, desenvolvidas em parceria com o Gedema, em alus\u00e3o ao Dia Internacional da Mulher (8 de mar\u00e7o), al\u00e9m de ser uma forma de ir ao encontro da comunidade.<\/p>\n\n\n\n<p>\u201c\u00c9 uma data marcada pela celebra\u00e7\u00e3o das conquistas femininas no Brasil e no mundo. Neste compilado, temos muitas leis que precis\u00e1vamos levar ao conhecimento das mulheres maranhenses. O trabalho da Assembleia com o lan\u00e7amento da cartilha \u00e9 garantir, por meio do conhecimento, apoio \u00e0s mulheres em situa\u00e7\u00e3o de vulnerabilidade\u201d, afirmou Iracema Vale.<\/p>\n\n\n\n<div class=\"wp-block-image\"><figure class=\"aligncenter size-large\"><a href=\"https:\/\/www.blogsoestado.com\/danielmatos\/files\/2023\/03\/Screenshot_20230311-1737122.png\"><img decoding=\"async\" src=\"https:\/\/www.blogsoestado.com\/danielmatos\/files\/2023\/03\/Screenshot_20230311-1737122.png\" alt=\"\" class=\"wp-image-106966\"\/><\/a><figcaption>Ac\u00e3o itinerante no bairro Maiob\u00e3o teve forte participa\u00e7\u00e3o feminina<\/figcaption><\/figure><\/div>\n\n\n\n<p><strong>Linguagem acess\u00edvel<\/strong><\/p>\n\n\n\n<p>Segundo a procuradora da Mulher, deputada Daniella, o material conta com uma linguagem simples e acess\u00edvel. \u201cNosso objetivo \u00e9 alcan\u00e7ar todas as mulheres do nosso Estado. Em uma leitura f\u00e1cil e clara, reunimos todas as informa\u00e7\u00f5es que elas precisam sobre as leis e programas federais e estaduais em favor e benef\u00edcio das mulheres\u201d, enfatizou.<\/p>\n\n\n\n<p>A presidente do Gedema, Carol Duailibe, refor\u00e7ou a import\u00e2ncia das a\u00e7\u00f5es chegarem na ponta. \u201cO empoderamento feminino se mostra uma arma eficaz na preven\u00e7\u00e3o e combate \u00e0 viol\u00eancia dom\u00e9stica. Como ele surge atrav\u00e9s do conhecimento, queremos come\u00e7ar pelos lugares onde as informa\u00e7\u00f5es tendem a demorar mais a chegar\u201d, ressaltou.<\/p>\n\n\n\n<div class=\"wp-block-image\"><figure class=\"aligncenter size-large\"><a href=\"https:\/\/www.blogsoestado.com\/danielmatos\/files\/2023\/03\/Screenshot_20230311-1739002.png\"><img decoding=\"async\" src=\"https:\/\/www.blogsoestado.com\/danielmatos\/files\/2023\/03\/Screenshot_20230311-1739002.png\" alt=\"\" class=\"wp-image-106967\"\/><\/a><figcaption>Delegada Kazumi Tanaka, coordenadora das Delegacias da Mulher no Estado, proferiu palestra<\/figcaption><\/figure><\/div>\n\n\n\n<p><strong>Dados estat\u00edsticos<\/strong><\/p>\n\n\n\n<p>Na ocasi\u00e3o, a delegada Kazumi Tanaka ministrou uma palestra com o tema \u201cA Viol\u00eancia Contra a Mulher\u201d, a fim de reiterar os conhecimentos das mulheres presentes sobre os dispositivos legais existentes, esclarecer acerca das diversas formas de viol\u00eancia dom\u00e9stica e informar dados estat\u00edsticos.<\/p>\n\n\n\n<p>\u201cNo Brasil, um pedido de socorro em raz\u00e3o de viol\u00eancia dom\u00e9stica \u00e9 registrado a cada 2 minutos. Os dados indicam uma m\u00e9dia de 180 estupros por dia e, em mais de 53% dos casos, as v\u00edtimas possuem menos de 13 anos. Nos \u00faltimos dois anos, 2.695 mulheres foram mortas pela condi\u00e7\u00e3o de serem mulheres, sendo 37,5% brancas e 62% negras\u201d, salientou a delegada.<\/p>\n\n\n\n<p>No encontro, tamb\u00e9m foi exibido um v\u00eddeo institucional que destacou as conquistas da bancada feminina da Assembleia Legislativa. Formada por 12 deputadas, \u00e9 a maior da hist\u00f3ria do Parlamento Estadual. O evento contou, ainda, com uma apresenta\u00e7\u00e3o musical de participantes do Programa Sol Nascente, mantido pelo Gedema, al\u00e9m de um caf\u00e9 da manh\u00e3.<\/p>\n\n\n\n<div class=\"wp-block-image\"><figure class=\"aligncenter size-large\"><a href=\"https:\/\/www.blogsoestado.com\/danielmatos\/files\/2023\/03\/Screenshot_20230311-1740322.png\"><img decoding=\"async\" src=\"https:\/\/www.blogsoestado.com\/danielmatos\/files\/2023\/03\/Screenshot_20230311-1740322.png\" alt=\"\" class=\"wp-image-106968\"\/><\/a><figcaption>A presidente da Alema, Iracema Vale, conversa com participantes do Programa Sol Nascente<\/figcaption><\/figure><\/div>\n\n\n\n<p><strong>Avalia\u00e7\u00e3o positiva<\/strong><\/p>\n\n\n\n<p>A professora Mariene Silva, membro da comunidade, parabenizou a iniciativa. \u201cSem a circula\u00e7\u00e3o da informa\u00e7\u00e3o, de nada serve essas tantas leis e programas em prol das mulheres. Todas as m\u00e3os envolvidas nesse projeto est\u00e3o de parab\u00e9ns\u201d, declarou.<\/p>\n\n\n\n<p>J\u00e1 Viviane Lima, estudante de Servi\u00e7o Social, refor\u00e7ou a import\u00e2ncia das mulheres jovens estarem engajadas na causa. \u201cEstamos em constante revolu\u00e7\u00e3o e precisamos apoiar e nos envolver em todas as a\u00e7\u00f5es a favor dos nossos direitos. Nossa miss\u00e3o \u00e9 jamais permitir que volte a ser como era antes\u201d, concluiu.<\/p>\n","protected":false},"excerpt":{"rendered":"<p>Em a\u00e7\u00e3o itinerante da Procuradoria da Mulher da Assembleia Legislativa, a cartilha \u201cMerm\u00e3, teu direito \u00e9 Lei\u201d, que re\u00fane uma [&hellip;]<\/p>\n","protected":false},"author":0,"featured_media":0,"comment_status":"open","ping_status":"open","sticky":false,"template":"","format":"standard","meta":{"site-sidebar-layout":"default","site-content-layout":"","ast-site-content-layout":"default","site-content-style":"default","site-sidebar-style":"default","ast-global-header-display":"","ast-banner-title-visibility":"","ast-main-header-display":"","ast-hfb-above-header-display":"","ast-hfb-below-header-display":"","ast-hfb-mobile-header-display":"","site-post-title":"","ast-breadcrumbs-content":"","ast-featured-img":"","footer-sml-layout":"","ast-disable-related-posts":"","theme-transparent-header-meta":"","adv-header-id-meta":"","stick-header-meta":"","header-above-stick-meta":"","header-main-stick-meta":"","header-below-stick-meta":"","astra-migrate-meta-layouts":"default","ast-page-background-enabled":"default","ast-page-background-meta":{"desktop":{"background-color":"var(--ast-global-color-5)","background-image":"","background-repeat":"repeat","background-position":"center center","background-size":"auto","background-attachment":"scroll","background-type":"","background-media":"","overlay-type":"","overlay-color":"","overlay-opacity":"","overlay-gradient":""},"tablet":{"background-color":"","background-image":"","background-repeat":"repeat","background-position":"center center","background-size":"auto","background-attachment":"scroll","background-type":"","background-media":"","overlay-type":"","overlay-color":"","overlay-opacity":"","overlay-gradient":""},"mobile":{"background-color":"","background-image":"","background-repeat":"repeat","background-position":"center center","background-size":"auto","background-attachment":"scroll","background-type":"","background-media":"","overlay-type":"","overlay-color":"","overlay-opacity":"","overlay-gradient":""}},"ast-content-background-meta":{"desktop":{"background-color":"var(--ast-global-color-4)","background-image":"","background-repeat":"repeat","background-position":"center center","background-size":"auto","background-attachment":"scroll","background-type":"","background-media":"","overlay-type":"","overlay-color":"","overlay-opacity":"","overlay-gradient":""},"tablet":{"background-color":"var(--ast-global-color-4)","background-image":"","background-repeat":"repeat","background-position":"center center","background-size":"auto","background-attachment":"scroll","background-type":"","background-media":"","overlay-type":"","overlay-color":"","overlay-opacity":"","overlay-gradient":""},"mobile":{"background-color":"var(--ast-global-color-4)","background-image":"","background-repeat":"repeat","background-position":"center center","background-size":"auto","background-attachment":"scroll","background-type":"","background-media":"","overlay-type":"","overlay-color":"","overlay-opacity":"","overlay-gradient":""}},"footnotes":""},"categories":[1],"tags":[],"class_list":["post-106963","post","type-post","status-publish","format-standard","hentry","category-sem-categoria"],"yoast_head":"<!-- This site is optimized with the Yoast SEO plugin v26.6 - https:\/\/yoast.com\/wordpress\/plugins\/seo\/ -->\n<title>Procuradoria da Mulher da Alema apresenta cartilha sobre direitos femininos \u00e0 comunidade do Maiob\u00e3o - Daniel Matos<\/title>\n<meta name=\"robots\" content=\"index, follow, max-snippet:-1, max-image-preview:large, max-video-preview:-1\" \/>\n<link rel=\"canonical\" href=\"https:\/\/www.blogsoestado.com\/danielmatos\/procuradoria-da-mulher-da-alema-apresenta-cartilha-sobre-direitos-femininos-a-comunidade-do-maiobao\/\" \/>\n<meta property=\"og:locale\" content=\"pt_BR\" \/>\n<meta property=\"og:type\" content=\"article\" \/>\n<meta property=\"og:title\" content=\"Procuradoria da Mulher da Alema apresenta cartilha sobre direitos femininos \u00e0 comunidade do Maiob\u00e3o - Daniel Matos\" \/>\n<meta property=\"og:description\" content=\"Em a\u00e7\u00e3o itinerante da Procuradoria da Mulher da Assembleia Legislativa, a cartilha \u201cMerm\u00e3, teu direito \u00e9 Lei\u201d, que re\u00fane uma [&hellip;]\" \/>\n<meta property=\"og:url\" content=\"https:\/\/www.blogsoestado.com\/danielmatos\/procuradoria-da-mulher-da-alema-apresenta-cartilha-sobre-direitos-femininos-a-comunidade-do-maiobao\/\" \/>\n<meta property=\"og:site_name\" content=\"Daniel Matos\" \/>\n<meta property=\"article:published_time\" content=\"2023-03-11T20:43:06+00:00\" \/>\n<meta property=\"og:image\" content=\"https:\/\/www.blogsoestado.com\/danielmatos\/files\/2023\/03\/Screenshot_20230311-1734172.png\" \/>\n<meta name=\"twitter:card\" content=\"summary_large_image\" \/>\n<meta name=\"twitter:label1\" content=\"Est. tempo de leitura\" \/>\n\t<meta name=\"twitter:data1\" content=\"4 minutos\" \/>\n<script type=\"application\/ld+json\" class=\"yoast-schema-graph\">{\"@context\":\"https:\/\/schema.org\",\"@graph\":[{\"@type\":\"WebPage\",\"@id\":\"https:\/\/www.blogsoestado.com\/danielmatos\/procuradoria-da-mulher-da-alema-apresenta-cartilha-sobre-direitos-femininos-a-comunidade-do-maiobao\/\",\"url\":\"https:\/\/www.blogsoestado.com\/danielmatos\/procuradoria-da-mulher-da-alema-apresenta-cartilha-sobre-direitos-femininos-a-comunidade-do-maiobao\/\",\"name\":\"Procuradoria da Mulher da Alema apresenta cartilha sobre direitos femininos \u00e0 comunidade do Maiob\u00e3o - Daniel Matos\",\"isPartOf\":{\"@id\":\"https:\/\/www.blogsoestado.com\/danielmatos\/#website\"},\"primaryImageOfPage\":{\"@id\":\"https:\/\/www.blogsoestado.com\/danielmatos\/procuradoria-da-mulher-da-alema-apresenta-cartilha-sobre-direitos-femininos-a-comunidade-do-maiobao\/#primaryimage\"},\"image\":{\"@id\":\"https:\/\/www.blogsoestado.com\/danielmatos\/procuradoria-da-mulher-da-alema-apresenta-cartilha-sobre-direitos-femininos-a-comunidade-do-maiobao\/#primaryimage\"},\"thumbnailUrl\":\"https:\/\/www.blogsoestado.com\/danielmatos\/files\/2023\/03\/Screenshot_20230311-1734172.png\",\"datePublished\":\"2023-03-11T20:43:06+00:00\",\"author\":{\"@id\":\"\"},\"breadcrumb\":{\"@id\":\"https:\/\/www.blogsoestado.com\/danielmatos\/procuradoria-da-mulher-da-alema-apresenta-cartilha-sobre-direitos-femininos-a-comunidade-do-maiobao\/#breadcrumb\"},\"inLanguage\":\"pt-BR\",\"potentialAction\":[{\"@type\":\"ReadAction\",\"target\":[\"https:\/\/www.blogsoestado.com\/danielmatos\/procuradoria-da-mulher-da-alema-apresenta-cartilha-sobre-direitos-femininos-a-comunidade-do-maiobao\/\"]}]},{\"@type\":\"ImageObject\",\"inLanguage\":\"pt-BR\",\"@id\":\"https:\/\/www.blogsoestado.com\/danielmatos\/procuradoria-da-mulher-da-alema-apresenta-cartilha-sobre-direitos-femininos-a-comunidade-do-maiobao\/#primaryimage\",\"url\":\"https:\/\/www.blogsoestado.com\/danielmatos\/files\/2023\/03\/Screenshot_20230311-1734172.png\",\"contentUrl\":\"https:\/\/www.blogsoestado.com\/danielmatos\/files\/2023\/03\/Screenshot_20230311-1734172.png\"},{\"@type\":\"BreadcrumbList\",\"@id\":\"https:\/\/www.blogsoestado.com\/danielmatos\/procuradoria-da-mulher-da-alema-apresenta-cartilha-sobre-direitos-femininos-a-comunidade-do-maiobao\/#breadcrumb\",\"itemListElement\":[{\"@type\":\"ListItem\",\"position\":1,\"name\":\"In\u00edcio\",\"item\":\"https:\/\/www.blogsoestado.com\/danielmatos\/\"},{\"@type\":\"ListItem\",\"position\":2,\"name\":\"Procuradoria da Mulher da Alema apresenta cartilha sobre direitos femininos \u00e0 comunidade do Maiob\u00e3o\"}]},{\"@type\":\"WebSite\",\"@id\":\"https:\/\/www.blogsoestado.com\/danielmatos\/#website\",\"url\":\"https:\/\/www.blogsoestado.com\/danielmatos\/\",\"name\":\"Daniel Matos\",\"description\":\"\",\"potentialAction\":[{\"@type\":\"SearchAction\",\"target\":{\"@type\":\"EntryPoint\",\"urlTemplate\":\"https:\/\/www.blogsoestado.com\/danielmatos\/?s={search_term_string}\"},\"query-input\":{\"@type\":\"PropertyValueSpecification\",\"valueRequired\":true,\"valueName\":\"search_term_string\"}}],\"inLanguage\":\"pt-BR\"}]}<\/script>\n<!-- \/ Yoast SEO plugin. -->","yoast_head_json":{"title":"Procuradoria da Mulher da Alema apresenta cartilha sobre direitos femininos \u00e0 comunidade do Maiob\u00e3o - Daniel Matos","robots":{"index":"index","follow":"follow","max-snippet":"max-snippet:-1","max-image-preview":"max-image-preview:large","max-video-preview":"max-video-preview:-1"},"canonical":"https:\/\/www.blogsoestado.com\/danielmatos\/procuradoria-da-mulher-da-alema-apresenta-cartilha-sobre-direitos-femininos-a-comunidade-do-maiobao\/","og_locale":"pt_BR","og_type":"article","og_title":"Procuradoria da Mulher da Alema apresenta cartilha sobre direitos femininos \u00e0 comunidade do Maiob\u00e3o - Daniel Matos","og_description":"Em a\u00e7\u00e3o itinerante da Procuradoria da Mulher da Assembleia Legislativa, a cartilha \u201cMerm\u00e3, teu direito \u00e9 Lei\u201d, que re\u00fane uma [&hellip;]","og_url":"https:\/\/www.blogsoestado.com\/danielmatos\/procuradoria-da-mulher-da-alema-apresenta-cartilha-sobre-direitos-femininos-a-comunidade-do-maiobao\/","og_site_name":"Daniel Matos","article_published_time":"2023-03-11T20:43:06+00:00","og_image":[{"url":"https:\/\/www.blogsoestado.com\/danielmatos\/files\/2023\/03\/Screenshot_20230311-1734172.png","type":"","width":"","height":""}],"twitter_card":"summary_large_image","twitter_misc":{"Est. tempo de leitura":"4 minutos"},"schema":{"@context":"https:\/\/schema.org","@graph":[{"@type":"WebPage","@id":"https:\/\/www.blogsoestado.com\/danielmatos\/procuradoria-da-mulher-da-alema-apresenta-cartilha-sobre-direitos-femininos-a-comunidade-do-maiobao\/","url":"https:\/\/www.blogsoestado.com\/danielmatos\/procuradoria-da-mulher-da-alema-apresenta-cartilha-sobre-direitos-femininos-a-comunidade-do-maiobao\/","name":"Procuradoria da Mulher da Alema apresenta cartilha sobre direitos femininos \u00e0 comunidade do Maiob\u00e3o - Daniel Matos","isPartOf":{"@id":"https:\/\/www.blogsoestado.com\/danielmatos\/#website"},"primaryImageOfPage":{"@id":"https:\/\/www.blogsoestado.com\/danielmatos\/procuradoria-da-mulher-da-alema-apresenta-cartilha-sobre-direitos-femininos-a-comunidade-do-maiobao\/#primaryimage"},"image":{"@id":"https:\/\/www.blogsoestado.com\/danielmatos\/procuradoria-da-mulher-da-alema-apresenta-cartilha-sobre-direitos-femininos-a-comunidade-do-maiobao\/#primaryimage"},"thumbnailUrl":"https:\/\/www.blogsoestado.com\/danielmatos\/files\/2023\/03\/Screenshot_20230311-1734172.png","datePublished":"2023-03-11T20:43:06+00:00","author":{"@id":""},"breadcrumb":{"@id":"https:\/\/www.blogsoestado.com\/danielmatos\/procuradoria-da-mulher-da-alema-apresenta-cartilha-sobre-direitos-femininos-a-comunidade-do-maiobao\/#breadcrumb"},"inLanguage":"pt-BR","potentialAction":[{"@type":"ReadAction","target":["https:\/\/www.blogsoestado.com\/danielmatos\/procuradoria-da-mulher-da-alema-apresenta-cartilha-sobre-direitos-femininos-a-comunidade-do-maiobao\/"]}]},{"@type":"ImageObject","inLanguage":"pt-BR","@id":"https:\/\/www.blogsoestado.com\/danielmatos\/procuradoria-da-mulher-da-alema-apresenta-cartilha-sobre-direitos-femininos-a-comunidade-do-maiobao\/#primaryimage","url":"https:\/\/www.blogsoestado.com\/danielmatos\/files\/2023\/03\/Screenshot_20230311-1734172.png","contentUrl":"https:\/\/www.blogsoestado.com\/danielmatos\/files\/2023\/03\/Screenshot_20230311-1734172.png"},{"@type":"BreadcrumbList","@id":"https:\/\/www.blogsoestado.com\/danielmatos\/procuradoria-da-mulher-da-alema-apresenta-cartilha-sobre-direitos-femininos-a-comunidade-do-maiobao\/#breadcrumb","itemListElement":[{"@type":"ListItem","position":1,"name":"In\u00edcio","item":"https:\/\/www.blogsoestado.com\/danielmatos\/"},{"@type":"ListItem","position":2,"name":"Procuradoria da Mulher da Alema apresenta cartilha sobre direitos femininos \u00e0 comunidade do Maiob\u00e3o"}]},{"@type":"WebSite","@id":"https:\/\/www.blogsoestado.com\/danielmatos\/#website","url":"https:\/\/www.blogsoestado.com\/danielmatos\/","name":"Daniel Matos","description":"","potentialAction":[{"@type":"SearchAction","target":{"@type":"EntryPoint","urlTemplate":"https:\/\/www.blogsoestado.com\/danielmatos\/?s={search_term_string}"},"query-input":{"@type":"PropertyValueSpecification","valueRequired":true,"valueName":"search_term_string"}}],"inLanguage":"pt-BR"}]}},"jetpack_featured_media_url":"","_links":{"self":[{"href":"https:\/\/www.blogsoestado.com\/danielmatos\/wp-json\/wp\/v2\/posts\/106963","targetHints":{"allow":["GET"]}}],"collection":[{"href":"https:\/\/www.blogsoestado.com\/danielmatos\/wp-json\/wp\/v2\/posts"}],"about":[{"href":"https:\/\/www.blogsoestado.com\/danielmatos\/wp-json\/wp\/v2\/types\/post"}],"replies":[{"embeddable":true,"href":"https:\/\/www.blogsoestado.com\/danielmatos\/wp-json\/wp\/v2\/comments?post=106963"}],"version-history":[{"count":0,"href":"https:\/\/www.blogsoestado.com\/danielmatos\/wp-json\/wp\/v2\/posts\/106963\/revisions"}],"wp:attachment":[{"href":"https:\/\/www.blogsoestado.com\/danielmatos\/wp-json\/wp\/v2\/media?parent=106963"}],"wp:term":[{"taxonomy":"category","embeddable":true,"href":"https:\/\/www.blogsoestado.com\/danielmatos\/wp-json\/wp\/v2\/categories?post=106963"},{"taxonomy":"post_tag","embeddable":true,"href":"https:\/\/www.blogsoestado.com\/danielmatos\/wp-json\/wp\/v2\/tags?post=106963"}],"curies":[{"name":"wp","href":"https:\/\/api.w.org\/{rel}","templated":true}]}}