{"id":106970,"date":"2023-03-11T21:47:05","date_gmt":"2023-03-12T00:47:05","guid":{"rendered":"https:\/\/www.blogsoestado.com\/danielmatos\/?p=106970"},"modified":"2023-03-11T21:47:05","modified_gmt":"2023-03-12T00:47:05","slug":"arnaldo-melo-parabeniza-governador-brandao-pelas-obras-que-estao-sendo-realizadas-no-estado","status":"publish","type":"post","link":"https:\/\/www.blogsoestado.com\/danielmatos\/arnaldo-melo-parabeniza-governador-brandao-pelas-obras-que-estao-sendo-realizadas-no-estado\/","title":{"rendered":"Arnaldo Melo parabeniza governador Brand\u00e3o pelas obras que est\u00e3o sendo realizadas no estado"},"content":{"rendered":"\n<div class=\"wp-block-image\"><figure class=\"aligncenter size-large\"><a href=\"https:\/\/www.blogsoestado.com\/danielmatos\/files\/2023\/03\/Screenshot_20230311-2144462.png\"><img decoding=\"async\" src=\"https:\/\/www.blogsoestado.com\/danielmatos\/files\/2023\/03\/Screenshot_20230311-2144462.png\" alt=\"\" class=\"wp-image-106971\"\/><\/a><figcaption>Deputado Arnaldo Melo com o governador Carlos Brand\u00e3o durante agenda em Jatob\u00e1<\/figcaption><\/figure><\/div>\n\n\n\n<p>Ao retornar de uma maratona de viagens pelo interior do Maranh\u00e3o ao lado do governador Carlos Brand\u00e3o (PSB), o deputado Arnaldo Melo (PP) parabenizou, no in\u00edcio da tarde deste s\u00e1bado (11), o chefe do Executivo estadual pela entrega e an\u00fancio de obras e servi\u00e7os nas \u00e1reas de sa\u00fade, esporte, educa\u00e7\u00e3o, cidadania e infraestrutura em diversos munic\u00edpios.<\/p>\n\n\n\n<p>\u201cQuero cumprimentar o governador Carlos Brand\u00e3o pela forma carinhosa, popular e democr\u00e1tica com que ele est\u00e1 tratando o povo do Maranh\u00e3o. Realmente, a cada dia que passa o governador se revela um pol\u00edtico mais popular, mais amigo dos mais pobres e daqueles mais precisam\u201d, ressaltou o parlamentar.<\/p>\n\n\n\n<p>Arnaldo Melo afirmou que ficou impressionado com a popularidade de Carlos Brand\u00e3o, o que resultou no pleno sucesso da passagem do governador pelos munic\u00edpios das regi\u00f5es do Turi, da Baixada Maranhense, dos Cocais e do M\u00e9dio Sert\u00e3o, especialmente as cidades de Jatob\u00e1, Colinas e Mirador.<\/p>\n\n\n\n<p>\u201cFoi uma viagem muito proveitosa, durante a qual o governador, por onde passou, propagou uma mensagem muito positiva, deixando de lado o palanque, o advers\u00e1rio, e vi a forma impressionante com que ele conversa com o povo do Maranh\u00e3o, as lideran\u00e7as, os populares, sem nenhuma distin\u00e7\u00e3o\u201d, declarou Arnaldo Melo.<\/p>\n","protected":false},"excerpt":{"rendered":"<p>Ao retornar de uma maratona de viagens pelo interior do Maranh\u00e3o ao lado do governador Carlos Brand\u00e3o (PSB), o deputado [&hellip;]<\/p>\n","protected":false},"author":0,"featured_media":0,"comment_status":"open","ping_status":"open","sticky":false,"template":"","format":"standard","meta":{"site-sidebar-layout":"default","site-content-layout":"","ast-site-content-layout":"default","site-content-style":"default","site-sidebar-style":"default","ast-global-header-display":"","ast-banner-title-visibility":"","ast-main-header-display":"","ast-hfb-above-header-display":"","ast-hfb-below-header-display":"","ast-hfb-mobile-header-display":"","site-post-title":"","ast-breadcrumbs-content":"","ast-featured-img":"","footer-sml-layout":"","ast-disable-related-posts":"","theme-transparent-header-meta":"","adv-header-id-meta":"","stick-header-meta":"","header-above-stick-meta":"","header-main-stick-meta":"","header-below-stick-meta":"","astra-migrate-meta-layouts":"default","ast-page-background-enabled":"default","ast-page-background-meta":{"desktop":{"background-color":"var(--ast-global-color-5)","background-image":"","background-repeat":"repeat","background-position":"center center","background-size":"auto","background-attachment":"scroll","background-type":"","background-media":"","overlay-type":"","overlay-color":"","overlay-opacity":"","overlay-gradient":""},"tablet":{"background-color":"","background-image":"","background-repeat":"repeat","background-position":"center center","background-size":"auto","background-attachment":"scroll","background-type":"","background-media":"","overlay-type":"","overlay-color":"","overlay-opacity":"","overlay-gradient":""},"mobile":{"background-color":"","background-image":"","background-repeat":"repeat","background-position":"center center","background-size":"auto","background-attachment":"scroll","background-type":"","background-media":"","overlay-type":"","overlay-color":"","overlay-opacity":"","overlay-gradient":""}},"ast-content-background-meta":{"desktop":{"background-color":"var(--ast-global-color-4)","background-image":"","background-repeat":"repeat","background-position":"center center","background-size":"auto","background-attachment":"scroll","background-type":"","background-media":"","overlay-type":"","overlay-color":"","overlay-opacity":"","overlay-gradient":""},"tablet":{"background-color":"var(--ast-global-color-4)","background-image":"","background-repeat":"repeat","background-position":"center center","background-size":"auto","background-attachment":"scroll","background-type":"","background-media":"","overlay-type":"","overlay-color":"","overlay-opacity":"","overlay-gradient":""},"mobile":{"background-color":"var(--ast-global-color-4)","background-image":"","background-repeat":"repeat","background-position":"center center","background-size":"auto","background-attachment":"scroll","background-type":"","background-media":"","overlay-type":"","overlay-color":"","overlay-opacity":"","overlay-gradient":""}},"footnotes":""},"categories":[1],"tags":[],"class_list":["post-106970","post","type-post","status-publish","format-standard","hentry","category-sem-categoria"],"yoast_head":"<!-- This site is optimized with the Yoast SEO plugin v26.6 - https:\/\/yoast.com\/wordpress\/plugins\/seo\/ -->\n<title>Arnaldo Melo parabeniza governador Brand\u00e3o pelas obras que est\u00e3o sendo realizadas no estado - Daniel Matos<\/title>\n<meta name=\"robots\" content=\"index, follow, max-snippet:-1, max-image-preview:large, max-video-preview:-1\" \/>\n<link rel=\"canonical\" href=\"https:\/\/www.blogsoestado.com\/danielmatos\/arnaldo-melo-parabeniza-governador-brandao-pelas-obras-que-estao-sendo-realizadas-no-estado\/\" \/>\n<meta property=\"og:locale\" content=\"pt_BR\" \/>\n<meta property=\"og:type\" content=\"article\" \/>\n<meta property=\"og:title\" content=\"Arnaldo Melo parabeniza governador Brand\u00e3o pelas obras que est\u00e3o sendo realizadas no estado - Daniel Matos\" \/>\n<meta property=\"og:description\" content=\"Ao retornar de uma maratona de viagens pelo interior do Maranh\u00e3o ao lado do governador Carlos Brand\u00e3o (PSB), o deputado [&hellip;]\" \/>\n<meta property=\"og:url\" content=\"https:\/\/www.blogsoestado.com\/danielmatos\/arnaldo-melo-parabeniza-governador-brandao-pelas-obras-que-estao-sendo-realizadas-no-estado\/\" \/>\n<meta property=\"og:site_name\" content=\"Daniel Matos\" \/>\n<meta property=\"article:published_time\" content=\"2023-03-12T00:47:05+00:00\" \/>\n<meta property=\"og:image\" content=\"https:\/\/www.blogsoestado.com\/danielmatos\/files\/2023\/03\/Screenshot_20230311-2144462.png\" \/>\n<meta name=\"twitter:card\" content=\"summary_large_image\" \/>\n<meta name=\"twitter:label1\" content=\"Est. tempo de leitura\" \/>\n\t<meta name=\"twitter:data1\" content=\"2 minutos\" \/>\n<script type=\"application\/ld+json\" class=\"yoast-schema-graph\">{\"@context\":\"https:\/\/schema.org\",\"@graph\":[{\"@type\":\"WebPage\",\"@id\":\"https:\/\/www.blogsoestado.com\/danielmatos\/arnaldo-melo-parabeniza-governador-brandao-pelas-obras-que-estao-sendo-realizadas-no-estado\/\",\"url\":\"https:\/\/www.blogsoestado.com\/danielmatos\/arnaldo-melo-parabeniza-governador-brandao-pelas-obras-que-estao-sendo-realizadas-no-estado\/\",\"name\":\"Arnaldo Melo parabeniza governador Brand\u00e3o pelas obras que est\u00e3o sendo realizadas no estado - Daniel Matos\",\"isPartOf\":{\"@id\":\"https:\/\/www.blogsoestado.com\/danielmatos\/#website\"},\"primaryImageOfPage\":{\"@id\":\"https:\/\/www.blogsoestado.com\/danielmatos\/arnaldo-melo-parabeniza-governador-brandao-pelas-obras-que-estao-sendo-realizadas-no-estado\/#primaryimage\"},\"image\":{\"@id\":\"https:\/\/www.blogsoestado.com\/danielmatos\/arnaldo-melo-parabeniza-governador-brandao-pelas-obras-que-estao-sendo-realizadas-no-estado\/#primaryimage\"},\"thumbnailUrl\":\"https:\/\/www.blogsoestado.com\/danielmatos\/files\/2023\/03\/Screenshot_20230311-2144462.png\",\"datePublished\":\"2023-03-12T00:47:05+00:00\",\"author\":{\"@id\":\"\"},\"breadcrumb\":{\"@id\":\"https:\/\/www.blogsoestado.com\/danielmatos\/arnaldo-melo-parabeniza-governador-brandao-pelas-obras-que-estao-sendo-realizadas-no-estado\/#breadcrumb\"},\"inLanguage\":\"pt-BR\",\"potentialAction\":[{\"@type\":\"ReadAction\",\"target\":[\"https:\/\/www.blogsoestado.com\/danielmatos\/arnaldo-melo-parabeniza-governador-brandao-pelas-obras-que-estao-sendo-realizadas-no-estado\/\"]}]},{\"@type\":\"ImageObject\",\"inLanguage\":\"pt-BR\",\"@id\":\"https:\/\/www.blogsoestado.com\/danielmatos\/arnaldo-melo-parabeniza-governador-brandao-pelas-obras-que-estao-sendo-realizadas-no-estado\/#primaryimage\",\"url\":\"https:\/\/www.blogsoestado.com\/danielmatos\/files\/2023\/03\/Screenshot_20230311-2144462.png\",\"contentUrl\":\"https:\/\/www.blogsoestado.com\/danielmatos\/files\/2023\/03\/Screenshot_20230311-2144462.png\"},{\"@type\":\"BreadcrumbList\",\"@id\":\"https:\/\/www.blogsoestado.com\/danielmatos\/arnaldo-melo-parabeniza-governador-brandao-pelas-obras-que-estao-sendo-realizadas-no-estado\/#breadcrumb\",\"itemListElement\":[{\"@type\":\"ListItem\",\"position\":1,\"name\":\"In\u00edcio\",\"item\":\"https:\/\/www.blogsoestado.com\/danielmatos\/\"},{\"@type\":\"ListItem\",\"position\":2,\"name\":\"Arnaldo Melo parabeniza governador Brand\u00e3o pelas obras que est\u00e3o sendo realizadas no estado\"}]},{\"@type\":\"WebSite\",\"@id\":\"https:\/\/www.blogsoestado.com\/danielmatos\/#website\",\"url\":\"https:\/\/www.blogsoestado.com\/danielmatos\/\",\"name\":\"Daniel Matos\",\"description\":\"\",\"potentialAction\":[{\"@type\":\"SearchAction\",\"target\":{\"@type\":\"EntryPoint\",\"urlTemplate\":\"https:\/\/www.blogsoestado.com\/danielmatos\/?s={search_term_string}\"},\"query-input\":{\"@type\":\"PropertyValueSpecification\",\"valueRequired\":true,\"valueName\":\"search_term_string\"}}],\"inLanguage\":\"pt-BR\"}]}<\/script>\n<!-- \/ Yoast SEO plugin. -->","yoast_head_json":{"title":"Arnaldo Melo parabeniza governador Brand\u00e3o pelas obras que est\u00e3o sendo realizadas no estado - Daniel Matos","robots":{"index":"index","follow":"follow","max-snippet":"max-snippet:-1","max-image-preview":"max-image-preview:large","max-video-preview":"max-video-preview:-1"},"canonical":"https:\/\/www.blogsoestado.com\/danielmatos\/arnaldo-melo-parabeniza-governador-brandao-pelas-obras-que-estao-sendo-realizadas-no-estado\/","og_locale":"pt_BR","og_type":"article","og_title":"Arnaldo Melo parabeniza governador Brand\u00e3o pelas obras que est\u00e3o sendo realizadas no estado - Daniel Matos","og_description":"Ao retornar de uma maratona de viagens pelo interior do Maranh\u00e3o ao lado do governador Carlos Brand\u00e3o (PSB), o deputado [&hellip;]","og_url":"https:\/\/www.blogsoestado.com\/danielmatos\/arnaldo-melo-parabeniza-governador-brandao-pelas-obras-que-estao-sendo-realizadas-no-estado\/","og_site_name":"Daniel Matos","article_published_time":"2023-03-12T00:47:05+00:00","og_image":[{"url":"https:\/\/www.blogsoestado.com\/danielmatos\/files\/2023\/03\/Screenshot_20230311-2144462.png","type":"","width":"","height":""}],"twitter_card":"summary_large_image","twitter_misc":{"Est. tempo de leitura":"2 minutos"},"schema":{"@context":"https:\/\/schema.org","@graph":[{"@type":"WebPage","@id":"https:\/\/www.blogsoestado.com\/danielmatos\/arnaldo-melo-parabeniza-governador-brandao-pelas-obras-que-estao-sendo-realizadas-no-estado\/","url":"https:\/\/www.blogsoestado.com\/danielmatos\/arnaldo-melo-parabeniza-governador-brandao-pelas-obras-que-estao-sendo-realizadas-no-estado\/","name":"Arnaldo Melo parabeniza governador Brand\u00e3o pelas obras que est\u00e3o sendo realizadas no estado - Daniel Matos","isPartOf":{"@id":"https:\/\/www.blogsoestado.com\/danielmatos\/#website"},"primaryImageOfPage":{"@id":"https:\/\/www.blogsoestado.com\/danielmatos\/arnaldo-melo-parabeniza-governador-brandao-pelas-obras-que-estao-sendo-realizadas-no-estado\/#primaryimage"},"image":{"@id":"https:\/\/www.blogsoestado.com\/danielmatos\/arnaldo-melo-parabeniza-governador-brandao-pelas-obras-que-estao-sendo-realizadas-no-estado\/#primaryimage"},"thumbnailUrl":"https:\/\/www.blogsoestado.com\/danielmatos\/files\/2023\/03\/Screenshot_20230311-2144462.png","datePublished":"2023-03-12T00:47:05+00:00","author":{"@id":""},"breadcrumb":{"@id":"https:\/\/www.blogsoestado.com\/danielmatos\/arnaldo-melo-parabeniza-governador-brandao-pelas-obras-que-estao-sendo-realizadas-no-estado\/#breadcrumb"},"inLanguage":"pt-BR","potentialAction":[{"@type":"ReadAction","target":["https:\/\/www.blogsoestado.com\/danielmatos\/arnaldo-melo-parabeniza-governador-brandao-pelas-obras-que-estao-sendo-realizadas-no-estado\/"]}]},{"@type":"ImageObject","inLanguage":"pt-BR","@id":"https:\/\/www.blogsoestado.com\/danielmatos\/arnaldo-melo-parabeniza-governador-brandao-pelas-obras-que-estao-sendo-realizadas-no-estado\/#primaryimage","url":"https:\/\/www.blogsoestado.com\/danielmatos\/files\/2023\/03\/Screenshot_20230311-2144462.png","contentUrl":"https:\/\/www.blogsoestado.com\/danielmatos\/files\/2023\/03\/Screenshot_20230311-2144462.png"},{"@type":"BreadcrumbList","@id":"https:\/\/www.blogsoestado.com\/danielmatos\/arnaldo-melo-parabeniza-governador-brandao-pelas-obras-que-estao-sendo-realizadas-no-estado\/#breadcrumb","itemListElement":[{"@type":"ListItem","position":1,"name":"In\u00edcio","item":"https:\/\/www.blogsoestado.com\/danielmatos\/"},{"@type":"ListItem","position":2,"name":"Arnaldo Melo parabeniza governador Brand\u00e3o pelas obras que est\u00e3o sendo realizadas no estado"}]},{"@type":"WebSite","@id":"https:\/\/www.blogsoestado.com\/danielmatos\/#website","url":"https:\/\/www.blogsoestado.com\/danielmatos\/","name":"Daniel Matos","description":"","potentialAction":[{"@type":"SearchAction","target":{"@type":"EntryPoint","urlTemplate":"https:\/\/www.blogsoestado.com\/danielmatos\/?s={search_term_string}"},"query-input":{"@type":"PropertyValueSpecification","valueRequired":true,"valueName":"search_term_string"}}],"inLanguage":"pt-BR"}]}},"jetpack_featured_media_url":"","_links":{"self":[{"href":"https:\/\/www.blogsoestado.com\/danielmatos\/wp-json\/wp\/v2\/posts\/106970","targetHints":{"allow":["GET"]}}],"collection":[{"href":"https:\/\/www.blogsoestado.com\/danielmatos\/wp-json\/wp\/v2\/posts"}],"about":[{"href":"https:\/\/www.blogsoestado.com\/danielmatos\/wp-json\/wp\/v2\/types\/post"}],"replies":[{"embeddable":true,"href":"https:\/\/www.blogsoestado.com\/danielmatos\/wp-json\/wp\/v2\/comments?post=106970"}],"version-history":[{"count":0,"href":"https:\/\/www.blogsoestado.com\/danielmatos\/wp-json\/wp\/v2\/posts\/106970\/revisions"}],"wp:attachment":[{"href":"https:\/\/www.blogsoestado.com\/danielmatos\/wp-json\/wp\/v2\/media?parent=106970"}],"wp:term":[{"taxonomy":"category","embeddable":true,"href":"https:\/\/www.blogsoestado.com\/danielmatos\/wp-json\/wp\/v2\/categories?post=106970"},{"taxonomy":"post_tag","embeddable":true,"href":"https:\/\/www.blogsoestado.com\/danielmatos\/wp-json\/wp\/v2\/tags?post=106970"}],"curies":[{"name":"wp","href":"https:\/\/api.w.org\/{rel}","templated":true}]}}