{"id":106997,"date":"2023-03-13T14:58:08","date_gmt":"2023-03-13T17:58:08","guid":{"rendered":"https:\/\/www.blogsoestado.com\/danielmatos\/?p=106997"},"modified":"2023-03-13T14:58:08","modified_gmt":"2023-03-13T17:58:08","slug":"prefeitura-de-caxias-assina-ordem-de-servico-para-a-construcao-de-escola-e-praca-no-povoado-porto-do-paiol","status":"publish","type":"post","link":"https:\/\/www.blogsoestado.com\/danielmatos\/prefeitura-de-caxias-assina-ordem-de-servico-para-a-construcao-de-escola-e-praca-no-povoado-porto-do-paiol\/","title":{"rendered":"Prefeitura de Caxias assina ordem de servi\u00e7o para constru\u00e7\u00e3o de escola e pra\u00e7a no povoado Porto do Paiol"},"content":{"rendered":"\n<div class=\"wp-block-image\"><figure class=\"aligncenter size-large\"><a href=\"https:\/\/www.blogsoestado.com\/danielmatos\/files\/2023\/03\/Screenshot_20230313-1442022.png\"><img decoding=\"async\" src=\"https:\/\/www.blogsoestado.com\/danielmatos\/files\/2023\/03\/Screenshot_20230313-1442022.png\" alt=\"\" class=\"wp-image-106998\"\/><\/a><figcaption>O aecret\u00e1rio municipal de Infraestrutura, Z\u00e9 Gentil Neto, com vereadores, lideran\u00e7as comunit\u00e1rias e crian\u00e7as da localidade<\/figcaption><\/figure><\/div>\n\n\n\n<p>A Prefeitura de Caxias, por meio da Secretaria Municipal de Infraestrutura (SINFRA), em parceria com a Secretaria Municipal de Educa\u00e7\u00e3o, Ci\u00eancia e Tecnologia (SEMECT), assinou ordem de servi\u00e7o para a constru\u00e7\u00e3o de uma escola com quatro salas de aula e uma pra\u00e7a p\u00fablica no Povoado Porto do Paiol, no 1\u00ba Distrito de Caxias (MA). O terreno j\u00e1 foi escolhido e no per\u00edodo de quatro meses, deve ser entregue aos moradores da comunidade.<\/p>\n\n\n\n<p><em>\u201cA constru\u00e7\u00e3o da escola na comunidade vai melhorar muito. As nossas crian\u00e7as saem daqui para o Ba\u00fa. Ent\u00e3o, a nossa escola \u00e9 tudo nesta comunidade. \u00c9 um sonho da comunidade, agora j\u00e1 deu certo\u201d,<\/em>&nbsp;disse Ant\u00f4nio J\u00falio (Tuta), presidente da Associa\u00e7\u00e3o de Moradores do Povoado Porto do Paiol.<\/p>\n\n\n\n<div class=\"wp-block-image\"><figure class=\"aligncenter size-large\"><a href=\"https:\/\/www.blogsoestado.com\/danielmatos\/files\/2023\/03\/Screenshot_20230313-1441172.png\"><img decoding=\"async\" src=\"https:\/\/www.blogsoestado.com\/danielmatos\/files\/2023\/03\/Screenshot_20230313-1441172.png\" alt=\"\" class=\"wp-image-106999\"\/><\/a><figcaption>Z\u00e9 Gentil Neto an\u00fancio a constru\u00e7\u00e3o da escola municipal, al\u00e9m de uma pra\u00e7a p\u00fablica na comunidade<\/figcaption><\/figure><\/div>\n\n\n\n<p><em>\u201cCom certeza vai melhorar muito, porque do Monte Valeriano para c\u00e1 \u00e9 mais perto. A gente est\u00e1 feliz com a constru\u00e7\u00e3o da escola\u201d,<\/em>&nbsp;destaca Manoel Ribeiro (Chagas), presidente da Associa\u00e7\u00e3o de Moradores do Monte Valeriano.<\/p>\n\n\n\n<p><em>\u201cCom a escola \u00e9 menos preocupa\u00e7\u00e3o para os pais e m\u00e3es. A escola \u00e9 um sonho de toda nossa comunidade, agora aguardamos ansiosamente a inaugura\u00e7\u00e3o\u201d,<\/em>&nbsp;disse Lucilene Ara\u00fajo, moradora do Porto do Paiol.<\/p>\n\n\n\n<div class=\"wp-block-image\"><figure class=\"aligncenter size-large\"><a href=\"https:\/\/www.blogsoestado.com\/danielmatos\/files\/2023\/03\/Screenshot_20230313-1442262.png\"><img decoding=\"async\" src=\"https:\/\/www.blogsoestado.com\/danielmatos\/files\/2023\/03\/Screenshot_20230313-1442262.png\" alt=\"\" class=\"wp-image-107000\"\/><\/a><figcaption>O secret\u00e1rio Z\u00e9 Gentil Neto ao lado da comitiva e de lideran\u00e7as locais que o acompanharam na visita o povoado Porto do Paiol<\/figcaption><\/figure><\/div>\n\n\n\n<p>A gest\u00e3o municipal esteve representada pelos secret\u00e1rios municipais: Z\u00e9 Gentil Neto, secret\u00e1rio municipal de Infraestrutura e Ana C\u00e9lia Damasceno, secret\u00e1ria municipal de Educa\u00e7\u00e3o, Ci\u00eancia e Tecnologia (SEMECT). Al\u00e9m disso, o momento solene foi acompanhado pelos vereadores Torneirinho, Charles James e Darlan.<\/p>\n\n\n\n<p>Para o vereador Torneirinho que trabalha na comunidade o momento \u00e9 de alegria.&nbsp;<em>\u201cEsse \u00e9 um sonho de muito tempo dessa comunidade. A gente conseguiu conquistar esta escola. Al\u00e9m disso, gera oportunidades para pessoas da pr\u00f3pria comunidade\u201d,<\/em>&nbsp;frisou.<\/p>\n\n\n\n<div class=\"wp-block-image\"><figure class=\"aligncenter size-large\"><a href=\"https:\/\/www.blogsoestado.com\/danielmatos\/files\/2023\/03\/Screenshot_20230313-1441392.png\"><img decoding=\"async\" src=\"https:\/\/www.blogsoestado.com\/danielmatos\/files\/2023\/03\/Screenshot_20230313-1441392.png\" alt=\"\" class=\"wp-image-107001\"\/><\/a><figcaption>Em seus discursos, todos destacaram o empenho do secret\u00e1rio Z\u00e9 Gentil Neto para viabilizar as obras na localidade <\/figcaption><\/figure><\/div>\n\n\n\n<p>Na ocasi\u00e3o o secret\u00e1rio municipal de Infraestrutura, Z\u00e9 Gentil Neto, tamb\u00e9m destacou que al\u00e9m da escola, a gest\u00e3o municipal vai construir uma pra\u00e7a p\u00fablica na comunidade<em>. \u201cHoje estamos dando a ordem de servi\u00e7o para a constru\u00e7\u00e3o de uma escola com quatro salas, \u00e1rea administrativa, p\u00e1tio e dispensa. N\u00f3s vamos permitir que esses alunos deixem de ir para o Povoado Ba\u00fa e estudem aqui mesmo na comunidade, al\u00e9m disso vamos construir uma pra\u00e7a. Os t\u00e9cnicos j\u00e1 fizeram as medi\u00e7\u00f5es, o projeto est\u00e1 pronto para que possamos construir uma pra\u00e7a com ilumina\u00e7\u00e3o em LED, academia ao ar livre e Wi-Fi\u201d,<\/em>&nbsp;explicou .<\/p>\n\n\n\n<div class=\"wp-block-image\"><figure class=\"aligncenter size-large\"><a href=\"https:\/\/www.blogsoestado.com\/danielmatos\/files\/2023\/03\/Screenshot_20230313-1442502.png\"><img decoding=\"async\" src=\"https:\/\/www.blogsoestado.com\/danielmatos\/files\/2023\/03\/Screenshot_20230313-1442502.png\" alt=\"\" class=\"wp-image-107002\"\/><\/a><figcaption>\u00c1rea do povoado destinada \u00e0 execu\u00e7\u00e3o das obras anunciadas pelo secret\u00e1rio Z\u00e9 Gentil Neto durante a visita<\/figcaption><\/figure><\/div>\n\n\n\n<p>A escola vai atender estudantes at\u00e9 o 9\u00ba ano, segundo a secret\u00e1ria municipal de Educa\u00e7\u00e3o, Ci\u00eancia e Tecnologia (SEMECT), Ana C\u00e9lia Damasceno.&nbsp;<em>\u201cN\u00f3s vamos construir mais uma escola para atender as crian\u00e7as do 6\u00ba ao 9\u00ba ano. Ent\u00e3o, o prefeito F\u00e1bio Gentil proporciona a constru\u00e7\u00e3o de mais uma escola com 4 salas de aulas e sala de computa\u00e7\u00e3o para que os alunos tenham acesso a este tipo de conte\u00fad<\/em>o e informa\u00e7\u00e3o&#8221;, finalizou.<\/p>\n","protected":false},"excerpt":{"rendered":"<p>A Prefeitura de Caxias, por meio da Secretaria Municipal de Infraestrutura (SINFRA), em parceria com a Secretaria Municipal de Educa\u00e7\u00e3o, [&hellip;]<\/p>\n","protected":false},"author":0,"featured_media":0,"comment_status":"open","ping_status":"open","sticky":false,"template":"","format":"standard","meta":{"site-sidebar-layout":"default","site-content-layout":"","ast-site-content-layout":"default","site-content-style":"default","site-sidebar-style":"default","ast-global-header-display":"","ast-banner-title-visibility":"","ast-main-header-display":"","ast-hfb-above-header-display":"","ast-hfb-below-header-display":"","ast-hfb-mobile-header-display":"","site-post-title":"","ast-breadcrumbs-content":"","ast-featured-img":"","footer-sml-layout":"","ast-disable-related-posts":"","theme-transparent-header-meta":"","adv-header-id-meta":"","stick-header-meta":"","header-above-stick-meta":"","header-main-stick-meta":"","header-below-stick-meta":"","astra-migrate-meta-layouts":"default","ast-page-background-enabled":"default","ast-page-background-meta":{"desktop":{"background-color":"var(--ast-global-color-5)","background-image":"","background-repeat":"repeat","background-position":"center center","background-size":"auto","background-attachment":"scroll","background-type":"","background-media":"","overlay-type":"","overlay-color":"","overlay-opacity":"","overlay-gradient":""},"tablet":{"background-color":"","background-image":"","background-repeat":"repeat","background-position":"center center","background-size":"auto","background-attachment":"scroll","background-type":"","background-media":"","overlay-type":"","overlay-color":"","overlay-opacity":"","overlay-gradient":""},"mobile":{"background-color":"","background-image":"","background-repeat":"repeat","background-position":"center center","background-size":"auto","background-attachment":"scroll","background-type":"","background-media":"","overlay-type":"","overlay-color":"","overlay-opacity":"","overlay-gradient":""}},"ast-content-background-meta":{"desktop":{"background-color":"var(--ast-global-color-4)","background-image":"","background-repeat":"repeat","background-position":"center center","background-size":"auto","background-attachment":"scroll","background-type":"","background-media":"","overlay-type":"","overlay-color":"","overlay-opacity":"","overlay-gradient":""},"tablet":{"background-color":"var(--ast-global-color-4)","background-image":"","background-repeat":"repeat","background-position":"center center","background-size":"auto","background-attachment":"scroll","background-type":"","background-media":"","overlay-type":"","overlay-color":"","overlay-opacity":"","overlay-gradient":""},"mobile":{"background-color":"var(--ast-global-color-4)","background-image":"","background-repeat":"repeat","background-position":"center center","background-size":"auto","background-attachment":"scroll","background-type":"","background-media":"","overlay-type":"","overlay-color":"","overlay-opacity":"","overlay-gradient":""}},"footnotes":""},"categories":[1],"tags":[],"class_list":["post-106997","post","type-post","status-publish","format-standard","hentry","category-sem-categoria"],"yoast_head":"<!-- This site is optimized with the Yoast SEO plugin v26.6 - https:\/\/yoast.com\/wordpress\/plugins\/seo\/ -->\n<title>Prefeitura de Caxias assina ordem de servi\u00e7o para constru\u00e7\u00e3o de escola e pra\u00e7a no povoado Porto do Paiol - Daniel Matos<\/title>\n<meta name=\"robots\" content=\"index, follow, max-snippet:-1, max-image-preview:large, max-video-preview:-1\" \/>\n<link rel=\"canonical\" href=\"https:\/\/www.blogsoestado.com\/danielmatos\/prefeitura-de-caxias-assina-ordem-de-servico-para-a-construcao-de-escola-e-praca-no-povoado-porto-do-paiol\/\" \/>\n<meta property=\"og:locale\" content=\"pt_BR\" \/>\n<meta property=\"og:type\" content=\"article\" \/>\n<meta property=\"og:title\" content=\"Prefeitura de Caxias assina ordem de servi\u00e7o para constru\u00e7\u00e3o de escola e pra\u00e7a no povoado Porto do Paiol - Daniel Matos\" \/>\n<meta property=\"og:description\" content=\"A Prefeitura de Caxias, por meio da Secretaria Municipal de Infraestrutura (SINFRA), em parceria com a Secretaria Municipal de Educa\u00e7\u00e3o, [&hellip;]\" \/>\n<meta property=\"og:url\" content=\"https:\/\/www.blogsoestado.com\/danielmatos\/prefeitura-de-caxias-assina-ordem-de-servico-para-a-construcao-de-escola-e-praca-no-povoado-porto-do-paiol\/\" \/>\n<meta property=\"og:site_name\" content=\"Daniel Matos\" \/>\n<meta property=\"article:published_time\" content=\"2023-03-13T17:58:08+00:00\" \/>\n<meta property=\"og:image\" content=\"https:\/\/www.blogsoestado.com\/danielmatos\/files\/2023\/03\/Screenshot_20230313-1442022.png\" \/>\n<meta name=\"twitter:card\" content=\"summary_large_image\" \/>\n<meta name=\"twitter:label1\" content=\"Est. tempo de leitura\" \/>\n\t<meta name=\"twitter:data1\" content=\"4 minutos\" \/>\n<script type=\"application\/ld+json\" class=\"yoast-schema-graph\">{\"@context\":\"https:\/\/schema.org\",\"@graph\":[{\"@type\":\"WebPage\",\"@id\":\"https:\/\/www.blogsoestado.com\/danielmatos\/prefeitura-de-caxias-assina-ordem-de-servico-para-a-construcao-de-escola-e-praca-no-povoado-porto-do-paiol\/\",\"url\":\"https:\/\/www.blogsoestado.com\/danielmatos\/prefeitura-de-caxias-assina-ordem-de-servico-para-a-construcao-de-escola-e-praca-no-povoado-porto-do-paiol\/\",\"name\":\"Prefeitura de Caxias assina ordem de servi\u00e7o para constru\u00e7\u00e3o de escola e pra\u00e7a no povoado Porto do Paiol - Daniel Matos\",\"isPartOf\":{\"@id\":\"https:\/\/www.blogsoestado.com\/danielmatos\/#website\"},\"primaryImageOfPage\":{\"@id\":\"https:\/\/www.blogsoestado.com\/danielmatos\/prefeitura-de-caxias-assina-ordem-de-servico-para-a-construcao-de-escola-e-praca-no-povoado-porto-do-paiol\/#primaryimage\"},\"image\":{\"@id\":\"https:\/\/www.blogsoestado.com\/danielmatos\/prefeitura-de-caxias-assina-ordem-de-servico-para-a-construcao-de-escola-e-praca-no-povoado-porto-do-paiol\/#primaryimage\"},\"thumbnailUrl\":\"https:\/\/www.blogsoestado.com\/danielmatos\/files\/2023\/03\/Screenshot_20230313-1442022.png\",\"datePublished\":\"2023-03-13T17:58:08+00:00\",\"author\":{\"@id\":\"\"},\"breadcrumb\":{\"@id\":\"https:\/\/www.blogsoestado.com\/danielmatos\/prefeitura-de-caxias-assina-ordem-de-servico-para-a-construcao-de-escola-e-praca-no-povoado-porto-do-paiol\/#breadcrumb\"},\"inLanguage\":\"pt-BR\",\"potentialAction\":[{\"@type\":\"ReadAction\",\"target\":[\"https:\/\/www.blogsoestado.com\/danielmatos\/prefeitura-de-caxias-assina-ordem-de-servico-para-a-construcao-de-escola-e-praca-no-povoado-porto-do-paiol\/\"]}]},{\"@type\":\"ImageObject\",\"inLanguage\":\"pt-BR\",\"@id\":\"https:\/\/www.blogsoestado.com\/danielmatos\/prefeitura-de-caxias-assina-ordem-de-servico-para-a-construcao-de-escola-e-praca-no-povoado-porto-do-paiol\/#primaryimage\",\"url\":\"https:\/\/www.blogsoestado.com\/danielmatos\/files\/2023\/03\/Screenshot_20230313-1442022.png\",\"contentUrl\":\"https:\/\/www.blogsoestado.com\/danielmatos\/files\/2023\/03\/Screenshot_20230313-1442022.png\"},{\"@type\":\"BreadcrumbList\",\"@id\":\"https:\/\/www.blogsoestado.com\/danielmatos\/prefeitura-de-caxias-assina-ordem-de-servico-para-a-construcao-de-escola-e-praca-no-povoado-porto-do-paiol\/#breadcrumb\",\"itemListElement\":[{\"@type\":\"ListItem\",\"position\":1,\"name\":\"In\u00edcio\",\"item\":\"https:\/\/www.blogsoestado.com\/danielmatos\/\"},{\"@type\":\"ListItem\",\"position\":2,\"name\":\"Prefeitura de Caxias assina ordem de servi\u00e7o para constru\u00e7\u00e3o de escola e pra\u00e7a no povoado Porto do Paiol\"}]},{\"@type\":\"WebSite\",\"@id\":\"https:\/\/www.blogsoestado.com\/danielmatos\/#website\",\"url\":\"https:\/\/www.blogsoestado.com\/danielmatos\/\",\"name\":\"Daniel Matos\",\"description\":\"\",\"potentialAction\":[{\"@type\":\"SearchAction\",\"target\":{\"@type\":\"EntryPoint\",\"urlTemplate\":\"https:\/\/www.blogsoestado.com\/danielmatos\/?s={search_term_string}\"},\"query-input\":{\"@type\":\"PropertyValueSpecification\",\"valueRequired\":true,\"valueName\":\"search_term_string\"}}],\"inLanguage\":\"pt-BR\"}]}<\/script>\n<!-- \/ Yoast SEO plugin. -->","yoast_head_json":{"title":"Prefeitura de Caxias assina ordem de servi\u00e7o para constru\u00e7\u00e3o de escola e pra\u00e7a no povoado Porto do Paiol - Daniel Matos","robots":{"index":"index","follow":"follow","max-snippet":"max-snippet:-1","max-image-preview":"max-image-preview:large","max-video-preview":"max-video-preview:-1"},"canonical":"https:\/\/www.blogsoestado.com\/danielmatos\/prefeitura-de-caxias-assina-ordem-de-servico-para-a-construcao-de-escola-e-praca-no-povoado-porto-do-paiol\/","og_locale":"pt_BR","og_type":"article","og_title":"Prefeitura de Caxias assina ordem de servi\u00e7o para constru\u00e7\u00e3o de escola e pra\u00e7a no povoado Porto do Paiol - Daniel Matos","og_description":"A Prefeitura de Caxias, por meio da Secretaria Municipal de Infraestrutura (SINFRA), em parceria com a Secretaria Municipal de Educa\u00e7\u00e3o, [&hellip;]","og_url":"https:\/\/www.blogsoestado.com\/danielmatos\/prefeitura-de-caxias-assina-ordem-de-servico-para-a-construcao-de-escola-e-praca-no-povoado-porto-do-paiol\/","og_site_name":"Daniel Matos","article_published_time":"2023-03-13T17:58:08+00:00","og_image":[{"url":"https:\/\/www.blogsoestado.com\/danielmatos\/files\/2023\/03\/Screenshot_20230313-1442022.png","type":"","width":"","height":""}],"twitter_card":"summary_large_image","twitter_misc":{"Est. tempo de leitura":"4 minutos"},"schema":{"@context":"https:\/\/schema.org","@graph":[{"@type":"WebPage","@id":"https:\/\/www.blogsoestado.com\/danielmatos\/prefeitura-de-caxias-assina-ordem-de-servico-para-a-construcao-de-escola-e-praca-no-povoado-porto-do-paiol\/","url":"https:\/\/www.blogsoestado.com\/danielmatos\/prefeitura-de-caxias-assina-ordem-de-servico-para-a-construcao-de-escola-e-praca-no-povoado-porto-do-paiol\/","name":"Prefeitura de Caxias assina ordem de servi\u00e7o para constru\u00e7\u00e3o de escola e pra\u00e7a no povoado Porto do Paiol - Daniel Matos","isPartOf":{"@id":"https:\/\/www.blogsoestado.com\/danielmatos\/#website"},"primaryImageOfPage":{"@id":"https:\/\/www.blogsoestado.com\/danielmatos\/prefeitura-de-caxias-assina-ordem-de-servico-para-a-construcao-de-escola-e-praca-no-povoado-porto-do-paiol\/#primaryimage"},"image":{"@id":"https:\/\/www.blogsoestado.com\/danielmatos\/prefeitura-de-caxias-assina-ordem-de-servico-para-a-construcao-de-escola-e-praca-no-povoado-porto-do-paiol\/#primaryimage"},"thumbnailUrl":"https:\/\/www.blogsoestado.com\/danielmatos\/files\/2023\/03\/Screenshot_20230313-1442022.png","datePublished":"2023-03-13T17:58:08+00:00","author":{"@id":""},"breadcrumb":{"@id":"https:\/\/www.blogsoestado.com\/danielmatos\/prefeitura-de-caxias-assina-ordem-de-servico-para-a-construcao-de-escola-e-praca-no-povoado-porto-do-paiol\/#breadcrumb"},"inLanguage":"pt-BR","potentialAction":[{"@type":"ReadAction","target":["https:\/\/www.blogsoestado.com\/danielmatos\/prefeitura-de-caxias-assina-ordem-de-servico-para-a-construcao-de-escola-e-praca-no-povoado-porto-do-paiol\/"]}]},{"@type":"ImageObject","inLanguage":"pt-BR","@id":"https:\/\/www.blogsoestado.com\/danielmatos\/prefeitura-de-caxias-assina-ordem-de-servico-para-a-construcao-de-escola-e-praca-no-povoado-porto-do-paiol\/#primaryimage","url":"https:\/\/www.blogsoestado.com\/danielmatos\/files\/2023\/03\/Screenshot_20230313-1442022.png","contentUrl":"https:\/\/www.blogsoestado.com\/danielmatos\/files\/2023\/03\/Screenshot_20230313-1442022.png"},{"@type":"BreadcrumbList","@id":"https:\/\/www.blogsoestado.com\/danielmatos\/prefeitura-de-caxias-assina-ordem-de-servico-para-a-construcao-de-escola-e-praca-no-povoado-porto-do-paiol\/#breadcrumb","itemListElement":[{"@type":"ListItem","position":1,"name":"In\u00edcio","item":"https:\/\/www.blogsoestado.com\/danielmatos\/"},{"@type":"ListItem","position":2,"name":"Prefeitura de Caxias assina ordem de servi\u00e7o para constru\u00e7\u00e3o de escola e pra\u00e7a no povoado Porto do Paiol"}]},{"@type":"WebSite","@id":"https:\/\/www.blogsoestado.com\/danielmatos\/#website","url":"https:\/\/www.blogsoestado.com\/danielmatos\/","name":"Daniel Matos","description":"","potentialAction":[{"@type":"SearchAction","target":{"@type":"EntryPoint","urlTemplate":"https:\/\/www.blogsoestado.com\/danielmatos\/?s={search_term_string}"},"query-input":{"@type":"PropertyValueSpecification","valueRequired":true,"valueName":"search_term_string"}}],"inLanguage":"pt-BR"}]}},"jetpack_featured_media_url":"","_links":{"self":[{"href":"https:\/\/www.blogsoestado.com\/danielmatos\/wp-json\/wp\/v2\/posts\/106997","targetHints":{"allow":["GET"]}}],"collection":[{"href":"https:\/\/www.blogsoestado.com\/danielmatos\/wp-json\/wp\/v2\/posts"}],"about":[{"href":"https:\/\/www.blogsoestado.com\/danielmatos\/wp-json\/wp\/v2\/types\/post"}],"replies":[{"embeddable":true,"href":"https:\/\/www.blogsoestado.com\/danielmatos\/wp-json\/wp\/v2\/comments?post=106997"}],"version-history":[{"count":0,"href":"https:\/\/www.blogsoestado.com\/danielmatos\/wp-json\/wp\/v2\/posts\/106997\/revisions"}],"wp:attachment":[{"href":"https:\/\/www.blogsoestado.com\/danielmatos\/wp-json\/wp\/v2\/media?parent=106997"}],"wp:term":[{"taxonomy":"category","embeddable":true,"href":"https:\/\/www.blogsoestado.com\/danielmatos\/wp-json\/wp\/v2\/categories?post=106997"},{"taxonomy":"post_tag","embeddable":true,"href":"https:\/\/www.blogsoestado.com\/danielmatos\/wp-json\/wp\/v2\/tags?post=106997"}],"curies":[{"name":"wp","href":"https:\/\/api.w.org\/{rel}","templated":true}]}}