{"id":107006,"date":"2023-03-13T15:36:33","date_gmt":"2023-03-13T18:36:33","guid":{"rendered":"https:\/\/www.blogsoestado.com\/danielmatos\/?p=107006"},"modified":"2023-03-13T15:36:33","modified_gmt":"2023-03-13T18:36:33","slug":"instituto-lopes-promove-curso-sobre-prestacao-anual-de-contas","status":"publish","type":"post","link":"https:\/\/www.blogsoestado.com\/danielmatos\/instituto-lopes-promove-curso-sobre-prestacao-anual-de-contas\/","title":{"rendered":"Instituto Lopes promove curso sobre Presta\u00e7\u00e3o Anual de Contas"},"content":{"rendered":"\n<div class=\"wp-block-image\"><figure class=\"aligncenter size-large\"><a href=\"https:\/\/www.blogsoestado.com\/danielmatos\/files\/2023\/03\/Screenshot_20230313-1524193.png\"><img decoding=\"async\" src=\"https:\/\/www.blogsoestado.com\/danielmatos\/files\/2023\/03\/Screenshot_20230313-1524193.png\" alt=\"\" class=\"wp-image-107008\"\/><\/a><\/figure><\/div>\n\n\n\n<p>O prazo para entrega da presta\u00e7\u00e3o anual de contas para os munic\u00edpios maranhenses se aproxima, pensando nisso o Instituto Lopes vai promover nos dias 16 e 17 de mar\u00e7o, o curso de capacita\u00e7\u00e3o em Presta\u00e7\u00e3o de Contas anuais: A atua\u00e7\u00e3o do Controlador Municipal. No curso ser\u00e1 abordado a Responsabilidade na Presta\u00e7\u00e3o de Contas Municipal e sua composi\u00e7\u00e3o, e-PCA, Relat\u00f3rio e Certificado de Auditoria e Relat\u00f3rio de Gest\u00e3o da Controladoria Municipal. Visando garantir a voc\u00ea profissional e ao seu munic\u00edpio maior efici\u00eancia na submiss\u00e3o dos dados solicitados pelo \u00f3rg\u00e3o de controle estadual.<\/p>\n\n\n\n<p>Teremos dois dias de grande aprendizagem com a presen\u00e7a de Fernanda Sousa, mestra em Economia (UnB), professora e controladora geral do munic\u00edpio de Coelho Neto-MA. Com o CEO do Instituto Lopes, Josivaldo Lopes, advogado e com mais de 20 anos de experi\u00eancia e atua\u00e7\u00e3o no direito p\u00fablico.<\/p>\n\n\n\n<p>As vagas s\u00e3o limitadas, n\u00e3o perca tempo e garanta j\u00e1 a sua participa\u00e7\u00e3o. <strong>Fa\u00e7a sua inscri\u00e7\u00e3o<\/strong> <strong><a href=\"https:\/\/www.even3.com.br\/prestacao-anual-de-contas-a-atuacao-do-controlador-municipal-315989\/\">aqui<\/a><\/strong>.<\/p>\n\n\n\n<p>Mais informa\u00e7\u00f5es est\u00e3o dispon\u00edveis no <a href=\"http:\/\/instagram.com\/instituto_lopes\">instagram.com\/instituto_lopes<\/a> ou no Whatsapp 98 3302-5888<\/p>\n","protected":false},"excerpt":{"rendered":"<p>O prazo para entrega da presta\u00e7\u00e3o anual de contas para os munic\u00edpios maranhenses se aproxima, pensando nisso o Instituto Lopes [&hellip;]<\/p>\n","protected":false},"author":0,"featured_media":0,"comment_status":"open","ping_status":"open","sticky":false,"template":"","format":"standard","meta":{"site-sidebar-layout":"default","site-content-layout":"","ast-site-content-layout":"default","site-content-style":"default","site-sidebar-style":"default","ast-global-header-display":"","ast-banner-title-visibility":"","ast-main-header-display":"","ast-hfb-above-header-display":"","ast-hfb-below-header-display":"","ast-hfb-mobile-header-display":"","site-post-title":"","ast-breadcrumbs-content":"","ast-featured-img":"","footer-sml-layout":"","ast-disable-related-posts":"","theme-transparent-header-meta":"","adv-header-id-meta":"","stick-header-meta":"","header-above-stick-meta":"","header-main-stick-meta":"","header-below-stick-meta":"","astra-migrate-meta-layouts":"default","ast-page-background-enabled":"default","ast-page-background-meta":{"desktop":{"background-color":"var(--ast-global-color-5)","background-image":"","background-repeat":"repeat","background-position":"center center","background-size":"auto","background-attachment":"scroll","background-type":"","background-media":"","overlay-type":"","overlay-color":"","overlay-opacity":"","overlay-gradient":""},"tablet":{"background-color":"","background-image":"","background-repeat":"repeat","background-position":"center center","background-size":"auto","background-attachment":"scroll","background-type":"","background-media":"","overlay-type":"","overlay-color":"","overlay-opacity":"","overlay-gradient":""},"mobile":{"background-color":"","background-image":"","background-repeat":"repeat","background-position":"center center","background-size":"auto","background-attachment":"scroll","background-type":"","background-media":"","overlay-type":"","overlay-color":"","overlay-opacity":"","overlay-gradient":""}},"ast-content-background-meta":{"desktop":{"background-color":"var(--ast-global-color-4)","background-image":"","background-repeat":"repeat","background-position":"center center","background-size":"auto","background-attachment":"scroll","background-type":"","background-media":"","overlay-type":"","overlay-color":"","overlay-opacity":"","overlay-gradient":""},"tablet":{"background-color":"var(--ast-global-color-4)","background-image":"","background-repeat":"repeat","background-position":"center center","background-size":"auto","background-attachment":"scroll","background-type":"","background-media":"","overlay-type":"","overlay-color":"","overlay-opacity":"","overlay-gradient":""},"mobile":{"background-color":"var(--ast-global-color-4)","background-image":"","background-repeat":"repeat","background-position":"center center","background-size":"auto","background-attachment":"scroll","background-type":"","background-media":"","overlay-type":"","overlay-color":"","overlay-opacity":"","overlay-gradient":""}},"footnotes":""},"categories":[1],"tags":[],"class_list":["post-107006","post","type-post","status-publish","format-standard","hentry","category-sem-categoria"],"yoast_head":"<!-- This site is optimized with the Yoast SEO plugin v26.6 - https:\/\/yoast.com\/wordpress\/plugins\/seo\/ -->\n<title>Instituto Lopes promove curso sobre Presta\u00e7\u00e3o Anual de Contas - Daniel Matos<\/title>\n<meta name=\"robots\" content=\"index, follow, max-snippet:-1, max-image-preview:large, max-video-preview:-1\" \/>\n<link rel=\"canonical\" href=\"https:\/\/www.blogsoestado.com\/danielmatos\/instituto-lopes-promove-curso-sobre-prestacao-anual-de-contas\/\" \/>\n<meta property=\"og:locale\" content=\"pt_BR\" \/>\n<meta property=\"og:type\" content=\"article\" \/>\n<meta property=\"og:title\" content=\"Instituto Lopes promove curso sobre Presta\u00e7\u00e3o Anual de Contas - Daniel Matos\" \/>\n<meta property=\"og:description\" content=\"O prazo para entrega da presta\u00e7\u00e3o anual de contas para os munic\u00edpios maranhenses se aproxima, pensando nisso o Instituto Lopes [&hellip;]\" \/>\n<meta property=\"og:url\" content=\"https:\/\/www.blogsoestado.com\/danielmatos\/instituto-lopes-promove-curso-sobre-prestacao-anual-de-contas\/\" \/>\n<meta property=\"og:site_name\" content=\"Daniel Matos\" \/>\n<meta property=\"article:published_time\" content=\"2023-03-13T18:36:33+00:00\" \/>\n<meta property=\"og:image\" content=\"https:\/\/www.blogsoestado.com\/danielmatos\/files\/2023\/03\/Screenshot_20230313-1524193.png\" \/>\n<meta name=\"twitter:card\" content=\"summary_large_image\" \/>\n<meta name=\"twitter:label1\" content=\"Est. tempo de leitura\" \/>\n\t<meta name=\"twitter:data1\" content=\"1 minuto\" \/>\n<script type=\"application\/ld+json\" class=\"yoast-schema-graph\">{\"@context\":\"https:\/\/schema.org\",\"@graph\":[{\"@type\":\"WebPage\",\"@id\":\"https:\/\/www.blogsoestado.com\/danielmatos\/instituto-lopes-promove-curso-sobre-prestacao-anual-de-contas\/\",\"url\":\"https:\/\/www.blogsoestado.com\/danielmatos\/instituto-lopes-promove-curso-sobre-prestacao-anual-de-contas\/\",\"name\":\"Instituto Lopes promove curso sobre Presta\u00e7\u00e3o Anual de Contas - Daniel Matos\",\"isPartOf\":{\"@id\":\"https:\/\/www.blogsoestado.com\/danielmatos\/#website\"},\"primaryImageOfPage\":{\"@id\":\"https:\/\/www.blogsoestado.com\/danielmatos\/instituto-lopes-promove-curso-sobre-prestacao-anual-de-contas\/#primaryimage\"},\"image\":{\"@id\":\"https:\/\/www.blogsoestado.com\/danielmatos\/instituto-lopes-promove-curso-sobre-prestacao-anual-de-contas\/#primaryimage\"},\"thumbnailUrl\":\"https:\/\/www.blogsoestado.com\/danielmatos\/files\/2023\/03\/Screenshot_20230313-1524193.png\",\"datePublished\":\"2023-03-13T18:36:33+00:00\",\"author\":{\"@id\":\"\"},\"breadcrumb\":{\"@id\":\"https:\/\/www.blogsoestado.com\/danielmatos\/instituto-lopes-promove-curso-sobre-prestacao-anual-de-contas\/#breadcrumb\"},\"inLanguage\":\"pt-BR\",\"potentialAction\":[{\"@type\":\"ReadAction\",\"target\":[\"https:\/\/www.blogsoestado.com\/danielmatos\/instituto-lopes-promove-curso-sobre-prestacao-anual-de-contas\/\"]}]},{\"@type\":\"ImageObject\",\"inLanguage\":\"pt-BR\",\"@id\":\"https:\/\/www.blogsoestado.com\/danielmatos\/instituto-lopes-promove-curso-sobre-prestacao-anual-de-contas\/#primaryimage\",\"url\":\"https:\/\/www.blogsoestado.com\/danielmatos\/files\/2023\/03\/Screenshot_20230313-1524193.png\",\"contentUrl\":\"https:\/\/www.blogsoestado.com\/danielmatos\/files\/2023\/03\/Screenshot_20230313-1524193.png\"},{\"@type\":\"BreadcrumbList\",\"@id\":\"https:\/\/www.blogsoestado.com\/danielmatos\/instituto-lopes-promove-curso-sobre-prestacao-anual-de-contas\/#breadcrumb\",\"itemListElement\":[{\"@type\":\"ListItem\",\"position\":1,\"name\":\"In\u00edcio\",\"item\":\"https:\/\/www.blogsoestado.com\/danielmatos\/\"},{\"@type\":\"ListItem\",\"position\":2,\"name\":\"Instituto Lopes promove curso sobre Presta\u00e7\u00e3o Anual de Contas\"}]},{\"@type\":\"WebSite\",\"@id\":\"https:\/\/www.blogsoestado.com\/danielmatos\/#website\",\"url\":\"https:\/\/www.blogsoestado.com\/danielmatos\/\",\"name\":\"Daniel Matos\",\"description\":\"\",\"potentialAction\":[{\"@type\":\"SearchAction\",\"target\":{\"@type\":\"EntryPoint\",\"urlTemplate\":\"https:\/\/www.blogsoestado.com\/danielmatos\/?s={search_term_string}\"},\"query-input\":{\"@type\":\"PropertyValueSpecification\",\"valueRequired\":true,\"valueName\":\"search_term_string\"}}],\"inLanguage\":\"pt-BR\"}]}<\/script>\n<!-- \/ Yoast SEO plugin. -->","yoast_head_json":{"title":"Instituto Lopes promove curso sobre Presta\u00e7\u00e3o Anual de Contas - Daniel Matos","robots":{"index":"index","follow":"follow","max-snippet":"max-snippet:-1","max-image-preview":"max-image-preview:large","max-video-preview":"max-video-preview:-1"},"canonical":"https:\/\/www.blogsoestado.com\/danielmatos\/instituto-lopes-promove-curso-sobre-prestacao-anual-de-contas\/","og_locale":"pt_BR","og_type":"article","og_title":"Instituto Lopes promove curso sobre Presta\u00e7\u00e3o Anual de Contas - Daniel Matos","og_description":"O prazo para entrega da presta\u00e7\u00e3o anual de contas para os munic\u00edpios maranhenses se aproxima, pensando nisso o Instituto Lopes [&hellip;]","og_url":"https:\/\/www.blogsoestado.com\/danielmatos\/instituto-lopes-promove-curso-sobre-prestacao-anual-de-contas\/","og_site_name":"Daniel Matos","article_published_time":"2023-03-13T18:36:33+00:00","og_image":[{"url":"https:\/\/www.blogsoestado.com\/danielmatos\/files\/2023\/03\/Screenshot_20230313-1524193.png","type":"","width":"","height":""}],"twitter_card":"summary_large_image","twitter_misc":{"Est. tempo de leitura":"1 minuto"},"schema":{"@context":"https:\/\/schema.org","@graph":[{"@type":"WebPage","@id":"https:\/\/www.blogsoestado.com\/danielmatos\/instituto-lopes-promove-curso-sobre-prestacao-anual-de-contas\/","url":"https:\/\/www.blogsoestado.com\/danielmatos\/instituto-lopes-promove-curso-sobre-prestacao-anual-de-contas\/","name":"Instituto Lopes promove curso sobre Presta\u00e7\u00e3o Anual de Contas - Daniel Matos","isPartOf":{"@id":"https:\/\/www.blogsoestado.com\/danielmatos\/#website"},"primaryImageOfPage":{"@id":"https:\/\/www.blogsoestado.com\/danielmatos\/instituto-lopes-promove-curso-sobre-prestacao-anual-de-contas\/#primaryimage"},"image":{"@id":"https:\/\/www.blogsoestado.com\/danielmatos\/instituto-lopes-promove-curso-sobre-prestacao-anual-de-contas\/#primaryimage"},"thumbnailUrl":"https:\/\/www.blogsoestado.com\/danielmatos\/files\/2023\/03\/Screenshot_20230313-1524193.png","datePublished":"2023-03-13T18:36:33+00:00","author":{"@id":""},"breadcrumb":{"@id":"https:\/\/www.blogsoestado.com\/danielmatos\/instituto-lopes-promove-curso-sobre-prestacao-anual-de-contas\/#breadcrumb"},"inLanguage":"pt-BR","potentialAction":[{"@type":"ReadAction","target":["https:\/\/www.blogsoestado.com\/danielmatos\/instituto-lopes-promove-curso-sobre-prestacao-anual-de-contas\/"]}]},{"@type":"ImageObject","inLanguage":"pt-BR","@id":"https:\/\/www.blogsoestado.com\/danielmatos\/instituto-lopes-promove-curso-sobre-prestacao-anual-de-contas\/#primaryimage","url":"https:\/\/www.blogsoestado.com\/danielmatos\/files\/2023\/03\/Screenshot_20230313-1524193.png","contentUrl":"https:\/\/www.blogsoestado.com\/danielmatos\/files\/2023\/03\/Screenshot_20230313-1524193.png"},{"@type":"BreadcrumbList","@id":"https:\/\/www.blogsoestado.com\/danielmatos\/instituto-lopes-promove-curso-sobre-prestacao-anual-de-contas\/#breadcrumb","itemListElement":[{"@type":"ListItem","position":1,"name":"In\u00edcio","item":"https:\/\/www.blogsoestado.com\/danielmatos\/"},{"@type":"ListItem","position":2,"name":"Instituto Lopes promove curso sobre Presta\u00e7\u00e3o Anual de Contas"}]},{"@type":"WebSite","@id":"https:\/\/www.blogsoestado.com\/danielmatos\/#website","url":"https:\/\/www.blogsoestado.com\/danielmatos\/","name":"Daniel Matos","description":"","potentialAction":[{"@type":"SearchAction","target":{"@type":"EntryPoint","urlTemplate":"https:\/\/www.blogsoestado.com\/danielmatos\/?s={search_term_string}"},"query-input":{"@type":"PropertyValueSpecification","valueRequired":true,"valueName":"search_term_string"}}],"inLanguage":"pt-BR"}]}},"jetpack_featured_media_url":"","_links":{"self":[{"href":"https:\/\/www.blogsoestado.com\/danielmatos\/wp-json\/wp\/v2\/posts\/107006","targetHints":{"allow":["GET"]}}],"collection":[{"href":"https:\/\/www.blogsoestado.com\/danielmatos\/wp-json\/wp\/v2\/posts"}],"about":[{"href":"https:\/\/www.blogsoestado.com\/danielmatos\/wp-json\/wp\/v2\/types\/post"}],"replies":[{"embeddable":true,"href":"https:\/\/www.blogsoestado.com\/danielmatos\/wp-json\/wp\/v2\/comments?post=107006"}],"version-history":[{"count":0,"href":"https:\/\/www.blogsoestado.com\/danielmatos\/wp-json\/wp\/v2\/posts\/107006\/revisions"}],"wp:attachment":[{"href":"https:\/\/www.blogsoestado.com\/danielmatos\/wp-json\/wp\/v2\/media?parent=107006"}],"wp:term":[{"taxonomy":"category","embeddable":true,"href":"https:\/\/www.blogsoestado.com\/danielmatos\/wp-json\/wp\/v2\/categories?post=107006"},{"taxonomy":"post_tag","embeddable":true,"href":"https:\/\/www.blogsoestado.com\/danielmatos\/wp-json\/wp\/v2\/tags?post=107006"}],"curies":[{"name":"wp","href":"https:\/\/api.w.org\/{rel}","templated":true}]}}