{"id":107010,"date":"2023-03-13T18:04:19","date_gmt":"2023-03-13T21:04:19","guid":{"rendered":"https:\/\/www.blogsoestado.com\/danielmatos\/?p=107010"},"modified":"2023-03-13T18:04:19","modified_gmt":"2023-03-13T21:04:19","slug":"deputados-reforcam-pautas-em-prol-das-cidades-no-1o-congresso-do-municipalismo-maranhense","status":"publish","type":"post","link":"https:\/\/www.blogsoestado.com\/danielmatos\/deputados-reforcam-pautas-em-prol-das-cidades-no-1o-congresso-do-municipalismo-maranhense\/","title":{"rendered":"Deputados refor\u00e7am pautas em prol das cidades no 1\u00ba Congresso do Municipalismo Maranhense"},"content":{"rendered":"\n<div class=\"wp-block-image\"><figure class=\"aligncenter size-large\"><a href=\"https:\/\/www.blogsoestado.com\/danielmatos\/files\/2023\/03\/Screenshot_20230313-1758242.png\"><img decoding=\"async\" src=\"https:\/\/www.blogsoestado.com\/danielmatos\/files\/2023\/03\/Screenshot_20230313-1758242.png\" alt=\"\" class=\"wp-image-107011\"\/><\/a><figcaption>Presidente da Alema, Iracema Vale, e demais autoridades na abertura do 1\u00ba Congresso do Municipalismo Maranhense<\/figcaption><\/figure><\/div>\n\n\n\n<p>A presidente da Assembleia Legislativa do Maranh\u00e3o, deputada Iracema Vale (PSB), e os deputados Rafael (PSB) Carlos Lula (PSB), Fernando Braide (PSC), Daniella (PSB), Francisco Nagib (PSB), Ana do G\u00e1s (PCdoB) e J\u00fanior Cascaria (Podemos) participaram, nesta segunda-feira (13), do 1\u00ba Congresso Estadual do Municipalismo Maranhense. O evento, organizado pela Federa\u00e7\u00e3o dos Munic\u00edpios do Estado do Maranh\u00e3o (Famem), segue at\u00e9 esta ter\u00e7a-feira (14).\u00a0\u00a0<\/p>\n\n\n\n<p>Com o objetivo discutir as pautas de interesse dos munic\u00edpios, o encontro&nbsp;reuniu prefeitos, vice-prefeitos, vereadores, secret\u00e1rios municipais e estaduais. Tamb\u00e9m estiveram presentes o governador Carlos Brand\u00e3o (PSB), o vice-governador e secret\u00e1rio de Estado da Educa\u00e7\u00e3o, Felipe Camar\u00e3o (PT), os deputados federais M\u00e1rcio Jerry (PCdoB) e Rubens J\u00fanior (PT), al\u00e9m de representantes do Minist\u00e9rio P\u00fablico, do Poder Judici\u00e1rio, da Uni\u00e3o de Vereadores e C\u00e2maras do Maranh\u00e3o (UVCM) e da Uni\u00e3o de Vice-Prefeitos e Vice-Prefeitas do Maranh\u00e3o (Univimar).&nbsp;<\/p>\n\n\n\n<p>Na ocasi\u00e3o, Iracema Vale lembrou da sua trajet\u00f3ria como vereadora e prefeita de Urbano Santos e destacou que, por ter sua origem pol\u00edtica no municipalismo, entende a import\u00e2ncia do fortalecimento dos munic\u00edpios para o bem-estar da popula\u00e7\u00e3o.&nbsp;<\/p>\n\n\n\n<p>\u201cTenho uma vis\u00e3o e um cora\u00e7\u00e3o municipalista. A origem de todas as demandas \u00e9 nos munic\u00edpios. \u00c9 l\u00e1 que a vida acontece. Ent\u00e3o, esse congresso fortalece os munic\u00edpios e os gestores. A Famem est\u00e1 de parab\u00e9ns e poder\u00e1 contar sempre com o meu apoio e da Assembleia Legislativa, porque naquela Casa tamb\u00e9m tem 42 deputados torcendo e trabalhando muito pelo municipalismo no Maranh\u00e3o\u201d, afirmou Iracema Vale.<\/p>\n\n\n\n<p>O deputado Rafael falou sobre a import\u00e2ncia dessa intera\u00e7\u00e3o entre os munic\u00edpios e o poder p\u00fablico. \u201cO encontro permite essa sintonia. Vai ser um momento de muito aprendizado para os prefeitos e t\u00e9cnicos, representando as Prefeituras, assim como ser\u00e1 tamb\u00e9m de muita intera\u00e7\u00e3o pol\u00edtica. Parab\u00e9ns \u00e0 Famem por esse grande evento e tenho certeza de que sair\u00e3o grandes resultados daqui\u201d, assinalou.\u00a0<\/p>\n\n\n\n<div class=\"wp-block-image\"><figure class=\"aligncenter size-large\"><a href=\"https:\/\/www.blogsoestado.com\/danielmatos\/files\/2023\/03\/Screenshot_20230313-1759262.png\"><img decoding=\"async\" src=\"https:\/\/www.blogsoestado.com\/danielmatos\/files\/2023\/03\/Screenshot_20230313-1759262.png\" alt=\"\" class=\"wp-image-107012\"\/><\/a><figcaption>O Congresso reuniu deputados, prefeitos, vice-prefeitos, vereadores, secret\u00e1rios, entre outras autoridades do estado<\/figcaption><\/figure><\/div>\n\n\n\n<p><strong>Uni\u00e3o e parceria&nbsp;<\/strong><\/p>\n\n\n\n<p>O governador Carlos Brand\u00e3o disse que o fortalecimento dos munic\u00edpios \u00e9 uma das principais prioridades do governo. O chefe do Executivo tamb\u00e9m anunciou uma s\u00e9rie de parcerias e benef\u00edcios que devem contemplar todos os 217 munic\u00edpios.&nbsp;<\/p>\n\n\n\n<p>\u201cA uni\u00e3o faz a for\u00e7a e \u00e9 isso o que temos pregado pelo Maranh\u00e3o todo. Estou muito feliz porque estou realizando o sonho de unir, neste momento, o Maranh\u00e3o, a classe pol\u00edtica e o povo, levando muitos benef\u00edcios para a popula\u00e7\u00e3o. Juntos, vamos avan\u00e7ar mais r\u00e1pido\u201d, completou.&nbsp;<\/p>\n\n\n\n<p>O presidente da Famem, Ivo Rezende, afirmou que o movimento municipalista \u00e9 fundamental para o desenvolvimento do Maranh\u00e3o. \u201cEste \u00e9 um momento muito importante para tratarmos das pautas municipalistas. Hoje temos esse realinhamento do Governo do Estado com o Governo Federal, tendo um governador como Carlos Brand\u00e3o, que tem em seu discurso o municipalismo por convic\u00e7\u00e3o. A Famem ser\u00e1 mais uma articuladora desse momento que o Maranh\u00e3o vive e n\u00f3s entendemos que esse \u00e9 um momento hist\u00f3rico\u201d, declarou.&nbsp;&nbsp;<\/p>\n\n\n\n<p>O vereador Asaf Sobrinho, presidente da UVCM, tamb\u00e9m destacou a import\u00e2ncia do momento. \u201cO municipalismo est\u00e1 sendo fortalecido como nunca hav\u00edamos visto na hist\u00f3ria do nosso estado. Os vereadores, prefeitos e vice-prefeitos mobilizados. Nada disso seria poss\u00edvel se n\u00e3o tiv\u00e9ssemos essa articula\u00e7\u00e3o\u201d, afirmou.&nbsp;<\/p>\n","protected":false},"excerpt":{"rendered":"<p>A presidente da Assembleia Legislativa do Maranh\u00e3o, deputada Iracema Vale (PSB), e os deputados Rafael (PSB) Carlos Lula (PSB), Fernando [&hellip;]<\/p>\n","protected":false},"author":0,"featured_media":0,"comment_status":"open","ping_status":"open","sticky":false,"template":"","format":"standard","meta":{"site-sidebar-layout":"default","site-content-layout":"","ast-site-content-layout":"default","site-content-style":"default","site-sidebar-style":"default","ast-global-header-display":"","ast-banner-title-visibility":"","ast-main-header-display":"","ast-hfb-above-header-display":"","ast-hfb-below-header-display":"","ast-hfb-mobile-header-display":"","site-post-title":"","ast-breadcrumbs-content":"","ast-featured-img":"","footer-sml-layout":"","ast-disable-related-posts":"","theme-transparent-header-meta":"","adv-header-id-meta":"","stick-header-meta":"","header-above-stick-meta":"","header-main-stick-meta":"","header-below-stick-meta":"","astra-migrate-meta-layouts":"default","ast-page-background-enabled":"default","ast-page-background-meta":{"desktop":{"background-color":"var(--ast-global-color-5)","background-image":"","background-repeat":"repeat","background-position":"center center","background-size":"auto","background-attachment":"scroll","background-type":"","background-media":"","overlay-type":"","overlay-color":"","overlay-opacity":"","overlay-gradient":""},"tablet":{"background-color":"","background-image":"","background-repeat":"repeat","background-position":"center center","background-size":"auto","background-attachment":"scroll","background-type":"","background-media":"","overlay-type":"","overlay-color":"","overlay-opacity":"","overlay-gradient":""},"mobile":{"background-color":"","background-image":"","background-repeat":"repeat","background-position":"center center","background-size":"auto","background-attachment":"scroll","background-type":"","background-media":"","overlay-type":"","overlay-color":"","overlay-opacity":"","overlay-gradient":""}},"ast-content-background-meta":{"desktop":{"background-color":"var(--ast-global-color-4)","background-image":"","background-repeat":"repeat","background-position":"center center","background-size":"auto","background-attachment":"scroll","background-type":"","background-media":"","overlay-type":"","overlay-color":"","overlay-opacity":"","overlay-gradient":""},"tablet":{"background-color":"var(--ast-global-color-4)","background-image":"","background-repeat":"repeat","background-position":"center center","background-size":"auto","background-attachment":"scroll","background-type":"","background-media":"","overlay-type":"","overlay-color":"","overlay-opacity":"","overlay-gradient":""},"mobile":{"background-color":"var(--ast-global-color-4)","background-image":"","background-repeat":"repeat","background-position":"center center","background-size":"auto","background-attachment":"scroll","background-type":"","background-media":"","overlay-type":"","overlay-color":"","overlay-opacity":"","overlay-gradient":""}},"footnotes":""},"categories":[1],"tags":[],"class_list":["post-107010","post","type-post","status-publish","format-standard","hentry","category-sem-categoria"],"yoast_head":"<!-- This site is optimized with the Yoast SEO plugin v26.6 - https:\/\/yoast.com\/wordpress\/plugins\/seo\/ -->\n<title>Deputados refor\u00e7am pautas em prol das cidades no 1\u00ba Congresso do Municipalismo Maranhense - Daniel Matos<\/title>\n<meta name=\"robots\" content=\"index, follow, max-snippet:-1, max-image-preview:large, max-video-preview:-1\" \/>\n<link rel=\"canonical\" href=\"https:\/\/www.blogsoestado.com\/danielmatos\/deputados-reforcam-pautas-em-prol-das-cidades-no-1o-congresso-do-municipalismo-maranhense\/\" \/>\n<meta property=\"og:locale\" content=\"pt_BR\" \/>\n<meta property=\"og:type\" content=\"article\" \/>\n<meta property=\"og:title\" content=\"Deputados refor\u00e7am pautas em prol das cidades no 1\u00ba Congresso do Municipalismo Maranhense - Daniel Matos\" \/>\n<meta property=\"og:description\" content=\"A presidente da Assembleia Legislativa do Maranh\u00e3o, deputada Iracema Vale (PSB), e os deputados Rafael (PSB) Carlos Lula (PSB), Fernando [&hellip;]\" \/>\n<meta property=\"og:url\" content=\"https:\/\/www.blogsoestado.com\/danielmatos\/deputados-reforcam-pautas-em-prol-das-cidades-no-1o-congresso-do-municipalismo-maranhense\/\" \/>\n<meta property=\"og:site_name\" content=\"Daniel Matos\" \/>\n<meta property=\"article:published_time\" content=\"2023-03-13T21:04:19+00:00\" \/>\n<meta property=\"og:image\" content=\"https:\/\/www.blogsoestado.com\/danielmatos\/files\/2023\/03\/Screenshot_20230313-1758242.png\" \/>\n<meta name=\"twitter:card\" content=\"summary_large_image\" \/>\n<meta name=\"twitter:label1\" content=\"Est. tempo de leitura\" \/>\n\t<meta name=\"twitter:data1\" content=\"3 minutos\" \/>\n<script type=\"application\/ld+json\" class=\"yoast-schema-graph\">{\"@context\":\"https:\/\/schema.org\",\"@graph\":[{\"@type\":\"WebPage\",\"@id\":\"https:\/\/www.blogsoestado.com\/danielmatos\/deputados-reforcam-pautas-em-prol-das-cidades-no-1o-congresso-do-municipalismo-maranhense\/\",\"url\":\"https:\/\/www.blogsoestado.com\/danielmatos\/deputados-reforcam-pautas-em-prol-das-cidades-no-1o-congresso-do-municipalismo-maranhense\/\",\"name\":\"Deputados refor\u00e7am pautas em prol das cidades no 1\u00ba Congresso do Municipalismo Maranhense - Daniel Matos\",\"isPartOf\":{\"@id\":\"https:\/\/www.blogsoestado.com\/danielmatos\/#website\"},\"primaryImageOfPage\":{\"@id\":\"https:\/\/www.blogsoestado.com\/danielmatos\/deputados-reforcam-pautas-em-prol-das-cidades-no-1o-congresso-do-municipalismo-maranhense\/#primaryimage\"},\"image\":{\"@id\":\"https:\/\/www.blogsoestado.com\/danielmatos\/deputados-reforcam-pautas-em-prol-das-cidades-no-1o-congresso-do-municipalismo-maranhense\/#primaryimage\"},\"thumbnailUrl\":\"https:\/\/www.blogsoestado.com\/danielmatos\/files\/2023\/03\/Screenshot_20230313-1758242.png\",\"datePublished\":\"2023-03-13T21:04:19+00:00\",\"author\":{\"@id\":\"\"},\"breadcrumb\":{\"@id\":\"https:\/\/www.blogsoestado.com\/danielmatos\/deputados-reforcam-pautas-em-prol-das-cidades-no-1o-congresso-do-municipalismo-maranhense\/#breadcrumb\"},\"inLanguage\":\"pt-BR\",\"potentialAction\":[{\"@type\":\"ReadAction\",\"target\":[\"https:\/\/www.blogsoestado.com\/danielmatos\/deputados-reforcam-pautas-em-prol-das-cidades-no-1o-congresso-do-municipalismo-maranhense\/\"]}]},{\"@type\":\"ImageObject\",\"inLanguage\":\"pt-BR\",\"@id\":\"https:\/\/www.blogsoestado.com\/danielmatos\/deputados-reforcam-pautas-em-prol-das-cidades-no-1o-congresso-do-municipalismo-maranhense\/#primaryimage\",\"url\":\"https:\/\/www.blogsoestado.com\/danielmatos\/files\/2023\/03\/Screenshot_20230313-1758242.png\",\"contentUrl\":\"https:\/\/www.blogsoestado.com\/danielmatos\/files\/2023\/03\/Screenshot_20230313-1758242.png\"},{\"@type\":\"BreadcrumbList\",\"@id\":\"https:\/\/www.blogsoestado.com\/danielmatos\/deputados-reforcam-pautas-em-prol-das-cidades-no-1o-congresso-do-municipalismo-maranhense\/#breadcrumb\",\"itemListElement\":[{\"@type\":\"ListItem\",\"position\":1,\"name\":\"In\u00edcio\",\"item\":\"https:\/\/www.blogsoestado.com\/danielmatos\/\"},{\"@type\":\"ListItem\",\"position\":2,\"name\":\"Deputados refor\u00e7am pautas em prol das cidades no 1\u00ba Congresso do Municipalismo Maranhense\"}]},{\"@type\":\"WebSite\",\"@id\":\"https:\/\/www.blogsoestado.com\/danielmatos\/#website\",\"url\":\"https:\/\/www.blogsoestado.com\/danielmatos\/\",\"name\":\"Daniel Matos\",\"description\":\"\",\"potentialAction\":[{\"@type\":\"SearchAction\",\"target\":{\"@type\":\"EntryPoint\",\"urlTemplate\":\"https:\/\/www.blogsoestado.com\/danielmatos\/?s={search_term_string}\"},\"query-input\":{\"@type\":\"PropertyValueSpecification\",\"valueRequired\":true,\"valueName\":\"search_term_string\"}}],\"inLanguage\":\"pt-BR\"}]}<\/script>\n<!-- \/ Yoast SEO plugin. -->","yoast_head_json":{"title":"Deputados refor\u00e7am pautas em prol das cidades no 1\u00ba Congresso do Municipalismo Maranhense - Daniel Matos","robots":{"index":"index","follow":"follow","max-snippet":"max-snippet:-1","max-image-preview":"max-image-preview:large","max-video-preview":"max-video-preview:-1"},"canonical":"https:\/\/www.blogsoestado.com\/danielmatos\/deputados-reforcam-pautas-em-prol-das-cidades-no-1o-congresso-do-municipalismo-maranhense\/","og_locale":"pt_BR","og_type":"article","og_title":"Deputados refor\u00e7am pautas em prol das cidades no 1\u00ba Congresso do Municipalismo Maranhense - Daniel Matos","og_description":"A presidente da Assembleia Legislativa do Maranh\u00e3o, deputada Iracema Vale (PSB), e os deputados Rafael (PSB) Carlos Lula (PSB), Fernando [&hellip;]","og_url":"https:\/\/www.blogsoestado.com\/danielmatos\/deputados-reforcam-pautas-em-prol-das-cidades-no-1o-congresso-do-municipalismo-maranhense\/","og_site_name":"Daniel Matos","article_published_time":"2023-03-13T21:04:19+00:00","og_image":[{"url":"https:\/\/www.blogsoestado.com\/danielmatos\/files\/2023\/03\/Screenshot_20230313-1758242.png","type":"","width":"","height":""}],"twitter_card":"summary_large_image","twitter_misc":{"Est. tempo de leitura":"3 minutos"},"schema":{"@context":"https:\/\/schema.org","@graph":[{"@type":"WebPage","@id":"https:\/\/www.blogsoestado.com\/danielmatos\/deputados-reforcam-pautas-em-prol-das-cidades-no-1o-congresso-do-municipalismo-maranhense\/","url":"https:\/\/www.blogsoestado.com\/danielmatos\/deputados-reforcam-pautas-em-prol-das-cidades-no-1o-congresso-do-municipalismo-maranhense\/","name":"Deputados refor\u00e7am pautas em prol das cidades no 1\u00ba Congresso do Municipalismo Maranhense - Daniel Matos","isPartOf":{"@id":"https:\/\/www.blogsoestado.com\/danielmatos\/#website"},"primaryImageOfPage":{"@id":"https:\/\/www.blogsoestado.com\/danielmatos\/deputados-reforcam-pautas-em-prol-das-cidades-no-1o-congresso-do-municipalismo-maranhense\/#primaryimage"},"image":{"@id":"https:\/\/www.blogsoestado.com\/danielmatos\/deputados-reforcam-pautas-em-prol-das-cidades-no-1o-congresso-do-municipalismo-maranhense\/#primaryimage"},"thumbnailUrl":"https:\/\/www.blogsoestado.com\/danielmatos\/files\/2023\/03\/Screenshot_20230313-1758242.png","datePublished":"2023-03-13T21:04:19+00:00","author":{"@id":""},"breadcrumb":{"@id":"https:\/\/www.blogsoestado.com\/danielmatos\/deputados-reforcam-pautas-em-prol-das-cidades-no-1o-congresso-do-municipalismo-maranhense\/#breadcrumb"},"inLanguage":"pt-BR","potentialAction":[{"@type":"ReadAction","target":["https:\/\/www.blogsoestado.com\/danielmatos\/deputados-reforcam-pautas-em-prol-das-cidades-no-1o-congresso-do-municipalismo-maranhense\/"]}]},{"@type":"ImageObject","inLanguage":"pt-BR","@id":"https:\/\/www.blogsoestado.com\/danielmatos\/deputados-reforcam-pautas-em-prol-das-cidades-no-1o-congresso-do-municipalismo-maranhense\/#primaryimage","url":"https:\/\/www.blogsoestado.com\/danielmatos\/files\/2023\/03\/Screenshot_20230313-1758242.png","contentUrl":"https:\/\/www.blogsoestado.com\/danielmatos\/files\/2023\/03\/Screenshot_20230313-1758242.png"},{"@type":"BreadcrumbList","@id":"https:\/\/www.blogsoestado.com\/danielmatos\/deputados-reforcam-pautas-em-prol-das-cidades-no-1o-congresso-do-municipalismo-maranhense\/#breadcrumb","itemListElement":[{"@type":"ListItem","position":1,"name":"In\u00edcio","item":"https:\/\/www.blogsoestado.com\/danielmatos\/"},{"@type":"ListItem","position":2,"name":"Deputados refor\u00e7am pautas em prol das cidades no 1\u00ba Congresso do Municipalismo Maranhense"}]},{"@type":"WebSite","@id":"https:\/\/www.blogsoestado.com\/danielmatos\/#website","url":"https:\/\/www.blogsoestado.com\/danielmatos\/","name":"Daniel Matos","description":"","potentialAction":[{"@type":"SearchAction","target":{"@type":"EntryPoint","urlTemplate":"https:\/\/www.blogsoestado.com\/danielmatos\/?s={search_term_string}"},"query-input":{"@type":"PropertyValueSpecification","valueRequired":true,"valueName":"search_term_string"}}],"inLanguage":"pt-BR"}]}},"jetpack_featured_media_url":"","_links":{"self":[{"href":"https:\/\/www.blogsoestado.com\/danielmatos\/wp-json\/wp\/v2\/posts\/107010","targetHints":{"allow":["GET"]}}],"collection":[{"href":"https:\/\/www.blogsoestado.com\/danielmatos\/wp-json\/wp\/v2\/posts"}],"about":[{"href":"https:\/\/www.blogsoestado.com\/danielmatos\/wp-json\/wp\/v2\/types\/post"}],"replies":[{"embeddable":true,"href":"https:\/\/www.blogsoestado.com\/danielmatos\/wp-json\/wp\/v2\/comments?post=107010"}],"version-history":[{"count":0,"href":"https:\/\/www.blogsoestado.com\/danielmatos\/wp-json\/wp\/v2\/posts\/107010\/revisions"}],"wp:attachment":[{"href":"https:\/\/www.blogsoestado.com\/danielmatos\/wp-json\/wp\/v2\/media?parent=107010"}],"wp:term":[{"taxonomy":"category","embeddable":true,"href":"https:\/\/www.blogsoestado.com\/danielmatos\/wp-json\/wp\/v2\/categories?post=107010"},{"taxonomy":"post_tag","embeddable":true,"href":"https:\/\/www.blogsoestado.com\/danielmatos\/wp-json\/wp\/v2\/tags?post=107010"}],"curies":[{"name":"wp","href":"https:\/\/api.w.org\/{rel}","templated":true}]}}