{"id":107022,"date":"2023-03-13T22:40:39","date_gmt":"2023-03-14T01:40:39","guid":{"rendered":"https:\/\/www.blogsoestado.com\/danielmatos\/?p=107022"},"modified":"2023-03-13T22:40:39","modified_gmt":"2023-03-14T01:40:39","slug":"sebrae-famem-e-governo-do-estado-celebram-parceria-para-fortalecer-o-desenvolvimento-do-maranhao","status":"publish","type":"post","link":"https:\/\/www.blogsoestado.com\/danielmatos\/sebrae-famem-e-governo-do-estado-celebram-parceria-para-fortalecer-o-desenvolvimento-do-maranhao\/","title":{"rendered":"Sebrae, Famem e Governo do Estado celebram parceria para fortalecer o desenvolvimento do Maranh\u00e3o"},"content":{"rendered":"\n<p>\u00a0<strong><span class=\"has-inline-color has-vivid-red-color\">Assinatura de dois Termos de Coopera\u00e7\u00e3o T\u00e9cnicos entre as partes aconteceu durante o 1\u00ba Congresso Estadual do Municipalismo Maranhense<\/span><\/strong><\/p>\n\n\n\n<div class=\"wp-block-image\"><figure class=\"aligncenter size-large\"><a href=\"https:\/\/www.blogsoestado.com\/danielmatos\/files\/2023\/03\/Screenshot_20230313-2236002.png\"><img decoding=\"async\" src=\"https:\/\/www.blogsoestado.com\/danielmatos\/files\/2023\/03\/Screenshot_20230313-2236002.png\" alt=\"\" class=\"wp-image-107023\"\/><\/a><figcaption>O presidente do Conselho Deliberativo do Sebrae Estadual, com o governador Carlos Brand\u00e3o, o presidente da Famem, Ivo Rezende e o secret\u00e1rio da Ind\u00fastria e Com\u00e9rcio, J\u00fanior Marreca.<\/figcaption><\/figure><\/div>\n\n\n\n<p>Durante a abertura do 1\u00ba Congresso Estadual do Municipalismo Maranhense, na manh\u00e3 desta segunda-feira, 13, o Sebrae assinou duas parcerias a favor do desenvolvimento do Maranh\u00e3o \u2013 um Termo de Coopera\u00e7\u00e3o T\u00e9cnica com a Federa\u00e7\u00e3o dos Munic\u00edpios do Estado do Maranh\u00e3o (Famem), com foco na expans\u00e3o do ambiente legal para os pequenos neg\u00f3cios, e o segundo com o Governo do Estado, que renovou o conv\u00eanio do Programa Cidade Empreendedora para lev\u00e1-lo para mais 70 munic\u00edpios maranhenses.\u00a0\u00a0\u00a0<\/p>\n\n\n\n<p>Para o Termo de Coopera\u00e7\u00e3o T\u00e9cnica com a Famem o foco \u00e9 a garantia dos direitos constitucionais, expressos na Lei Geral da Micro e Pequena Empresa (LC 123\/2006) e seus complementos, e que est\u00e3o diretamente atrelados a uma boa gest\u00e3o p\u00fablica.&nbsp;<\/p>\n\n\n\n<p>Assinaram o documento, que tem prazo de vig\u00eancia de dois anos, o presidente da Famem, Ivo Rezende (prefeito de S\u00e3o Mateus) e o presidente do Conselho Deliberativo do Sebrae estadual, Celso Gon\u00e7alo, em solenidade que contou com a presen\u00e7a do governador do Estado, Carlos Brand\u00e3o e a nova equipe de secret\u00e1rios estaduais, al\u00e9m de parlamentares, representantes do judici\u00e1rio, prefeitos, vice-prefeitos, ex-prefeitos, vereadores e imprensa. O 1\u00ba Congresso Estadual do Municipalismo Maranhense acontece at\u00e9 esta ter\u00e7a-feira, 14, no Centro de Conven\u00e7\u00f5es Pedro Neiva de Santana.<\/p>\n\n\n\n<p>&nbsp;\u201cO Sebrae \u00e9 uma institui\u00e7\u00e3o que sempre est\u00e1 presente nos munic\u00edpios maranhenses, sendo um grande aliado para a gest\u00e3o p\u00fablica e para a economia local. Precisamos estar juntos e recebermos suporte de quem quer contribuir para que nossos munic\u00edpios cres\u00e7am e evoluam. Estamos vivendo um momento \u00edmpar para a municipalidade maranhense e somente juntos poderemos fortalecer o nosso Pa\u00eds, o nosso estado e os nossos munic\u00edpios\u201d, destacou o presidente da Famem, Ivo Rezende.<\/p>\n\n\n\n<p>Para o presidente do Conselho Deliberativo do Sebrae, Celso Gon\u00e7alo, a parceria com a Famem \u00e9 de suma import\u00e2ncia para que o Sebrae reforce a sua atua\u00e7\u00e3o nos munic\u00edpios maranhenses, tendo a gest\u00e3o p\u00fablica como grande aliada. \u201cEste \u00e9 um evento de suma import\u00e2ncia, onde temos aqui a for\u00e7a da municipalidade maranhense reunida. N\u00e3o apenas n\u00f3s, dirigentes, estamos presentes, mas nossa equipe t\u00e9cnica do Sebrae est\u00e1 aqui, pronta para ouvir os munic\u00edpios e, assim, subsidi\u00e1-los no que precisarem\u201d, colocou.&nbsp;&nbsp;<\/p>\n\n\n\n<p><strong>Fomento ao empreendedorismo<\/strong><\/p>\n\n\n\n<p>Dentre as a\u00e7\u00f5es que o Sebrae se prop\u00f5e a realizar pelo Termo de Coopera\u00e7\u00e3o assinado com a Famem est\u00e1 a expans\u00e3o da cultura empreendedora nos munic\u00edpios; o est\u00edmulo \u00e0 melhoria da qualidade das gest\u00f5es municipais; o incentivo \u00e0 implementa\u00e7\u00e3o da Lei Geral da Micro e Pequena Empresa para concess\u00e3o de tratamento favorecido e diferenciado aos empreendimentos locais de pequeno porte; a inser\u00e7\u00e3o desses empreendimentos nas compras p\u00fablicas; o desenvolvimento das lideran\u00e7as (prefeitos), contemplando o aprimoramento da contextualiza\u00e7\u00e3o pol\u00edtica e administrativa para o desenvolvimento do territ\u00f3rio, dentre outras.&nbsp;<\/p>\n\n\n\n<p>\u201cEsta parceria com a&nbsp; Famem possibilitar\u00e1 que as a\u00e7\u00f5es a favor dos munic\u00edpios cheguem cada vez mais at\u00e9 os territ\u00f3rios e tenhamos uma presen\u00e7a cada vez mais forte como institui\u00e7\u00e3o de fomento ao empreendedorismo e, assim, possamos ampliar o atendimento aos empreendedores em todo o estado, envolvendo ainda as Salas do Empreendedor, os agentes de desenvolvimento e uma s\u00e9rie de a\u00e7\u00f5es que fazem parte dessa parceria, nessa perspectiva de alcan\u00e7armos cada vez mais pessoas, munic\u00edpios e, claro, focando no desenvolvimento dos pequenos neg\u00f3cios e nos empreendedores de nosso estado\u201d, apontou o diretor t\u00e9cnico do Sebrae Maranh\u00e3o, Mauro Borralho.&nbsp;<\/p>\n\n\n\n<p><strong>Governador Carlos Brand\u00e3o renova conv\u00eanio do Cidade Empreendedora&nbsp;&nbsp;<\/strong><\/p>\n\n\n\n<p>Durante o 1\u00ba Congresso Estadual do Municipalismo Maranhense, o governador Carlos Brand\u00e3o assinou o conv\u00eanio com o Sebrae estendendo a parceria do programa Cidade Empreendedora \u2013 que em 2022, atendeu a 53 munic\u00edpios maranhenses. Para esta fase, a parceria ser\u00e1 levada, em um primeiro momento, para outros 70 munic\u00edpios.&nbsp;<\/p>\n\n\n\n<p>\u201cO nosso desejo de ampliar esse programa para todos os 217 munic\u00edpios maranhenses chegou e buscamos, junto ao Sebrae, uma maneira de levar o Cidade Empreendedora para todo o nosso Maranh\u00e3o, de forma a assegurar que as cidades sejam empreendedoras e desenvolvam as suas potencialidades, contribuindo para a economia do estado\u201d, declarou o governador Carlos Brand\u00e3o.&nbsp;<\/p>\n\n\n\n<p>Para o diretor superintendente do Sebrae Maranh\u00e3o, Albertino Leal, o evento da Famem marcou duas importantes parcerias a favor da cultura empreendedora, do desenvolvimento e da municipalidade maranhense. \u201cTemos a Federa\u00e7\u00e3o dos Munic\u00edpios Maranhenses de um lado e o Governo do Estado de outro como parceiros para refor\u00e7ar a miss\u00e3o do Sebrae em apoiar os pequenos neg\u00f3cios e o desenvolvimento do estado. O Cidade Empreendedora j\u00e1 conseguiu promover mudan\u00e7as significativas e a expectativa \u00e9 que continuemos nesse percurso promissor para que os munic\u00edpios possam ter um ambiente mais favor\u00e1vel e mais oportunidades para quem neles mora, trabalha, monta seus neg\u00f3cios e realiza seus sonhos\u201d, finaliza o executivo.<\/p>\n","protected":false},"excerpt":{"rendered":"<p>\u00a0Assinatura de dois Termos de Coopera\u00e7\u00e3o T\u00e9cnicos entre as partes aconteceu durante o 1\u00ba Congresso Estadual do Municipalismo Maranhense Durante [&hellip;]<\/p>\n","protected":false},"author":0,"featured_media":0,"comment_status":"open","ping_status":"open","sticky":false,"template":"","format":"standard","meta":{"site-sidebar-layout":"default","site-content-layout":"","ast-site-content-layout":"default","site-content-style":"default","site-sidebar-style":"default","ast-global-header-display":"","ast-banner-title-visibility":"","ast-main-header-display":"","ast-hfb-above-header-display":"","ast-hfb-below-header-display":"","ast-hfb-mobile-header-display":"","site-post-title":"","ast-breadcrumbs-content":"","ast-featured-img":"","footer-sml-layout":"","ast-disable-related-posts":"","theme-transparent-header-meta":"","adv-header-id-meta":"","stick-header-meta":"","header-above-stick-meta":"","header-main-stick-meta":"","header-below-stick-meta":"","astra-migrate-meta-layouts":"default","ast-page-background-enabled":"default","ast-page-background-meta":{"desktop":{"background-color":"var(--ast-global-color-5)","background-image":"","background-repeat":"repeat","background-position":"center center","background-size":"auto","background-attachment":"scroll","background-type":"","background-media":"","overlay-type":"","overlay-color":"","overlay-opacity":"","overlay-gradient":""},"tablet":{"background-color":"","background-image":"","background-repeat":"repeat","background-position":"center center","background-size":"auto","background-attachment":"scroll","background-type":"","background-media":"","overlay-type":"","overlay-color":"","overlay-opacity":"","overlay-gradient":""},"mobile":{"background-color":"","background-image":"","background-repeat":"repeat","background-position":"center center","background-size":"auto","background-attachment":"scroll","background-type":"","background-media":"","overlay-type":"","overlay-color":"","overlay-opacity":"","overlay-gradient":""}},"ast-content-background-meta":{"desktop":{"background-color":"var(--ast-global-color-4)","background-image":"","background-repeat":"repeat","background-position":"center center","background-size":"auto","background-attachment":"scroll","background-type":"","background-media":"","overlay-type":"","overlay-color":"","overlay-opacity":"","overlay-gradient":""},"tablet":{"background-color":"var(--ast-global-color-4)","background-image":"","background-repeat":"repeat","background-position":"center center","background-size":"auto","background-attachment":"scroll","background-type":"","background-media":"","overlay-type":"","overlay-color":"","overlay-opacity":"","overlay-gradient":""},"mobile":{"background-color":"var(--ast-global-color-4)","background-image":"","background-repeat":"repeat","background-position":"center center","background-size":"auto","background-attachment":"scroll","background-type":"","background-media":"","overlay-type":"","overlay-color":"","overlay-opacity":"","overlay-gradient":""}},"footnotes":""},"categories":[1],"tags":[],"class_list":["post-107022","post","type-post","status-publish","format-standard","hentry","category-sem-categoria"],"yoast_head":"<!-- This site is optimized with the Yoast SEO plugin v26.6 - https:\/\/yoast.com\/wordpress\/plugins\/seo\/ -->\n<title>Sebrae, Famem e Governo do Estado celebram parceria para fortalecer o desenvolvimento do Maranh\u00e3o - Daniel Matos<\/title>\n<meta name=\"robots\" content=\"index, follow, max-snippet:-1, max-image-preview:large, max-video-preview:-1\" \/>\n<link rel=\"canonical\" href=\"https:\/\/www.blogsoestado.com\/danielmatos\/sebrae-famem-e-governo-do-estado-celebram-parceria-para-fortalecer-o-desenvolvimento-do-maranhao\/\" \/>\n<meta property=\"og:locale\" content=\"pt_BR\" \/>\n<meta property=\"og:type\" content=\"article\" \/>\n<meta property=\"og:title\" content=\"Sebrae, Famem e Governo do Estado celebram parceria para fortalecer o desenvolvimento do Maranh\u00e3o - Daniel Matos\" \/>\n<meta property=\"og:description\" content=\"\u00a0Assinatura de dois Termos de Coopera\u00e7\u00e3o T\u00e9cnicos entre as partes aconteceu durante o 1\u00ba Congresso Estadual do Municipalismo Maranhense Durante [&hellip;]\" \/>\n<meta property=\"og:url\" content=\"https:\/\/www.blogsoestado.com\/danielmatos\/sebrae-famem-e-governo-do-estado-celebram-parceria-para-fortalecer-o-desenvolvimento-do-maranhao\/\" \/>\n<meta property=\"og:site_name\" content=\"Daniel Matos\" \/>\n<meta property=\"article:published_time\" content=\"2023-03-14T01:40:39+00:00\" \/>\n<meta property=\"og:image\" content=\"https:\/\/www.blogsoestado.com\/danielmatos\/files\/2023\/03\/Screenshot_20230313-2236002.png\" \/>\n<meta name=\"twitter:card\" content=\"summary_large_image\" \/>\n<meta name=\"twitter:label1\" content=\"Est. tempo de leitura\" \/>\n\t<meta name=\"twitter:data1\" content=\"4 minutos\" \/>\n<script type=\"application\/ld+json\" class=\"yoast-schema-graph\">{\"@context\":\"https:\/\/schema.org\",\"@graph\":[{\"@type\":\"WebPage\",\"@id\":\"https:\/\/www.blogsoestado.com\/danielmatos\/sebrae-famem-e-governo-do-estado-celebram-parceria-para-fortalecer-o-desenvolvimento-do-maranhao\/\",\"url\":\"https:\/\/www.blogsoestado.com\/danielmatos\/sebrae-famem-e-governo-do-estado-celebram-parceria-para-fortalecer-o-desenvolvimento-do-maranhao\/\",\"name\":\"Sebrae, Famem e Governo do Estado celebram parceria para fortalecer o desenvolvimento do Maranh\u00e3o - Daniel Matos\",\"isPartOf\":{\"@id\":\"https:\/\/www.blogsoestado.com\/danielmatos\/#website\"},\"primaryImageOfPage\":{\"@id\":\"https:\/\/www.blogsoestado.com\/danielmatos\/sebrae-famem-e-governo-do-estado-celebram-parceria-para-fortalecer-o-desenvolvimento-do-maranhao\/#primaryimage\"},\"image\":{\"@id\":\"https:\/\/www.blogsoestado.com\/danielmatos\/sebrae-famem-e-governo-do-estado-celebram-parceria-para-fortalecer-o-desenvolvimento-do-maranhao\/#primaryimage\"},\"thumbnailUrl\":\"https:\/\/www.blogsoestado.com\/danielmatos\/files\/2023\/03\/Screenshot_20230313-2236002.png\",\"datePublished\":\"2023-03-14T01:40:39+00:00\",\"author\":{\"@id\":\"\"},\"breadcrumb\":{\"@id\":\"https:\/\/www.blogsoestado.com\/danielmatos\/sebrae-famem-e-governo-do-estado-celebram-parceria-para-fortalecer-o-desenvolvimento-do-maranhao\/#breadcrumb\"},\"inLanguage\":\"pt-BR\",\"potentialAction\":[{\"@type\":\"ReadAction\",\"target\":[\"https:\/\/www.blogsoestado.com\/danielmatos\/sebrae-famem-e-governo-do-estado-celebram-parceria-para-fortalecer-o-desenvolvimento-do-maranhao\/\"]}]},{\"@type\":\"ImageObject\",\"inLanguage\":\"pt-BR\",\"@id\":\"https:\/\/www.blogsoestado.com\/danielmatos\/sebrae-famem-e-governo-do-estado-celebram-parceria-para-fortalecer-o-desenvolvimento-do-maranhao\/#primaryimage\",\"url\":\"https:\/\/www.blogsoestado.com\/danielmatos\/files\/2023\/03\/Screenshot_20230313-2236002.png\",\"contentUrl\":\"https:\/\/www.blogsoestado.com\/danielmatos\/files\/2023\/03\/Screenshot_20230313-2236002.png\"},{\"@type\":\"BreadcrumbList\",\"@id\":\"https:\/\/www.blogsoestado.com\/danielmatos\/sebrae-famem-e-governo-do-estado-celebram-parceria-para-fortalecer-o-desenvolvimento-do-maranhao\/#breadcrumb\",\"itemListElement\":[{\"@type\":\"ListItem\",\"position\":1,\"name\":\"In\u00edcio\",\"item\":\"https:\/\/www.blogsoestado.com\/danielmatos\/\"},{\"@type\":\"ListItem\",\"position\":2,\"name\":\"Sebrae, Famem e Governo do Estado celebram parceria para fortalecer o desenvolvimento do Maranh\u00e3o\"}]},{\"@type\":\"WebSite\",\"@id\":\"https:\/\/www.blogsoestado.com\/danielmatos\/#website\",\"url\":\"https:\/\/www.blogsoestado.com\/danielmatos\/\",\"name\":\"Daniel Matos\",\"description\":\"\",\"potentialAction\":[{\"@type\":\"SearchAction\",\"target\":{\"@type\":\"EntryPoint\",\"urlTemplate\":\"https:\/\/www.blogsoestado.com\/danielmatos\/?s={search_term_string}\"},\"query-input\":{\"@type\":\"PropertyValueSpecification\",\"valueRequired\":true,\"valueName\":\"search_term_string\"}}],\"inLanguage\":\"pt-BR\"}]}<\/script>\n<!-- \/ Yoast SEO plugin. -->","yoast_head_json":{"title":"Sebrae, Famem e Governo do Estado celebram parceria para fortalecer o desenvolvimento do Maranh\u00e3o - Daniel Matos","robots":{"index":"index","follow":"follow","max-snippet":"max-snippet:-1","max-image-preview":"max-image-preview:large","max-video-preview":"max-video-preview:-1"},"canonical":"https:\/\/www.blogsoestado.com\/danielmatos\/sebrae-famem-e-governo-do-estado-celebram-parceria-para-fortalecer-o-desenvolvimento-do-maranhao\/","og_locale":"pt_BR","og_type":"article","og_title":"Sebrae, Famem e Governo do Estado celebram parceria para fortalecer o desenvolvimento do Maranh\u00e3o - Daniel Matos","og_description":"\u00a0Assinatura de dois Termos de Coopera\u00e7\u00e3o T\u00e9cnicos entre as partes aconteceu durante o 1\u00ba Congresso Estadual do Municipalismo Maranhense Durante [&hellip;]","og_url":"https:\/\/www.blogsoestado.com\/danielmatos\/sebrae-famem-e-governo-do-estado-celebram-parceria-para-fortalecer-o-desenvolvimento-do-maranhao\/","og_site_name":"Daniel Matos","article_published_time":"2023-03-14T01:40:39+00:00","og_image":[{"url":"https:\/\/www.blogsoestado.com\/danielmatos\/files\/2023\/03\/Screenshot_20230313-2236002.png","type":"","width":"","height":""}],"twitter_card":"summary_large_image","twitter_misc":{"Est. tempo de leitura":"4 minutos"},"schema":{"@context":"https:\/\/schema.org","@graph":[{"@type":"WebPage","@id":"https:\/\/www.blogsoestado.com\/danielmatos\/sebrae-famem-e-governo-do-estado-celebram-parceria-para-fortalecer-o-desenvolvimento-do-maranhao\/","url":"https:\/\/www.blogsoestado.com\/danielmatos\/sebrae-famem-e-governo-do-estado-celebram-parceria-para-fortalecer-o-desenvolvimento-do-maranhao\/","name":"Sebrae, Famem e Governo do Estado celebram parceria para fortalecer o desenvolvimento do Maranh\u00e3o - Daniel Matos","isPartOf":{"@id":"https:\/\/www.blogsoestado.com\/danielmatos\/#website"},"primaryImageOfPage":{"@id":"https:\/\/www.blogsoestado.com\/danielmatos\/sebrae-famem-e-governo-do-estado-celebram-parceria-para-fortalecer-o-desenvolvimento-do-maranhao\/#primaryimage"},"image":{"@id":"https:\/\/www.blogsoestado.com\/danielmatos\/sebrae-famem-e-governo-do-estado-celebram-parceria-para-fortalecer-o-desenvolvimento-do-maranhao\/#primaryimage"},"thumbnailUrl":"https:\/\/www.blogsoestado.com\/danielmatos\/files\/2023\/03\/Screenshot_20230313-2236002.png","datePublished":"2023-03-14T01:40:39+00:00","author":{"@id":""},"breadcrumb":{"@id":"https:\/\/www.blogsoestado.com\/danielmatos\/sebrae-famem-e-governo-do-estado-celebram-parceria-para-fortalecer-o-desenvolvimento-do-maranhao\/#breadcrumb"},"inLanguage":"pt-BR","potentialAction":[{"@type":"ReadAction","target":["https:\/\/www.blogsoestado.com\/danielmatos\/sebrae-famem-e-governo-do-estado-celebram-parceria-para-fortalecer-o-desenvolvimento-do-maranhao\/"]}]},{"@type":"ImageObject","inLanguage":"pt-BR","@id":"https:\/\/www.blogsoestado.com\/danielmatos\/sebrae-famem-e-governo-do-estado-celebram-parceria-para-fortalecer-o-desenvolvimento-do-maranhao\/#primaryimage","url":"https:\/\/www.blogsoestado.com\/danielmatos\/files\/2023\/03\/Screenshot_20230313-2236002.png","contentUrl":"https:\/\/www.blogsoestado.com\/danielmatos\/files\/2023\/03\/Screenshot_20230313-2236002.png"},{"@type":"BreadcrumbList","@id":"https:\/\/www.blogsoestado.com\/danielmatos\/sebrae-famem-e-governo-do-estado-celebram-parceria-para-fortalecer-o-desenvolvimento-do-maranhao\/#breadcrumb","itemListElement":[{"@type":"ListItem","position":1,"name":"In\u00edcio","item":"https:\/\/www.blogsoestado.com\/danielmatos\/"},{"@type":"ListItem","position":2,"name":"Sebrae, Famem e Governo do Estado celebram parceria para fortalecer o desenvolvimento do Maranh\u00e3o"}]},{"@type":"WebSite","@id":"https:\/\/www.blogsoestado.com\/danielmatos\/#website","url":"https:\/\/www.blogsoestado.com\/danielmatos\/","name":"Daniel Matos","description":"","potentialAction":[{"@type":"SearchAction","target":{"@type":"EntryPoint","urlTemplate":"https:\/\/www.blogsoestado.com\/danielmatos\/?s={search_term_string}"},"query-input":{"@type":"PropertyValueSpecification","valueRequired":true,"valueName":"search_term_string"}}],"inLanguage":"pt-BR"}]}},"jetpack_featured_media_url":"","_links":{"self":[{"href":"https:\/\/www.blogsoestado.com\/danielmatos\/wp-json\/wp\/v2\/posts\/107022","targetHints":{"allow":["GET"]}}],"collection":[{"href":"https:\/\/www.blogsoestado.com\/danielmatos\/wp-json\/wp\/v2\/posts"}],"about":[{"href":"https:\/\/www.blogsoestado.com\/danielmatos\/wp-json\/wp\/v2\/types\/post"}],"replies":[{"embeddable":true,"href":"https:\/\/www.blogsoestado.com\/danielmatos\/wp-json\/wp\/v2\/comments?post=107022"}],"version-history":[{"count":0,"href":"https:\/\/www.blogsoestado.com\/danielmatos\/wp-json\/wp\/v2\/posts\/107022\/revisions"}],"wp:attachment":[{"href":"https:\/\/www.blogsoestado.com\/danielmatos\/wp-json\/wp\/v2\/media?parent=107022"}],"wp:term":[{"taxonomy":"category","embeddable":true,"href":"https:\/\/www.blogsoestado.com\/danielmatos\/wp-json\/wp\/v2\/categories?post=107022"},{"taxonomy":"post_tag","embeddable":true,"href":"https:\/\/www.blogsoestado.com\/danielmatos\/wp-json\/wp\/v2\/tags?post=107022"}],"curies":[{"name":"wp","href":"https:\/\/api.w.org\/{rel}","templated":true}]}}