{"id":107025,"date":"2023-03-14T06:00:00","date_gmt":"2023-03-14T09:00:00","guid":{"rendered":"https:\/\/www.blogsoestado.com\/danielmatos\/?p=107025"},"modified":"2023-03-14T06:00:00","modified_gmt":"2023-03-14T09:00:00","slug":"maranhao-tem-7-447-estudantes-inscritos-no-fies","status":"publish","type":"post","link":"https:\/\/www.blogsoestado.com\/danielmatos\/maranhao-tem-7-447-estudantes-inscritos-no-fies\/","title":{"rendered":"Maranh\u00e3o tem 7.447 estudantes inscritos no Fies"},"content":{"rendered":"\n<p><strong><span class=\"has-inline-color has-vivid-red-color\">No estado, 6.358 candidatos ficaram de fora da concorr\u00eancia ao financiamento por n\u00e3o terem conclu\u00eddo todas as etapas do processo de inscri\u00e7\u00e3o<\/span><\/strong><\/p>\n\n\n\n<div class=\"wp-block-image\"><figure class=\"aligncenter size-large\"><a href=\"https:\/\/www.blogsoestado.com\/danielmatos\/files\/2023\/03\/Screenshot_20230314-0055222.png\"><img decoding=\"async\" src=\"https:\/\/www.blogsoestado.com\/danielmatos\/files\/2023\/03\/Screenshot_20230314-0055222.png\" alt=\"\" class=\"wp-image-107029\"\/><\/a><\/figure><\/div>\n\n\n\n<p>O Maranh\u00e3o tem 7.447 candidatos inscritos no Fundo de Financiamento Estudantil (Fies) do primeiro semestre de 2023. Ao todo, 13.805 estudantes, no estado, iniciaram o processo de inscri\u00e7\u00e3o, mas 6.358 n\u00e3o conclu\u00edram todas as etapas. O prazo para confirma\u00e7\u00e3o foi encerrado no \u00faltimo dia 10, \u00e0s 23h59 com 205.177 candidatos inscritos em todo o Brasil.<\/p>\n\n\n\n<p>No ranking nacional do n\u00famero de inscritos no Fies, o Maranh\u00e3o ocupa a 10\u00aa posi\u00e7\u00e3o. Em rela\u00e7\u00e3o \u00e0 regi\u00e3o Nordeste, o estado \u00e9 o quinto, atr\u00e1s da Bahia, Cear\u00e1, Pernambuco e Para\u00edba.<\/p>\n\n\n\n<p>Medicina, direito, enfermagem, odontologia e psicologia foram os cursos mais procurados. Os&nbsp;dados finais foram apurados ap\u00f3s o fechamento do processo seletivo, na&nbsp;sexta-feira (10), \u00e0s 23h59. Para esta etapa, foram disponibilizadas\u202f67.301\u202fvagas de concess\u00e3o de financiamento.\u202fPara que o candidato concorresse\u202fao financiamento, ele deveria\u202fconcluir todas&nbsp;as&nbsp;etapas&nbsp;do processo, que\u202f\u00e9 a\u202fconfirma\u00e7\u00e3o e&nbsp;efetua\u00e7\u00e3o&nbsp;da inscri\u00e7\u00e3o. A inscri\u00e7\u00e3o s\u00f3\u202f\u00e9&nbsp;computada se&nbsp;o estudante\u202fseguir&nbsp;todas as etapas do processo.\u202f&nbsp;<\/p>\n\n\n\n<p><strong>Pr\u00f3ximos passos&nbsp;<\/strong>\u2013&nbsp;as classifica\u00e7\u00f5es no processo seletivo do Fies&nbsp;s\u00e3o apresentadas\u202fem ordem decrescente, de acordo com as notas obtidas no&nbsp;Exame Nacional do Ensino M\u00e9dio\u202fe demais&nbsp;regras&nbsp;previstas&nbsp;no\u202f<a href=\"http:\/\/portalfies.mec.gov.br\/arquivos\/edital_4_26022023.pdf\" rel=\"noreferrer noopener\" target=\"_blank\">edital<\/a>\u202fdo processo seletivo vigente.\u202fAs etapas&nbsp;de classifica\u00e7\u00e3o e chamadas\u202fdevem ser conferidas\u202fna p\u00e1gina do&nbsp;Programa, no\u202f<a href=\"https:\/\/acessounico.mec.gov.br\/fies\" rel=\"noreferrer noopener\" target=\"_blank\">Portal \u00danico de Acesso ao Ensino Superior<\/a>\u202f. O resultado ser\u00e1 divulgado&nbsp;em&nbsp;14 de mar\u00e7o. \u202fOs candidatos pr\u00e9-selecionados dever\u00e3o complementar a inscri\u00e7\u00e3o entre os dias 15 e 17 de mar\u00e7o.&nbsp;\u202f&nbsp;<\/p>\n\n\n\n<p><strong>Lista de espera<\/strong>&nbsp;\u2013&nbsp;aqueles que n\u00e3o forem selecionados&nbsp;j\u00e1 est\u00e3o disputando, por meio da lista de espera do Fies, as vagas n\u00e3o preenchidas anteriormente. No Fies, a participa\u00e7\u00e3o na lista de espera \u00e9 autom\u00e1tica. Cabe ao candidato ficar atento \u00e0s convoca\u00e7\u00f5es, acessando o sistema de inscri\u00e7\u00e3o do\u202fPrograma.&nbsp;A convoca\u00e7\u00e3o da lista de espera ocorrer\u00e1&nbsp;de 21 de mar\u00e7o a 18 de maio, conforme o\u202f<a href=\"https:\/\/www.in.gov.br\/web\/dou\/-\/edital-n-4-de-26-de-janeiro-de-2023-460510571\" rel=\"noreferrer noopener\" target=\"_blank\">edital<\/a>\u202fdo Fies.&nbsp;<\/p>\n\n\n\n<p><strong>Novo Fies<\/strong>&nbsp;\u2013 o&nbsp;Fundo de Financiamento Estudantil (Fies) deve passar por modifica\u00e7\u00f5es em breve. Horas antes da abertura das inscri\u00e7\u00f5es para o Fies 2023 do primeiro semestre, na segunda-feira (7), o Ministro de Estado da Educa\u00e7\u00e3o, Camilo Santana, anunciou que instituir\u00e1 um Grupo de Trabalho (GT) para promover estudos t\u00e9cnicos relacionados ao financiamento estudantil. A Portaria 390, que oficializa o GT, foi publicada no Di\u00e1rio Oficial da Uni\u00e3o (DOU)&nbsp;na quarta-feira (8).\u202f&nbsp;<\/p>\n\n\n\n<p>Na tabela\u202fa seguir, constam\u202fos dados finais&nbsp;de inscritos e&nbsp;inscri\u00e7\u00f5es por\u202fUnidade da Federa\u00e7\u00e3o (local&nbsp;de&nbsp;oferta do&nbsp;curso):<\/p>\n\n\n\n<div class=\"wp-block-image\"><figure class=\"aligncenter size-large\"><a href=\"https:\/\/www.blogsoestado.com\/danielmatos\/files\/2023\/03\/Screenshot_20230314-0051532.png\"><img decoding=\"async\" src=\"https:\/\/www.blogsoestado.com\/danielmatos\/files\/2023\/03\/Screenshot_20230314-0051532.png\" alt=\"\" class=\"wp-image-107028\"\/><\/a><\/figure><\/div>\n\n\n\n<p>Saiba mais <a href=\"https:\/\/www.gov.br\/mec\/pt-br\/assuntos\/noticias\/fundo-de-financiamento-estudantilfecha-com-205-mil-inscritos\">aqui<\/a>.<\/p>\n","protected":false},"excerpt":{"rendered":"<p>No estado, 6.358 candidatos ficaram de fora da concorr\u00eancia ao financiamento por n\u00e3o terem conclu\u00eddo todas as etapas do processo [&hellip;]<\/p>\n","protected":false},"author":0,"featured_media":0,"comment_status":"open","ping_status":"open","sticky":false,"template":"","format":"standard","meta":{"site-sidebar-layout":"default","site-content-layout":"","ast-site-content-layout":"default","site-content-style":"default","site-sidebar-style":"default","ast-global-header-display":"","ast-banner-title-visibility":"","ast-main-header-display":"","ast-hfb-above-header-display":"","ast-hfb-below-header-display":"","ast-hfb-mobile-header-display":"","site-post-title":"","ast-breadcrumbs-content":"","ast-featured-img":"","footer-sml-layout":"","ast-disable-related-posts":"","theme-transparent-header-meta":"","adv-header-id-meta":"","stick-header-meta":"","header-above-stick-meta":"","header-main-stick-meta":"","header-below-stick-meta":"","astra-migrate-meta-layouts":"default","ast-page-background-enabled":"default","ast-page-background-meta":{"desktop":{"background-color":"var(--ast-global-color-5)","background-image":"","background-repeat":"repeat","background-position":"center center","background-size":"auto","background-attachment":"scroll","background-type":"","background-media":"","overlay-type":"","overlay-color":"","overlay-opacity":"","overlay-gradient":""},"tablet":{"background-color":"","background-image":"","background-repeat":"repeat","background-position":"center center","background-size":"auto","background-attachment":"scroll","background-type":"","background-media":"","overlay-type":"","overlay-color":"","overlay-opacity":"","overlay-gradient":""},"mobile":{"background-color":"","background-image":"","background-repeat":"repeat","background-position":"center center","background-size":"auto","background-attachment":"scroll","background-type":"","background-media":"","overlay-type":"","overlay-color":"","overlay-opacity":"","overlay-gradient":""}},"ast-content-background-meta":{"desktop":{"background-color":"var(--ast-global-color-4)","background-image":"","background-repeat":"repeat","background-position":"center center","background-size":"auto","background-attachment":"scroll","background-type":"","background-media":"","overlay-type":"","overlay-color":"","overlay-opacity":"","overlay-gradient":""},"tablet":{"background-color":"var(--ast-global-color-4)","background-image":"","background-repeat":"repeat","background-position":"center center","background-size":"auto","background-attachment":"scroll","background-type":"","background-media":"","overlay-type":"","overlay-color":"","overlay-opacity":"","overlay-gradient":""},"mobile":{"background-color":"var(--ast-global-color-4)","background-image":"","background-repeat":"repeat","background-position":"center center","background-size":"auto","background-attachment":"scroll","background-type":"","background-media":"","overlay-type":"","overlay-color":"","overlay-opacity":"","overlay-gradient":""}},"footnotes":""},"categories":[1],"tags":[],"class_list":["post-107025","post","type-post","status-publish","format-standard","hentry","category-sem-categoria"],"yoast_head":"<!-- This site is optimized with the Yoast SEO plugin v26.6 - https:\/\/yoast.com\/wordpress\/plugins\/seo\/ -->\n<title>Maranh\u00e3o tem 7.447 estudantes inscritos no Fies - Daniel Matos<\/title>\n<meta name=\"robots\" content=\"index, follow, max-snippet:-1, max-image-preview:large, max-video-preview:-1\" \/>\n<link rel=\"canonical\" href=\"https:\/\/www.blogsoestado.com\/danielmatos\/maranhao-tem-7-447-estudantes-inscritos-no-fies\/\" \/>\n<meta property=\"og:locale\" content=\"pt_BR\" \/>\n<meta property=\"og:type\" content=\"article\" \/>\n<meta property=\"og:title\" content=\"Maranh\u00e3o tem 7.447 estudantes inscritos no Fies - Daniel Matos\" \/>\n<meta property=\"og:description\" content=\"No estado, 6.358 candidatos ficaram de fora da concorr\u00eancia ao financiamento por n\u00e3o terem conclu\u00eddo todas as etapas do processo [&hellip;]\" \/>\n<meta property=\"og:url\" content=\"https:\/\/www.blogsoestado.com\/danielmatos\/maranhao-tem-7-447-estudantes-inscritos-no-fies\/\" \/>\n<meta property=\"og:site_name\" content=\"Daniel Matos\" \/>\n<meta property=\"article:published_time\" content=\"2023-03-14T09:00:00+00:00\" \/>\n<meta property=\"og:image\" content=\"https:\/\/www.blogsoestado.com\/danielmatos\/files\/2023\/03\/Screenshot_20230314-0055222.png\" \/>\n<meta name=\"twitter:card\" content=\"summary_large_image\" \/>\n<meta name=\"twitter:label1\" content=\"Est. tempo de leitura\" \/>\n\t<meta name=\"twitter:data1\" content=\"3 minutos\" \/>\n<script type=\"application\/ld+json\" class=\"yoast-schema-graph\">{\"@context\":\"https:\/\/schema.org\",\"@graph\":[{\"@type\":\"WebPage\",\"@id\":\"https:\/\/www.blogsoestado.com\/danielmatos\/maranhao-tem-7-447-estudantes-inscritos-no-fies\/\",\"url\":\"https:\/\/www.blogsoestado.com\/danielmatos\/maranhao-tem-7-447-estudantes-inscritos-no-fies\/\",\"name\":\"Maranh\u00e3o tem 7.447 estudantes inscritos no Fies - Daniel Matos\",\"isPartOf\":{\"@id\":\"https:\/\/www.blogsoestado.com\/danielmatos\/#website\"},\"primaryImageOfPage\":{\"@id\":\"https:\/\/www.blogsoestado.com\/danielmatos\/maranhao-tem-7-447-estudantes-inscritos-no-fies\/#primaryimage\"},\"image\":{\"@id\":\"https:\/\/www.blogsoestado.com\/danielmatos\/maranhao-tem-7-447-estudantes-inscritos-no-fies\/#primaryimage\"},\"thumbnailUrl\":\"https:\/\/www.blogsoestado.com\/danielmatos\/files\/2023\/03\/Screenshot_20230314-0055222.png\",\"datePublished\":\"2023-03-14T09:00:00+00:00\",\"author\":{\"@id\":\"\"},\"breadcrumb\":{\"@id\":\"https:\/\/www.blogsoestado.com\/danielmatos\/maranhao-tem-7-447-estudantes-inscritos-no-fies\/#breadcrumb\"},\"inLanguage\":\"pt-BR\",\"potentialAction\":[{\"@type\":\"ReadAction\",\"target\":[\"https:\/\/www.blogsoestado.com\/danielmatos\/maranhao-tem-7-447-estudantes-inscritos-no-fies\/\"]}]},{\"@type\":\"ImageObject\",\"inLanguage\":\"pt-BR\",\"@id\":\"https:\/\/www.blogsoestado.com\/danielmatos\/maranhao-tem-7-447-estudantes-inscritos-no-fies\/#primaryimage\",\"url\":\"https:\/\/www.blogsoestado.com\/danielmatos\/files\/2023\/03\/Screenshot_20230314-0055222.png\",\"contentUrl\":\"https:\/\/www.blogsoestado.com\/danielmatos\/files\/2023\/03\/Screenshot_20230314-0055222.png\"},{\"@type\":\"BreadcrumbList\",\"@id\":\"https:\/\/www.blogsoestado.com\/danielmatos\/maranhao-tem-7-447-estudantes-inscritos-no-fies\/#breadcrumb\",\"itemListElement\":[{\"@type\":\"ListItem\",\"position\":1,\"name\":\"In\u00edcio\",\"item\":\"https:\/\/www.blogsoestado.com\/danielmatos\/\"},{\"@type\":\"ListItem\",\"position\":2,\"name\":\"Maranh\u00e3o tem 7.447 estudantes inscritos no Fies\"}]},{\"@type\":\"WebSite\",\"@id\":\"https:\/\/www.blogsoestado.com\/danielmatos\/#website\",\"url\":\"https:\/\/www.blogsoestado.com\/danielmatos\/\",\"name\":\"Daniel Matos\",\"description\":\"\",\"potentialAction\":[{\"@type\":\"SearchAction\",\"target\":{\"@type\":\"EntryPoint\",\"urlTemplate\":\"https:\/\/www.blogsoestado.com\/danielmatos\/?s={search_term_string}\"},\"query-input\":{\"@type\":\"PropertyValueSpecification\",\"valueRequired\":true,\"valueName\":\"search_term_string\"}}],\"inLanguage\":\"pt-BR\"}]}<\/script>\n<!-- \/ Yoast SEO plugin. -->","yoast_head_json":{"title":"Maranh\u00e3o tem 7.447 estudantes inscritos no Fies - Daniel Matos","robots":{"index":"index","follow":"follow","max-snippet":"max-snippet:-1","max-image-preview":"max-image-preview:large","max-video-preview":"max-video-preview:-1"},"canonical":"https:\/\/www.blogsoestado.com\/danielmatos\/maranhao-tem-7-447-estudantes-inscritos-no-fies\/","og_locale":"pt_BR","og_type":"article","og_title":"Maranh\u00e3o tem 7.447 estudantes inscritos no Fies - Daniel Matos","og_description":"No estado, 6.358 candidatos ficaram de fora da concorr\u00eancia ao financiamento por n\u00e3o terem conclu\u00eddo todas as etapas do processo [&hellip;]","og_url":"https:\/\/www.blogsoestado.com\/danielmatos\/maranhao-tem-7-447-estudantes-inscritos-no-fies\/","og_site_name":"Daniel Matos","article_published_time":"2023-03-14T09:00:00+00:00","og_image":[{"url":"https:\/\/www.blogsoestado.com\/danielmatos\/files\/2023\/03\/Screenshot_20230314-0055222.png","type":"","width":"","height":""}],"twitter_card":"summary_large_image","twitter_misc":{"Est. tempo de leitura":"3 minutos"},"schema":{"@context":"https:\/\/schema.org","@graph":[{"@type":"WebPage","@id":"https:\/\/www.blogsoestado.com\/danielmatos\/maranhao-tem-7-447-estudantes-inscritos-no-fies\/","url":"https:\/\/www.blogsoestado.com\/danielmatos\/maranhao-tem-7-447-estudantes-inscritos-no-fies\/","name":"Maranh\u00e3o tem 7.447 estudantes inscritos no Fies - Daniel Matos","isPartOf":{"@id":"https:\/\/www.blogsoestado.com\/danielmatos\/#website"},"primaryImageOfPage":{"@id":"https:\/\/www.blogsoestado.com\/danielmatos\/maranhao-tem-7-447-estudantes-inscritos-no-fies\/#primaryimage"},"image":{"@id":"https:\/\/www.blogsoestado.com\/danielmatos\/maranhao-tem-7-447-estudantes-inscritos-no-fies\/#primaryimage"},"thumbnailUrl":"https:\/\/www.blogsoestado.com\/danielmatos\/files\/2023\/03\/Screenshot_20230314-0055222.png","datePublished":"2023-03-14T09:00:00+00:00","author":{"@id":""},"breadcrumb":{"@id":"https:\/\/www.blogsoestado.com\/danielmatos\/maranhao-tem-7-447-estudantes-inscritos-no-fies\/#breadcrumb"},"inLanguage":"pt-BR","potentialAction":[{"@type":"ReadAction","target":["https:\/\/www.blogsoestado.com\/danielmatos\/maranhao-tem-7-447-estudantes-inscritos-no-fies\/"]}]},{"@type":"ImageObject","inLanguage":"pt-BR","@id":"https:\/\/www.blogsoestado.com\/danielmatos\/maranhao-tem-7-447-estudantes-inscritos-no-fies\/#primaryimage","url":"https:\/\/www.blogsoestado.com\/danielmatos\/files\/2023\/03\/Screenshot_20230314-0055222.png","contentUrl":"https:\/\/www.blogsoestado.com\/danielmatos\/files\/2023\/03\/Screenshot_20230314-0055222.png"},{"@type":"BreadcrumbList","@id":"https:\/\/www.blogsoestado.com\/danielmatos\/maranhao-tem-7-447-estudantes-inscritos-no-fies\/#breadcrumb","itemListElement":[{"@type":"ListItem","position":1,"name":"In\u00edcio","item":"https:\/\/www.blogsoestado.com\/danielmatos\/"},{"@type":"ListItem","position":2,"name":"Maranh\u00e3o tem 7.447 estudantes inscritos no Fies"}]},{"@type":"WebSite","@id":"https:\/\/www.blogsoestado.com\/danielmatos\/#website","url":"https:\/\/www.blogsoestado.com\/danielmatos\/","name":"Daniel Matos","description":"","potentialAction":[{"@type":"SearchAction","target":{"@type":"EntryPoint","urlTemplate":"https:\/\/www.blogsoestado.com\/danielmatos\/?s={search_term_string}"},"query-input":{"@type":"PropertyValueSpecification","valueRequired":true,"valueName":"search_term_string"}}],"inLanguage":"pt-BR"}]}},"jetpack_featured_media_url":"","_links":{"self":[{"href":"https:\/\/www.blogsoestado.com\/danielmatos\/wp-json\/wp\/v2\/posts\/107025","targetHints":{"allow":["GET"]}}],"collection":[{"href":"https:\/\/www.blogsoestado.com\/danielmatos\/wp-json\/wp\/v2\/posts"}],"about":[{"href":"https:\/\/www.blogsoestado.com\/danielmatos\/wp-json\/wp\/v2\/types\/post"}],"replies":[{"embeddable":true,"href":"https:\/\/www.blogsoestado.com\/danielmatos\/wp-json\/wp\/v2\/comments?post=107025"}],"version-history":[{"count":0,"href":"https:\/\/www.blogsoestado.com\/danielmatos\/wp-json\/wp\/v2\/posts\/107025\/revisions"}],"wp:attachment":[{"href":"https:\/\/www.blogsoestado.com\/danielmatos\/wp-json\/wp\/v2\/media?parent=107025"}],"wp:term":[{"taxonomy":"category","embeddable":true,"href":"https:\/\/www.blogsoestado.com\/danielmatos\/wp-json\/wp\/v2\/categories?post=107025"},{"taxonomy":"post_tag","embeddable":true,"href":"https:\/\/www.blogsoestado.com\/danielmatos\/wp-json\/wp\/v2\/tags?post=107025"}],"curies":[{"name":"wp","href":"https:\/\/api.w.org\/{rel}","templated":true}]}}