{"id":107034,"date":"2023-03-14T07:40:56","date_gmt":"2023-03-14T10:40:56","guid":{"rendered":"https:\/\/www.blogsoestado.com\/danielmatos\/?p=107034"},"modified":"2023-03-14T07:40:56","modified_gmt":"2023-03-14T10:40:56","slug":"disputa-eleitoral-para-a-reitoria-da-ufma-se-intensifica","status":"publish","type":"post","link":"https:\/\/www.blogsoestado.com\/danielmatos\/disputa-eleitoral-para-a-reitoria-da-ufma-se-intensifica\/","title":{"rendered":"Disputa eleitoral para a reitoria da UFMA se intensifica"},"content":{"rendered":"\n<p><em><strong><span class=\"has-inline-color has-vivid-red-color\">Com o retorno das aulas marcado para o dia 20 de mar\u00e7o de 2023, tudo indica que a pauta que dominar\u00e1 os debates e atividades acad\u00eamicas ser\u00e1 as elei\u00e7\u00f5es que, segundo informa\u00e7\u00e3o apurada, dever\u00e1 ocorrer entre o final de junho e come\u00e7o de julho<\/span><\/strong><\/em><\/p>\n\n\n\n<div class=\"wp-block-image\"><figure class=\"aligncenter size-large\"><a href=\"https:\/\/www.blogsoestado.com\/danielmatos\/files\/2023\/03\/Screenshot_20230314-0736302.png\"><img decoding=\"async\" src=\"https:\/\/www.blogsoestado.com\/danielmatos\/files\/2023\/03\/Screenshot_20230314-0736302.png\" alt=\"\" class=\"wp-image-107035\"\/><\/a><figcaption>Portal de acesso ao campus da Universidade Federal do Maranh\u00e3o (UFMA), no Bacanga, em S\u00e3o Lu\u00eds <\/figcaption><\/figure><\/div>\n\n\n\n<p>As elei\u00e7\u00f5es para reitor e vice-reitor na UFMA prometem semestre agitado. Com o retorno das aulas marcado para o dia 20 de mar\u00e7o de 2023, tudo indica que a pauta que dominar\u00e1 os debates e atividades acad\u00eamicas ser\u00e1 as elei\u00e7\u00f5es que, segundo informa\u00e7\u00e3o apurada, dever\u00e1 ocorrer entre o final de junho e come\u00e7o de julho.<\/p>\n\n\n\n<p>A \u00faltima publica\u00e7\u00e3o at\u00e9 aqui, muitas mudan\u00e7as ocorreram no cen\u00e1rio pol\u00edtico interno. Tinha-se, naquele momento, uma polariza\u00e7\u00e3o pol\u00edtica entre as candidaturas dos professores Fernando Carvalho \u2013 candidatura do reitor Natalino Salgado \u2013 e as duas alternativas expressas nas candidaturas dos professores Ridvan Fernandes e Isabel Ibarra.<\/p>\n\n\n\n<p>Ap\u00f3s semanas intensas de articula\u00e7\u00f5es pol\u00edticas e debates entre lideran\u00e7as pol\u00edticas, o professor Ridvan Fernandes se retirou da autodenominada \u201cFrente Ampla\u201d. Isso criou um impasse no campo oposicionista, pois com a impossibilidade de uma unidade na \u201coposi\u00e7\u00e3o\u201d, Fernando Carvalho consolidou-se ainda mais como favorito nas elei\u00e7\u00f5es, sobretudo ap\u00f3s apoio do professor Allan Kardec. Todavia, a surpresa foi que com a retirada da \u201cFrente Ampla\u201d, o professor Ridvan Fernandes fez um movimento de alian\u00e7a com o professor Luciano Fa\u00e7anha.<\/p>\n\n\n\n<p><strong>O cen\u00e1rio agora pode ser apresentado da seguinte maneira:<\/strong><\/p>\n\n\n\n<p>1) Fernando Carvalho \u00e9 favorito nas elei\u00e7\u00f5es. Mesmo sendo considerando um candidato \u201cpesado\u201d, \u00e9 apoiado pelo prest\u00edgio e poder do reitor Natalino Salgado. Al\u00e9m disso, o apoio do professor Allan Kardec \u2013 principal lideran\u00e7a da \u201coposi\u00e7\u00e3o\u201d na UFMA \u2013, consolida o amplo favoritismo de Fernando Carvalho. As principais candidaturas \u00e0 vice-reitoria, Leonardo Soares e Zefinha Bentivi, fazem parte do campo da situa\u00e7\u00e3o, mesmo com diferen\u00e7as e apoios de outros setores da universidade. Apuramos que se trata de candidato preferido do PT, PSB e PC do B, o que consolidaria uma articula\u00e7\u00e3o pol\u00edtica com os governos Brand\u00e3o e Lula;<\/p>\n\n\n\n<p>2) Luciano Fa\u00e7anha aparece como o grande oposicionista \u00e0 candidatura da reitoria. Tem o recall das \u00faltimas elei\u00e7\u00f5es que ficou em segundo lugar na consulta para vice-reitoria. Al\u00e9m disso, foi eleito para a dire\u00e7\u00e3o do Centro de Ci\u00eancias Humanas da UFMA. Elei\u00e7\u00e3o, diga-se de passagem, que contou com apoio do reitor Natalino Salgado para venc\u00ea-la. Sua principal for\u00e7a parece estar na composi\u00e7\u00e3o com diversos setores da oposi\u00e7\u00e3o mais org\u00e2nica, tendo o professor Ridvan Fernandes como candidato \u00e0 vice e com apoios importantes de lideran\u00e7as da APRUMA \u2013 Associa\u00e7\u00e3o dos Professores da UFMA. Seu principal desafio \u00e9 se consolidar como um nome de oposi\u00e7\u00e3o. Nestas elei\u00e7\u00f5es, n\u00e3o ter\u00e1 espa\u00e7o para ficar em cima do muro. Ou se \u00e9 oposi\u00e7\u00e3o ou se \u00e9 situa\u00e7\u00e3o;<\/p>\n\n\n\n<p>3) Isabel Ibarra pode ser tratada hoje como terceira for\u00e7a. Tudo indica que corre por fora. N\u00e3o conseguiu articular a oposi\u00e7\u00e3o em torno do seu nome e projeto pol\u00edtico. H\u00e1 desconfian\u00e7as e nega\u00e7\u00f5es de diversos setores da universidade. Ela foi pessoa de confian\u00e7a do reitor Natalino Salgado por mais de 10 anos. Apuramos que ela n\u00e3o consegue se viabilizar como discurso de oposi\u00e7\u00e3o e ter\u00e1 uma candidatura marcada por fortes contradi\u00e7\u00f5es;<\/p>\n\n\n\n<p>4) No que diz respeito \u00e0 disputa eleitoral para vice-reitoria, a polariza\u00e7\u00e3o dever\u00e1 ficar mesmo entre a professora Zefinha Bentivi e o professor Leonardo Soares. A primeira tenta se viabilizar \u201ccolada\u201d no prest\u00edgio do reitor Natalino Salgado. O segundo tenta construir seu nome como algu\u00e9m que pode representar a nova gera\u00e7\u00e3o e o futuro da universidade. Apuramos que n\u00e3o ser\u00e1 surpresa uma eventual vit\u00f3ria do professor Leonardo Soares. Mas a UFMA \u00e9 um ambiente tradicional. O inverso tamb\u00e9m n\u00e3o \u00e9 improv\u00e1vel. O professor Ridvan Fernandes corre por fora. Seu desempenho nas urnas depende da capacidade da candidatura do professor Luciano Fa\u00e7anha ganhar corpo, ao mesmo tempo dele conseguir conquistar a confian\u00e7a da comunidade. \u00c9 hoje bem improv\u00e1vel que tenhamos reitor eleito da situa\u00e7\u00e3o e vice-reitor da oposi\u00e7\u00e3o. Aposta-se mais ou numa vit\u00f3ria completa da situa\u00e7\u00e3o, ou na vit\u00f3ria para reitor e vice-reitor da oposi\u00e7\u00e3o, embora como j\u00e1 adiantamos, a primeira hip\u00f3tese parece ser mais plaus\u00edvel. A conferir.<\/p>\n","protected":false},"excerpt":{"rendered":"<p>Com o retorno das aulas marcado para o dia 20 de mar\u00e7o de 2023, tudo indica que a pauta que [&hellip;]<\/p>\n","protected":false},"author":0,"featured_media":0,"comment_status":"open","ping_status":"open","sticky":false,"template":"","format":"standard","meta":{"site-sidebar-layout":"default","site-content-layout":"","ast-site-content-layout":"default","site-content-style":"default","site-sidebar-style":"default","ast-global-header-display":"","ast-banner-title-visibility":"","ast-main-header-display":"","ast-hfb-above-header-display":"","ast-hfb-below-header-display":"","ast-hfb-mobile-header-display":"","site-post-title":"","ast-breadcrumbs-content":"","ast-featured-img":"","footer-sml-layout":"","ast-disable-related-posts":"","theme-transparent-header-meta":"","adv-header-id-meta":"","stick-header-meta":"","header-above-stick-meta":"","header-main-stick-meta":"","header-below-stick-meta":"","astra-migrate-meta-layouts":"default","ast-page-background-enabled":"default","ast-page-background-meta":{"desktop":{"background-color":"var(--ast-global-color-5)","background-image":"","background-repeat":"repeat","background-position":"center center","background-size":"auto","background-attachment":"scroll","background-type":"","background-media":"","overlay-type":"","overlay-color":"","overlay-opacity":"","overlay-gradient":""},"tablet":{"background-color":"","background-image":"","background-repeat":"repeat","background-position":"center center","background-size":"auto","background-attachment":"scroll","background-type":"","background-media":"","overlay-type":"","overlay-color":"","overlay-opacity":"","overlay-gradient":""},"mobile":{"background-color":"","background-image":"","background-repeat":"repeat","background-position":"center center","background-size":"auto","background-attachment":"scroll","background-type":"","background-media":"","overlay-type":"","overlay-color":"","overlay-opacity":"","overlay-gradient":""}},"ast-content-background-meta":{"desktop":{"background-color":"var(--ast-global-color-4)","background-image":"","background-repeat":"repeat","background-position":"center center","background-size":"auto","background-attachment":"scroll","background-type":"","background-media":"","overlay-type":"","overlay-color":"","overlay-opacity":"","overlay-gradient":""},"tablet":{"background-color":"var(--ast-global-color-4)","background-image":"","background-repeat":"repeat","background-position":"center center","background-size":"auto","background-attachment":"scroll","background-type":"","background-media":"","overlay-type":"","overlay-color":"","overlay-opacity":"","overlay-gradient":""},"mobile":{"background-color":"var(--ast-global-color-4)","background-image":"","background-repeat":"repeat","background-position":"center center","background-size":"auto","background-attachment":"scroll","background-type":"","background-media":"","overlay-type":"","overlay-color":"","overlay-opacity":"","overlay-gradient":""}},"footnotes":""},"categories":[1],"tags":[],"class_list":["post-107034","post","type-post","status-publish","format-standard","hentry","category-sem-categoria"],"yoast_head":"<!-- This site is optimized with the Yoast SEO plugin v26.6 - https:\/\/yoast.com\/wordpress\/plugins\/seo\/ -->\n<title>Disputa eleitoral para a reitoria da UFMA se intensifica - Daniel Matos<\/title>\n<meta name=\"robots\" content=\"index, follow, max-snippet:-1, max-image-preview:large, max-video-preview:-1\" \/>\n<link rel=\"canonical\" href=\"https:\/\/www.blogsoestado.com\/danielmatos\/disputa-eleitoral-para-a-reitoria-da-ufma-se-intensifica\/\" \/>\n<meta property=\"og:locale\" content=\"pt_BR\" \/>\n<meta property=\"og:type\" content=\"article\" \/>\n<meta property=\"og:title\" content=\"Disputa eleitoral para a reitoria da UFMA se intensifica - Daniel Matos\" \/>\n<meta property=\"og:description\" content=\"Com o retorno das aulas marcado para o dia 20 de mar\u00e7o de 2023, tudo indica que a pauta que [&hellip;]\" \/>\n<meta property=\"og:url\" content=\"https:\/\/www.blogsoestado.com\/danielmatos\/disputa-eleitoral-para-a-reitoria-da-ufma-se-intensifica\/\" \/>\n<meta property=\"og:site_name\" content=\"Daniel Matos\" \/>\n<meta property=\"article:published_time\" content=\"2023-03-14T10:40:56+00:00\" \/>\n<meta property=\"og:image\" content=\"https:\/\/www.blogsoestado.com\/danielmatos\/files\/2023\/03\/Screenshot_20230314-0736302.png\" \/>\n<meta name=\"twitter:card\" content=\"summary_large_image\" \/>\n<meta name=\"twitter:label1\" content=\"Est. tempo de leitura\" \/>\n\t<meta name=\"twitter:data1\" content=\"4 minutos\" \/>\n<script type=\"application\/ld+json\" class=\"yoast-schema-graph\">{\"@context\":\"https:\/\/schema.org\",\"@graph\":[{\"@type\":\"WebPage\",\"@id\":\"https:\/\/www.blogsoestado.com\/danielmatos\/disputa-eleitoral-para-a-reitoria-da-ufma-se-intensifica\/\",\"url\":\"https:\/\/www.blogsoestado.com\/danielmatos\/disputa-eleitoral-para-a-reitoria-da-ufma-se-intensifica\/\",\"name\":\"Disputa eleitoral para a reitoria da UFMA se intensifica - Daniel Matos\",\"isPartOf\":{\"@id\":\"https:\/\/www.blogsoestado.com\/danielmatos\/#website\"},\"primaryImageOfPage\":{\"@id\":\"https:\/\/www.blogsoestado.com\/danielmatos\/disputa-eleitoral-para-a-reitoria-da-ufma-se-intensifica\/#primaryimage\"},\"image\":{\"@id\":\"https:\/\/www.blogsoestado.com\/danielmatos\/disputa-eleitoral-para-a-reitoria-da-ufma-se-intensifica\/#primaryimage\"},\"thumbnailUrl\":\"https:\/\/www.blogsoestado.com\/danielmatos\/files\/2023\/03\/Screenshot_20230314-0736302.png\",\"datePublished\":\"2023-03-14T10:40:56+00:00\",\"author\":{\"@id\":\"\"},\"breadcrumb\":{\"@id\":\"https:\/\/www.blogsoestado.com\/danielmatos\/disputa-eleitoral-para-a-reitoria-da-ufma-se-intensifica\/#breadcrumb\"},\"inLanguage\":\"pt-BR\",\"potentialAction\":[{\"@type\":\"ReadAction\",\"target\":[\"https:\/\/www.blogsoestado.com\/danielmatos\/disputa-eleitoral-para-a-reitoria-da-ufma-se-intensifica\/\"]}]},{\"@type\":\"ImageObject\",\"inLanguage\":\"pt-BR\",\"@id\":\"https:\/\/www.blogsoestado.com\/danielmatos\/disputa-eleitoral-para-a-reitoria-da-ufma-se-intensifica\/#primaryimage\",\"url\":\"https:\/\/www.blogsoestado.com\/danielmatos\/files\/2023\/03\/Screenshot_20230314-0736302.png\",\"contentUrl\":\"https:\/\/www.blogsoestado.com\/danielmatos\/files\/2023\/03\/Screenshot_20230314-0736302.png\"},{\"@type\":\"BreadcrumbList\",\"@id\":\"https:\/\/www.blogsoestado.com\/danielmatos\/disputa-eleitoral-para-a-reitoria-da-ufma-se-intensifica\/#breadcrumb\",\"itemListElement\":[{\"@type\":\"ListItem\",\"position\":1,\"name\":\"In\u00edcio\",\"item\":\"https:\/\/www.blogsoestado.com\/danielmatos\/\"},{\"@type\":\"ListItem\",\"position\":2,\"name\":\"Disputa eleitoral para a reitoria da UFMA se intensifica\"}]},{\"@type\":\"WebSite\",\"@id\":\"https:\/\/www.blogsoestado.com\/danielmatos\/#website\",\"url\":\"https:\/\/www.blogsoestado.com\/danielmatos\/\",\"name\":\"Daniel Matos\",\"description\":\"\",\"potentialAction\":[{\"@type\":\"SearchAction\",\"target\":{\"@type\":\"EntryPoint\",\"urlTemplate\":\"https:\/\/www.blogsoestado.com\/danielmatos\/?s={search_term_string}\"},\"query-input\":{\"@type\":\"PropertyValueSpecification\",\"valueRequired\":true,\"valueName\":\"search_term_string\"}}],\"inLanguage\":\"pt-BR\"}]}<\/script>\n<!-- \/ Yoast SEO plugin. -->","yoast_head_json":{"title":"Disputa eleitoral para a reitoria da UFMA se intensifica - Daniel Matos","robots":{"index":"index","follow":"follow","max-snippet":"max-snippet:-1","max-image-preview":"max-image-preview:large","max-video-preview":"max-video-preview:-1"},"canonical":"https:\/\/www.blogsoestado.com\/danielmatos\/disputa-eleitoral-para-a-reitoria-da-ufma-se-intensifica\/","og_locale":"pt_BR","og_type":"article","og_title":"Disputa eleitoral para a reitoria da UFMA se intensifica - Daniel Matos","og_description":"Com o retorno das aulas marcado para o dia 20 de mar\u00e7o de 2023, tudo indica que a pauta que [&hellip;]","og_url":"https:\/\/www.blogsoestado.com\/danielmatos\/disputa-eleitoral-para-a-reitoria-da-ufma-se-intensifica\/","og_site_name":"Daniel Matos","article_published_time":"2023-03-14T10:40:56+00:00","og_image":[{"url":"https:\/\/www.blogsoestado.com\/danielmatos\/files\/2023\/03\/Screenshot_20230314-0736302.png","type":"","width":"","height":""}],"twitter_card":"summary_large_image","twitter_misc":{"Est. tempo de leitura":"4 minutos"},"schema":{"@context":"https:\/\/schema.org","@graph":[{"@type":"WebPage","@id":"https:\/\/www.blogsoestado.com\/danielmatos\/disputa-eleitoral-para-a-reitoria-da-ufma-se-intensifica\/","url":"https:\/\/www.blogsoestado.com\/danielmatos\/disputa-eleitoral-para-a-reitoria-da-ufma-se-intensifica\/","name":"Disputa eleitoral para a reitoria da UFMA se intensifica - Daniel Matos","isPartOf":{"@id":"https:\/\/www.blogsoestado.com\/danielmatos\/#website"},"primaryImageOfPage":{"@id":"https:\/\/www.blogsoestado.com\/danielmatos\/disputa-eleitoral-para-a-reitoria-da-ufma-se-intensifica\/#primaryimage"},"image":{"@id":"https:\/\/www.blogsoestado.com\/danielmatos\/disputa-eleitoral-para-a-reitoria-da-ufma-se-intensifica\/#primaryimage"},"thumbnailUrl":"https:\/\/www.blogsoestado.com\/danielmatos\/files\/2023\/03\/Screenshot_20230314-0736302.png","datePublished":"2023-03-14T10:40:56+00:00","author":{"@id":""},"breadcrumb":{"@id":"https:\/\/www.blogsoestado.com\/danielmatos\/disputa-eleitoral-para-a-reitoria-da-ufma-se-intensifica\/#breadcrumb"},"inLanguage":"pt-BR","potentialAction":[{"@type":"ReadAction","target":["https:\/\/www.blogsoestado.com\/danielmatos\/disputa-eleitoral-para-a-reitoria-da-ufma-se-intensifica\/"]}]},{"@type":"ImageObject","inLanguage":"pt-BR","@id":"https:\/\/www.blogsoestado.com\/danielmatos\/disputa-eleitoral-para-a-reitoria-da-ufma-se-intensifica\/#primaryimage","url":"https:\/\/www.blogsoestado.com\/danielmatos\/files\/2023\/03\/Screenshot_20230314-0736302.png","contentUrl":"https:\/\/www.blogsoestado.com\/danielmatos\/files\/2023\/03\/Screenshot_20230314-0736302.png"},{"@type":"BreadcrumbList","@id":"https:\/\/www.blogsoestado.com\/danielmatos\/disputa-eleitoral-para-a-reitoria-da-ufma-se-intensifica\/#breadcrumb","itemListElement":[{"@type":"ListItem","position":1,"name":"In\u00edcio","item":"https:\/\/www.blogsoestado.com\/danielmatos\/"},{"@type":"ListItem","position":2,"name":"Disputa eleitoral para a reitoria da UFMA se intensifica"}]},{"@type":"WebSite","@id":"https:\/\/www.blogsoestado.com\/danielmatos\/#website","url":"https:\/\/www.blogsoestado.com\/danielmatos\/","name":"Daniel Matos","description":"","potentialAction":[{"@type":"SearchAction","target":{"@type":"EntryPoint","urlTemplate":"https:\/\/www.blogsoestado.com\/danielmatos\/?s={search_term_string}"},"query-input":{"@type":"PropertyValueSpecification","valueRequired":true,"valueName":"search_term_string"}}],"inLanguage":"pt-BR"}]}},"jetpack_featured_media_url":"","_links":{"self":[{"href":"https:\/\/www.blogsoestado.com\/danielmatos\/wp-json\/wp\/v2\/posts\/107034","targetHints":{"allow":["GET"]}}],"collection":[{"href":"https:\/\/www.blogsoestado.com\/danielmatos\/wp-json\/wp\/v2\/posts"}],"about":[{"href":"https:\/\/www.blogsoestado.com\/danielmatos\/wp-json\/wp\/v2\/types\/post"}],"replies":[{"embeddable":true,"href":"https:\/\/www.blogsoestado.com\/danielmatos\/wp-json\/wp\/v2\/comments?post=107034"}],"version-history":[{"count":0,"href":"https:\/\/www.blogsoestado.com\/danielmatos\/wp-json\/wp\/v2\/posts\/107034\/revisions"}],"wp:attachment":[{"href":"https:\/\/www.blogsoestado.com\/danielmatos\/wp-json\/wp\/v2\/media?parent=107034"}],"wp:term":[{"taxonomy":"category","embeddable":true,"href":"https:\/\/www.blogsoestado.com\/danielmatos\/wp-json\/wp\/v2\/categories?post=107034"},{"taxonomy":"post_tag","embeddable":true,"href":"https:\/\/www.blogsoestado.com\/danielmatos\/wp-json\/wp\/v2\/tags?post=107034"}],"curies":[{"name":"wp","href":"https:\/\/api.w.org\/{rel}","templated":true}]}}