{"id":107037,"date":"2023-03-14T08:40:55","date_gmt":"2023-03-14T11:40:55","guid":{"rendered":"https:\/\/www.blogsoestado.com\/danielmatos\/?p=107037"},"modified":"2023-03-14T08:40:55","modified_gmt":"2023-03-14T11:40:55","slug":"pf-cumpre-mandado-em-sao-luis-em-operacao-contra-desembargador-federal-e-filho-advogado-suspeitos-de-ligacao-com-faccao-criminosa","status":"publish","type":"post","link":"https:\/\/www.blogsoestado.com\/danielmatos\/pf-cumpre-mandado-em-sao-luis-em-operacao-contra-desembargador-federal-e-filho-advogado-suspeitos-de-ligacao-com-faccao-criminosa\/","title":{"rendered":"PF cumpre mandado em S\u00e3o Lu\u00eds em opera\u00e7\u00e3o contra desembargador federal e filho advogado suspeitos de liga\u00e7\u00e3o com organiza\u00e7\u00e3o criminosa"},"content":{"rendered":"\n<p><strong><span class=\"has-inline-color has-vivid-red-color\">Se vierem a responder pelos crimes, ambos poder\u00e3o ser condenados a at\u00e9 12 anos de pris\u00e3o<\/span><\/strong><\/p>\n\n\n\n<div class=\"wp-block-image\"><figure class=\"aligncenter size-large\"><a href=\"https:\/\/www.blogsoestado.com\/danielmatos\/files\/2023\/03\/Screenshot_20230314-0835012.png\"><img decoding=\"async\" src=\"https:\/\/www.blogsoestado.com\/danielmatos\/files\/2023\/03\/Screenshot_20230314-0835012.png\" alt=\"\" class=\"wp-image-107039\"\/><\/a><figcaption>Policial federal verifica arquivos de computador em busca de ind\u00edcios da pr\u00e1tica dos crimes investigados<\/figcaption><\/figure><\/div>\n\n\n\n<p>A Pol\u00edcia Federal deflagrou na manh\u00e3 desta ter\u00e7a-feira, 14 de mar\u00e7o, a Opera\u00e7\u00e3o \u201cHabeas Pater\u201d, para combater poss\u00edveis crimes de corrup\u00e7\u00e3o ativa e passiva.<\/p>\n\n\n\n<p>Est\u00e3o sendo cumpridos nove mandados de busca e apreens\u00e3o na cidade de Bras\u00edlia\/DF, sete mandados de busca e apreens\u00e3o em cidade de Belo Horizonte\/MG e um mandado de busca e apreens\u00e3o na cidade de<strong> S\u00e3o Lu\u00eds\/MA.<\/strong><\/p>\n\n\n\n<div class=\"wp-block-image\"><figure class=\"aligncenter size-large\"><a href=\"https:\/\/www.blogsoestado.com\/danielmatos\/files\/2023\/03\/Screenshot_20230314-0832102.png\"><img decoding=\"async\" src=\"https:\/\/www.blogsoestado.com\/danielmatos\/files\/2023\/03\/Screenshot_20230314-0832102.png\" alt=\"\" class=\"wp-image-107038\"\/><\/a><figcaption>Quantia express\u00e3o de dinheiro apreendida durante o cumprimento de um dia mandados expedidos pelo STJ<\/figcaption><\/figure><\/div>\n\n\n\n<p>Os mandados foram expedidos pelo Superior Tribunal de Justi\u00e7a (STJ) para apurar o envolvimento de um desembargador federal e de seu filho, advogado, suspeitos de terem liga\u00e7\u00e3o com investigados da Opera\u00e7\u00e3o Flight Level II, tamb\u00e9m deflagrada hoje pela Pol\u00edcia Federal em Minas Gerais.<\/p>\n\n\n\n<p>Caso pai e filho venham a responder pelos crimes, poder\u00e3o ser condenados a at\u00e9 12 anos de pris\u00e3o.<\/p>\n","protected":false},"excerpt":{"rendered":"<p>Se vierem a responder pelos crimes, ambos poder\u00e3o ser condenados a at\u00e9 12 anos de pris\u00e3o A Pol\u00edcia Federal deflagrou [&hellip;]<\/p>\n","protected":false},"author":0,"featured_media":0,"comment_status":"open","ping_status":"open","sticky":false,"template":"","format":"standard","meta":{"site-sidebar-layout":"default","site-content-layout":"","ast-site-content-layout":"default","site-content-style":"default","site-sidebar-style":"default","ast-global-header-display":"","ast-banner-title-visibility":"","ast-main-header-display":"","ast-hfb-above-header-display":"","ast-hfb-below-header-display":"","ast-hfb-mobile-header-display":"","site-post-title":"","ast-breadcrumbs-content":"","ast-featured-img":"","footer-sml-layout":"","ast-disable-related-posts":"","theme-transparent-header-meta":"","adv-header-id-meta":"","stick-header-meta":"","header-above-stick-meta":"","header-main-stick-meta":"","header-below-stick-meta":"","astra-migrate-meta-layouts":"default","ast-page-background-enabled":"default","ast-page-background-meta":{"desktop":{"background-color":"var(--ast-global-color-5)","background-image":"","background-repeat":"repeat","background-position":"center center","background-size":"auto","background-attachment":"scroll","background-type":"","background-media":"","overlay-type":"","overlay-color":"","overlay-opacity":"","overlay-gradient":""},"tablet":{"background-color":"","background-image":"","background-repeat":"repeat","background-position":"center center","background-size":"auto","background-attachment":"scroll","background-type":"","background-media":"","overlay-type":"","overlay-color":"","overlay-opacity":"","overlay-gradient":""},"mobile":{"background-color":"","background-image":"","background-repeat":"repeat","background-position":"center center","background-size":"auto","background-attachment":"scroll","background-type":"","background-media":"","overlay-type":"","overlay-color":"","overlay-opacity":"","overlay-gradient":""}},"ast-content-background-meta":{"desktop":{"background-color":"var(--ast-global-color-4)","background-image":"","background-repeat":"repeat","background-position":"center center","background-size":"auto","background-attachment":"scroll","background-type":"","background-media":"","overlay-type":"","overlay-color":"","overlay-opacity":"","overlay-gradient":""},"tablet":{"background-color":"var(--ast-global-color-4)","background-image":"","background-repeat":"repeat","background-position":"center center","background-size":"auto","background-attachment":"scroll","background-type":"","background-media":"","overlay-type":"","overlay-color":"","overlay-opacity":"","overlay-gradient":""},"mobile":{"background-color":"var(--ast-global-color-4)","background-image":"","background-repeat":"repeat","background-position":"center center","background-size":"auto","background-attachment":"scroll","background-type":"","background-media":"","overlay-type":"","overlay-color":"","overlay-opacity":"","overlay-gradient":""}},"footnotes":""},"categories":[1],"tags":[],"class_list":["post-107037","post","type-post","status-publish","format-standard","hentry","category-sem-categoria"],"yoast_head":"<!-- This site is optimized with the Yoast SEO plugin v26.6 - https:\/\/yoast.com\/wordpress\/plugins\/seo\/ -->\n<title>PF cumpre mandado em S\u00e3o Lu\u00eds em opera\u00e7\u00e3o contra desembargador federal e filho advogado suspeitos de liga\u00e7\u00e3o com organiza\u00e7\u00e3o criminosa - Daniel Matos<\/title>\n<meta name=\"robots\" content=\"index, follow, max-snippet:-1, max-image-preview:large, max-video-preview:-1\" \/>\n<link rel=\"canonical\" href=\"https:\/\/www.blogsoestado.com\/danielmatos\/pf-cumpre-mandado-em-sao-luis-em-operacao-contra-desembargador-federal-e-filho-advogado-suspeitos-de-ligacao-com-faccao-criminosa\/\" \/>\n<meta property=\"og:locale\" content=\"pt_BR\" \/>\n<meta property=\"og:type\" content=\"article\" \/>\n<meta property=\"og:title\" content=\"PF cumpre mandado em S\u00e3o Lu\u00eds em opera\u00e7\u00e3o contra desembargador federal e filho advogado suspeitos de liga\u00e7\u00e3o com organiza\u00e7\u00e3o criminosa - Daniel Matos\" \/>\n<meta property=\"og:description\" content=\"Se vierem a responder pelos crimes, ambos poder\u00e3o ser condenados a at\u00e9 12 anos de pris\u00e3o A Pol\u00edcia Federal deflagrou [&hellip;]\" \/>\n<meta property=\"og:url\" content=\"https:\/\/www.blogsoestado.com\/danielmatos\/pf-cumpre-mandado-em-sao-luis-em-operacao-contra-desembargador-federal-e-filho-advogado-suspeitos-de-ligacao-com-faccao-criminosa\/\" \/>\n<meta property=\"og:site_name\" content=\"Daniel Matos\" \/>\n<meta property=\"article:published_time\" content=\"2023-03-14T11:40:55+00:00\" \/>\n<meta property=\"og:image\" content=\"https:\/\/www.blogsoestado.com\/danielmatos\/files\/2023\/03\/Screenshot_20230314-0835012.png\" \/>\n<meta name=\"twitter:card\" content=\"summary_large_image\" \/>\n<meta name=\"twitter:label1\" content=\"Est. tempo de leitura\" \/>\n\t<meta name=\"twitter:data1\" content=\"2 minutos\" \/>\n<script type=\"application\/ld+json\" class=\"yoast-schema-graph\">{\"@context\":\"https:\/\/schema.org\",\"@graph\":[{\"@type\":\"WebPage\",\"@id\":\"https:\/\/www.blogsoestado.com\/danielmatos\/pf-cumpre-mandado-em-sao-luis-em-operacao-contra-desembargador-federal-e-filho-advogado-suspeitos-de-ligacao-com-faccao-criminosa\/\",\"url\":\"https:\/\/www.blogsoestado.com\/danielmatos\/pf-cumpre-mandado-em-sao-luis-em-operacao-contra-desembargador-federal-e-filho-advogado-suspeitos-de-ligacao-com-faccao-criminosa\/\",\"name\":\"PF cumpre mandado em S\u00e3o Lu\u00eds em opera\u00e7\u00e3o contra desembargador federal e filho advogado suspeitos de liga\u00e7\u00e3o com organiza\u00e7\u00e3o criminosa - Daniel Matos\",\"isPartOf\":{\"@id\":\"https:\/\/www.blogsoestado.com\/danielmatos\/#website\"},\"primaryImageOfPage\":{\"@id\":\"https:\/\/www.blogsoestado.com\/danielmatos\/pf-cumpre-mandado-em-sao-luis-em-operacao-contra-desembargador-federal-e-filho-advogado-suspeitos-de-ligacao-com-faccao-criminosa\/#primaryimage\"},\"image\":{\"@id\":\"https:\/\/www.blogsoestado.com\/danielmatos\/pf-cumpre-mandado-em-sao-luis-em-operacao-contra-desembargador-federal-e-filho-advogado-suspeitos-de-ligacao-com-faccao-criminosa\/#primaryimage\"},\"thumbnailUrl\":\"https:\/\/www.blogsoestado.com\/danielmatos\/files\/2023\/03\/Screenshot_20230314-0835012.png\",\"datePublished\":\"2023-03-14T11:40:55+00:00\",\"author\":{\"@id\":\"\"},\"breadcrumb\":{\"@id\":\"https:\/\/www.blogsoestado.com\/danielmatos\/pf-cumpre-mandado-em-sao-luis-em-operacao-contra-desembargador-federal-e-filho-advogado-suspeitos-de-ligacao-com-faccao-criminosa\/#breadcrumb\"},\"inLanguage\":\"pt-BR\",\"potentialAction\":[{\"@type\":\"ReadAction\",\"target\":[\"https:\/\/www.blogsoestado.com\/danielmatos\/pf-cumpre-mandado-em-sao-luis-em-operacao-contra-desembargador-federal-e-filho-advogado-suspeitos-de-ligacao-com-faccao-criminosa\/\"]}]},{\"@type\":\"ImageObject\",\"inLanguage\":\"pt-BR\",\"@id\":\"https:\/\/www.blogsoestado.com\/danielmatos\/pf-cumpre-mandado-em-sao-luis-em-operacao-contra-desembargador-federal-e-filho-advogado-suspeitos-de-ligacao-com-faccao-criminosa\/#primaryimage\",\"url\":\"https:\/\/www.blogsoestado.com\/danielmatos\/files\/2023\/03\/Screenshot_20230314-0835012.png\",\"contentUrl\":\"https:\/\/www.blogsoestado.com\/danielmatos\/files\/2023\/03\/Screenshot_20230314-0835012.png\"},{\"@type\":\"BreadcrumbList\",\"@id\":\"https:\/\/www.blogsoestado.com\/danielmatos\/pf-cumpre-mandado-em-sao-luis-em-operacao-contra-desembargador-federal-e-filho-advogado-suspeitos-de-ligacao-com-faccao-criminosa\/#breadcrumb\",\"itemListElement\":[{\"@type\":\"ListItem\",\"position\":1,\"name\":\"In\u00edcio\",\"item\":\"https:\/\/www.blogsoestado.com\/danielmatos\/\"},{\"@type\":\"ListItem\",\"position\":2,\"name\":\"PF cumpre mandado em S\u00e3o Lu\u00eds em opera\u00e7\u00e3o contra desembargador federal e filho advogado suspeitos de liga\u00e7\u00e3o com organiza\u00e7\u00e3o criminosa\"}]},{\"@type\":\"WebSite\",\"@id\":\"https:\/\/www.blogsoestado.com\/danielmatos\/#website\",\"url\":\"https:\/\/www.blogsoestado.com\/danielmatos\/\",\"name\":\"Daniel Matos\",\"description\":\"\",\"potentialAction\":[{\"@type\":\"SearchAction\",\"target\":{\"@type\":\"EntryPoint\",\"urlTemplate\":\"https:\/\/www.blogsoestado.com\/danielmatos\/?s={search_term_string}\"},\"query-input\":{\"@type\":\"PropertyValueSpecification\",\"valueRequired\":true,\"valueName\":\"search_term_string\"}}],\"inLanguage\":\"pt-BR\"}]}<\/script>\n<!-- \/ Yoast SEO plugin. -->","yoast_head_json":{"title":"PF cumpre mandado em S\u00e3o Lu\u00eds em opera\u00e7\u00e3o contra desembargador federal e filho advogado suspeitos de liga\u00e7\u00e3o com organiza\u00e7\u00e3o criminosa - Daniel Matos","robots":{"index":"index","follow":"follow","max-snippet":"max-snippet:-1","max-image-preview":"max-image-preview:large","max-video-preview":"max-video-preview:-1"},"canonical":"https:\/\/www.blogsoestado.com\/danielmatos\/pf-cumpre-mandado-em-sao-luis-em-operacao-contra-desembargador-federal-e-filho-advogado-suspeitos-de-ligacao-com-faccao-criminosa\/","og_locale":"pt_BR","og_type":"article","og_title":"PF cumpre mandado em S\u00e3o Lu\u00eds em opera\u00e7\u00e3o contra desembargador federal e filho advogado suspeitos de liga\u00e7\u00e3o com organiza\u00e7\u00e3o criminosa - Daniel Matos","og_description":"Se vierem a responder pelos crimes, ambos poder\u00e3o ser condenados a at\u00e9 12 anos de pris\u00e3o A Pol\u00edcia Federal deflagrou [&hellip;]","og_url":"https:\/\/www.blogsoestado.com\/danielmatos\/pf-cumpre-mandado-em-sao-luis-em-operacao-contra-desembargador-federal-e-filho-advogado-suspeitos-de-ligacao-com-faccao-criminosa\/","og_site_name":"Daniel Matos","article_published_time":"2023-03-14T11:40:55+00:00","og_image":[{"url":"https:\/\/www.blogsoestado.com\/danielmatos\/files\/2023\/03\/Screenshot_20230314-0835012.png","type":"","width":"","height":""}],"twitter_card":"summary_large_image","twitter_misc":{"Est. tempo de leitura":"2 minutos"},"schema":{"@context":"https:\/\/schema.org","@graph":[{"@type":"WebPage","@id":"https:\/\/www.blogsoestado.com\/danielmatos\/pf-cumpre-mandado-em-sao-luis-em-operacao-contra-desembargador-federal-e-filho-advogado-suspeitos-de-ligacao-com-faccao-criminosa\/","url":"https:\/\/www.blogsoestado.com\/danielmatos\/pf-cumpre-mandado-em-sao-luis-em-operacao-contra-desembargador-federal-e-filho-advogado-suspeitos-de-ligacao-com-faccao-criminosa\/","name":"PF cumpre mandado em S\u00e3o Lu\u00eds em opera\u00e7\u00e3o contra desembargador federal e filho advogado suspeitos de liga\u00e7\u00e3o com organiza\u00e7\u00e3o criminosa - Daniel Matos","isPartOf":{"@id":"https:\/\/www.blogsoestado.com\/danielmatos\/#website"},"primaryImageOfPage":{"@id":"https:\/\/www.blogsoestado.com\/danielmatos\/pf-cumpre-mandado-em-sao-luis-em-operacao-contra-desembargador-federal-e-filho-advogado-suspeitos-de-ligacao-com-faccao-criminosa\/#primaryimage"},"image":{"@id":"https:\/\/www.blogsoestado.com\/danielmatos\/pf-cumpre-mandado-em-sao-luis-em-operacao-contra-desembargador-federal-e-filho-advogado-suspeitos-de-ligacao-com-faccao-criminosa\/#primaryimage"},"thumbnailUrl":"https:\/\/www.blogsoestado.com\/danielmatos\/files\/2023\/03\/Screenshot_20230314-0835012.png","datePublished":"2023-03-14T11:40:55+00:00","author":{"@id":""},"breadcrumb":{"@id":"https:\/\/www.blogsoestado.com\/danielmatos\/pf-cumpre-mandado-em-sao-luis-em-operacao-contra-desembargador-federal-e-filho-advogado-suspeitos-de-ligacao-com-faccao-criminosa\/#breadcrumb"},"inLanguage":"pt-BR","potentialAction":[{"@type":"ReadAction","target":["https:\/\/www.blogsoestado.com\/danielmatos\/pf-cumpre-mandado-em-sao-luis-em-operacao-contra-desembargador-federal-e-filho-advogado-suspeitos-de-ligacao-com-faccao-criminosa\/"]}]},{"@type":"ImageObject","inLanguage":"pt-BR","@id":"https:\/\/www.blogsoestado.com\/danielmatos\/pf-cumpre-mandado-em-sao-luis-em-operacao-contra-desembargador-federal-e-filho-advogado-suspeitos-de-ligacao-com-faccao-criminosa\/#primaryimage","url":"https:\/\/www.blogsoestado.com\/danielmatos\/files\/2023\/03\/Screenshot_20230314-0835012.png","contentUrl":"https:\/\/www.blogsoestado.com\/danielmatos\/files\/2023\/03\/Screenshot_20230314-0835012.png"},{"@type":"BreadcrumbList","@id":"https:\/\/www.blogsoestado.com\/danielmatos\/pf-cumpre-mandado-em-sao-luis-em-operacao-contra-desembargador-federal-e-filho-advogado-suspeitos-de-ligacao-com-faccao-criminosa\/#breadcrumb","itemListElement":[{"@type":"ListItem","position":1,"name":"In\u00edcio","item":"https:\/\/www.blogsoestado.com\/danielmatos\/"},{"@type":"ListItem","position":2,"name":"PF cumpre mandado em S\u00e3o Lu\u00eds em opera\u00e7\u00e3o contra desembargador federal e filho advogado suspeitos de liga\u00e7\u00e3o com organiza\u00e7\u00e3o criminosa"}]},{"@type":"WebSite","@id":"https:\/\/www.blogsoestado.com\/danielmatos\/#website","url":"https:\/\/www.blogsoestado.com\/danielmatos\/","name":"Daniel Matos","description":"","potentialAction":[{"@type":"SearchAction","target":{"@type":"EntryPoint","urlTemplate":"https:\/\/www.blogsoestado.com\/danielmatos\/?s={search_term_string}"},"query-input":{"@type":"PropertyValueSpecification","valueRequired":true,"valueName":"search_term_string"}}],"inLanguage":"pt-BR"}]}},"jetpack_featured_media_url":"","_links":{"self":[{"href":"https:\/\/www.blogsoestado.com\/danielmatos\/wp-json\/wp\/v2\/posts\/107037","targetHints":{"allow":["GET"]}}],"collection":[{"href":"https:\/\/www.blogsoestado.com\/danielmatos\/wp-json\/wp\/v2\/posts"}],"about":[{"href":"https:\/\/www.blogsoestado.com\/danielmatos\/wp-json\/wp\/v2\/types\/post"}],"replies":[{"embeddable":true,"href":"https:\/\/www.blogsoestado.com\/danielmatos\/wp-json\/wp\/v2\/comments?post=107037"}],"version-history":[{"count":0,"href":"https:\/\/www.blogsoestado.com\/danielmatos\/wp-json\/wp\/v2\/posts\/107037\/revisions"}],"wp:attachment":[{"href":"https:\/\/www.blogsoestado.com\/danielmatos\/wp-json\/wp\/v2\/media?parent=107037"}],"wp:term":[{"taxonomy":"category","embeddable":true,"href":"https:\/\/www.blogsoestado.com\/danielmatos\/wp-json\/wp\/v2\/categories?post=107037"},{"taxonomy":"post_tag","embeddable":true,"href":"https:\/\/www.blogsoestado.com\/danielmatos\/wp-json\/wp\/v2\/tags?post=107037"}],"curies":[{"name":"wp","href":"https:\/\/api.w.org\/{rel}","templated":true}]}}