{"id":107044,"date":"2023-03-14T11:19:53","date_gmt":"2023-03-14T14:19:53","guid":{"rendered":"https:\/\/www.blogsoestado.com\/danielmatos\/?p=107044"},"modified":"2023-03-14T11:19:53","modified_gmt":"2023-03-14T14:19:53","slug":"maranhao-e-o-unico-estado-do-nordeste-com-queda-na-contratacao-de-trabalhadores-na-construcao-civil","status":"publish","type":"post","link":"https:\/\/www.blogsoestado.com\/danielmatos\/maranhao-e-o-unico-estado-do-nordeste-com-queda-na-contratacao-de-trabalhadores-na-construcao-civil\/","title":{"rendered":"Maranh\u00e3o \u00e9 o \u00fanico estado do Nordeste com queda na contrata\u00e7\u00e3o de trabalhadores na constru\u00e7\u00e3o civil"},"content":{"rendered":"\n<div class=\"wp-block-image\"><figure class=\"aligncenter size-large\"><a href=\"https:\/\/www.blogsoestado.com\/danielmatos\/files\/2023\/03\/Screenshot_20230314-1123522.png\"><img decoding=\"async\" src=\"https:\/\/www.blogsoestado.com\/danielmatos\/files\/2023\/03\/Screenshot_20230314-1123522.png\" alt=\"\" class=\"wp-image-107048\"\/><\/a><figcaption>Situa\u00e7\u00e3o do Maranh\u00e3o vai na contram\u00e3o do cen\u00e1rio nacional, que apontam que o pa\u00eds gerou 38.965 novos empregos com carteira assinada, o melhor resultado desde fevereiro de 2022<\/figcaption><\/figure><\/div>\n\n\n\n<p>De acordo com dados do Novo Cadastro-Geral de Empregados e Desempregados (CAGED), divulgados pelo Minist\u00e9rio do Trabalho e Previd\u00eancia, o Maranh\u00e3o foi o \u00fanico estado da regi\u00e3o Nordeste com saldo negativo (-522) na gera\u00e7\u00e3o de novos empregos com carteira assinada no setor da constru\u00e7\u00e3o civil, em janeiro de 2023.<\/p>\n\n\n\n<p>Foram 2.629 admiss\u00f5es contra 3.151 desligamentos de trabalhadores em todo o estado. Em S\u00e3o Lu\u00eds, o saldo tamb\u00e9m \u00e9 negativo (-336), com 1.285 contrata\u00e7\u00f5es, enquanto o n\u00famero de demiss\u00f5es chegou a 1.621.<\/p>\n\n\n\n<p>O presidente do Sindicato das Ind\u00fastrias da Constru\u00e7\u00e3o Civil do Estado do Maranh\u00e3o (SINDUSCOM-MA), F\u00e1bio Nahuz, explica os motivos do resultado negativo do estado.<\/p>\n\n\n\n<p>\u201cEntre os gargalos que fazem o Maranh\u00e3o estar nessa situa\u00e7\u00e3o, temos a atualiza\u00e7\u00e3o do plano diretor de S\u00e3o Lu\u00eds, que demorou a ser aprovado e que, mesmo assim, ainda possui quest\u00f5es a serem ajustadas. A grande burocratiza\u00e7\u00e3o de processos que empata o inicio e at\u00e9 a continua\u00e7\u00e3o de obras em todo o estado, o aumento dos insumos que tem sido um alto custo para o nosso setor, entre tantas outras situa\u00e7\u00f5es. O mercado da constru\u00e7\u00e3o civil e imobili\u00e1ria \u00e9 um dos principais setores que geram empregos formais, mas \u00e9 necess\u00e1rio meios para que ele aque\u00e7a e se desenvolva\u201d, disse.<\/p>\n\n\n\n<p><strong>Na contram\u00e3o<\/strong><\/p>\n\n\n\n<p>Diferente do Maranh\u00e3o, os dados do CAGED ainda apontam que em n\u00fameros nacionais, o pa\u00eds gerou 38.965 novos empregos com carteira assinada, sendo o melhor resultado desde fevereiro de 2022, quando gerou 39.232 vagas. Esse tamb\u00e9m \u00e9 o segundo melhor resultado dos \u00faltimos 10 anos.<\/p>\n\n\n\n<p>As regi\u00f5es com maiores n\u00fameros de empregabilidade s\u00e3o a Sudeste (21.993), Sul (9.275) e Centro Oeste (6.538), respectivamente. A regi\u00e3o Nordeste aparece em seguida com 3.245.<\/p>\n","protected":false},"excerpt":{"rendered":"<p>De acordo com dados do Novo Cadastro-Geral de Empregados e Desempregados (CAGED), divulgados pelo Minist\u00e9rio do Trabalho e Previd\u00eancia, o [&hellip;]<\/p>\n","protected":false},"author":0,"featured_media":0,"comment_status":"open","ping_status":"open","sticky":false,"template":"","format":"standard","meta":{"site-sidebar-layout":"default","site-content-layout":"","ast-site-content-layout":"default","site-content-style":"default","site-sidebar-style":"default","ast-global-header-display":"","ast-banner-title-visibility":"","ast-main-header-display":"","ast-hfb-above-header-display":"","ast-hfb-below-header-display":"","ast-hfb-mobile-header-display":"","site-post-title":"","ast-breadcrumbs-content":"","ast-featured-img":"","footer-sml-layout":"","ast-disable-related-posts":"","theme-transparent-header-meta":"","adv-header-id-meta":"","stick-header-meta":"","header-above-stick-meta":"","header-main-stick-meta":"","header-below-stick-meta":"","astra-migrate-meta-layouts":"default","ast-page-background-enabled":"default","ast-page-background-meta":{"desktop":{"background-color":"var(--ast-global-color-5)","background-image":"","background-repeat":"repeat","background-position":"center center","background-size":"auto","background-attachment":"scroll","background-type":"","background-media":"","overlay-type":"","overlay-color":"","overlay-opacity":"","overlay-gradient":""},"tablet":{"background-color":"","background-image":"","background-repeat":"repeat","background-position":"center center","background-size":"auto","background-attachment":"scroll","background-type":"","background-media":"","overlay-type":"","overlay-color":"","overlay-opacity":"","overlay-gradient":""},"mobile":{"background-color":"","background-image":"","background-repeat":"repeat","background-position":"center center","background-size":"auto","background-attachment":"scroll","background-type":"","background-media":"","overlay-type":"","overlay-color":"","overlay-opacity":"","overlay-gradient":""}},"ast-content-background-meta":{"desktop":{"background-color":"var(--ast-global-color-4)","background-image":"","background-repeat":"repeat","background-position":"center center","background-size":"auto","background-attachment":"scroll","background-type":"","background-media":"","overlay-type":"","overlay-color":"","overlay-opacity":"","overlay-gradient":""},"tablet":{"background-color":"var(--ast-global-color-4)","background-image":"","background-repeat":"repeat","background-position":"center center","background-size":"auto","background-attachment":"scroll","background-type":"","background-media":"","overlay-type":"","overlay-color":"","overlay-opacity":"","overlay-gradient":""},"mobile":{"background-color":"var(--ast-global-color-4)","background-image":"","background-repeat":"repeat","background-position":"center center","background-size":"auto","background-attachment":"scroll","background-type":"","background-media":"","overlay-type":"","overlay-color":"","overlay-opacity":"","overlay-gradient":""}},"footnotes":""},"categories":[1],"tags":[],"class_list":["post-107044","post","type-post","status-publish","format-standard","hentry","category-sem-categoria"],"yoast_head":"<!-- This site is optimized with the Yoast SEO plugin v26.6 - https:\/\/yoast.com\/wordpress\/plugins\/seo\/ -->\n<title>Maranh\u00e3o \u00e9 o \u00fanico estado do Nordeste com queda na contrata\u00e7\u00e3o de trabalhadores na constru\u00e7\u00e3o civil - Daniel Matos<\/title>\n<meta name=\"robots\" content=\"index, follow, max-snippet:-1, max-image-preview:large, max-video-preview:-1\" \/>\n<link rel=\"canonical\" href=\"https:\/\/www.blogsoestado.com\/danielmatos\/maranhao-e-o-unico-estado-do-nordeste-com-queda-na-contratacao-de-trabalhadores-na-construcao-civil\/\" \/>\n<meta property=\"og:locale\" content=\"pt_BR\" \/>\n<meta property=\"og:type\" content=\"article\" \/>\n<meta property=\"og:title\" content=\"Maranh\u00e3o \u00e9 o \u00fanico estado do Nordeste com queda na contrata\u00e7\u00e3o de trabalhadores na constru\u00e7\u00e3o civil - Daniel Matos\" \/>\n<meta property=\"og:description\" content=\"De acordo com dados do Novo Cadastro-Geral de Empregados e Desempregados (CAGED), divulgados pelo Minist\u00e9rio do Trabalho e Previd\u00eancia, o [&hellip;]\" \/>\n<meta property=\"og:url\" content=\"https:\/\/www.blogsoestado.com\/danielmatos\/maranhao-e-o-unico-estado-do-nordeste-com-queda-na-contratacao-de-trabalhadores-na-construcao-civil\/\" \/>\n<meta property=\"og:site_name\" content=\"Daniel Matos\" \/>\n<meta property=\"article:published_time\" content=\"2023-03-14T14:19:53+00:00\" \/>\n<meta property=\"og:image\" content=\"https:\/\/www.blogsoestado.com\/danielmatos\/files\/2023\/03\/Screenshot_20230314-1123522.png\" \/>\n<meta name=\"twitter:card\" content=\"summary_large_image\" \/>\n<meta name=\"twitter:label1\" content=\"Est. tempo de leitura\" \/>\n\t<meta name=\"twitter:data1\" content=\"2 minutos\" \/>\n<script type=\"application\/ld+json\" class=\"yoast-schema-graph\">{\"@context\":\"https:\/\/schema.org\",\"@graph\":[{\"@type\":\"WebPage\",\"@id\":\"https:\/\/www.blogsoestado.com\/danielmatos\/maranhao-e-o-unico-estado-do-nordeste-com-queda-na-contratacao-de-trabalhadores-na-construcao-civil\/\",\"url\":\"https:\/\/www.blogsoestado.com\/danielmatos\/maranhao-e-o-unico-estado-do-nordeste-com-queda-na-contratacao-de-trabalhadores-na-construcao-civil\/\",\"name\":\"Maranh\u00e3o \u00e9 o \u00fanico estado do Nordeste com queda na contrata\u00e7\u00e3o de trabalhadores na constru\u00e7\u00e3o civil - Daniel Matos\",\"isPartOf\":{\"@id\":\"https:\/\/www.blogsoestado.com\/danielmatos\/#website\"},\"primaryImageOfPage\":{\"@id\":\"https:\/\/www.blogsoestado.com\/danielmatos\/maranhao-e-o-unico-estado-do-nordeste-com-queda-na-contratacao-de-trabalhadores-na-construcao-civil\/#primaryimage\"},\"image\":{\"@id\":\"https:\/\/www.blogsoestado.com\/danielmatos\/maranhao-e-o-unico-estado-do-nordeste-com-queda-na-contratacao-de-trabalhadores-na-construcao-civil\/#primaryimage\"},\"thumbnailUrl\":\"https:\/\/www.blogsoestado.com\/danielmatos\/files\/2023\/03\/Screenshot_20230314-1123522.png\",\"datePublished\":\"2023-03-14T14:19:53+00:00\",\"author\":{\"@id\":\"\"},\"breadcrumb\":{\"@id\":\"https:\/\/www.blogsoestado.com\/danielmatos\/maranhao-e-o-unico-estado-do-nordeste-com-queda-na-contratacao-de-trabalhadores-na-construcao-civil\/#breadcrumb\"},\"inLanguage\":\"pt-BR\",\"potentialAction\":[{\"@type\":\"ReadAction\",\"target\":[\"https:\/\/www.blogsoestado.com\/danielmatos\/maranhao-e-o-unico-estado-do-nordeste-com-queda-na-contratacao-de-trabalhadores-na-construcao-civil\/\"]}]},{\"@type\":\"ImageObject\",\"inLanguage\":\"pt-BR\",\"@id\":\"https:\/\/www.blogsoestado.com\/danielmatos\/maranhao-e-o-unico-estado-do-nordeste-com-queda-na-contratacao-de-trabalhadores-na-construcao-civil\/#primaryimage\",\"url\":\"https:\/\/www.blogsoestado.com\/danielmatos\/files\/2023\/03\/Screenshot_20230314-1123522.png\",\"contentUrl\":\"https:\/\/www.blogsoestado.com\/danielmatos\/files\/2023\/03\/Screenshot_20230314-1123522.png\"},{\"@type\":\"BreadcrumbList\",\"@id\":\"https:\/\/www.blogsoestado.com\/danielmatos\/maranhao-e-o-unico-estado-do-nordeste-com-queda-na-contratacao-de-trabalhadores-na-construcao-civil\/#breadcrumb\",\"itemListElement\":[{\"@type\":\"ListItem\",\"position\":1,\"name\":\"In\u00edcio\",\"item\":\"https:\/\/www.blogsoestado.com\/danielmatos\/\"},{\"@type\":\"ListItem\",\"position\":2,\"name\":\"Maranh\u00e3o \u00e9 o \u00fanico estado do Nordeste com queda na contrata\u00e7\u00e3o de trabalhadores na constru\u00e7\u00e3o civil\"}]},{\"@type\":\"WebSite\",\"@id\":\"https:\/\/www.blogsoestado.com\/danielmatos\/#website\",\"url\":\"https:\/\/www.blogsoestado.com\/danielmatos\/\",\"name\":\"Daniel Matos\",\"description\":\"\",\"potentialAction\":[{\"@type\":\"SearchAction\",\"target\":{\"@type\":\"EntryPoint\",\"urlTemplate\":\"https:\/\/www.blogsoestado.com\/danielmatos\/?s={search_term_string}\"},\"query-input\":{\"@type\":\"PropertyValueSpecification\",\"valueRequired\":true,\"valueName\":\"search_term_string\"}}],\"inLanguage\":\"pt-BR\"}]}<\/script>\n<!-- \/ Yoast SEO plugin. -->","yoast_head_json":{"title":"Maranh\u00e3o \u00e9 o \u00fanico estado do Nordeste com queda na contrata\u00e7\u00e3o de trabalhadores na constru\u00e7\u00e3o civil - Daniel Matos","robots":{"index":"index","follow":"follow","max-snippet":"max-snippet:-1","max-image-preview":"max-image-preview:large","max-video-preview":"max-video-preview:-1"},"canonical":"https:\/\/www.blogsoestado.com\/danielmatos\/maranhao-e-o-unico-estado-do-nordeste-com-queda-na-contratacao-de-trabalhadores-na-construcao-civil\/","og_locale":"pt_BR","og_type":"article","og_title":"Maranh\u00e3o \u00e9 o \u00fanico estado do Nordeste com queda na contrata\u00e7\u00e3o de trabalhadores na constru\u00e7\u00e3o civil - Daniel Matos","og_description":"De acordo com dados do Novo Cadastro-Geral de Empregados e Desempregados (CAGED), divulgados pelo Minist\u00e9rio do Trabalho e Previd\u00eancia, o [&hellip;]","og_url":"https:\/\/www.blogsoestado.com\/danielmatos\/maranhao-e-o-unico-estado-do-nordeste-com-queda-na-contratacao-de-trabalhadores-na-construcao-civil\/","og_site_name":"Daniel Matos","article_published_time":"2023-03-14T14:19:53+00:00","og_image":[{"url":"https:\/\/www.blogsoestado.com\/danielmatos\/files\/2023\/03\/Screenshot_20230314-1123522.png","type":"","width":"","height":""}],"twitter_card":"summary_large_image","twitter_misc":{"Est. tempo de leitura":"2 minutos"},"schema":{"@context":"https:\/\/schema.org","@graph":[{"@type":"WebPage","@id":"https:\/\/www.blogsoestado.com\/danielmatos\/maranhao-e-o-unico-estado-do-nordeste-com-queda-na-contratacao-de-trabalhadores-na-construcao-civil\/","url":"https:\/\/www.blogsoestado.com\/danielmatos\/maranhao-e-o-unico-estado-do-nordeste-com-queda-na-contratacao-de-trabalhadores-na-construcao-civil\/","name":"Maranh\u00e3o \u00e9 o \u00fanico estado do Nordeste com queda na contrata\u00e7\u00e3o de trabalhadores na constru\u00e7\u00e3o civil - Daniel Matos","isPartOf":{"@id":"https:\/\/www.blogsoestado.com\/danielmatos\/#website"},"primaryImageOfPage":{"@id":"https:\/\/www.blogsoestado.com\/danielmatos\/maranhao-e-o-unico-estado-do-nordeste-com-queda-na-contratacao-de-trabalhadores-na-construcao-civil\/#primaryimage"},"image":{"@id":"https:\/\/www.blogsoestado.com\/danielmatos\/maranhao-e-o-unico-estado-do-nordeste-com-queda-na-contratacao-de-trabalhadores-na-construcao-civil\/#primaryimage"},"thumbnailUrl":"https:\/\/www.blogsoestado.com\/danielmatos\/files\/2023\/03\/Screenshot_20230314-1123522.png","datePublished":"2023-03-14T14:19:53+00:00","author":{"@id":""},"breadcrumb":{"@id":"https:\/\/www.blogsoestado.com\/danielmatos\/maranhao-e-o-unico-estado-do-nordeste-com-queda-na-contratacao-de-trabalhadores-na-construcao-civil\/#breadcrumb"},"inLanguage":"pt-BR","potentialAction":[{"@type":"ReadAction","target":["https:\/\/www.blogsoestado.com\/danielmatos\/maranhao-e-o-unico-estado-do-nordeste-com-queda-na-contratacao-de-trabalhadores-na-construcao-civil\/"]}]},{"@type":"ImageObject","inLanguage":"pt-BR","@id":"https:\/\/www.blogsoestado.com\/danielmatos\/maranhao-e-o-unico-estado-do-nordeste-com-queda-na-contratacao-de-trabalhadores-na-construcao-civil\/#primaryimage","url":"https:\/\/www.blogsoestado.com\/danielmatos\/files\/2023\/03\/Screenshot_20230314-1123522.png","contentUrl":"https:\/\/www.blogsoestado.com\/danielmatos\/files\/2023\/03\/Screenshot_20230314-1123522.png"},{"@type":"BreadcrumbList","@id":"https:\/\/www.blogsoestado.com\/danielmatos\/maranhao-e-o-unico-estado-do-nordeste-com-queda-na-contratacao-de-trabalhadores-na-construcao-civil\/#breadcrumb","itemListElement":[{"@type":"ListItem","position":1,"name":"In\u00edcio","item":"https:\/\/www.blogsoestado.com\/danielmatos\/"},{"@type":"ListItem","position":2,"name":"Maranh\u00e3o \u00e9 o \u00fanico estado do Nordeste com queda na contrata\u00e7\u00e3o de trabalhadores na constru\u00e7\u00e3o civil"}]},{"@type":"WebSite","@id":"https:\/\/www.blogsoestado.com\/danielmatos\/#website","url":"https:\/\/www.blogsoestado.com\/danielmatos\/","name":"Daniel Matos","description":"","potentialAction":[{"@type":"SearchAction","target":{"@type":"EntryPoint","urlTemplate":"https:\/\/www.blogsoestado.com\/danielmatos\/?s={search_term_string}"},"query-input":{"@type":"PropertyValueSpecification","valueRequired":true,"valueName":"search_term_string"}}],"inLanguage":"pt-BR"}]}},"jetpack_featured_media_url":"","_links":{"self":[{"href":"https:\/\/www.blogsoestado.com\/danielmatos\/wp-json\/wp\/v2\/posts\/107044","targetHints":{"allow":["GET"]}}],"collection":[{"href":"https:\/\/www.blogsoestado.com\/danielmatos\/wp-json\/wp\/v2\/posts"}],"about":[{"href":"https:\/\/www.blogsoestado.com\/danielmatos\/wp-json\/wp\/v2\/types\/post"}],"replies":[{"embeddable":true,"href":"https:\/\/www.blogsoestado.com\/danielmatos\/wp-json\/wp\/v2\/comments?post=107044"}],"version-history":[{"count":0,"href":"https:\/\/www.blogsoestado.com\/danielmatos\/wp-json\/wp\/v2\/posts\/107044\/revisions"}],"wp:attachment":[{"href":"https:\/\/www.blogsoestado.com\/danielmatos\/wp-json\/wp\/v2\/media?parent=107044"}],"wp:term":[{"taxonomy":"category","embeddable":true,"href":"https:\/\/www.blogsoestado.com\/danielmatos\/wp-json\/wp\/v2\/categories?post=107044"},{"taxonomy":"post_tag","embeddable":true,"href":"https:\/\/www.blogsoestado.com\/danielmatos\/wp-json\/wp\/v2\/tags?post=107044"}],"curies":[{"name":"wp","href":"https:\/\/api.w.org\/{rel}","templated":true}]}}