{"id":107050,"date":"2023-03-14T16:10:40","date_gmt":"2023-03-14T19:10:40","guid":{"rendered":"https:\/\/www.blogsoestado.com\/danielmatos\/?p=107050"},"modified":"2023-03-14T16:10:40","modified_gmt":"2023-03-14T19:10:40","slug":"vem-ai-o-vii-encontro-dos-forrozeiros-dos-lencois-maranhenses","status":"publish","type":"post","link":"https:\/\/www.blogsoestado.com\/danielmatos\/vem-ai-o-vii-encontro-dos-forrozeiros-dos-lencois-maranhenses\/","title":{"rendered":"Vem a\u00ed o VII Encontro dos Forrozeiros dos Len\u00e7\u00f3is Maranhenses"},"content":{"rendered":"\n<div class=\"wp-block-image\"><figure class=\"aligncenter size-large\"><a href=\"https:\/\/www.blogsoestado.com\/danielmatos\/files\/2023\/03\/Screenshot_20230314-1602432.png\"><img decoding=\"async\" src=\"https:\/\/www.blogsoestado.com\/danielmatos\/files\/2023\/03\/Screenshot_20230314-1602432.png\" alt=\"\" class=\"wp-image-107051\"\/><\/a><\/figure><\/div>\n\n\n\n<p>Santo Amaro do Maranh\u00e3o sediar\u00e1, nos dias 19 e 20 de maio, um dos maiores eventos da regi\u00e3o, grande integra\u00e7\u00e3o da m\u00fasica nordestina no Maranh\u00e3o. Uma reuni\u00e3o de amigos e amigas, por meio da boa m\u00fasica.<\/p>\n\n\n\n<p>Na sexta-feira (19\/05), o encontro ser\u00e1 na Beira-Rio, maior \u00e1rea de lazer da cidade, a partir das 20h, e no s\u00e1bado (20\/05), no mesmo hor\u00e1rio, em frente \u00e0 Pousada Sol de Amaro.<\/p>\n\n\n\n<p>O Encontro dos Forrozeiros dos Len\u00e7\u00f3is Maranhenses \u00e9 uma iniciativa do Tributo ao Rei do Bai\u00e3o, tendo apoio da Secretaria Estadual de Cultura (Secma) e da Prefeitura de Santo Amaro do Maranh\u00e3o.<\/p>\n\n\n\n<p>Muitas atra\u00e7\u00f5es do Maranh\u00e3o e de outros estados se revezar\u00e3o nos dias do evento.<\/p>\n\n\n\n<p>Acrescentando que, na sexta-feira e no s\u00e1bado, sempre depois do meio-dia, haver\u00e1, tamb\u00e9m, o tradicional \u201cForr\u00f3 de Mesa\u201d, uma roda de sanfona bem animada.<\/p>\n\n\n\n<p><strong>Informa\u00e7\u00f5es:<\/strong> (98) 99972-7051<\/p>\n","protected":false},"excerpt":{"rendered":"<p>Santo Amaro do Maranh\u00e3o sediar\u00e1, nos dias 19 e 20 de maio, um dos maiores eventos da regi\u00e3o, grande integra\u00e7\u00e3o [&hellip;]<\/p>\n","protected":false},"author":0,"featured_media":0,"comment_status":"open","ping_status":"open","sticky":false,"template":"","format":"standard","meta":{"site-sidebar-layout":"default","site-content-layout":"","ast-site-content-layout":"default","site-content-style":"default","site-sidebar-style":"default","ast-global-header-display":"","ast-banner-title-visibility":"","ast-main-header-display":"","ast-hfb-above-header-display":"","ast-hfb-below-header-display":"","ast-hfb-mobile-header-display":"","site-post-title":"","ast-breadcrumbs-content":"","ast-featured-img":"","footer-sml-layout":"","ast-disable-related-posts":"","theme-transparent-header-meta":"","adv-header-id-meta":"","stick-header-meta":"","header-above-stick-meta":"","header-main-stick-meta":"","header-below-stick-meta":"","astra-migrate-meta-layouts":"default","ast-page-background-enabled":"default","ast-page-background-meta":{"desktop":{"background-color":"var(--ast-global-color-5)","background-image":"","background-repeat":"repeat","background-position":"center center","background-size":"auto","background-attachment":"scroll","background-type":"","background-media":"","overlay-type":"","overlay-color":"","overlay-opacity":"","overlay-gradient":""},"tablet":{"background-color":"","background-image":"","background-repeat":"repeat","background-position":"center center","background-size":"auto","background-attachment":"scroll","background-type":"","background-media":"","overlay-type":"","overlay-color":"","overlay-opacity":"","overlay-gradient":""},"mobile":{"background-color":"","background-image":"","background-repeat":"repeat","background-position":"center center","background-size":"auto","background-attachment":"scroll","background-type":"","background-media":"","overlay-type":"","overlay-color":"","overlay-opacity":"","overlay-gradient":""}},"ast-content-background-meta":{"desktop":{"background-color":"var(--ast-global-color-4)","background-image":"","background-repeat":"repeat","background-position":"center center","background-size":"auto","background-attachment":"scroll","background-type":"","background-media":"","overlay-type":"","overlay-color":"","overlay-opacity":"","overlay-gradient":""},"tablet":{"background-color":"var(--ast-global-color-4)","background-image":"","background-repeat":"repeat","background-position":"center center","background-size":"auto","background-attachment":"scroll","background-type":"","background-media":"","overlay-type":"","overlay-color":"","overlay-opacity":"","overlay-gradient":""},"mobile":{"background-color":"var(--ast-global-color-4)","background-image":"","background-repeat":"repeat","background-position":"center center","background-size":"auto","background-attachment":"scroll","background-type":"","background-media":"","overlay-type":"","overlay-color":"","overlay-opacity":"","overlay-gradient":""}},"footnotes":""},"categories":[1],"tags":[],"class_list":["post-107050","post","type-post","status-publish","format-standard","hentry","category-sem-categoria"],"yoast_head":"<!-- This site is optimized with the Yoast SEO plugin v26.6 - https:\/\/yoast.com\/wordpress\/plugins\/seo\/ -->\n<title>Vem a\u00ed o VII Encontro dos Forrozeiros dos Len\u00e7\u00f3is Maranhenses - Daniel Matos<\/title>\n<meta name=\"robots\" content=\"index, follow, max-snippet:-1, max-image-preview:large, max-video-preview:-1\" \/>\n<link rel=\"canonical\" href=\"https:\/\/www.blogsoestado.com\/danielmatos\/vem-ai-o-vii-encontro-dos-forrozeiros-dos-lencois-maranhenses\/\" \/>\n<meta property=\"og:locale\" content=\"pt_BR\" \/>\n<meta property=\"og:type\" content=\"article\" \/>\n<meta property=\"og:title\" content=\"Vem a\u00ed o VII Encontro dos Forrozeiros dos Len\u00e7\u00f3is Maranhenses - Daniel Matos\" \/>\n<meta property=\"og:description\" content=\"Santo Amaro do Maranh\u00e3o sediar\u00e1, nos dias 19 e 20 de maio, um dos maiores eventos da regi\u00e3o, grande integra\u00e7\u00e3o [&hellip;]\" \/>\n<meta property=\"og:url\" content=\"https:\/\/www.blogsoestado.com\/danielmatos\/vem-ai-o-vii-encontro-dos-forrozeiros-dos-lencois-maranhenses\/\" \/>\n<meta property=\"og:site_name\" content=\"Daniel Matos\" \/>\n<meta property=\"article:published_time\" content=\"2023-03-14T19:10:40+00:00\" \/>\n<meta property=\"og:image\" content=\"https:\/\/www.blogsoestado.com\/danielmatos\/files\/2023\/03\/Screenshot_20230314-1602432.png\" \/>\n<meta name=\"twitter:card\" content=\"summary_large_image\" \/>\n<meta name=\"twitter:label1\" content=\"Est. tempo de leitura\" \/>\n\t<meta name=\"twitter:data1\" content=\"1 minuto\" \/>\n<script type=\"application\/ld+json\" class=\"yoast-schema-graph\">{\"@context\":\"https:\/\/schema.org\",\"@graph\":[{\"@type\":\"WebPage\",\"@id\":\"https:\/\/www.blogsoestado.com\/danielmatos\/vem-ai-o-vii-encontro-dos-forrozeiros-dos-lencois-maranhenses\/\",\"url\":\"https:\/\/www.blogsoestado.com\/danielmatos\/vem-ai-o-vii-encontro-dos-forrozeiros-dos-lencois-maranhenses\/\",\"name\":\"Vem a\u00ed o VII Encontro dos Forrozeiros dos Len\u00e7\u00f3is Maranhenses - Daniel Matos\",\"isPartOf\":{\"@id\":\"https:\/\/www.blogsoestado.com\/danielmatos\/#website\"},\"primaryImageOfPage\":{\"@id\":\"https:\/\/www.blogsoestado.com\/danielmatos\/vem-ai-o-vii-encontro-dos-forrozeiros-dos-lencois-maranhenses\/#primaryimage\"},\"image\":{\"@id\":\"https:\/\/www.blogsoestado.com\/danielmatos\/vem-ai-o-vii-encontro-dos-forrozeiros-dos-lencois-maranhenses\/#primaryimage\"},\"thumbnailUrl\":\"https:\/\/www.blogsoestado.com\/danielmatos\/files\/2023\/03\/Screenshot_20230314-1602432.png\",\"datePublished\":\"2023-03-14T19:10:40+00:00\",\"author\":{\"@id\":\"\"},\"breadcrumb\":{\"@id\":\"https:\/\/www.blogsoestado.com\/danielmatos\/vem-ai-o-vii-encontro-dos-forrozeiros-dos-lencois-maranhenses\/#breadcrumb\"},\"inLanguage\":\"pt-BR\",\"potentialAction\":[{\"@type\":\"ReadAction\",\"target\":[\"https:\/\/www.blogsoestado.com\/danielmatos\/vem-ai-o-vii-encontro-dos-forrozeiros-dos-lencois-maranhenses\/\"]}]},{\"@type\":\"ImageObject\",\"inLanguage\":\"pt-BR\",\"@id\":\"https:\/\/www.blogsoestado.com\/danielmatos\/vem-ai-o-vii-encontro-dos-forrozeiros-dos-lencois-maranhenses\/#primaryimage\",\"url\":\"https:\/\/www.blogsoestado.com\/danielmatos\/files\/2023\/03\/Screenshot_20230314-1602432.png\",\"contentUrl\":\"https:\/\/www.blogsoestado.com\/danielmatos\/files\/2023\/03\/Screenshot_20230314-1602432.png\"},{\"@type\":\"BreadcrumbList\",\"@id\":\"https:\/\/www.blogsoestado.com\/danielmatos\/vem-ai-o-vii-encontro-dos-forrozeiros-dos-lencois-maranhenses\/#breadcrumb\",\"itemListElement\":[{\"@type\":\"ListItem\",\"position\":1,\"name\":\"In\u00edcio\",\"item\":\"https:\/\/www.blogsoestado.com\/danielmatos\/\"},{\"@type\":\"ListItem\",\"position\":2,\"name\":\"Vem a\u00ed o VII Encontro dos Forrozeiros dos Len\u00e7\u00f3is Maranhenses\"}]},{\"@type\":\"WebSite\",\"@id\":\"https:\/\/www.blogsoestado.com\/danielmatos\/#website\",\"url\":\"https:\/\/www.blogsoestado.com\/danielmatos\/\",\"name\":\"Daniel Matos\",\"description\":\"\",\"potentialAction\":[{\"@type\":\"SearchAction\",\"target\":{\"@type\":\"EntryPoint\",\"urlTemplate\":\"https:\/\/www.blogsoestado.com\/danielmatos\/?s={search_term_string}\"},\"query-input\":{\"@type\":\"PropertyValueSpecification\",\"valueRequired\":true,\"valueName\":\"search_term_string\"}}],\"inLanguage\":\"pt-BR\"}]}<\/script>\n<!-- \/ Yoast SEO plugin. -->","yoast_head_json":{"title":"Vem a\u00ed o VII Encontro dos Forrozeiros dos Len\u00e7\u00f3is Maranhenses - Daniel Matos","robots":{"index":"index","follow":"follow","max-snippet":"max-snippet:-1","max-image-preview":"max-image-preview:large","max-video-preview":"max-video-preview:-1"},"canonical":"https:\/\/www.blogsoestado.com\/danielmatos\/vem-ai-o-vii-encontro-dos-forrozeiros-dos-lencois-maranhenses\/","og_locale":"pt_BR","og_type":"article","og_title":"Vem a\u00ed o VII Encontro dos Forrozeiros dos Len\u00e7\u00f3is Maranhenses - Daniel Matos","og_description":"Santo Amaro do Maranh\u00e3o sediar\u00e1, nos dias 19 e 20 de maio, um dos maiores eventos da regi\u00e3o, grande integra\u00e7\u00e3o [&hellip;]","og_url":"https:\/\/www.blogsoestado.com\/danielmatos\/vem-ai-o-vii-encontro-dos-forrozeiros-dos-lencois-maranhenses\/","og_site_name":"Daniel Matos","article_published_time":"2023-03-14T19:10:40+00:00","og_image":[{"url":"https:\/\/www.blogsoestado.com\/danielmatos\/files\/2023\/03\/Screenshot_20230314-1602432.png","type":"","width":"","height":""}],"twitter_card":"summary_large_image","twitter_misc":{"Est. tempo de leitura":"1 minuto"},"schema":{"@context":"https:\/\/schema.org","@graph":[{"@type":"WebPage","@id":"https:\/\/www.blogsoestado.com\/danielmatos\/vem-ai-o-vii-encontro-dos-forrozeiros-dos-lencois-maranhenses\/","url":"https:\/\/www.blogsoestado.com\/danielmatos\/vem-ai-o-vii-encontro-dos-forrozeiros-dos-lencois-maranhenses\/","name":"Vem a\u00ed o VII Encontro dos Forrozeiros dos Len\u00e7\u00f3is Maranhenses - Daniel Matos","isPartOf":{"@id":"https:\/\/www.blogsoestado.com\/danielmatos\/#website"},"primaryImageOfPage":{"@id":"https:\/\/www.blogsoestado.com\/danielmatos\/vem-ai-o-vii-encontro-dos-forrozeiros-dos-lencois-maranhenses\/#primaryimage"},"image":{"@id":"https:\/\/www.blogsoestado.com\/danielmatos\/vem-ai-o-vii-encontro-dos-forrozeiros-dos-lencois-maranhenses\/#primaryimage"},"thumbnailUrl":"https:\/\/www.blogsoestado.com\/danielmatos\/files\/2023\/03\/Screenshot_20230314-1602432.png","datePublished":"2023-03-14T19:10:40+00:00","author":{"@id":""},"breadcrumb":{"@id":"https:\/\/www.blogsoestado.com\/danielmatos\/vem-ai-o-vii-encontro-dos-forrozeiros-dos-lencois-maranhenses\/#breadcrumb"},"inLanguage":"pt-BR","potentialAction":[{"@type":"ReadAction","target":["https:\/\/www.blogsoestado.com\/danielmatos\/vem-ai-o-vii-encontro-dos-forrozeiros-dos-lencois-maranhenses\/"]}]},{"@type":"ImageObject","inLanguage":"pt-BR","@id":"https:\/\/www.blogsoestado.com\/danielmatos\/vem-ai-o-vii-encontro-dos-forrozeiros-dos-lencois-maranhenses\/#primaryimage","url":"https:\/\/www.blogsoestado.com\/danielmatos\/files\/2023\/03\/Screenshot_20230314-1602432.png","contentUrl":"https:\/\/www.blogsoestado.com\/danielmatos\/files\/2023\/03\/Screenshot_20230314-1602432.png"},{"@type":"BreadcrumbList","@id":"https:\/\/www.blogsoestado.com\/danielmatos\/vem-ai-o-vii-encontro-dos-forrozeiros-dos-lencois-maranhenses\/#breadcrumb","itemListElement":[{"@type":"ListItem","position":1,"name":"In\u00edcio","item":"https:\/\/www.blogsoestado.com\/danielmatos\/"},{"@type":"ListItem","position":2,"name":"Vem a\u00ed o VII Encontro dos Forrozeiros dos Len\u00e7\u00f3is Maranhenses"}]},{"@type":"WebSite","@id":"https:\/\/www.blogsoestado.com\/danielmatos\/#website","url":"https:\/\/www.blogsoestado.com\/danielmatos\/","name":"Daniel Matos","description":"","potentialAction":[{"@type":"SearchAction","target":{"@type":"EntryPoint","urlTemplate":"https:\/\/www.blogsoestado.com\/danielmatos\/?s={search_term_string}"},"query-input":{"@type":"PropertyValueSpecification","valueRequired":true,"valueName":"search_term_string"}}],"inLanguage":"pt-BR"}]}},"jetpack_featured_media_url":"","_links":{"self":[{"href":"https:\/\/www.blogsoestado.com\/danielmatos\/wp-json\/wp\/v2\/posts\/107050","targetHints":{"allow":["GET"]}}],"collection":[{"href":"https:\/\/www.blogsoestado.com\/danielmatos\/wp-json\/wp\/v2\/posts"}],"about":[{"href":"https:\/\/www.blogsoestado.com\/danielmatos\/wp-json\/wp\/v2\/types\/post"}],"replies":[{"embeddable":true,"href":"https:\/\/www.blogsoestado.com\/danielmatos\/wp-json\/wp\/v2\/comments?post=107050"}],"version-history":[{"count":0,"href":"https:\/\/www.blogsoestado.com\/danielmatos\/wp-json\/wp\/v2\/posts\/107050\/revisions"}],"wp:attachment":[{"href":"https:\/\/www.blogsoestado.com\/danielmatos\/wp-json\/wp\/v2\/media?parent=107050"}],"wp:term":[{"taxonomy":"category","embeddable":true,"href":"https:\/\/www.blogsoestado.com\/danielmatos\/wp-json\/wp\/v2\/categories?post=107050"},{"taxonomy":"post_tag","embeddable":true,"href":"https:\/\/www.blogsoestado.com\/danielmatos\/wp-json\/wp\/v2\/tags?post=107050"}],"curies":[{"name":"wp","href":"https:\/\/api.w.org\/{rel}","templated":true}]}}