{"id":107053,"date":"2023-03-14T17:43:28","date_gmt":"2023-03-14T20:43:28","guid":{"rendered":"https:\/\/www.blogsoestado.com\/danielmatos\/?p=107053"},"modified":"2023-03-14T17:43:28","modified_gmt":"2023-03-14T20:43:28","slug":"assembleia-iniciara-processo-de-modernizacao-e-reestruturacao-do-parlamento-estadual","status":"publish","type":"post","link":"https:\/\/www.blogsoestado.com\/danielmatos\/assembleia-iniciara-processo-de-modernizacao-e-reestruturacao-do-parlamento-estadual\/","title":{"rendered":"Assembleia iniciar\u00e1 processo de moderniza\u00e7\u00e3o e reestrutura\u00e7\u00e3o do Parlamento Estadual"},"content":{"rendered":"\n<div class=\"wp-block-image\"><figure class=\"aligncenter size-large\"><a href=\"https:\/\/www.blogsoestado.com\/danielmatos\/files\/2023\/03\/Screenshot_20230314-1738162.png\"><img decoding=\"async\" src=\"https:\/\/www.blogsoestado.com\/danielmatos\/files\/2023\/03\/Screenshot_20230314-1738162.png\" alt=\"\" class=\"wp-image-107054\"\/><\/a><figcaption>Presidente Iracema Vale comandou a sess\u00e3o na qual foi aprovado o Projeto de Lei 95\/2023, de autoria da Mesa Diretora<\/figcaption><\/figure><\/div>\n\n\n\n<p>O Plen\u00e1rio da Assembleia Legislativa do Maranh\u00e3o aprovou, nesta ter\u00e7a-feira (14), o Projeto de Lei 95\/2023, de autoria da Mesa Diretora, que disp\u00f5e sobre procedimento de gest\u00e3o e moderniza\u00e7\u00e3o da reestrutura\u00e7\u00e3o da Casa. A mat\u00e9ria segue para san\u00e7\u00e3o governamental.<\/p>\n\n\n\n<p>Entre as a\u00e7\u00f5es previstas pelo PL est\u00e3o a cria\u00e7\u00e3o da Diretoria de Rela\u00e7\u00f5es Institucionais (DRI), a Diretoria de Acompanhamento, Moderniza\u00e7\u00e3o, Planejamento, Inova\u00e7\u00e3o e Sustentabilidade (DAMPIS) e a instala\u00e7\u00e3o da Procuradoria da Pessoa com Defici\u00eancia.<\/p>\n\n\n\n<p>A Diretoria de Rela\u00e7\u00f5es Institucionais ser\u00e1 respons\u00e1vel por manter tratativas que visem a uma maior inser\u00e7\u00e3o social do Parlamento Estadual em todas as demais esferas pol\u00edtico-administrativas, objetivando a maior participa\u00e7\u00e3o dos parlamentares nas a\u00e7\u00f5es cotidianas da sociedade e a intera\u00e7\u00e3o entre os representantes do povo e o efetivo exerc\u00edcio da cidadania. A DRI ter\u00e1, ainda, a atribui\u00e7\u00e3o de assegurar o processo de transpar\u00eancia da Casa, garantindo a presta\u00e7\u00e3o de informa\u00e7\u00f5es aos cidad\u00e3os e o controle social.<\/p>\n\n\n\n<p>J\u00e1 a Diretoria de Acompanhamento, Moderniza\u00e7\u00e3o, Planejamento, Inova\u00e7\u00e3o e Sustentabilidade (DAMPIS) ser\u00e1 respons\u00e1vel por promover e executar iniciativas para elevar a Assembleia Legislativa \u00e0 era digital e colaborar para uma gest\u00e3o sustent\u00e1vel da Casa.<\/p>\n\n\n\n<p><strong>Acesso<\/strong><\/p>\n\n\n\n<p>Segundo Ricardo Barbosa, diretor-geral da Alema, ambas as diretorias devem trabalhar em sintonia para garantir que todos os cidad\u00e3os tenham acesso n\u00e3o s\u00f3 \u00e0s informa\u00e7\u00f5es pertinentes \u00e0 Casa, mas tamb\u00e9m da atua\u00e7\u00e3o dos 42 parlamentares.<\/p>\n\n\n\n<p>\u201cQuando falamos em moderniza\u00e7\u00e3o, o que queremos dizer \u00e9 que vamos tirar a Assembleia da era anal\u00f3gica e coloc\u00e1-la na era digital. A Alema tamb\u00e9m precisa ter um planejamento de sustentabilidade e isso passa por essa nova perspectiva. Dentro da moderniza\u00e7\u00e3o, teremos um trabalho conjunto dessas diretorias para garantir que o cidad\u00e3o tenha acesso \u00e0s informa\u00e7\u00f5es n\u00e3o s\u00f3 da Casa, mas tamb\u00e9m da atua\u00e7\u00e3o dos deputados\u201d, ressaltou.<\/p>\n\n\n\n<div class=\"wp-block-image\"><figure class=\"aligncenter size-large\"><a href=\"https:\/\/www.blogsoestado.com\/danielmatos\/files\/2023\/03\/Screenshot_20230314-1740022.png\"><img decoding=\"async\" src=\"https:\/\/www.blogsoestado.com\/danielmatos\/files\/2023\/03\/Screenshot_20230314-1740022.png\" alt=\"\" class=\"wp-image-107055\"\/><\/a><figcaption>Plen\u00e1rio da Assembleia Legislativa aprovou o PL que disp\u00f5e sobre moderniza\u00e7\u00e3o da reestrutura\u00e7\u00e3o da Casa<\/figcaption><\/figure><\/div>\n\n\n\n<p><strong>Controle social<\/strong><\/p>\n\n\n\n<p>Ainda de acordo com o diretor-geral, esse processo de moderniza\u00e7\u00e3o e transpar\u00eancia ser\u00e1 executado a partir da realiza\u00e7\u00e3o de diagn\u00f3stico, identifica\u00e7\u00e3o dos problemas e implanta\u00e7\u00e3o de medidas que, efetivamente, garantam o controle social.<\/p>\n\n\n\n<p>\u201cOutro ponto \u00e9 que o cidad\u00e3o n\u00e3o s\u00f3 tomar\u00e1 conhecimento, mas vai participar desse processo, pois dentro da Diretoria de Rela\u00e7\u00f5es Institucionais est\u00e1 sendo criado um setor de transpar\u00eancia e participa\u00e7\u00e3o. Ou seja, o cidad\u00e3o poder\u00e1 propor \u00e0 Assembleia e ser\u00e1 inclu\u00eddo como agente ativo de todas essas pol\u00edticas\u201d, completou Ricardo Barbosa.<\/p>\n\n\n\n<p>O projeto visa, ainda, colaborar com o processo de interioriza\u00e7\u00e3o da Assembleia. \u201cO nosso principal objetivo \u00e9 fazer com que os cidad\u00e3os tanto da cidade, quanto do campo saibam o que est\u00e1 acontecendo na Casa. Todos os deputados t\u00eam a preocupa\u00e7\u00e3o de interiorizar as a\u00e7\u00f5es do Parlamento, levando-o de forma f\u00edsica por meio da \u2018Assembleia Itinerante\u2019, mas tamb\u00e9m queremos garantir que a sociedade tenha esse acesso por outros meios, como, por exemplo, pelas plataformas digitais. Tudo isso passa por esse processo de moderniza\u00e7\u00e3o e integra\u00e7\u00e3o\u201d, finalizou Ricardo Barbosa.<\/p>\n","protected":false},"excerpt":{"rendered":"<p>O Plen\u00e1rio da Assembleia Legislativa do Maranh\u00e3o aprovou, nesta ter\u00e7a-feira (14), o Projeto de Lei 95\/2023, de autoria da Mesa [&hellip;]<\/p>\n","protected":false},"author":0,"featured_media":0,"comment_status":"open","ping_status":"open","sticky":false,"template":"","format":"standard","meta":{"site-sidebar-layout":"default","site-content-layout":"","ast-site-content-layout":"default","site-content-style":"default","site-sidebar-style":"default","ast-global-header-display":"","ast-banner-title-visibility":"","ast-main-header-display":"","ast-hfb-above-header-display":"","ast-hfb-below-header-display":"","ast-hfb-mobile-header-display":"","site-post-title":"","ast-breadcrumbs-content":"","ast-featured-img":"","footer-sml-layout":"","ast-disable-related-posts":"","theme-transparent-header-meta":"","adv-header-id-meta":"","stick-header-meta":"","header-above-stick-meta":"","header-main-stick-meta":"","header-below-stick-meta":"","astra-migrate-meta-layouts":"default","ast-page-background-enabled":"default","ast-page-background-meta":{"desktop":{"background-color":"var(--ast-global-color-5)","background-image":"","background-repeat":"repeat","background-position":"center center","background-size":"auto","background-attachment":"scroll","background-type":"","background-media":"","overlay-type":"","overlay-color":"","overlay-opacity":"","overlay-gradient":""},"tablet":{"background-color":"","background-image":"","background-repeat":"repeat","background-position":"center center","background-size":"auto","background-attachment":"scroll","background-type":"","background-media":"","overlay-type":"","overlay-color":"","overlay-opacity":"","overlay-gradient":""},"mobile":{"background-color":"","background-image":"","background-repeat":"repeat","background-position":"center center","background-size":"auto","background-attachment":"scroll","background-type":"","background-media":"","overlay-type":"","overlay-color":"","overlay-opacity":"","overlay-gradient":""}},"ast-content-background-meta":{"desktop":{"background-color":"var(--ast-global-color-4)","background-image":"","background-repeat":"repeat","background-position":"center center","background-size":"auto","background-attachment":"scroll","background-type":"","background-media":"","overlay-type":"","overlay-color":"","overlay-opacity":"","overlay-gradient":""},"tablet":{"background-color":"var(--ast-global-color-4)","background-image":"","background-repeat":"repeat","background-position":"center center","background-size":"auto","background-attachment":"scroll","background-type":"","background-media":"","overlay-type":"","overlay-color":"","overlay-opacity":"","overlay-gradient":""},"mobile":{"background-color":"var(--ast-global-color-4)","background-image":"","background-repeat":"repeat","background-position":"center center","background-size":"auto","background-attachment":"scroll","background-type":"","background-media":"","overlay-type":"","overlay-color":"","overlay-opacity":"","overlay-gradient":""}},"footnotes":""},"categories":[1],"tags":[],"class_list":["post-107053","post","type-post","status-publish","format-standard","hentry","category-sem-categoria"],"yoast_head":"<!-- This site is optimized with the Yoast SEO plugin v26.6 - https:\/\/yoast.com\/wordpress\/plugins\/seo\/ -->\n<title>Assembleia iniciar\u00e1 processo de moderniza\u00e7\u00e3o e reestrutura\u00e7\u00e3o do Parlamento Estadual - Daniel Matos<\/title>\n<meta name=\"robots\" content=\"index, follow, max-snippet:-1, max-image-preview:large, max-video-preview:-1\" \/>\n<link rel=\"canonical\" href=\"https:\/\/www.blogsoestado.com\/danielmatos\/assembleia-iniciara-processo-de-modernizacao-e-reestruturacao-do-parlamento-estadual\/\" \/>\n<meta property=\"og:locale\" content=\"pt_BR\" \/>\n<meta property=\"og:type\" content=\"article\" \/>\n<meta property=\"og:title\" content=\"Assembleia iniciar\u00e1 processo de moderniza\u00e7\u00e3o e reestrutura\u00e7\u00e3o do Parlamento Estadual - Daniel Matos\" \/>\n<meta property=\"og:description\" content=\"O Plen\u00e1rio da Assembleia Legislativa do Maranh\u00e3o aprovou, nesta ter\u00e7a-feira (14), o Projeto de Lei 95\/2023, de autoria da Mesa [&hellip;]\" \/>\n<meta property=\"og:url\" content=\"https:\/\/www.blogsoestado.com\/danielmatos\/assembleia-iniciara-processo-de-modernizacao-e-reestruturacao-do-parlamento-estadual\/\" \/>\n<meta property=\"og:site_name\" content=\"Daniel Matos\" \/>\n<meta property=\"article:published_time\" content=\"2023-03-14T20:43:28+00:00\" \/>\n<meta property=\"og:image\" content=\"https:\/\/www.blogsoestado.com\/danielmatos\/files\/2023\/03\/Screenshot_20230314-1738162.png\" \/>\n<meta name=\"twitter:card\" content=\"summary_large_image\" \/>\n<meta name=\"twitter:label1\" content=\"Est. tempo de leitura\" \/>\n\t<meta name=\"twitter:data1\" content=\"3 minutos\" \/>\n<script type=\"application\/ld+json\" class=\"yoast-schema-graph\">{\"@context\":\"https:\/\/schema.org\",\"@graph\":[{\"@type\":\"WebPage\",\"@id\":\"https:\/\/www.blogsoestado.com\/danielmatos\/assembleia-iniciara-processo-de-modernizacao-e-reestruturacao-do-parlamento-estadual\/\",\"url\":\"https:\/\/www.blogsoestado.com\/danielmatos\/assembleia-iniciara-processo-de-modernizacao-e-reestruturacao-do-parlamento-estadual\/\",\"name\":\"Assembleia iniciar\u00e1 processo de moderniza\u00e7\u00e3o e reestrutura\u00e7\u00e3o do Parlamento Estadual - Daniel Matos\",\"isPartOf\":{\"@id\":\"https:\/\/www.blogsoestado.com\/danielmatos\/#website\"},\"primaryImageOfPage\":{\"@id\":\"https:\/\/www.blogsoestado.com\/danielmatos\/assembleia-iniciara-processo-de-modernizacao-e-reestruturacao-do-parlamento-estadual\/#primaryimage\"},\"image\":{\"@id\":\"https:\/\/www.blogsoestado.com\/danielmatos\/assembleia-iniciara-processo-de-modernizacao-e-reestruturacao-do-parlamento-estadual\/#primaryimage\"},\"thumbnailUrl\":\"https:\/\/www.blogsoestado.com\/danielmatos\/files\/2023\/03\/Screenshot_20230314-1738162.png\",\"datePublished\":\"2023-03-14T20:43:28+00:00\",\"author\":{\"@id\":\"\"},\"breadcrumb\":{\"@id\":\"https:\/\/www.blogsoestado.com\/danielmatos\/assembleia-iniciara-processo-de-modernizacao-e-reestruturacao-do-parlamento-estadual\/#breadcrumb\"},\"inLanguage\":\"pt-BR\",\"potentialAction\":[{\"@type\":\"ReadAction\",\"target\":[\"https:\/\/www.blogsoestado.com\/danielmatos\/assembleia-iniciara-processo-de-modernizacao-e-reestruturacao-do-parlamento-estadual\/\"]}]},{\"@type\":\"ImageObject\",\"inLanguage\":\"pt-BR\",\"@id\":\"https:\/\/www.blogsoestado.com\/danielmatos\/assembleia-iniciara-processo-de-modernizacao-e-reestruturacao-do-parlamento-estadual\/#primaryimage\",\"url\":\"https:\/\/www.blogsoestado.com\/danielmatos\/files\/2023\/03\/Screenshot_20230314-1738162.png\",\"contentUrl\":\"https:\/\/www.blogsoestado.com\/danielmatos\/files\/2023\/03\/Screenshot_20230314-1738162.png\"},{\"@type\":\"BreadcrumbList\",\"@id\":\"https:\/\/www.blogsoestado.com\/danielmatos\/assembleia-iniciara-processo-de-modernizacao-e-reestruturacao-do-parlamento-estadual\/#breadcrumb\",\"itemListElement\":[{\"@type\":\"ListItem\",\"position\":1,\"name\":\"In\u00edcio\",\"item\":\"https:\/\/www.blogsoestado.com\/danielmatos\/\"},{\"@type\":\"ListItem\",\"position\":2,\"name\":\"Assembleia iniciar\u00e1 processo de moderniza\u00e7\u00e3o e reestrutura\u00e7\u00e3o do Parlamento Estadual\"}]},{\"@type\":\"WebSite\",\"@id\":\"https:\/\/www.blogsoestado.com\/danielmatos\/#website\",\"url\":\"https:\/\/www.blogsoestado.com\/danielmatos\/\",\"name\":\"Daniel Matos\",\"description\":\"\",\"potentialAction\":[{\"@type\":\"SearchAction\",\"target\":{\"@type\":\"EntryPoint\",\"urlTemplate\":\"https:\/\/www.blogsoestado.com\/danielmatos\/?s={search_term_string}\"},\"query-input\":{\"@type\":\"PropertyValueSpecification\",\"valueRequired\":true,\"valueName\":\"search_term_string\"}}],\"inLanguage\":\"pt-BR\"}]}<\/script>\n<!-- \/ Yoast SEO plugin. -->","yoast_head_json":{"title":"Assembleia iniciar\u00e1 processo de moderniza\u00e7\u00e3o e reestrutura\u00e7\u00e3o do Parlamento Estadual - Daniel Matos","robots":{"index":"index","follow":"follow","max-snippet":"max-snippet:-1","max-image-preview":"max-image-preview:large","max-video-preview":"max-video-preview:-1"},"canonical":"https:\/\/www.blogsoestado.com\/danielmatos\/assembleia-iniciara-processo-de-modernizacao-e-reestruturacao-do-parlamento-estadual\/","og_locale":"pt_BR","og_type":"article","og_title":"Assembleia iniciar\u00e1 processo de moderniza\u00e7\u00e3o e reestrutura\u00e7\u00e3o do Parlamento Estadual - Daniel Matos","og_description":"O Plen\u00e1rio da Assembleia Legislativa do Maranh\u00e3o aprovou, nesta ter\u00e7a-feira (14), o Projeto de Lei 95\/2023, de autoria da Mesa [&hellip;]","og_url":"https:\/\/www.blogsoestado.com\/danielmatos\/assembleia-iniciara-processo-de-modernizacao-e-reestruturacao-do-parlamento-estadual\/","og_site_name":"Daniel Matos","article_published_time":"2023-03-14T20:43:28+00:00","og_image":[{"url":"https:\/\/www.blogsoestado.com\/danielmatos\/files\/2023\/03\/Screenshot_20230314-1738162.png","type":"","width":"","height":""}],"twitter_card":"summary_large_image","twitter_misc":{"Est. tempo de leitura":"3 minutos"},"schema":{"@context":"https:\/\/schema.org","@graph":[{"@type":"WebPage","@id":"https:\/\/www.blogsoestado.com\/danielmatos\/assembleia-iniciara-processo-de-modernizacao-e-reestruturacao-do-parlamento-estadual\/","url":"https:\/\/www.blogsoestado.com\/danielmatos\/assembleia-iniciara-processo-de-modernizacao-e-reestruturacao-do-parlamento-estadual\/","name":"Assembleia iniciar\u00e1 processo de moderniza\u00e7\u00e3o e reestrutura\u00e7\u00e3o do Parlamento Estadual - Daniel Matos","isPartOf":{"@id":"https:\/\/www.blogsoestado.com\/danielmatos\/#website"},"primaryImageOfPage":{"@id":"https:\/\/www.blogsoestado.com\/danielmatos\/assembleia-iniciara-processo-de-modernizacao-e-reestruturacao-do-parlamento-estadual\/#primaryimage"},"image":{"@id":"https:\/\/www.blogsoestado.com\/danielmatos\/assembleia-iniciara-processo-de-modernizacao-e-reestruturacao-do-parlamento-estadual\/#primaryimage"},"thumbnailUrl":"https:\/\/www.blogsoestado.com\/danielmatos\/files\/2023\/03\/Screenshot_20230314-1738162.png","datePublished":"2023-03-14T20:43:28+00:00","author":{"@id":""},"breadcrumb":{"@id":"https:\/\/www.blogsoestado.com\/danielmatos\/assembleia-iniciara-processo-de-modernizacao-e-reestruturacao-do-parlamento-estadual\/#breadcrumb"},"inLanguage":"pt-BR","potentialAction":[{"@type":"ReadAction","target":["https:\/\/www.blogsoestado.com\/danielmatos\/assembleia-iniciara-processo-de-modernizacao-e-reestruturacao-do-parlamento-estadual\/"]}]},{"@type":"ImageObject","inLanguage":"pt-BR","@id":"https:\/\/www.blogsoestado.com\/danielmatos\/assembleia-iniciara-processo-de-modernizacao-e-reestruturacao-do-parlamento-estadual\/#primaryimage","url":"https:\/\/www.blogsoestado.com\/danielmatos\/files\/2023\/03\/Screenshot_20230314-1738162.png","contentUrl":"https:\/\/www.blogsoestado.com\/danielmatos\/files\/2023\/03\/Screenshot_20230314-1738162.png"},{"@type":"BreadcrumbList","@id":"https:\/\/www.blogsoestado.com\/danielmatos\/assembleia-iniciara-processo-de-modernizacao-e-reestruturacao-do-parlamento-estadual\/#breadcrumb","itemListElement":[{"@type":"ListItem","position":1,"name":"In\u00edcio","item":"https:\/\/www.blogsoestado.com\/danielmatos\/"},{"@type":"ListItem","position":2,"name":"Assembleia iniciar\u00e1 processo de moderniza\u00e7\u00e3o e reestrutura\u00e7\u00e3o do Parlamento Estadual"}]},{"@type":"WebSite","@id":"https:\/\/www.blogsoestado.com\/danielmatos\/#website","url":"https:\/\/www.blogsoestado.com\/danielmatos\/","name":"Daniel Matos","description":"","potentialAction":[{"@type":"SearchAction","target":{"@type":"EntryPoint","urlTemplate":"https:\/\/www.blogsoestado.com\/danielmatos\/?s={search_term_string}"},"query-input":{"@type":"PropertyValueSpecification","valueRequired":true,"valueName":"search_term_string"}}],"inLanguage":"pt-BR"}]}},"jetpack_featured_media_url":"","_links":{"self":[{"href":"https:\/\/www.blogsoestado.com\/danielmatos\/wp-json\/wp\/v2\/posts\/107053","targetHints":{"allow":["GET"]}}],"collection":[{"href":"https:\/\/www.blogsoestado.com\/danielmatos\/wp-json\/wp\/v2\/posts"}],"about":[{"href":"https:\/\/www.blogsoestado.com\/danielmatos\/wp-json\/wp\/v2\/types\/post"}],"replies":[{"embeddable":true,"href":"https:\/\/www.blogsoestado.com\/danielmatos\/wp-json\/wp\/v2\/comments?post=107053"}],"version-history":[{"count":0,"href":"https:\/\/www.blogsoestado.com\/danielmatos\/wp-json\/wp\/v2\/posts\/107053\/revisions"}],"wp:attachment":[{"href":"https:\/\/www.blogsoestado.com\/danielmatos\/wp-json\/wp\/v2\/media?parent=107053"}],"wp:term":[{"taxonomy":"category","embeddable":true,"href":"https:\/\/www.blogsoestado.com\/danielmatos\/wp-json\/wp\/v2\/categories?post=107053"},{"taxonomy":"post_tag","embeddable":true,"href":"https:\/\/www.blogsoestado.com\/danielmatos\/wp-json\/wp\/v2\/tags?post=107053"}],"curies":[{"name":"wp","href":"https:\/\/api.w.org\/{rel}","templated":true}]}}