{"id":107060,"date":"2023-03-14T19:46:07","date_gmt":"2023-03-14T22:46:07","guid":{"rendered":"https:\/\/www.blogsoestado.com\/danielmatos\/?p=107060"},"modified":"2023-03-14T19:46:07","modified_gmt":"2023-03-14T22:46:07","slug":"set-alerta-instituicoes-de-ensino-sobre-prazo-de-recadastramento-para-emissao-da-meia-passagem","status":"publish","type":"post","link":"https:\/\/www.blogsoestado.com\/danielmatos\/set-alerta-instituicoes-de-ensino-sobre-prazo-de-recadastramento-para-emissao-da-meia-passagem\/","title":{"rendered":"SET alerta institui\u00e7\u00f5es de ensino sobre prazo de recadastramento para emiss\u00e3o da meia passagem"},"content":{"rendered":"\n<div class=\"wp-block-image\"><figure class=\"aligncenter size-large\"><a href=\"https:\/\/www.blogsoestado.com\/danielmatos\/files\/2023\/03\/Screenshot_20230314-1924472.png\"><img decoding=\"async\" src=\"https:\/\/www.blogsoestado.com\/danielmatos\/files\/2023\/03\/Screenshot_20230314-1924472.png\" alt=\"\" class=\"wp-image-107061\"\/><\/a><\/figure><\/div>\n\n\n\n<p>O Sindicato das Empresas de Transportes de Passageiros de S\u00e3o Lu\u00eds (SET) alerta as institui\u00e7\u00f5es de ensino sobre a proximidade do fim do per\u00edodo de recadastramento para a emiss\u00e3o da meia-passagem. O prazo teve in\u00edcio no dia 8 deste m\u00eas e ser\u00e1 encerrado na pr\u00f3xima quinta-feira, dia 16. Al\u00e9m das institui\u00e7\u00f5es, os estudantes tamb\u00e9m devem ser recadastrados.<\/p>\n\n\n\n<p>No endere\u00e7o eletr\u00f4nico <a href=\"http:\/\/cartaoestudantilslz.com.br\">cartaoestudantilslz.com.br<\/a> os interessados t\u00eam acesso \u00e0 lista com todos os documentos necess\u00e1rios \u00e0 realiza\u00e7\u00e3o do recadastramento e outras informa\u00e7\u00f5es legais sobre o processo.<\/p>\n\n\n\n<p>A primeira via do Cart\u00e3o Estudantil \u00e9 gratuita. Para ter direito ao documento, \u00e9 preciso estar estudando e ter seus dados informados pela institui\u00e7\u00e3o de ensino ao sistema da meia-passagem. Ap\u00f3s esse procedimento, basta ao aluno se dirigir \u00e0 Central do Estudante, no bairro Apeadouro, com a documenta\u00e7\u00e3o necess\u00e1ria \u00e0 emiss\u00e3o do cart\u00e3o.<\/p>\n","protected":false},"excerpt":{"rendered":"<p>O Sindicato das Empresas de Transportes de Passageiros de S\u00e3o Lu\u00eds (SET) alerta as institui\u00e7\u00f5es de ensino sobre a proximidade [&hellip;]<\/p>\n","protected":false},"author":0,"featured_media":0,"comment_status":"open","ping_status":"open","sticky":false,"template":"","format":"standard","meta":{"site-sidebar-layout":"default","site-content-layout":"","ast-site-content-layout":"default","site-content-style":"default","site-sidebar-style":"default","ast-global-header-display":"","ast-banner-title-visibility":"","ast-main-header-display":"","ast-hfb-above-header-display":"","ast-hfb-below-header-display":"","ast-hfb-mobile-header-display":"","site-post-title":"","ast-breadcrumbs-content":"","ast-featured-img":"","footer-sml-layout":"","ast-disable-related-posts":"","theme-transparent-header-meta":"","adv-header-id-meta":"","stick-header-meta":"","header-above-stick-meta":"","header-main-stick-meta":"","header-below-stick-meta":"","astra-migrate-meta-layouts":"default","ast-page-background-enabled":"default","ast-page-background-meta":{"desktop":{"background-color":"var(--ast-global-color-5)","background-image":"","background-repeat":"repeat","background-position":"center center","background-size":"auto","background-attachment":"scroll","background-type":"","background-media":"","overlay-type":"","overlay-color":"","overlay-opacity":"","overlay-gradient":""},"tablet":{"background-color":"","background-image":"","background-repeat":"repeat","background-position":"center center","background-size":"auto","background-attachment":"scroll","background-type":"","background-media":"","overlay-type":"","overlay-color":"","overlay-opacity":"","overlay-gradient":""},"mobile":{"background-color":"","background-image":"","background-repeat":"repeat","background-position":"center center","background-size":"auto","background-attachment":"scroll","background-type":"","background-media":"","overlay-type":"","overlay-color":"","overlay-opacity":"","overlay-gradient":""}},"ast-content-background-meta":{"desktop":{"background-color":"var(--ast-global-color-4)","background-image":"","background-repeat":"repeat","background-position":"center center","background-size":"auto","background-attachment":"scroll","background-type":"","background-media":"","overlay-type":"","overlay-color":"","overlay-opacity":"","overlay-gradient":""},"tablet":{"background-color":"var(--ast-global-color-4)","background-image":"","background-repeat":"repeat","background-position":"center center","background-size":"auto","background-attachment":"scroll","background-type":"","background-media":"","overlay-type":"","overlay-color":"","overlay-opacity":"","overlay-gradient":""},"mobile":{"background-color":"var(--ast-global-color-4)","background-image":"","background-repeat":"repeat","background-position":"center center","background-size":"auto","background-attachment":"scroll","background-type":"","background-media":"","overlay-type":"","overlay-color":"","overlay-opacity":"","overlay-gradient":""}},"footnotes":""},"categories":[1],"tags":[],"class_list":["post-107060","post","type-post","status-publish","format-standard","hentry","category-sem-categoria"],"yoast_head":"<!-- This site is optimized with the Yoast SEO plugin v26.6 - https:\/\/yoast.com\/wordpress\/plugins\/seo\/ -->\n<title>SET alerta institui\u00e7\u00f5es de ensino sobre prazo de recadastramento para emiss\u00e3o da meia passagem - Daniel Matos<\/title>\n<meta name=\"robots\" content=\"index, follow, max-snippet:-1, max-image-preview:large, max-video-preview:-1\" \/>\n<link rel=\"canonical\" href=\"https:\/\/www.blogsoestado.com\/danielmatos\/set-alerta-instituicoes-de-ensino-sobre-prazo-de-recadastramento-para-emissao-da-meia-passagem\/\" \/>\n<meta property=\"og:locale\" content=\"pt_BR\" \/>\n<meta property=\"og:type\" content=\"article\" \/>\n<meta property=\"og:title\" content=\"SET alerta institui\u00e7\u00f5es de ensino sobre prazo de recadastramento para emiss\u00e3o da meia passagem - Daniel Matos\" \/>\n<meta property=\"og:description\" content=\"O Sindicato das Empresas de Transportes de Passageiros de S\u00e3o Lu\u00eds (SET) alerta as institui\u00e7\u00f5es de ensino sobre a proximidade [&hellip;]\" \/>\n<meta property=\"og:url\" content=\"https:\/\/www.blogsoestado.com\/danielmatos\/set-alerta-instituicoes-de-ensino-sobre-prazo-de-recadastramento-para-emissao-da-meia-passagem\/\" \/>\n<meta property=\"og:site_name\" content=\"Daniel Matos\" \/>\n<meta property=\"article:published_time\" content=\"2023-03-14T22:46:07+00:00\" \/>\n<meta property=\"og:image\" content=\"https:\/\/www.blogsoestado.com\/danielmatos\/files\/2023\/03\/Screenshot_20230314-1924472.png\" \/>\n<meta name=\"twitter:card\" content=\"summary_large_image\" \/>\n<meta name=\"twitter:label1\" content=\"Est. tempo de leitura\" \/>\n\t<meta name=\"twitter:data1\" content=\"1 minuto\" \/>\n<script type=\"application\/ld+json\" class=\"yoast-schema-graph\">{\"@context\":\"https:\/\/schema.org\",\"@graph\":[{\"@type\":\"WebPage\",\"@id\":\"https:\/\/www.blogsoestado.com\/danielmatos\/set-alerta-instituicoes-de-ensino-sobre-prazo-de-recadastramento-para-emissao-da-meia-passagem\/\",\"url\":\"https:\/\/www.blogsoestado.com\/danielmatos\/set-alerta-instituicoes-de-ensino-sobre-prazo-de-recadastramento-para-emissao-da-meia-passagem\/\",\"name\":\"SET alerta institui\u00e7\u00f5es de ensino sobre prazo de recadastramento para emiss\u00e3o da meia passagem - Daniel Matos\",\"isPartOf\":{\"@id\":\"https:\/\/www.blogsoestado.com\/danielmatos\/#website\"},\"primaryImageOfPage\":{\"@id\":\"https:\/\/www.blogsoestado.com\/danielmatos\/set-alerta-instituicoes-de-ensino-sobre-prazo-de-recadastramento-para-emissao-da-meia-passagem\/#primaryimage\"},\"image\":{\"@id\":\"https:\/\/www.blogsoestado.com\/danielmatos\/set-alerta-instituicoes-de-ensino-sobre-prazo-de-recadastramento-para-emissao-da-meia-passagem\/#primaryimage\"},\"thumbnailUrl\":\"https:\/\/www.blogsoestado.com\/danielmatos\/files\/2023\/03\/Screenshot_20230314-1924472.png\",\"datePublished\":\"2023-03-14T22:46:07+00:00\",\"author\":{\"@id\":\"\"},\"breadcrumb\":{\"@id\":\"https:\/\/www.blogsoestado.com\/danielmatos\/set-alerta-instituicoes-de-ensino-sobre-prazo-de-recadastramento-para-emissao-da-meia-passagem\/#breadcrumb\"},\"inLanguage\":\"pt-BR\",\"potentialAction\":[{\"@type\":\"ReadAction\",\"target\":[\"https:\/\/www.blogsoestado.com\/danielmatos\/set-alerta-instituicoes-de-ensino-sobre-prazo-de-recadastramento-para-emissao-da-meia-passagem\/\"]}]},{\"@type\":\"ImageObject\",\"inLanguage\":\"pt-BR\",\"@id\":\"https:\/\/www.blogsoestado.com\/danielmatos\/set-alerta-instituicoes-de-ensino-sobre-prazo-de-recadastramento-para-emissao-da-meia-passagem\/#primaryimage\",\"url\":\"https:\/\/www.blogsoestado.com\/danielmatos\/files\/2023\/03\/Screenshot_20230314-1924472.png\",\"contentUrl\":\"https:\/\/www.blogsoestado.com\/danielmatos\/files\/2023\/03\/Screenshot_20230314-1924472.png\"},{\"@type\":\"BreadcrumbList\",\"@id\":\"https:\/\/www.blogsoestado.com\/danielmatos\/set-alerta-instituicoes-de-ensino-sobre-prazo-de-recadastramento-para-emissao-da-meia-passagem\/#breadcrumb\",\"itemListElement\":[{\"@type\":\"ListItem\",\"position\":1,\"name\":\"In\u00edcio\",\"item\":\"https:\/\/www.blogsoestado.com\/danielmatos\/\"},{\"@type\":\"ListItem\",\"position\":2,\"name\":\"SET alerta institui\u00e7\u00f5es de ensino sobre prazo de recadastramento para emiss\u00e3o da meia passagem\"}]},{\"@type\":\"WebSite\",\"@id\":\"https:\/\/www.blogsoestado.com\/danielmatos\/#website\",\"url\":\"https:\/\/www.blogsoestado.com\/danielmatos\/\",\"name\":\"Daniel Matos\",\"description\":\"\",\"potentialAction\":[{\"@type\":\"SearchAction\",\"target\":{\"@type\":\"EntryPoint\",\"urlTemplate\":\"https:\/\/www.blogsoestado.com\/danielmatos\/?s={search_term_string}\"},\"query-input\":{\"@type\":\"PropertyValueSpecification\",\"valueRequired\":true,\"valueName\":\"search_term_string\"}}],\"inLanguage\":\"pt-BR\"}]}<\/script>\n<!-- \/ Yoast SEO plugin. -->","yoast_head_json":{"title":"SET alerta institui\u00e7\u00f5es de ensino sobre prazo de recadastramento para emiss\u00e3o da meia passagem - Daniel Matos","robots":{"index":"index","follow":"follow","max-snippet":"max-snippet:-1","max-image-preview":"max-image-preview:large","max-video-preview":"max-video-preview:-1"},"canonical":"https:\/\/www.blogsoestado.com\/danielmatos\/set-alerta-instituicoes-de-ensino-sobre-prazo-de-recadastramento-para-emissao-da-meia-passagem\/","og_locale":"pt_BR","og_type":"article","og_title":"SET alerta institui\u00e7\u00f5es de ensino sobre prazo de recadastramento para emiss\u00e3o da meia passagem - Daniel Matos","og_description":"O Sindicato das Empresas de Transportes de Passageiros de S\u00e3o Lu\u00eds (SET) alerta as institui\u00e7\u00f5es de ensino sobre a proximidade [&hellip;]","og_url":"https:\/\/www.blogsoestado.com\/danielmatos\/set-alerta-instituicoes-de-ensino-sobre-prazo-de-recadastramento-para-emissao-da-meia-passagem\/","og_site_name":"Daniel Matos","article_published_time":"2023-03-14T22:46:07+00:00","og_image":[{"url":"https:\/\/www.blogsoestado.com\/danielmatos\/files\/2023\/03\/Screenshot_20230314-1924472.png","type":"","width":"","height":""}],"twitter_card":"summary_large_image","twitter_misc":{"Est. tempo de leitura":"1 minuto"},"schema":{"@context":"https:\/\/schema.org","@graph":[{"@type":"WebPage","@id":"https:\/\/www.blogsoestado.com\/danielmatos\/set-alerta-instituicoes-de-ensino-sobre-prazo-de-recadastramento-para-emissao-da-meia-passagem\/","url":"https:\/\/www.blogsoestado.com\/danielmatos\/set-alerta-instituicoes-de-ensino-sobre-prazo-de-recadastramento-para-emissao-da-meia-passagem\/","name":"SET alerta institui\u00e7\u00f5es de ensino sobre prazo de recadastramento para emiss\u00e3o da meia passagem - Daniel Matos","isPartOf":{"@id":"https:\/\/www.blogsoestado.com\/danielmatos\/#website"},"primaryImageOfPage":{"@id":"https:\/\/www.blogsoestado.com\/danielmatos\/set-alerta-instituicoes-de-ensino-sobre-prazo-de-recadastramento-para-emissao-da-meia-passagem\/#primaryimage"},"image":{"@id":"https:\/\/www.blogsoestado.com\/danielmatos\/set-alerta-instituicoes-de-ensino-sobre-prazo-de-recadastramento-para-emissao-da-meia-passagem\/#primaryimage"},"thumbnailUrl":"https:\/\/www.blogsoestado.com\/danielmatos\/files\/2023\/03\/Screenshot_20230314-1924472.png","datePublished":"2023-03-14T22:46:07+00:00","author":{"@id":""},"breadcrumb":{"@id":"https:\/\/www.blogsoestado.com\/danielmatos\/set-alerta-instituicoes-de-ensino-sobre-prazo-de-recadastramento-para-emissao-da-meia-passagem\/#breadcrumb"},"inLanguage":"pt-BR","potentialAction":[{"@type":"ReadAction","target":["https:\/\/www.blogsoestado.com\/danielmatos\/set-alerta-instituicoes-de-ensino-sobre-prazo-de-recadastramento-para-emissao-da-meia-passagem\/"]}]},{"@type":"ImageObject","inLanguage":"pt-BR","@id":"https:\/\/www.blogsoestado.com\/danielmatos\/set-alerta-instituicoes-de-ensino-sobre-prazo-de-recadastramento-para-emissao-da-meia-passagem\/#primaryimage","url":"https:\/\/www.blogsoestado.com\/danielmatos\/files\/2023\/03\/Screenshot_20230314-1924472.png","contentUrl":"https:\/\/www.blogsoestado.com\/danielmatos\/files\/2023\/03\/Screenshot_20230314-1924472.png"},{"@type":"BreadcrumbList","@id":"https:\/\/www.blogsoestado.com\/danielmatos\/set-alerta-instituicoes-de-ensino-sobre-prazo-de-recadastramento-para-emissao-da-meia-passagem\/#breadcrumb","itemListElement":[{"@type":"ListItem","position":1,"name":"In\u00edcio","item":"https:\/\/www.blogsoestado.com\/danielmatos\/"},{"@type":"ListItem","position":2,"name":"SET alerta institui\u00e7\u00f5es de ensino sobre prazo de recadastramento para emiss\u00e3o da meia passagem"}]},{"@type":"WebSite","@id":"https:\/\/www.blogsoestado.com\/danielmatos\/#website","url":"https:\/\/www.blogsoestado.com\/danielmatos\/","name":"Daniel Matos","description":"","potentialAction":[{"@type":"SearchAction","target":{"@type":"EntryPoint","urlTemplate":"https:\/\/www.blogsoestado.com\/danielmatos\/?s={search_term_string}"},"query-input":{"@type":"PropertyValueSpecification","valueRequired":true,"valueName":"search_term_string"}}],"inLanguage":"pt-BR"}]}},"jetpack_featured_media_url":"","_links":{"self":[{"href":"https:\/\/www.blogsoestado.com\/danielmatos\/wp-json\/wp\/v2\/posts\/107060","targetHints":{"allow":["GET"]}}],"collection":[{"href":"https:\/\/www.blogsoestado.com\/danielmatos\/wp-json\/wp\/v2\/posts"}],"about":[{"href":"https:\/\/www.blogsoestado.com\/danielmatos\/wp-json\/wp\/v2\/types\/post"}],"replies":[{"embeddable":true,"href":"https:\/\/www.blogsoestado.com\/danielmatos\/wp-json\/wp\/v2\/comments?post=107060"}],"version-history":[{"count":0,"href":"https:\/\/www.blogsoestado.com\/danielmatos\/wp-json\/wp\/v2\/posts\/107060\/revisions"}],"wp:attachment":[{"href":"https:\/\/www.blogsoestado.com\/danielmatos\/wp-json\/wp\/v2\/media?parent=107060"}],"wp:term":[{"taxonomy":"category","embeddable":true,"href":"https:\/\/www.blogsoestado.com\/danielmatos\/wp-json\/wp\/v2\/categories?post=107060"},{"taxonomy":"post_tag","embeddable":true,"href":"https:\/\/www.blogsoestado.com\/danielmatos\/wp-json\/wp\/v2\/tags?post=107060"}],"curies":[{"name":"wp","href":"https:\/\/api.w.org\/{rel}","templated":true}]}}