{"id":107063,"date":"2023-03-14T21:54:25","date_gmt":"2023-03-15T00:54:25","guid":{"rendered":"https:\/\/www.blogsoestado.com\/danielmatos\/?p=107063"},"modified":"2023-03-14T21:54:25","modified_gmt":"2023-03-15T00:54:25","slug":"defesa-civil-nacional-alerta-para-chuvas-intensas-no-maranhao-ate-esta-quarta-feira-15","status":"publish","type":"post","link":"https:\/\/www.blogsoestado.com\/danielmatos\/defesa-civil-nacional-alerta-para-chuvas-intensas-no-maranhao-ate-esta-quarta-feira-15\/","title":{"rendered":"Defesa Civil Nacional alerta para chuvas intensas no Maranh\u00e3o at\u00e9 esta quarta-feira (15)"},"content":{"rendered":"\n<p><strong><span class=\"has-inline-color has-vivid-red-color\">Acumulados das chuvas podem passar de 100 mil\u00edmetros em 24 horas e ventos podem superar os 100 km\/h. Sistema Federal de Prote\u00e7\u00e3o e Defesa Civil est\u00e1 em alerta<\/span><\/strong><\/p>\n\n\n\n<div class=\"wp-block-image\"><figure class=\"aligncenter size-large\"><a href=\"https:\/\/www.blogsoestado.com\/danielmatos\/files\/2023\/03\/Screenshot_20230314-2148132.png\"><img decoding=\"async\" src=\"https:\/\/www.blogsoestado.com\/danielmatos\/files\/2023\/03\/Screenshot_20230314-2148132.png\" alt=\"\" class=\"wp-image-107064\"\/><\/a><figcaption>Rua 10 do IV Conjunto COHAB Anil ficou totalmente inundada com o temporal que castigou S\u00e3o Lu\u00eds na noite de segunda-feira (13) e a enxurrada chegou a invadir im\u00f3veis<\/figcaption><\/figure><\/div>\n\n\n\n<p>A Defesa Civil Nacional alerta para a previs\u00e3o de chuvas intensas nos estados do Maranh\u00e3o. Segundo dados do Instituto Nacional de Meteorologia (Inmet), os acumulados de chuvas podem passar dos 100 mil\u00edmetros at\u00e9 esta quarta-feira (15). Al\u00e9m disso, os ventos podem superar os 100 km\/h. H\u00e1 risco de grandes alagamentos e transbordamentos de rios, al\u00e9m de deslizamentos de encostas, em cidades com tais \u00e1reas de risco.<\/p>\n\n\n\n<p>No Maranh\u00e3o, as regi\u00f5es de maior risco de desastres s\u00e3o o norte &#8211; onde est\u00e1 situada a Grande Ilha de S\u00e3o Lu\u00eds -, o centro e o oeste. O aviso do Inmet pode ser acessado&nbsp;<a href=\"https:\/\/alertas2.inmet.gov.br\/42797\" target=\"_blank\" rel=\"noreferrer noopener\">aqui<\/a>.<\/p>\n\n\n\n<p>Clique&nbsp;<a href=\"http:\/\/www.gov.br\/mdr\/pt-br\/ultimas-noticias\/conheca-medidas-de-autoprotecao-que-a-populacao-deve-tomar-em-casos-de-chuvas-intensas\" target=\"_blank\" rel=\"noreferrer noopener\">aqui<\/a>&nbsp;para conhecer medidas a serem tomadas pela popula\u00e7\u00e3o em caso de chuvas intensas.<\/p>\n\n\n\n<p>O Centro Nacional de Gerenciamento de Riscos e Desastres (Cenad) alterou o n\u00edvel operacional para alerta Laranja e mant\u00e9m monitoramento 24 horas por dia. Os \u00f3rg\u00e3os do Sistema Federal de Prepara\u00e7\u00e3o e Resposta tamb\u00e9m foram notificados.<\/p>\n\n\n\n<p><strong>Alertas<\/strong><\/p>\n\n\n\n<p>A Defesa Civil Nacional orienta os moradores das regi\u00f5es de risco a se inscreverem nos servi\u00e7os de alerta, enviando um SMS com o CEP do local onde mora, ou outro local de interesse, para o n\u00famero 40199.<\/p>\n\n\n\n<p>N\u00e3o h\u00e1 limite de locais cadastrados e o servi\u00e7o \u00e9 totalmente gratuito para a popula\u00e7\u00e3o. A partir da previs\u00e3o de desastre, a popula\u00e7\u00e3o receber\u00e1 um aviso contendo informa\u00e7\u00f5es de risco e orienta\u00e7\u00f5es para a autoprote\u00e7\u00e3o.<\/p>\n\n\n\n<p>Outra recomenda\u00e7\u00e3o \u00e9 ficar atento aos alertas publicados no Twitter da Defesa Civil Nacional (@defesacivilbr) e do Instituto Nacional de Meteorologia (@inmet_).<\/p>\n\n\n\n<p><strong>Para receber alertas por WhatsApp<\/strong><\/p>\n\n\n\n<p>Para receber alertas de desastres pelo WhatsApp, \u00e9 necess\u00e1rio se cadastrar pelo telefone (61) 2034-4611 ou&nbsp;<a href=\"https:\/\/api.whatsapp.com\/send\/?phone=556120344611&amp;text&amp;type=phone_number&amp;app_absent=0\" target=\"_blank\" rel=\"noreferrer noopener\">neste link<\/a>&nbsp;e, em seguida, interagir com o chatbot (rob\u00f4 de atendimento), enviando um simples &#8220;Oi&#8221;. Ap\u00f3s essa primeira intera\u00e7\u00e3o, o usu\u00e1rio poder\u00e1 compartilhar sua localiza\u00e7\u00e3o atual ou escolher qualquer outra do seu interesse e, dessa forma, receber as mensagens que ser\u00e3o encaminhadas pelos \u00f3rg\u00e3os de defesa civil locais.<\/p>\n\n\n\n<p>Ap\u00f3s o envio de qualquer mensagem pelo usu\u00e1rio, o rob\u00f4 encaminhar\u00e1 a pergunta se a pessoa deseja receber os alertas da Defesa Civil. Se sim, ser\u00e1 disponibilizado no chatbot os termos de uso e pol\u00edtica de privacidade, que regulamentam o projeto, e o pedido para o aceite do usu\u00e1rio.<\/p>\n\n\n\n<p>Leia mais <a href=\"https:\/\/www.gov.br\/mdr\/pt-br\/noticias\/defesa-civil-nacional-alerta-para-chuvas-intensas-no-maranhao-e-no-para-ate-esta-quarta-feira-15\">aqui<\/a>.<\/p>\n","protected":false},"excerpt":{"rendered":"<p>Acumulados das chuvas podem passar de 100 mil\u00edmetros em 24 horas e ventos podem superar os 100 km\/h. Sistema Federal [&hellip;]<\/p>\n","protected":false},"author":0,"featured_media":0,"comment_status":"open","ping_status":"open","sticky":false,"template":"","format":"standard","meta":{"site-sidebar-layout":"default","site-content-layout":"","ast-site-content-layout":"default","site-content-style":"default","site-sidebar-style":"default","ast-global-header-display":"","ast-banner-title-visibility":"","ast-main-header-display":"","ast-hfb-above-header-display":"","ast-hfb-below-header-display":"","ast-hfb-mobile-header-display":"","site-post-title":"","ast-breadcrumbs-content":"","ast-featured-img":"","footer-sml-layout":"","ast-disable-related-posts":"","theme-transparent-header-meta":"","adv-header-id-meta":"","stick-header-meta":"","header-above-stick-meta":"","header-main-stick-meta":"","header-below-stick-meta":"","astra-migrate-meta-layouts":"default","ast-page-background-enabled":"default","ast-page-background-meta":{"desktop":{"background-color":"var(--ast-global-color-5)","background-image":"","background-repeat":"repeat","background-position":"center center","background-size":"auto","background-attachment":"scroll","background-type":"","background-media":"","overlay-type":"","overlay-color":"","overlay-opacity":"","overlay-gradient":""},"tablet":{"background-color":"","background-image":"","background-repeat":"repeat","background-position":"center center","background-size":"auto","background-attachment":"scroll","background-type":"","background-media":"","overlay-type":"","overlay-color":"","overlay-opacity":"","overlay-gradient":""},"mobile":{"background-color":"","background-image":"","background-repeat":"repeat","background-position":"center center","background-size":"auto","background-attachment":"scroll","background-type":"","background-media":"","overlay-type":"","overlay-color":"","overlay-opacity":"","overlay-gradient":""}},"ast-content-background-meta":{"desktop":{"background-color":"var(--ast-global-color-4)","background-image":"","background-repeat":"repeat","background-position":"center center","background-size":"auto","background-attachment":"scroll","background-type":"","background-media":"","overlay-type":"","overlay-color":"","overlay-opacity":"","overlay-gradient":""},"tablet":{"background-color":"var(--ast-global-color-4)","background-image":"","background-repeat":"repeat","background-position":"center center","background-size":"auto","background-attachment":"scroll","background-type":"","background-media":"","overlay-type":"","overlay-color":"","overlay-opacity":"","overlay-gradient":""},"mobile":{"background-color":"var(--ast-global-color-4)","background-image":"","background-repeat":"repeat","background-position":"center center","background-size":"auto","background-attachment":"scroll","background-type":"","background-media":"","overlay-type":"","overlay-color":"","overlay-opacity":"","overlay-gradient":""}},"footnotes":""},"categories":[1],"tags":[],"class_list":["post-107063","post","type-post","status-publish","format-standard","hentry","category-sem-categoria"],"yoast_head":"<!-- This site is optimized with the Yoast SEO plugin v26.6 - https:\/\/yoast.com\/wordpress\/plugins\/seo\/ -->\n<title>Defesa Civil Nacional alerta para chuvas intensas no Maranh\u00e3o at\u00e9 esta quarta-feira (15) - Daniel Matos<\/title>\n<meta name=\"robots\" content=\"index, follow, max-snippet:-1, max-image-preview:large, max-video-preview:-1\" \/>\n<link rel=\"canonical\" href=\"https:\/\/www.blogsoestado.com\/danielmatos\/defesa-civil-nacional-alerta-para-chuvas-intensas-no-maranhao-ate-esta-quarta-feira-15\/\" \/>\n<meta property=\"og:locale\" content=\"pt_BR\" \/>\n<meta property=\"og:type\" content=\"article\" \/>\n<meta property=\"og:title\" content=\"Defesa Civil Nacional alerta para chuvas intensas no Maranh\u00e3o at\u00e9 esta quarta-feira (15) - Daniel Matos\" \/>\n<meta property=\"og:description\" content=\"Acumulados das chuvas podem passar de 100 mil\u00edmetros em 24 horas e ventos podem superar os 100 km\/h. Sistema Federal [&hellip;]\" \/>\n<meta property=\"og:url\" content=\"https:\/\/www.blogsoestado.com\/danielmatos\/defesa-civil-nacional-alerta-para-chuvas-intensas-no-maranhao-ate-esta-quarta-feira-15\/\" \/>\n<meta property=\"og:site_name\" content=\"Daniel Matos\" \/>\n<meta property=\"article:published_time\" content=\"2023-03-15T00:54:25+00:00\" \/>\n<meta property=\"og:image\" content=\"https:\/\/www.blogsoestado.com\/danielmatos\/files\/2023\/03\/Screenshot_20230314-2148132.png\" \/>\n<meta name=\"twitter:card\" content=\"summary_large_image\" \/>\n<meta name=\"twitter:label1\" content=\"Est. tempo de leitura\" \/>\n\t<meta name=\"twitter:data1\" content=\"3 minutos\" \/>\n<script type=\"application\/ld+json\" class=\"yoast-schema-graph\">{\"@context\":\"https:\/\/schema.org\",\"@graph\":[{\"@type\":\"WebPage\",\"@id\":\"https:\/\/www.blogsoestado.com\/danielmatos\/defesa-civil-nacional-alerta-para-chuvas-intensas-no-maranhao-ate-esta-quarta-feira-15\/\",\"url\":\"https:\/\/www.blogsoestado.com\/danielmatos\/defesa-civil-nacional-alerta-para-chuvas-intensas-no-maranhao-ate-esta-quarta-feira-15\/\",\"name\":\"Defesa Civil Nacional alerta para chuvas intensas no Maranh\u00e3o at\u00e9 esta quarta-feira (15) - Daniel Matos\",\"isPartOf\":{\"@id\":\"https:\/\/www.blogsoestado.com\/danielmatos\/#website\"},\"primaryImageOfPage\":{\"@id\":\"https:\/\/www.blogsoestado.com\/danielmatos\/defesa-civil-nacional-alerta-para-chuvas-intensas-no-maranhao-ate-esta-quarta-feira-15\/#primaryimage\"},\"image\":{\"@id\":\"https:\/\/www.blogsoestado.com\/danielmatos\/defesa-civil-nacional-alerta-para-chuvas-intensas-no-maranhao-ate-esta-quarta-feira-15\/#primaryimage\"},\"thumbnailUrl\":\"https:\/\/www.blogsoestado.com\/danielmatos\/files\/2023\/03\/Screenshot_20230314-2148132.png\",\"datePublished\":\"2023-03-15T00:54:25+00:00\",\"author\":{\"@id\":\"\"},\"breadcrumb\":{\"@id\":\"https:\/\/www.blogsoestado.com\/danielmatos\/defesa-civil-nacional-alerta-para-chuvas-intensas-no-maranhao-ate-esta-quarta-feira-15\/#breadcrumb\"},\"inLanguage\":\"pt-BR\",\"potentialAction\":[{\"@type\":\"ReadAction\",\"target\":[\"https:\/\/www.blogsoestado.com\/danielmatos\/defesa-civil-nacional-alerta-para-chuvas-intensas-no-maranhao-ate-esta-quarta-feira-15\/\"]}]},{\"@type\":\"ImageObject\",\"inLanguage\":\"pt-BR\",\"@id\":\"https:\/\/www.blogsoestado.com\/danielmatos\/defesa-civil-nacional-alerta-para-chuvas-intensas-no-maranhao-ate-esta-quarta-feira-15\/#primaryimage\",\"url\":\"https:\/\/www.blogsoestado.com\/danielmatos\/files\/2023\/03\/Screenshot_20230314-2148132.png\",\"contentUrl\":\"https:\/\/www.blogsoestado.com\/danielmatos\/files\/2023\/03\/Screenshot_20230314-2148132.png\"},{\"@type\":\"BreadcrumbList\",\"@id\":\"https:\/\/www.blogsoestado.com\/danielmatos\/defesa-civil-nacional-alerta-para-chuvas-intensas-no-maranhao-ate-esta-quarta-feira-15\/#breadcrumb\",\"itemListElement\":[{\"@type\":\"ListItem\",\"position\":1,\"name\":\"In\u00edcio\",\"item\":\"https:\/\/www.blogsoestado.com\/danielmatos\/\"},{\"@type\":\"ListItem\",\"position\":2,\"name\":\"Defesa Civil Nacional alerta para chuvas intensas no Maranh\u00e3o at\u00e9 esta quarta-feira (15)\"}]},{\"@type\":\"WebSite\",\"@id\":\"https:\/\/www.blogsoestado.com\/danielmatos\/#website\",\"url\":\"https:\/\/www.blogsoestado.com\/danielmatos\/\",\"name\":\"Daniel Matos\",\"description\":\"\",\"potentialAction\":[{\"@type\":\"SearchAction\",\"target\":{\"@type\":\"EntryPoint\",\"urlTemplate\":\"https:\/\/www.blogsoestado.com\/danielmatos\/?s={search_term_string}\"},\"query-input\":{\"@type\":\"PropertyValueSpecification\",\"valueRequired\":true,\"valueName\":\"search_term_string\"}}],\"inLanguage\":\"pt-BR\"}]}<\/script>\n<!-- \/ Yoast SEO plugin. -->","yoast_head_json":{"title":"Defesa Civil Nacional alerta para chuvas intensas no Maranh\u00e3o at\u00e9 esta quarta-feira (15) - Daniel Matos","robots":{"index":"index","follow":"follow","max-snippet":"max-snippet:-1","max-image-preview":"max-image-preview:large","max-video-preview":"max-video-preview:-1"},"canonical":"https:\/\/www.blogsoestado.com\/danielmatos\/defesa-civil-nacional-alerta-para-chuvas-intensas-no-maranhao-ate-esta-quarta-feira-15\/","og_locale":"pt_BR","og_type":"article","og_title":"Defesa Civil Nacional alerta para chuvas intensas no Maranh\u00e3o at\u00e9 esta quarta-feira (15) - Daniel Matos","og_description":"Acumulados das chuvas podem passar de 100 mil\u00edmetros em 24 horas e ventos podem superar os 100 km\/h. Sistema Federal [&hellip;]","og_url":"https:\/\/www.blogsoestado.com\/danielmatos\/defesa-civil-nacional-alerta-para-chuvas-intensas-no-maranhao-ate-esta-quarta-feira-15\/","og_site_name":"Daniel Matos","article_published_time":"2023-03-15T00:54:25+00:00","og_image":[{"url":"https:\/\/www.blogsoestado.com\/danielmatos\/files\/2023\/03\/Screenshot_20230314-2148132.png","type":"","width":"","height":""}],"twitter_card":"summary_large_image","twitter_misc":{"Est. tempo de leitura":"3 minutos"},"schema":{"@context":"https:\/\/schema.org","@graph":[{"@type":"WebPage","@id":"https:\/\/www.blogsoestado.com\/danielmatos\/defesa-civil-nacional-alerta-para-chuvas-intensas-no-maranhao-ate-esta-quarta-feira-15\/","url":"https:\/\/www.blogsoestado.com\/danielmatos\/defesa-civil-nacional-alerta-para-chuvas-intensas-no-maranhao-ate-esta-quarta-feira-15\/","name":"Defesa Civil Nacional alerta para chuvas intensas no Maranh\u00e3o at\u00e9 esta quarta-feira (15) - Daniel Matos","isPartOf":{"@id":"https:\/\/www.blogsoestado.com\/danielmatos\/#website"},"primaryImageOfPage":{"@id":"https:\/\/www.blogsoestado.com\/danielmatos\/defesa-civil-nacional-alerta-para-chuvas-intensas-no-maranhao-ate-esta-quarta-feira-15\/#primaryimage"},"image":{"@id":"https:\/\/www.blogsoestado.com\/danielmatos\/defesa-civil-nacional-alerta-para-chuvas-intensas-no-maranhao-ate-esta-quarta-feira-15\/#primaryimage"},"thumbnailUrl":"https:\/\/www.blogsoestado.com\/danielmatos\/files\/2023\/03\/Screenshot_20230314-2148132.png","datePublished":"2023-03-15T00:54:25+00:00","author":{"@id":""},"breadcrumb":{"@id":"https:\/\/www.blogsoestado.com\/danielmatos\/defesa-civil-nacional-alerta-para-chuvas-intensas-no-maranhao-ate-esta-quarta-feira-15\/#breadcrumb"},"inLanguage":"pt-BR","potentialAction":[{"@type":"ReadAction","target":["https:\/\/www.blogsoestado.com\/danielmatos\/defesa-civil-nacional-alerta-para-chuvas-intensas-no-maranhao-ate-esta-quarta-feira-15\/"]}]},{"@type":"ImageObject","inLanguage":"pt-BR","@id":"https:\/\/www.blogsoestado.com\/danielmatos\/defesa-civil-nacional-alerta-para-chuvas-intensas-no-maranhao-ate-esta-quarta-feira-15\/#primaryimage","url":"https:\/\/www.blogsoestado.com\/danielmatos\/files\/2023\/03\/Screenshot_20230314-2148132.png","contentUrl":"https:\/\/www.blogsoestado.com\/danielmatos\/files\/2023\/03\/Screenshot_20230314-2148132.png"},{"@type":"BreadcrumbList","@id":"https:\/\/www.blogsoestado.com\/danielmatos\/defesa-civil-nacional-alerta-para-chuvas-intensas-no-maranhao-ate-esta-quarta-feira-15\/#breadcrumb","itemListElement":[{"@type":"ListItem","position":1,"name":"In\u00edcio","item":"https:\/\/www.blogsoestado.com\/danielmatos\/"},{"@type":"ListItem","position":2,"name":"Defesa Civil Nacional alerta para chuvas intensas no Maranh\u00e3o at\u00e9 esta quarta-feira (15)"}]},{"@type":"WebSite","@id":"https:\/\/www.blogsoestado.com\/danielmatos\/#website","url":"https:\/\/www.blogsoestado.com\/danielmatos\/","name":"Daniel Matos","description":"","potentialAction":[{"@type":"SearchAction","target":{"@type":"EntryPoint","urlTemplate":"https:\/\/www.blogsoestado.com\/danielmatos\/?s={search_term_string}"},"query-input":{"@type":"PropertyValueSpecification","valueRequired":true,"valueName":"search_term_string"}}],"inLanguage":"pt-BR"}]}},"jetpack_featured_media_url":"","_links":{"self":[{"href":"https:\/\/www.blogsoestado.com\/danielmatos\/wp-json\/wp\/v2\/posts\/107063","targetHints":{"allow":["GET"]}}],"collection":[{"href":"https:\/\/www.blogsoestado.com\/danielmatos\/wp-json\/wp\/v2\/posts"}],"about":[{"href":"https:\/\/www.blogsoestado.com\/danielmatos\/wp-json\/wp\/v2\/types\/post"}],"replies":[{"embeddable":true,"href":"https:\/\/www.blogsoestado.com\/danielmatos\/wp-json\/wp\/v2\/comments?post=107063"}],"version-history":[{"count":0,"href":"https:\/\/www.blogsoestado.com\/danielmatos\/wp-json\/wp\/v2\/posts\/107063\/revisions"}],"wp:attachment":[{"href":"https:\/\/www.blogsoestado.com\/danielmatos\/wp-json\/wp\/v2\/media?parent=107063"}],"wp:term":[{"taxonomy":"category","embeddable":true,"href":"https:\/\/www.blogsoestado.com\/danielmatos\/wp-json\/wp\/v2\/categories?post=107063"},{"taxonomy":"post_tag","embeddable":true,"href":"https:\/\/www.blogsoestado.com\/danielmatos\/wp-json\/wp\/v2\/tags?post=107063"}],"curies":[{"name":"wp","href":"https:\/\/api.w.org\/{rel}","templated":true}]}}