{"id":107066,"date":"2023-03-15T01:30:44","date_gmt":"2023-03-15T04:30:44","guid":{"rendered":"https:\/\/www.blogsoestado.com\/danielmatos\/?p=107066"},"modified":"2023-03-15T01:30:44","modified_gmt":"2023-03-15T04:30:44","slug":"iii-premio-cafe-com-leane-lago-honra-ao-merito-2022-acontece-no-proximo-sabado-18","status":"publish","type":"post","link":"https:\/\/www.blogsoestado.com\/danielmatos\/iii-premio-cafe-com-leane-lago-honra-ao-merito-2022-acontece-no-proximo-sabado-18\/","title":{"rendered":"III Pr\u00eamio Caf\u00e9 com Leane Lago &#8211; Honra ao M\u00e9rito 2022 acontece no pr\u00f3ximo s\u00e1bado (18)"},"content":{"rendered":"\n<div class=\"wp-block-image\"><figure class=\"aligncenter size-large\"><a href=\"https:\/\/www.blogsoestado.com\/danielmatos\/files\/2023\/03\/Screenshot_20230315-0100332.png\"><img decoding=\"async\" src=\"https:\/\/www.blogsoestado.com\/danielmatos\/files\/2023\/03\/Screenshot_20230315-0100332.png\" alt=\"\" class=\"wp-image-107067\"\/><\/a><\/figure><\/div>\n\n\n\n<p>O grande evento que carrega o t\u00edtulo PR\u00caMIO CAF\u00c9 COM LEANE LAGO, realizado pela apresentadora Leane Lago, homenageando personalidades do Maranh\u00e3o por m\u00e9ritos, ser\u00e1 realizado no pr\u00f3ximo s\u00e1bado, dia 18, nos sal\u00f5es do buffet \u00c1urea Eventos (Avenida Atl\u00e2ntica, bairro Olho d&#8217;\u00c1gua). Ser\u00e3o alvos de justo e merecido reconhecimento figuras que prestaram relevantes relevantes servi\u00e7os \u00e0 sociedade maranhense.<\/p>\n\n\n\n<p>A premia\u00e7\u00e3o representanta destaque, diferencial, credibilidade, trajet\u00f3ria de sucesso e refer\u00eancia na \u00e1rea de atua\u00e7\u00e3o do homenageado no estado.<\/p>\n\n\n\n<p>Ser\u00e3o laureados nomes que alcan\u00e7aram proje\u00e7\u00e3o nas seguintes categorias:<\/p>\n\n\n\n<ul class=\"wp-block-list\"><li>POL\u00cdTICO DO ANO<br \/>*EMPREENDEDOR DE SUCESSO<\/li><li>PERSONALIDADE<\/li><\/ul>\n\n\n\n<p>O  III Pr\u00eamio Caf\u00e9 com Leane Lago &#8211; Honra ao M\u00e9rito 2022 ter\u00e1 in\u00edcio \u00e0s 19h, e ser\u00e1 transmitido ao vivo por meis dos perfis no Instagram <a href=\"http:\/\/@cafecomleanelago\">@cafecomleanelago<\/a> e<a href=\"http:\/\/@leane.lago\"> @leane.lago<\/a><\/p>\n\n\n\n<p><strong>Mais informa\u00e7\u00f5es:<\/strong><\/p>\n\n\n\n<p>98 98885 8334 | <a href=\"cafecomleanelago@gmail.com\">cafecomleanelago@gmail.com<\/a>.<\/p>\n","protected":false},"excerpt":{"rendered":"<p>O grande evento que carrega o t\u00edtulo PR\u00caMIO CAF\u00c9 COM LEANE LAGO, realizado pela apresentadora Leane Lago, homenageando personalidades do [&hellip;]<\/p>\n","protected":false},"author":0,"featured_media":0,"comment_status":"open","ping_status":"open","sticky":false,"template":"","format":"standard","meta":{"site-sidebar-layout":"default","site-content-layout":"","ast-site-content-layout":"default","site-content-style":"default","site-sidebar-style":"default","ast-global-header-display":"","ast-banner-title-visibility":"","ast-main-header-display":"","ast-hfb-above-header-display":"","ast-hfb-below-header-display":"","ast-hfb-mobile-header-display":"","site-post-title":"","ast-breadcrumbs-content":"","ast-featured-img":"","footer-sml-layout":"","ast-disable-related-posts":"","theme-transparent-header-meta":"","adv-header-id-meta":"","stick-header-meta":"","header-above-stick-meta":"","header-main-stick-meta":"","header-below-stick-meta":"","astra-migrate-meta-layouts":"default","ast-page-background-enabled":"default","ast-page-background-meta":{"desktop":{"background-color":"var(--ast-global-color-5)","background-image":"","background-repeat":"repeat","background-position":"center center","background-size":"auto","background-attachment":"scroll","background-type":"","background-media":"","overlay-type":"","overlay-color":"","overlay-opacity":"","overlay-gradient":""},"tablet":{"background-color":"","background-image":"","background-repeat":"repeat","background-position":"center center","background-size":"auto","background-attachment":"scroll","background-type":"","background-media":"","overlay-type":"","overlay-color":"","overlay-opacity":"","overlay-gradient":""},"mobile":{"background-color":"","background-image":"","background-repeat":"repeat","background-position":"center center","background-size":"auto","background-attachment":"scroll","background-type":"","background-media":"","overlay-type":"","overlay-color":"","overlay-opacity":"","overlay-gradient":""}},"ast-content-background-meta":{"desktop":{"background-color":"var(--ast-global-color-4)","background-image":"","background-repeat":"repeat","background-position":"center center","background-size":"auto","background-attachment":"scroll","background-type":"","background-media":"","overlay-type":"","overlay-color":"","overlay-opacity":"","overlay-gradient":""},"tablet":{"background-color":"var(--ast-global-color-4)","background-image":"","background-repeat":"repeat","background-position":"center center","background-size":"auto","background-attachment":"scroll","background-type":"","background-media":"","overlay-type":"","overlay-color":"","overlay-opacity":"","overlay-gradient":""},"mobile":{"background-color":"var(--ast-global-color-4)","background-image":"","background-repeat":"repeat","background-position":"center center","background-size":"auto","background-attachment":"scroll","background-type":"","background-media":"","overlay-type":"","overlay-color":"","overlay-opacity":"","overlay-gradient":""}},"footnotes":""},"categories":[1],"tags":[],"class_list":["post-107066","post","type-post","status-publish","format-standard","hentry","category-sem-categoria"],"yoast_head":"<!-- This site is optimized with the Yoast SEO plugin v26.6 - https:\/\/yoast.com\/wordpress\/plugins\/seo\/ -->\n<title>III Pr\u00eamio Caf\u00e9 com Leane Lago - Honra ao M\u00e9rito 2022 acontece no pr\u00f3ximo s\u00e1bado (18) - Daniel Matos<\/title>\n<meta name=\"robots\" content=\"index, follow, max-snippet:-1, max-image-preview:large, max-video-preview:-1\" \/>\n<link rel=\"canonical\" href=\"https:\/\/www.blogsoestado.com\/danielmatos\/iii-premio-cafe-com-leane-lago-honra-ao-merito-2022-acontece-no-proximo-sabado-18\/\" \/>\n<meta property=\"og:locale\" content=\"pt_BR\" \/>\n<meta property=\"og:type\" content=\"article\" \/>\n<meta property=\"og:title\" content=\"III Pr\u00eamio Caf\u00e9 com Leane Lago - Honra ao M\u00e9rito 2022 acontece no pr\u00f3ximo s\u00e1bado (18) - Daniel Matos\" \/>\n<meta property=\"og:description\" content=\"O grande evento que carrega o t\u00edtulo PR\u00caMIO CAF\u00c9 COM LEANE LAGO, realizado pela apresentadora Leane Lago, homenageando personalidades do [&hellip;]\" \/>\n<meta property=\"og:url\" content=\"https:\/\/www.blogsoestado.com\/danielmatos\/iii-premio-cafe-com-leane-lago-honra-ao-merito-2022-acontece-no-proximo-sabado-18\/\" \/>\n<meta property=\"og:site_name\" content=\"Daniel Matos\" \/>\n<meta property=\"article:published_time\" content=\"2023-03-15T04:30:44+00:00\" \/>\n<meta property=\"og:image\" content=\"https:\/\/www.blogsoestado.com\/danielmatos\/files\/2023\/03\/Screenshot_20230315-0100332.png\" \/>\n<meta name=\"twitter:card\" content=\"summary_large_image\" \/>\n<meta name=\"twitter:label1\" content=\"Est. tempo de leitura\" \/>\n\t<meta name=\"twitter:data1\" content=\"1 minuto\" \/>\n<script type=\"application\/ld+json\" class=\"yoast-schema-graph\">{\"@context\":\"https:\/\/schema.org\",\"@graph\":[{\"@type\":\"WebPage\",\"@id\":\"https:\/\/www.blogsoestado.com\/danielmatos\/iii-premio-cafe-com-leane-lago-honra-ao-merito-2022-acontece-no-proximo-sabado-18\/\",\"url\":\"https:\/\/www.blogsoestado.com\/danielmatos\/iii-premio-cafe-com-leane-lago-honra-ao-merito-2022-acontece-no-proximo-sabado-18\/\",\"name\":\"III Pr\u00eamio Caf\u00e9 com Leane Lago - Honra ao M\u00e9rito 2022 acontece no pr\u00f3ximo s\u00e1bado (18) - Daniel Matos\",\"isPartOf\":{\"@id\":\"https:\/\/www.blogsoestado.com\/danielmatos\/#website\"},\"primaryImageOfPage\":{\"@id\":\"https:\/\/www.blogsoestado.com\/danielmatos\/iii-premio-cafe-com-leane-lago-honra-ao-merito-2022-acontece-no-proximo-sabado-18\/#primaryimage\"},\"image\":{\"@id\":\"https:\/\/www.blogsoestado.com\/danielmatos\/iii-premio-cafe-com-leane-lago-honra-ao-merito-2022-acontece-no-proximo-sabado-18\/#primaryimage\"},\"thumbnailUrl\":\"https:\/\/www.blogsoestado.com\/danielmatos\/files\/2023\/03\/Screenshot_20230315-0100332.png\",\"datePublished\":\"2023-03-15T04:30:44+00:00\",\"author\":{\"@id\":\"\"},\"breadcrumb\":{\"@id\":\"https:\/\/www.blogsoestado.com\/danielmatos\/iii-premio-cafe-com-leane-lago-honra-ao-merito-2022-acontece-no-proximo-sabado-18\/#breadcrumb\"},\"inLanguage\":\"pt-BR\",\"potentialAction\":[{\"@type\":\"ReadAction\",\"target\":[\"https:\/\/www.blogsoestado.com\/danielmatos\/iii-premio-cafe-com-leane-lago-honra-ao-merito-2022-acontece-no-proximo-sabado-18\/\"]}]},{\"@type\":\"ImageObject\",\"inLanguage\":\"pt-BR\",\"@id\":\"https:\/\/www.blogsoestado.com\/danielmatos\/iii-premio-cafe-com-leane-lago-honra-ao-merito-2022-acontece-no-proximo-sabado-18\/#primaryimage\",\"url\":\"https:\/\/www.blogsoestado.com\/danielmatos\/files\/2023\/03\/Screenshot_20230315-0100332.png\",\"contentUrl\":\"https:\/\/www.blogsoestado.com\/danielmatos\/files\/2023\/03\/Screenshot_20230315-0100332.png\"},{\"@type\":\"BreadcrumbList\",\"@id\":\"https:\/\/www.blogsoestado.com\/danielmatos\/iii-premio-cafe-com-leane-lago-honra-ao-merito-2022-acontece-no-proximo-sabado-18\/#breadcrumb\",\"itemListElement\":[{\"@type\":\"ListItem\",\"position\":1,\"name\":\"In\u00edcio\",\"item\":\"https:\/\/www.blogsoestado.com\/danielmatos\/\"},{\"@type\":\"ListItem\",\"position\":2,\"name\":\"III Pr\u00eamio Caf\u00e9 com Leane Lago &#8211; Honra ao M\u00e9rito 2022 acontece no pr\u00f3ximo s\u00e1bado (18)\"}]},{\"@type\":\"WebSite\",\"@id\":\"https:\/\/www.blogsoestado.com\/danielmatos\/#website\",\"url\":\"https:\/\/www.blogsoestado.com\/danielmatos\/\",\"name\":\"Daniel Matos\",\"description\":\"\",\"potentialAction\":[{\"@type\":\"SearchAction\",\"target\":{\"@type\":\"EntryPoint\",\"urlTemplate\":\"https:\/\/www.blogsoestado.com\/danielmatos\/?s={search_term_string}\"},\"query-input\":{\"@type\":\"PropertyValueSpecification\",\"valueRequired\":true,\"valueName\":\"search_term_string\"}}],\"inLanguage\":\"pt-BR\"}]}<\/script>\n<!-- \/ Yoast SEO plugin. -->","yoast_head_json":{"title":"III Pr\u00eamio Caf\u00e9 com Leane Lago - Honra ao M\u00e9rito 2022 acontece no pr\u00f3ximo s\u00e1bado (18) - Daniel Matos","robots":{"index":"index","follow":"follow","max-snippet":"max-snippet:-1","max-image-preview":"max-image-preview:large","max-video-preview":"max-video-preview:-1"},"canonical":"https:\/\/www.blogsoestado.com\/danielmatos\/iii-premio-cafe-com-leane-lago-honra-ao-merito-2022-acontece-no-proximo-sabado-18\/","og_locale":"pt_BR","og_type":"article","og_title":"III Pr\u00eamio Caf\u00e9 com Leane Lago - Honra ao M\u00e9rito 2022 acontece no pr\u00f3ximo s\u00e1bado (18) - Daniel Matos","og_description":"O grande evento que carrega o t\u00edtulo PR\u00caMIO CAF\u00c9 COM LEANE LAGO, realizado pela apresentadora Leane Lago, homenageando personalidades do [&hellip;]","og_url":"https:\/\/www.blogsoestado.com\/danielmatos\/iii-premio-cafe-com-leane-lago-honra-ao-merito-2022-acontece-no-proximo-sabado-18\/","og_site_name":"Daniel Matos","article_published_time":"2023-03-15T04:30:44+00:00","og_image":[{"url":"https:\/\/www.blogsoestado.com\/danielmatos\/files\/2023\/03\/Screenshot_20230315-0100332.png","type":"","width":"","height":""}],"twitter_card":"summary_large_image","twitter_misc":{"Est. tempo de leitura":"1 minuto"},"schema":{"@context":"https:\/\/schema.org","@graph":[{"@type":"WebPage","@id":"https:\/\/www.blogsoestado.com\/danielmatos\/iii-premio-cafe-com-leane-lago-honra-ao-merito-2022-acontece-no-proximo-sabado-18\/","url":"https:\/\/www.blogsoestado.com\/danielmatos\/iii-premio-cafe-com-leane-lago-honra-ao-merito-2022-acontece-no-proximo-sabado-18\/","name":"III Pr\u00eamio Caf\u00e9 com Leane Lago - Honra ao M\u00e9rito 2022 acontece no pr\u00f3ximo s\u00e1bado (18) - Daniel Matos","isPartOf":{"@id":"https:\/\/www.blogsoestado.com\/danielmatos\/#website"},"primaryImageOfPage":{"@id":"https:\/\/www.blogsoestado.com\/danielmatos\/iii-premio-cafe-com-leane-lago-honra-ao-merito-2022-acontece-no-proximo-sabado-18\/#primaryimage"},"image":{"@id":"https:\/\/www.blogsoestado.com\/danielmatos\/iii-premio-cafe-com-leane-lago-honra-ao-merito-2022-acontece-no-proximo-sabado-18\/#primaryimage"},"thumbnailUrl":"https:\/\/www.blogsoestado.com\/danielmatos\/files\/2023\/03\/Screenshot_20230315-0100332.png","datePublished":"2023-03-15T04:30:44+00:00","author":{"@id":""},"breadcrumb":{"@id":"https:\/\/www.blogsoestado.com\/danielmatos\/iii-premio-cafe-com-leane-lago-honra-ao-merito-2022-acontece-no-proximo-sabado-18\/#breadcrumb"},"inLanguage":"pt-BR","potentialAction":[{"@type":"ReadAction","target":["https:\/\/www.blogsoestado.com\/danielmatos\/iii-premio-cafe-com-leane-lago-honra-ao-merito-2022-acontece-no-proximo-sabado-18\/"]}]},{"@type":"ImageObject","inLanguage":"pt-BR","@id":"https:\/\/www.blogsoestado.com\/danielmatos\/iii-premio-cafe-com-leane-lago-honra-ao-merito-2022-acontece-no-proximo-sabado-18\/#primaryimage","url":"https:\/\/www.blogsoestado.com\/danielmatos\/files\/2023\/03\/Screenshot_20230315-0100332.png","contentUrl":"https:\/\/www.blogsoestado.com\/danielmatos\/files\/2023\/03\/Screenshot_20230315-0100332.png"},{"@type":"BreadcrumbList","@id":"https:\/\/www.blogsoestado.com\/danielmatos\/iii-premio-cafe-com-leane-lago-honra-ao-merito-2022-acontece-no-proximo-sabado-18\/#breadcrumb","itemListElement":[{"@type":"ListItem","position":1,"name":"In\u00edcio","item":"https:\/\/www.blogsoestado.com\/danielmatos\/"},{"@type":"ListItem","position":2,"name":"III Pr\u00eamio Caf\u00e9 com Leane Lago &#8211; Honra ao M\u00e9rito 2022 acontece no pr\u00f3ximo s\u00e1bado (18)"}]},{"@type":"WebSite","@id":"https:\/\/www.blogsoestado.com\/danielmatos\/#website","url":"https:\/\/www.blogsoestado.com\/danielmatos\/","name":"Daniel Matos","description":"","potentialAction":[{"@type":"SearchAction","target":{"@type":"EntryPoint","urlTemplate":"https:\/\/www.blogsoestado.com\/danielmatos\/?s={search_term_string}"},"query-input":{"@type":"PropertyValueSpecification","valueRequired":true,"valueName":"search_term_string"}}],"inLanguage":"pt-BR"}]}},"jetpack_featured_media_url":"","_links":{"self":[{"href":"https:\/\/www.blogsoestado.com\/danielmatos\/wp-json\/wp\/v2\/posts\/107066","targetHints":{"allow":["GET"]}}],"collection":[{"href":"https:\/\/www.blogsoestado.com\/danielmatos\/wp-json\/wp\/v2\/posts"}],"about":[{"href":"https:\/\/www.blogsoestado.com\/danielmatos\/wp-json\/wp\/v2\/types\/post"}],"replies":[{"embeddable":true,"href":"https:\/\/www.blogsoestado.com\/danielmatos\/wp-json\/wp\/v2\/comments?post=107066"}],"version-history":[{"count":0,"href":"https:\/\/www.blogsoestado.com\/danielmatos\/wp-json\/wp\/v2\/posts\/107066\/revisions"}],"wp:attachment":[{"href":"https:\/\/www.blogsoestado.com\/danielmatos\/wp-json\/wp\/v2\/media?parent=107066"}],"wp:term":[{"taxonomy":"category","embeddable":true,"href":"https:\/\/www.blogsoestado.com\/danielmatos\/wp-json\/wp\/v2\/categories?post=107066"},{"taxonomy":"post_tag","embeddable":true,"href":"https:\/\/www.blogsoestado.com\/danielmatos\/wp-json\/wp\/v2\/tags?post=107066"}],"curies":[{"name":"wp","href":"https:\/\/api.w.org\/{rel}","templated":true}]}}