{"id":107093,"date":"2023-03-15T15:16:58","date_gmt":"2023-03-15T18:16:58","guid":{"rendered":"https:\/\/www.blogsoestado.com\/danielmatos\/?p=107093"},"modified":"2023-03-15T15:16:58","modified_gmt":"2023-03-15T18:16:58","slug":"sao-luis-shopping-e-ad-shopping-lancam-campanha-compre-ganhe-e-faca-o-bem","status":"publish","type":"post","link":"https:\/\/www.blogsoestado.com\/danielmatos\/sao-luis-shopping-e-ad-shopping-lancam-campanha-compre-ganhe-e-faca-o-bem\/","title":{"rendered":"S\u00e3o Lu\u00eds Shopping e AD Shopping lan\u00e7am campanha Compre, Ganhe e Fa\u00e7a o Bem"},"content":{"rendered":"\n<p><strong>\u00a0<span class=\"has-inline-color has-vivid-red-color\">Evento ocorrer\u00e1, de 17 a 26 de mar\u00e7o, em apoio \u00e0 ONG Amigos do Bem, que contribui com mais de 150 mil fam\u00edlias no sert\u00e3o brasileiro<\/span><\/strong><\/p>\n\n\n\n<div class=\"wp-block-image\"><figure class=\"aligncenter size-large\"><a href=\"https:\/\/www.blogsoestado.com\/danielmatos\/files\/2023\/03\/Screenshot_20230315-1510592.png\"><img decoding=\"async\" src=\"https:\/\/www.blogsoestado.com\/danielmatos\/files\/2023\/03\/Screenshot_20230315-1510592.png\" alt=\"\" class=\"wp-image-107094\"\/><\/a><\/figure><\/div>\n\n\n\n<p>Em prol da ONG Amigos do Bem, que ajuda e contribui com mais de 150 mil fam\u00edlias no sert\u00e3o brasileiro, o S\u00e3o Lu\u00eds Shopping e o Grupo AD est\u00e3o lan\u00e7ando uma campanha para clientes que realizarem suas compras entre 17 e 26 de mar\u00e7o: a cada R$ 250,00 gastos em compras, o cliente ganhar\u00e1 uma caneca personalizada, produzido pelas fam\u00edlias do projeto social, gerando renda e transformando a vida destas pessoas.<\/p>\n\n\n\n<p>Para participar, basta cadastrar a nota fiscal das compras e retirar o brinde no posto de troca, localizado em frente a pra\u00e7a de alimenta\u00e7\u00e3o do piso 2. A promo\u00e7\u00e3o \u00e9 v\u00e1lida apenas para um por CPF.<\/p>\n\n\n\n<p>\u201cEstamos felizes em poder contribuir de forma positiva em prol do Amigos do Bem, que atua de forma t\u00e3o relevante no pa\u00eds, sendo, agora, uma \u2018empresa amiga do bem\u2019 e presenteando nossos clientes com produtos de alta qualidade, que s\u00e3o respons\u00e1veis pela gera\u00e7\u00e3o de renda de diversas fam\u00edlias. Essa \u00e9 uma institui\u00e7\u00e3o que ajuda milhares de brasileiros, com projetos educacionais, de sa\u00fade e trabalho em prol da pr\u00f3pria popula\u00e7\u00e3o e isto refor\u00e7a o posicionamento do Grupo AD nos pilares de ESG\u201d, aponta Christian Magalh\u00e3es, Head de Marketing Corporativo do Grupo AD Shopping.<\/p>\n\n\n\n<p>A Amigos do Bem \u00e9 uma institui\u00e7\u00e3o sem fins lucrativos que desenvolve projetos educacionais, de gera\u00e7\u00e3o de trabalho e renda, \u00e1gua, sa\u00fade e moradia no sert\u00e3o do Nordeste brasileiro, promovendo desenvolvimento local e inclus\u00e3o social junto \u00e0s popula\u00e7\u00f5es em situa\u00e7\u00e3o de extrema pobreza e mis\u00e9ria.<\/p>\n\n\n\n<p><strong>Sobre o Grupo AD<\/strong><\/p>\n\n\n\n<p>A AD Shopping est\u00e1 presente em todas as regi\u00f5es brasileiras. Seu portf\u00f3lio \u00e9 composto por 42 empreendimentos de diversos formatos, localizados tanto nas capitais quanto no interior. S\u00e3o mais de 30 anos de experi\u00eancia em desenvolvimento, planejamento, comercializa\u00e7\u00e3o e gest\u00e3o de shopping centers. O<\/p>\n\n\n\n<p>Grupo AD lan\u00e7ou, em 2021, a AlugueON, plataforma digital de loca\u00e7\u00e3o de lojas e merchandising, que facilita a prospec\u00e7\u00e3o dos locat\u00e1rios na obten\u00e7\u00e3o do ponto comercial em sua estrat\u00e9gia de expans\u00e3o comercial, seja em lojas, seja em quiosques ou m\u00eddia no mall. Visite:&nbsp;<a href=\"http:\/\/www.adshopping.com.br\/\" target=\"_blank\" rel=\"noreferrer noopener\">www.adshopping.com.br<\/a>&nbsp;,<a href=\"http:\/\/www.admall.com.br\/\" target=\"_blank\" rel=\"noreferrer noopener\">www.admall.com.br<\/a>&nbsp;e&nbsp;<a href=\"http:\/\/www.alugueon.com.br\/\" target=\"_blank\" rel=\"noreferrer noopener\">www.alugueon.com.br<\/a>.<\/p>\n\n\n\n<p><strong>Sobre Amigos do Bem<\/strong><\/p>\n\n\n\n<p>Um dos maiores projetos sociais do pa\u00eds, de iniciativa privada e sem participa\u00e7\u00e3o governamental, criada em 1993 (ou seja, completando 30 anos em 2023) por Alcione Albanesi, contribui e ajuda mais de 150 mil fam\u00edlias no sert\u00e3o brasileiro (Alagoas, Pernambuco e Cear\u00e1), transformando vidas de milhares de pessoas com projetos educacionais e gera\u00e7\u00e3o de renda em prol da pr\u00f3pria popula\u00e7\u00e3o; rompendo um ciclo secular de mis\u00e9ria.<\/p>\n\n\n\n<p><strong>Educa\u00e7\u00e3o<\/strong><\/p>\n\n\n\n<p>Com 4 centros de transforma\u00e7\u00e3o, mais de 10 mil crian\u00e7as, jovens e adultos t\u00eam atividades socioeducacionais e cursos profissionalizantes. 1.8 milh\u00e3o de refei\u00e7\u00f5es servidas por ano. 250 mil km percorridos pelos \u00f4nibus escolares por ano. 120 mil materiais did\u00e1ticos entregues por ano.<\/p>\n\n\n\n<p><strong>Trabalho<\/strong><\/p>\n\n\n\n<p>Diversos projetos foram criados para promover a transforma\u00e7\u00e3o social atrav\u00e9s de capacita\u00e7\u00e3o e gera\u00e7\u00e3o de emprego e renda para as fam\u00edlias no sert\u00e3o.<\/p>\n\n\n\n<p>1.500 postos de trabalho impactando diretamente 13.000 pessoas beneficiadas, em 15 unidades produtivas: Planta\u00e7\u00e3o de caju; F\u00e1bricas de beneficiamento de castanha, doces, mel e pimenta; Oficinas de costura e artesanato.<\/p>\n\n\n\n<p><strong>\u00c1gua e Moradia<\/strong><\/p>\n\n\n\n<p>Cidades com completa infraestrutura foram constru\u00eddas no sert\u00e3o de Alagoas, Pernambuco e Cear\u00e1, amenizando a falta de \u00e1gua e recursos b\u00e1sicos, como a perfura\u00e7\u00e3o de po\u00e7os e a constru\u00e7\u00e3o de cisternas.<\/p>\n\n\n\n<p>1.2 bilh\u00e3o de litros de \u00e1gua distribu\u00eddos por ano, mais de 543 casas constru\u00eddas e entregues, 123 cisternas constru\u00eddas, mais de 60 po\u00e7os perfurados.<\/p>\n\n\n\n<p><strong>Sa\u00fade<\/strong><\/p>\n\n\n\n<p>Volunt\u00e1rios da \u00e1rea de sa\u00fade levam atendimento m\u00e9dico e odontol\u00f3gico para mais de 300 povoados carentes do sert\u00e3o, com mais de 187 mil atendimentos por ano.<\/p>\n","protected":false},"excerpt":{"rendered":"<p>\u00a0Evento ocorrer\u00e1, de 17 a 26 de mar\u00e7o, em apoio \u00e0 ONG Amigos do Bem, que contribui com mais de [&hellip;]<\/p>\n","protected":false},"author":0,"featured_media":0,"comment_status":"open","ping_status":"open","sticky":false,"template":"","format":"standard","meta":{"site-sidebar-layout":"default","site-content-layout":"","ast-site-content-layout":"default","site-content-style":"default","site-sidebar-style":"default","ast-global-header-display":"","ast-banner-title-visibility":"","ast-main-header-display":"","ast-hfb-above-header-display":"","ast-hfb-below-header-display":"","ast-hfb-mobile-header-display":"","site-post-title":"","ast-breadcrumbs-content":"","ast-featured-img":"","footer-sml-layout":"","ast-disable-related-posts":"","theme-transparent-header-meta":"","adv-header-id-meta":"","stick-header-meta":"","header-above-stick-meta":"","header-main-stick-meta":"","header-below-stick-meta":"","astra-migrate-meta-layouts":"default","ast-page-background-enabled":"default","ast-page-background-meta":{"desktop":{"background-color":"var(--ast-global-color-5)","background-image":"","background-repeat":"repeat","background-position":"center center","background-size":"auto","background-attachment":"scroll","background-type":"","background-media":"","overlay-type":"","overlay-color":"","overlay-opacity":"","overlay-gradient":""},"tablet":{"background-color":"","background-image":"","background-repeat":"repeat","background-position":"center center","background-size":"auto","background-attachment":"scroll","background-type":"","background-media":"","overlay-type":"","overlay-color":"","overlay-opacity":"","overlay-gradient":""},"mobile":{"background-color":"","background-image":"","background-repeat":"repeat","background-position":"center center","background-size":"auto","background-attachment":"scroll","background-type":"","background-media":"","overlay-type":"","overlay-color":"","overlay-opacity":"","overlay-gradient":""}},"ast-content-background-meta":{"desktop":{"background-color":"var(--ast-global-color-4)","background-image":"","background-repeat":"repeat","background-position":"center center","background-size":"auto","background-attachment":"scroll","background-type":"","background-media":"","overlay-type":"","overlay-color":"","overlay-opacity":"","overlay-gradient":""},"tablet":{"background-color":"var(--ast-global-color-4)","background-image":"","background-repeat":"repeat","background-position":"center center","background-size":"auto","background-attachment":"scroll","background-type":"","background-media":"","overlay-type":"","overlay-color":"","overlay-opacity":"","overlay-gradient":""},"mobile":{"background-color":"var(--ast-global-color-4)","background-image":"","background-repeat":"repeat","background-position":"center center","background-size":"auto","background-attachment":"scroll","background-type":"","background-media":"","overlay-type":"","overlay-color":"","overlay-opacity":"","overlay-gradient":""}},"footnotes":""},"categories":[1],"tags":[],"class_list":["post-107093","post","type-post","status-publish","format-standard","hentry","category-sem-categoria"],"yoast_head":"<!-- This site is optimized with the Yoast SEO plugin v26.6 - https:\/\/yoast.com\/wordpress\/plugins\/seo\/ -->\n<title>S\u00e3o Lu\u00eds Shopping e AD Shopping lan\u00e7am campanha Compre, Ganhe e Fa\u00e7a o Bem - Daniel Matos<\/title>\n<meta name=\"robots\" content=\"index, follow, max-snippet:-1, max-image-preview:large, max-video-preview:-1\" \/>\n<link rel=\"canonical\" href=\"https:\/\/www.blogsoestado.com\/danielmatos\/sao-luis-shopping-e-ad-shopping-lancam-campanha-compre-ganhe-e-faca-o-bem\/\" \/>\n<meta property=\"og:locale\" content=\"pt_BR\" \/>\n<meta property=\"og:type\" content=\"article\" \/>\n<meta property=\"og:title\" content=\"S\u00e3o Lu\u00eds Shopping e AD Shopping lan\u00e7am campanha Compre, Ganhe e Fa\u00e7a o Bem - Daniel Matos\" \/>\n<meta property=\"og:description\" content=\"\u00a0Evento ocorrer\u00e1, de 17 a 26 de mar\u00e7o, em apoio \u00e0 ONG Amigos do Bem, que contribui com mais de [&hellip;]\" \/>\n<meta property=\"og:url\" content=\"https:\/\/www.blogsoestado.com\/danielmatos\/sao-luis-shopping-e-ad-shopping-lancam-campanha-compre-ganhe-e-faca-o-bem\/\" \/>\n<meta property=\"og:site_name\" content=\"Daniel Matos\" \/>\n<meta property=\"article:published_time\" content=\"2023-03-15T18:16:58+00:00\" \/>\n<meta property=\"og:image\" content=\"https:\/\/www.blogsoestado.com\/danielmatos\/files\/2023\/03\/Screenshot_20230315-1510592.png\" \/>\n<meta name=\"twitter:card\" content=\"summary_large_image\" \/>\n<meta name=\"twitter:label1\" content=\"Est. tempo de leitura\" \/>\n\t<meta name=\"twitter:data1\" content=\"3 minutos\" \/>\n<script type=\"application\/ld+json\" class=\"yoast-schema-graph\">{\"@context\":\"https:\/\/schema.org\",\"@graph\":[{\"@type\":\"WebPage\",\"@id\":\"https:\/\/www.blogsoestado.com\/danielmatos\/sao-luis-shopping-e-ad-shopping-lancam-campanha-compre-ganhe-e-faca-o-bem\/\",\"url\":\"https:\/\/www.blogsoestado.com\/danielmatos\/sao-luis-shopping-e-ad-shopping-lancam-campanha-compre-ganhe-e-faca-o-bem\/\",\"name\":\"S\u00e3o Lu\u00eds Shopping e AD Shopping lan\u00e7am campanha Compre, Ganhe e Fa\u00e7a o Bem - Daniel Matos\",\"isPartOf\":{\"@id\":\"https:\/\/www.blogsoestado.com\/danielmatos\/#website\"},\"primaryImageOfPage\":{\"@id\":\"https:\/\/www.blogsoestado.com\/danielmatos\/sao-luis-shopping-e-ad-shopping-lancam-campanha-compre-ganhe-e-faca-o-bem\/#primaryimage\"},\"image\":{\"@id\":\"https:\/\/www.blogsoestado.com\/danielmatos\/sao-luis-shopping-e-ad-shopping-lancam-campanha-compre-ganhe-e-faca-o-bem\/#primaryimage\"},\"thumbnailUrl\":\"https:\/\/www.blogsoestado.com\/danielmatos\/files\/2023\/03\/Screenshot_20230315-1510592.png\",\"datePublished\":\"2023-03-15T18:16:58+00:00\",\"author\":{\"@id\":\"\"},\"breadcrumb\":{\"@id\":\"https:\/\/www.blogsoestado.com\/danielmatos\/sao-luis-shopping-e-ad-shopping-lancam-campanha-compre-ganhe-e-faca-o-bem\/#breadcrumb\"},\"inLanguage\":\"pt-BR\",\"potentialAction\":[{\"@type\":\"ReadAction\",\"target\":[\"https:\/\/www.blogsoestado.com\/danielmatos\/sao-luis-shopping-e-ad-shopping-lancam-campanha-compre-ganhe-e-faca-o-bem\/\"]}]},{\"@type\":\"ImageObject\",\"inLanguage\":\"pt-BR\",\"@id\":\"https:\/\/www.blogsoestado.com\/danielmatos\/sao-luis-shopping-e-ad-shopping-lancam-campanha-compre-ganhe-e-faca-o-bem\/#primaryimage\",\"url\":\"https:\/\/www.blogsoestado.com\/danielmatos\/files\/2023\/03\/Screenshot_20230315-1510592.png\",\"contentUrl\":\"https:\/\/www.blogsoestado.com\/danielmatos\/files\/2023\/03\/Screenshot_20230315-1510592.png\"},{\"@type\":\"BreadcrumbList\",\"@id\":\"https:\/\/www.blogsoestado.com\/danielmatos\/sao-luis-shopping-e-ad-shopping-lancam-campanha-compre-ganhe-e-faca-o-bem\/#breadcrumb\",\"itemListElement\":[{\"@type\":\"ListItem\",\"position\":1,\"name\":\"In\u00edcio\",\"item\":\"https:\/\/www.blogsoestado.com\/danielmatos\/\"},{\"@type\":\"ListItem\",\"position\":2,\"name\":\"S\u00e3o Lu\u00eds Shopping e AD Shopping lan\u00e7am campanha Compre, Ganhe e Fa\u00e7a o Bem\"}]},{\"@type\":\"WebSite\",\"@id\":\"https:\/\/www.blogsoestado.com\/danielmatos\/#website\",\"url\":\"https:\/\/www.blogsoestado.com\/danielmatos\/\",\"name\":\"Daniel Matos\",\"description\":\"\",\"potentialAction\":[{\"@type\":\"SearchAction\",\"target\":{\"@type\":\"EntryPoint\",\"urlTemplate\":\"https:\/\/www.blogsoestado.com\/danielmatos\/?s={search_term_string}\"},\"query-input\":{\"@type\":\"PropertyValueSpecification\",\"valueRequired\":true,\"valueName\":\"search_term_string\"}}],\"inLanguage\":\"pt-BR\"}]}<\/script>\n<!-- \/ Yoast SEO plugin. -->","yoast_head_json":{"title":"S\u00e3o Lu\u00eds Shopping e AD Shopping lan\u00e7am campanha Compre, Ganhe e Fa\u00e7a o Bem - Daniel Matos","robots":{"index":"index","follow":"follow","max-snippet":"max-snippet:-1","max-image-preview":"max-image-preview:large","max-video-preview":"max-video-preview:-1"},"canonical":"https:\/\/www.blogsoestado.com\/danielmatos\/sao-luis-shopping-e-ad-shopping-lancam-campanha-compre-ganhe-e-faca-o-bem\/","og_locale":"pt_BR","og_type":"article","og_title":"S\u00e3o Lu\u00eds Shopping e AD Shopping lan\u00e7am campanha Compre, Ganhe e Fa\u00e7a o Bem - Daniel Matos","og_description":"\u00a0Evento ocorrer\u00e1, de 17 a 26 de mar\u00e7o, em apoio \u00e0 ONG Amigos do Bem, que contribui com mais de [&hellip;]","og_url":"https:\/\/www.blogsoestado.com\/danielmatos\/sao-luis-shopping-e-ad-shopping-lancam-campanha-compre-ganhe-e-faca-o-bem\/","og_site_name":"Daniel Matos","article_published_time":"2023-03-15T18:16:58+00:00","og_image":[{"url":"https:\/\/www.blogsoestado.com\/danielmatos\/files\/2023\/03\/Screenshot_20230315-1510592.png","type":"","width":"","height":""}],"twitter_card":"summary_large_image","twitter_misc":{"Est. tempo de leitura":"3 minutos"},"schema":{"@context":"https:\/\/schema.org","@graph":[{"@type":"WebPage","@id":"https:\/\/www.blogsoestado.com\/danielmatos\/sao-luis-shopping-e-ad-shopping-lancam-campanha-compre-ganhe-e-faca-o-bem\/","url":"https:\/\/www.blogsoestado.com\/danielmatos\/sao-luis-shopping-e-ad-shopping-lancam-campanha-compre-ganhe-e-faca-o-bem\/","name":"S\u00e3o Lu\u00eds Shopping e AD Shopping lan\u00e7am campanha Compre, Ganhe e Fa\u00e7a o Bem - Daniel Matos","isPartOf":{"@id":"https:\/\/www.blogsoestado.com\/danielmatos\/#website"},"primaryImageOfPage":{"@id":"https:\/\/www.blogsoestado.com\/danielmatos\/sao-luis-shopping-e-ad-shopping-lancam-campanha-compre-ganhe-e-faca-o-bem\/#primaryimage"},"image":{"@id":"https:\/\/www.blogsoestado.com\/danielmatos\/sao-luis-shopping-e-ad-shopping-lancam-campanha-compre-ganhe-e-faca-o-bem\/#primaryimage"},"thumbnailUrl":"https:\/\/www.blogsoestado.com\/danielmatos\/files\/2023\/03\/Screenshot_20230315-1510592.png","datePublished":"2023-03-15T18:16:58+00:00","author":{"@id":""},"breadcrumb":{"@id":"https:\/\/www.blogsoestado.com\/danielmatos\/sao-luis-shopping-e-ad-shopping-lancam-campanha-compre-ganhe-e-faca-o-bem\/#breadcrumb"},"inLanguage":"pt-BR","potentialAction":[{"@type":"ReadAction","target":["https:\/\/www.blogsoestado.com\/danielmatos\/sao-luis-shopping-e-ad-shopping-lancam-campanha-compre-ganhe-e-faca-o-bem\/"]}]},{"@type":"ImageObject","inLanguage":"pt-BR","@id":"https:\/\/www.blogsoestado.com\/danielmatos\/sao-luis-shopping-e-ad-shopping-lancam-campanha-compre-ganhe-e-faca-o-bem\/#primaryimage","url":"https:\/\/www.blogsoestado.com\/danielmatos\/files\/2023\/03\/Screenshot_20230315-1510592.png","contentUrl":"https:\/\/www.blogsoestado.com\/danielmatos\/files\/2023\/03\/Screenshot_20230315-1510592.png"},{"@type":"BreadcrumbList","@id":"https:\/\/www.blogsoestado.com\/danielmatos\/sao-luis-shopping-e-ad-shopping-lancam-campanha-compre-ganhe-e-faca-o-bem\/#breadcrumb","itemListElement":[{"@type":"ListItem","position":1,"name":"In\u00edcio","item":"https:\/\/www.blogsoestado.com\/danielmatos\/"},{"@type":"ListItem","position":2,"name":"S\u00e3o Lu\u00eds Shopping e AD Shopping lan\u00e7am campanha Compre, Ganhe e Fa\u00e7a o Bem"}]},{"@type":"WebSite","@id":"https:\/\/www.blogsoestado.com\/danielmatos\/#website","url":"https:\/\/www.blogsoestado.com\/danielmatos\/","name":"Daniel Matos","description":"","potentialAction":[{"@type":"SearchAction","target":{"@type":"EntryPoint","urlTemplate":"https:\/\/www.blogsoestado.com\/danielmatos\/?s={search_term_string}"},"query-input":{"@type":"PropertyValueSpecification","valueRequired":true,"valueName":"search_term_string"}}],"inLanguage":"pt-BR"}]}},"jetpack_featured_media_url":"","_links":{"self":[{"href":"https:\/\/www.blogsoestado.com\/danielmatos\/wp-json\/wp\/v2\/posts\/107093","targetHints":{"allow":["GET"]}}],"collection":[{"href":"https:\/\/www.blogsoestado.com\/danielmatos\/wp-json\/wp\/v2\/posts"}],"about":[{"href":"https:\/\/www.blogsoestado.com\/danielmatos\/wp-json\/wp\/v2\/types\/post"}],"replies":[{"embeddable":true,"href":"https:\/\/www.blogsoestado.com\/danielmatos\/wp-json\/wp\/v2\/comments?post=107093"}],"version-history":[{"count":0,"href":"https:\/\/www.blogsoestado.com\/danielmatos\/wp-json\/wp\/v2\/posts\/107093\/revisions"}],"wp:attachment":[{"href":"https:\/\/www.blogsoestado.com\/danielmatos\/wp-json\/wp\/v2\/media?parent=107093"}],"wp:term":[{"taxonomy":"category","embeddable":true,"href":"https:\/\/www.blogsoestado.com\/danielmatos\/wp-json\/wp\/v2\/categories?post=107093"},{"taxonomy":"post_tag","embeddable":true,"href":"https:\/\/www.blogsoestado.com\/danielmatos\/wp-json\/wp\/v2\/tags?post=107093"}],"curies":[{"name":"wp","href":"https:\/\/api.w.org\/{rel}","templated":true}]}}