{"id":107098,"date":"2023-03-15T17:06:36","date_gmt":"2023-03-15T20:06:36","guid":{"rendered":"https:\/\/www.blogsoestado.com\/danielmatos\/?p=107098"},"modified":"2023-03-15T17:06:36","modified_gmt":"2023-03-15T20:06:36","slug":"assembleia-investe-em-capacitacao-e-inicia-curso-na-area-de-assessoria-tecnico-parlamentar","status":"publish","type":"post","link":"https:\/\/www.blogsoestado.com\/danielmatos\/assembleia-investe-em-capacitacao-e-inicia-curso-na-area-de-assessoria-tecnico-parlamentar\/","title":{"rendered":"Assembleia investe em capacita\u00e7\u00e3o e inicia curso na \u00e1rea de Assessoria T\u00e9cnico-Parlamentar"},"content":{"rendered":"\n<div class=\"wp-block-image\"><figure class=\"aligncenter size-large\"><a href=\"https:\/\/www.blogsoestado.com\/danielmatos\/files\/2023\/03\/Screenshot_20230315-1648002.png\"><img decoding=\"async\" src=\"https:\/\/www.blogsoestado.com\/danielmatos\/files\/2023\/03\/Screenshot_20230315-1648002.png\" alt=\"\" class=\"wp-image-107099\"\/><\/a><figcaption>Servidores da Assembleia participam do curso \u201cForma\u00e7\u00e3o B\u00e1sica em Assessoria T\u00e9cnico-Parlamentar\u201d<\/figcaption><\/figure><\/div>\n\n\n\n<p>A Assembleia Legislativa do Maranh\u00e3o est\u00e1 investindo na capacita\u00e7\u00e3o de seu quadro de servidores. Nesta ter\u00e7a-feira (14), foi iniciado o curso \u201cForma\u00e7\u00e3o B\u00e1sica em Assessoria T\u00e9cnico-Parlamentar\u201d, promovido pela Escola do Legislativo da Alema e que prossegue at\u00e9 esta quinta (16), no Audit\u00f3rio Neiva Moreira. A iniciativa \u00e9 uma determina\u00e7\u00e3o da presidente da Casa, deputada Iracema Vale (PSB).<\/p>\n\n\n\n<p>O diretor-geral da Mesa Diretora da Assembleia Legislativa, Br\u00e1ulio Martins, fez a abertura, do curso e detalhou rotinas do Parlamento, ao lado da consultora-geral da Casa, Luzenice Martins; do chefe do Gabinete Militar, coronel Paulo Fernando; e da diretora de Comunica\u00e7\u00e3o da Alema, Jacqueline Heluy.<\/p>\n\n\n\n<div class=\"wp-block-image\"><figure class=\"aligncenter size-large\"><a href=\"https:\/\/www.blogsoestado.com\/danielmatos\/files\/2023\/03\/Screenshot_20230315-1654242.png\"><img decoding=\"async\" src=\"https:\/\/www.blogsoestado.com\/danielmatos\/files\/2023\/03\/Screenshot_20230315-1654242.png\" alt=\"\" class=\"wp-image-107100\"\/><\/a><figcaption>Diretor-geral da Mesa Diretora da Alema, Br\u00e1ulio Martins, detalhou rotinas do Legislativo<\/figcaption><\/figure><\/div>\n\n\n\n<p>O primeiro dia do curso foi voltado ao tema \u201cAssessoramento Legislativo, Processo Legislativo e Controle Legislativo\u201d, com palestras do diretor-geral da Mesa e dos consultores legislativos da Casa, Anderson Rocha, Fl\u00e1vio Ol\u00edmpio e Thiara Pereira.<\/p>\n\n\n\n<p>Br\u00e1ulio Martins afirmou que a Casa est\u00e1 oferecendo o treinamento voltado para essa tem\u00e1tica, em virtude da nova legislatura e dos novos assessores.<\/p>\n\n\n\n<div class=\"wp-block-image\"><figure class=\"aligncenter size-large\"><a href=\"https:\/\/www.blogsoestado.com\/danielmatos\/files\/2023\/03\/Screenshot_20230315-1654522.png\"><img decoding=\"async\" src=\"https:\/\/www.blogsoestado.com\/danielmatos\/files\/2023\/03\/Screenshot_20230315-1654522.png\" alt=\"\" class=\"wp-image-107101\"\/><\/a><figcaption>Consultor legislativo da Casa, Anderson Rocha, abordou o tema tema \u201cAssessoramento Legislativo, Processo Legislativo e Controle Legislativo\u201d<\/figcaption><\/figure><\/div>\n\n\n\n<p>\u201cEstamos dando informa\u00e7\u00f5es b\u00e1sicas sobre o funcionamento do Poder Legislativo, sobre tramita\u00e7\u00e3o de projetos e outros temas, permitindo que conhe\u00e7am e tenham condi\u00e7\u00f5es de dar melhor assessoramento; e vendo um pouco do processo legislativo, como acontece, como \u00e9 feito e que a gente possa se integrar, cada vez mais, para tornar a Assembleia cada vez mais forte\u201d, garantiu.<\/p>\n\n\n\n<p>A diretora-adjunta de Desenvolvimento Social da Alema, Juliana Guerra, tamb\u00e9m participou da abertura e enalteceu a import\u00e2ncia do curso como forma de prestar melhor assessoramento aos parlamentares.<\/p>\n\n\n\n<div class=\"wp-block-image\"><figure class=\"aligncenter size-large\"><a href=\"https:\/\/www.blogsoestado.com\/danielmatos\/files\/2023\/03\/Screenshot_20230315-1655282.png\"><img decoding=\"async\" src=\"https:\/\/www.blogsoestado.com\/danielmatos\/files\/2023\/03\/Screenshot_20230315-1655282.png\" alt=\"\" class=\"wp-image-107102\"\/><\/a><figcaption>Br\u00e1ulio Martins com o chefe do Gabinete Militar, coronel Paulo Fernando e a diretora de Comunica\u00e7\u00e3o da Alema, Jacqueline Heluy<\/figcaption><\/figure><\/div>\n\n\n\n<p>\u201cO curso foi pensado ap\u00f3s uma renova\u00e7\u00e3o consider\u00e1vel nesta legislatura. Com novos deputados, s\u00e3o novos assessores e a gente pensando em dar a esses assessores um conhecimento que possibilite prestar um trabalho de melhor qualidade\u201d, disse.<\/p>\n\n\n\n<p><strong>Mais palestras<\/strong><\/p>\n\n\n\n<p>J\u00e1 o consultor legislativo da Casa e palestrante, Anderson Rocha, destacou a import\u00e2ncia do curso ministrado com a participa\u00e7\u00e3o de consultores e assessores legislativos da Casa. \u201cVamos mostrar, de forma geral, sobre o processo legislativo, o processo or\u00e7ament\u00e1rio e a t\u00e9cnica legislativa; as Comiss\u00f5es Parlamentares de Inqu\u00e9rito; e outros, assuntos importantes para os que est\u00e3o se iniciando no desempenho parlamentar\u201d, frisou.<\/p>\n\n\n\n<div class=\"wp-block-image\"><figure class=\"aligncenter size-large\"><a href=\"https:\/\/www.blogsoestado.com\/danielmatos\/files\/2023\/03\/Screenshot_20230315-1656032.png\"><img decoding=\"async\" src=\"https:\/\/www.blogsoestado.com\/danielmatos\/files\/2023\/03\/Screenshot_20230315-1656032.png\" alt=\"\" class=\"wp-image-107103\"\/><\/a><figcaption>Audit\u00f3rio Neiva Moreira ficou lotado de servidores interessados no curso<\/figcaption><\/figure><\/div>\n\n\n\n<p>Nesta quarta-feira (15), o tema da palestra \u00e9 \u201cT\u00e9cnica Legislativa\u201d, ministrado pelos consultores Wagner Ara\u00fajo, Guilherme Lima e Ana Elvira. Na quinta-feira (16), a tem\u00e1tica ser\u00e1 \u201cCPI e Participa\u00e7\u00e3o Popular\u201d, tendo como facilitadores Luzenice Martins, consultora-geral da Casa, e os consultores Suzamira Moura e Aristides Lob\u00e3o.<\/p>\n","protected":false},"excerpt":{"rendered":"<p>A Assembleia Legislativa do Maranh\u00e3o est\u00e1 investindo na capacita\u00e7\u00e3o de seu quadro de servidores. Nesta ter\u00e7a-feira (14), foi iniciado o [&hellip;]<\/p>\n","protected":false},"author":0,"featured_media":0,"comment_status":"open","ping_status":"open","sticky":false,"template":"","format":"standard","meta":{"site-sidebar-layout":"default","site-content-layout":"","ast-site-content-layout":"default","site-content-style":"default","site-sidebar-style":"default","ast-global-header-display":"","ast-banner-title-visibility":"","ast-main-header-display":"","ast-hfb-above-header-display":"","ast-hfb-below-header-display":"","ast-hfb-mobile-header-display":"","site-post-title":"","ast-breadcrumbs-content":"","ast-featured-img":"","footer-sml-layout":"","ast-disable-related-posts":"","theme-transparent-header-meta":"","adv-header-id-meta":"","stick-header-meta":"","header-above-stick-meta":"","header-main-stick-meta":"","header-below-stick-meta":"","astra-migrate-meta-layouts":"default","ast-page-background-enabled":"default","ast-page-background-meta":{"desktop":{"background-color":"var(--ast-global-color-5)","background-image":"","background-repeat":"repeat","background-position":"center center","background-size":"auto","background-attachment":"scroll","background-type":"","background-media":"","overlay-type":"","overlay-color":"","overlay-opacity":"","overlay-gradient":""},"tablet":{"background-color":"","background-image":"","background-repeat":"repeat","background-position":"center center","background-size":"auto","background-attachment":"scroll","background-type":"","background-media":"","overlay-type":"","overlay-color":"","overlay-opacity":"","overlay-gradient":""},"mobile":{"background-color":"","background-image":"","background-repeat":"repeat","background-position":"center center","background-size":"auto","background-attachment":"scroll","background-type":"","background-media":"","overlay-type":"","overlay-color":"","overlay-opacity":"","overlay-gradient":""}},"ast-content-background-meta":{"desktop":{"background-color":"var(--ast-global-color-4)","background-image":"","background-repeat":"repeat","background-position":"center center","background-size":"auto","background-attachment":"scroll","background-type":"","background-media":"","overlay-type":"","overlay-color":"","overlay-opacity":"","overlay-gradient":""},"tablet":{"background-color":"var(--ast-global-color-4)","background-image":"","background-repeat":"repeat","background-position":"center center","background-size":"auto","background-attachment":"scroll","background-type":"","background-media":"","overlay-type":"","overlay-color":"","overlay-opacity":"","overlay-gradient":""},"mobile":{"background-color":"var(--ast-global-color-4)","background-image":"","background-repeat":"repeat","background-position":"center center","background-size":"auto","background-attachment":"scroll","background-type":"","background-media":"","overlay-type":"","overlay-color":"","overlay-opacity":"","overlay-gradient":""}},"footnotes":""},"categories":[1],"tags":[],"class_list":["post-107098","post","type-post","status-publish","format-standard","hentry","category-sem-categoria"],"yoast_head":"<!-- This site is optimized with the Yoast SEO plugin v26.6 - https:\/\/yoast.com\/wordpress\/plugins\/seo\/ -->\n<title>Assembleia investe em capacita\u00e7\u00e3o e inicia curso na \u00e1rea de Assessoria T\u00e9cnico-Parlamentar - Daniel Matos<\/title>\n<meta name=\"robots\" content=\"index, follow, max-snippet:-1, max-image-preview:large, max-video-preview:-1\" \/>\n<link rel=\"canonical\" href=\"https:\/\/www.blogsoestado.com\/danielmatos\/assembleia-investe-em-capacitacao-e-inicia-curso-na-area-de-assessoria-tecnico-parlamentar\/\" \/>\n<meta property=\"og:locale\" content=\"pt_BR\" \/>\n<meta property=\"og:type\" content=\"article\" \/>\n<meta property=\"og:title\" content=\"Assembleia investe em capacita\u00e7\u00e3o e inicia curso na \u00e1rea de Assessoria T\u00e9cnico-Parlamentar - Daniel Matos\" \/>\n<meta property=\"og:description\" content=\"A Assembleia Legislativa do Maranh\u00e3o est\u00e1 investindo na capacita\u00e7\u00e3o de seu quadro de servidores. Nesta ter\u00e7a-feira (14), foi iniciado o [&hellip;]\" \/>\n<meta property=\"og:url\" content=\"https:\/\/www.blogsoestado.com\/danielmatos\/assembleia-investe-em-capacitacao-e-inicia-curso-na-area-de-assessoria-tecnico-parlamentar\/\" \/>\n<meta property=\"og:site_name\" content=\"Daniel Matos\" \/>\n<meta property=\"article:published_time\" content=\"2023-03-15T20:06:36+00:00\" \/>\n<meta property=\"og:image\" content=\"https:\/\/www.blogsoestado.com\/danielmatos\/files\/2023\/03\/Screenshot_20230315-1648002.png\" \/>\n<meta name=\"twitter:card\" content=\"summary_large_image\" \/>\n<meta name=\"twitter:label1\" content=\"Est. tempo de leitura\" \/>\n\t<meta name=\"twitter:data1\" content=\"4 minutos\" \/>\n<script type=\"application\/ld+json\" class=\"yoast-schema-graph\">{\"@context\":\"https:\/\/schema.org\",\"@graph\":[{\"@type\":\"WebPage\",\"@id\":\"https:\/\/www.blogsoestado.com\/danielmatos\/assembleia-investe-em-capacitacao-e-inicia-curso-na-area-de-assessoria-tecnico-parlamentar\/\",\"url\":\"https:\/\/www.blogsoestado.com\/danielmatos\/assembleia-investe-em-capacitacao-e-inicia-curso-na-area-de-assessoria-tecnico-parlamentar\/\",\"name\":\"Assembleia investe em capacita\u00e7\u00e3o e inicia curso na \u00e1rea de Assessoria T\u00e9cnico-Parlamentar - Daniel Matos\",\"isPartOf\":{\"@id\":\"https:\/\/www.blogsoestado.com\/danielmatos\/#website\"},\"primaryImageOfPage\":{\"@id\":\"https:\/\/www.blogsoestado.com\/danielmatos\/assembleia-investe-em-capacitacao-e-inicia-curso-na-area-de-assessoria-tecnico-parlamentar\/#primaryimage\"},\"image\":{\"@id\":\"https:\/\/www.blogsoestado.com\/danielmatos\/assembleia-investe-em-capacitacao-e-inicia-curso-na-area-de-assessoria-tecnico-parlamentar\/#primaryimage\"},\"thumbnailUrl\":\"https:\/\/www.blogsoestado.com\/danielmatos\/files\/2023\/03\/Screenshot_20230315-1648002.png\",\"datePublished\":\"2023-03-15T20:06:36+00:00\",\"author\":{\"@id\":\"\"},\"breadcrumb\":{\"@id\":\"https:\/\/www.blogsoestado.com\/danielmatos\/assembleia-investe-em-capacitacao-e-inicia-curso-na-area-de-assessoria-tecnico-parlamentar\/#breadcrumb\"},\"inLanguage\":\"pt-BR\",\"potentialAction\":[{\"@type\":\"ReadAction\",\"target\":[\"https:\/\/www.blogsoestado.com\/danielmatos\/assembleia-investe-em-capacitacao-e-inicia-curso-na-area-de-assessoria-tecnico-parlamentar\/\"]}]},{\"@type\":\"ImageObject\",\"inLanguage\":\"pt-BR\",\"@id\":\"https:\/\/www.blogsoestado.com\/danielmatos\/assembleia-investe-em-capacitacao-e-inicia-curso-na-area-de-assessoria-tecnico-parlamentar\/#primaryimage\",\"url\":\"https:\/\/www.blogsoestado.com\/danielmatos\/files\/2023\/03\/Screenshot_20230315-1648002.png\",\"contentUrl\":\"https:\/\/www.blogsoestado.com\/danielmatos\/files\/2023\/03\/Screenshot_20230315-1648002.png\"},{\"@type\":\"BreadcrumbList\",\"@id\":\"https:\/\/www.blogsoestado.com\/danielmatos\/assembleia-investe-em-capacitacao-e-inicia-curso-na-area-de-assessoria-tecnico-parlamentar\/#breadcrumb\",\"itemListElement\":[{\"@type\":\"ListItem\",\"position\":1,\"name\":\"In\u00edcio\",\"item\":\"https:\/\/www.blogsoestado.com\/danielmatos\/\"},{\"@type\":\"ListItem\",\"position\":2,\"name\":\"Assembleia investe em capacita\u00e7\u00e3o e inicia curso na \u00e1rea de Assessoria T\u00e9cnico-Parlamentar\"}]},{\"@type\":\"WebSite\",\"@id\":\"https:\/\/www.blogsoestado.com\/danielmatos\/#website\",\"url\":\"https:\/\/www.blogsoestado.com\/danielmatos\/\",\"name\":\"Daniel Matos\",\"description\":\"\",\"potentialAction\":[{\"@type\":\"SearchAction\",\"target\":{\"@type\":\"EntryPoint\",\"urlTemplate\":\"https:\/\/www.blogsoestado.com\/danielmatos\/?s={search_term_string}\"},\"query-input\":{\"@type\":\"PropertyValueSpecification\",\"valueRequired\":true,\"valueName\":\"search_term_string\"}}],\"inLanguage\":\"pt-BR\"}]}<\/script>\n<!-- \/ Yoast SEO plugin. -->","yoast_head_json":{"title":"Assembleia investe em capacita\u00e7\u00e3o e inicia curso na \u00e1rea de Assessoria T\u00e9cnico-Parlamentar - Daniel Matos","robots":{"index":"index","follow":"follow","max-snippet":"max-snippet:-1","max-image-preview":"max-image-preview:large","max-video-preview":"max-video-preview:-1"},"canonical":"https:\/\/www.blogsoestado.com\/danielmatos\/assembleia-investe-em-capacitacao-e-inicia-curso-na-area-de-assessoria-tecnico-parlamentar\/","og_locale":"pt_BR","og_type":"article","og_title":"Assembleia investe em capacita\u00e7\u00e3o e inicia curso na \u00e1rea de Assessoria T\u00e9cnico-Parlamentar - Daniel Matos","og_description":"A Assembleia Legislativa do Maranh\u00e3o est\u00e1 investindo na capacita\u00e7\u00e3o de seu quadro de servidores. Nesta ter\u00e7a-feira (14), foi iniciado o [&hellip;]","og_url":"https:\/\/www.blogsoestado.com\/danielmatos\/assembleia-investe-em-capacitacao-e-inicia-curso-na-area-de-assessoria-tecnico-parlamentar\/","og_site_name":"Daniel Matos","article_published_time":"2023-03-15T20:06:36+00:00","og_image":[{"url":"https:\/\/www.blogsoestado.com\/danielmatos\/files\/2023\/03\/Screenshot_20230315-1648002.png","type":"","width":"","height":""}],"twitter_card":"summary_large_image","twitter_misc":{"Est. tempo de leitura":"4 minutos"},"schema":{"@context":"https:\/\/schema.org","@graph":[{"@type":"WebPage","@id":"https:\/\/www.blogsoestado.com\/danielmatos\/assembleia-investe-em-capacitacao-e-inicia-curso-na-area-de-assessoria-tecnico-parlamentar\/","url":"https:\/\/www.blogsoestado.com\/danielmatos\/assembleia-investe-em-capacitacao-e-inicia-curso-na-area-de-assessoria-tecnico-parlamentar\/","name":"Assembleia investe em capacita\u00e7\u00e3o e inicia curso na \u00e1rea de Assessoria T\u00e9cnico-Parlamentar - Daniel Matos","isPartOf":{"@id":"https:\/\/www.blogsoestado.com\/danielmatos\/#website"},"primaryImageOfPage":{"@id":"https:\/\/www.blogsoestado.com\/danielmatos\/assembleia-investe-em-capacitacao-e-inicia-curso-na-area-de-assessoria-tecnico-parlamentar\/#primaryimage"},"image":{"@id":"https:\/\/www.blogsoestado.com\/danielmatos\/assembleia-investe-em-capacitacao-e-inicia-curso-na-area-de-assessoria-tecnico-parlamentar\/#primaryimage"},"thumbnailUrl":"https:\/\/www.blogsoestado.com\/danielmatos\/files\/2023\/03\/Screenshot_20230315-1648002.png","datePublished":"2023-03-15T20:06:36+00:00","author":{"@id":""},"breadcrumb":{"@id":"https:\/\/www.blogsoestado.com\/danielmatos\/assembleia-investe-em-capacitacao-e-inicia-curso-na-area-de-assessoria-tecnico-parlamentar\/#breadcrumb"},"inLanguage":"pt-BR","potentialAction":[{"@type":"ReadAction","target":["https:\/\/www.blogsoestado.com\/danielmatos\/assembleia-investe-em-capacitacao-e-inicia-curso-na-area-de-assessoria-tecnico-parlamentar\/"]}]},{"@type":"ImageObject","inLanguage":"pt-BR","@id":"https:\/\/www.blogsoestado.com\/danielmatos\/assembleia-investe-em-capacitacao-e-inicia-curso-na-area-de-assessoria-tecnico-parlamentar\/#primaryimage","url":"https:\/\/www.blogsoestado.com\/danielmatos\/files\/2023\/03\/Screenshot_20230315-1648002.png","contentUrl":"https:\/\/www.blogsoestado.com\/danielmatos\/files\/2023\/03\/Screenshot_20230315-1648002.png"},{"@type":"BreadcrumbList","@id":"https:\/\/www.blogsoestado.com\/danielmatos\/assembleia-investe-em-capacitacao-e-inicia-curso-na-area-de-assessoria-tecnico-parlamentar\/#breadcrumb","itemListElement":[{"@type":"ListItem","position":1,"name":"In\u00edcio","item":"https:\/\/www.blogsoestado.com\/danielmatos\/"},{"@type":"ListItem","position":2,"name":"Assembleia investe em capacita\u00e7\u00e3o e inicia curso na \u00e1rea de Assessoria T\u00e9cnico-Parlamentar"}]},{"@type":"WebSite","@id":"https:\/\/www.blogsoestado.com\/danielmatos\/#website","url":"https:\/\/www.blogsoestado.com\/danielmatos\/","name":"Daniel Matos","description":"","potentialAction":[{"@type":"SearchAction","target":{"@type":"EntryPoint","urlTemplate":"https:\/\/www.blogsoestado.com\/danielmatos\/?s={search_term_string}"},"query-input":{"@type":"PropertyValueSpecification","valueRequired":true,"valueName":"search_term_string"}}],"inLanguage":"pt-BR"}]}},"jetpack_featured_media_url":"","_links":{"self":[{"href":"https:\/\/www.blogsoestado.com\/danielmatos\/wp-json\/wp\/v2\/posts\/107098","targetHints":{"allow":["GET"]}}],"collection":[{"href":"https:\/\/www.blogsoestado.com\/danielmatos\/wp-json\/wp\/v2\/posts"}],"about":[{"href":"https:\/\/www.blogsoestado.com\/danielmatos\/wp-json\/wp\/v2\/types\/post"}],"replies":[{"embeddable":true,"href":"https:\/\/www.blogsoestado.com\/danielmatos\/wp-json\/wp\/v2\/comments?post=107098"}],"version-history":[{"count":0,"href":"https:\/\/www.blogsoestado.com\/danielmatos\/wp-json\/wp\/v2\/posts\/107098\/revisions"}],"wp:attachment":[{"href":"https:\/\/www.blogsoestado.com\/danielmatos\/wp-json\/wp\/v2\/media?parent=107098"}],"wp:term":[{"taxonomy":"category","embeddable":true,"href":"https:\/\/www.blogsoestado.com\/danielmatos\/wp-json\/wp\/v2\/categories?post=107098"},{"taxonomy":"post_tag","embeddable":true,"href":"https:\/\/www.blogsoestado.com\/danielmatos\/wp-json\/wp\/v2\/tags?post=107098"}],"curies":[{"name":"wp","href":"https:\/\/api.w.org\/{rel}","templated":true}]}}