{"id":107105,"date":"2023-03-15T22:50:34","date_gmt":"2023-03-16T01:50:34","guid":{"rendered":"https:\/\/www.blogsoestado.com\/danielmatos\/?p=107105"},"modified":"2023-03-15T22:50:34","modified_gmt":"2023-03-16T01:50:34","slug":"wellington-reafirma-sua-luta-pelo-piso-salarial-dos-professores-em-reuniao-da-comissao-de-educacao-da-assembleia-com-sindicato","status":"publish","type":"post","link":"https:\/\/www.blogsoestado.com\/danielmatos\/wellington-reafirma-sua-luta-pelo-piso-salarial-dos-professores-em-reuniao-da-comissao-de-educacao-da-assembleia-com-sindicato\/","title":{"rendered":"Wellington reafirma sua luta pelo piso salarial dos professores em reuni\u00e3o da Comiss\u00e3o de Educa\u00e7\u00e3o da Assembleia com sindicato"},"content":{"rendered":"\n<div class=\"wp-block-image\"><figure class=\"aligncenter size-large\"><a href=\"https:\/\/www.blogsoestado.com\/danielmatos\/files\/2023\/03\/Screenshot_20230315-2252372.png\"><img decoding=\"async\" src=\"https:\/\/www.blogsoestado.com\/danielmatos\/files\/2023\/03\/Screenshot_20230315-2252372.png\" alt=\"\" class=\"wp-image-107109\"\/><\/a><figcaption>O deputado estadual Wellington do Curso garantiu estar acompanhando a mobiliza\u00e7\u00e3o dos professores e se colocou \u00e0 disposi\u00e7\u00e3o para ajudar a encontrar uma solu\u00e7\u00e3o para o impasse<\/figcaption><\/figure><\/div>\n\n\n\n<p>O deputado estadual Wellington do Curso participou, na manh\u00e3 desta quarta-feira (15), de reuni\u00e3o entre a Comiss\u00e3o de Educa\u00e7\u00e3o e membros do Sindicato dos Trabalhadores em Educa\u00e7\u00e3o B\u00e1sica das Redes P\u00fablicas Estadual e Municipais do Estado do Maranh\u00e3o (SINPROESEMMA). O objetivo foi discutir uma solu\u00e7\u00e3o que v\u00e1 ao encontro dos anseios apresentados pelos educadores maranhenses.<\/p>\n\n\n\n<p>Na ocasi\u00e3o, Wellington reafirmou o compromisso com a categoria e disse estar firme na luta para garantir a implanta\u00e7\u00e3o do piso salarial dos professores<\/p>\n\n\n\n<p>\u201cA minha luta em defesa dos professores j\u00e1 \u00e9 uma luta antiga. Por isso, estou acompanhando essa mobiliza\u00e7\u00e3o e me coloco \u00e0 disposi\u00e7\u00e3o para encontrar uma solu\u00e7\u00e3o. O objetivo \u00e9 garantir a valoriza\u00e7\u00e3o dos educadores. A nossa luta pelo pagamento do piso salarial continua! Contem comigo!\u201d, disse o deputado Wellington.<\/p>\n","protected":false},"excerpt":{"rendered":"<p>O deputado estadual Wellington do Curso participou, na manh\u00e3 desta quarta-feira (15), de reuni\u00e3o entre a Comiss\u00e3o de Educa\u00e7\u00e3o e [&hellip;]<\/p>\n","protected":false},"author":0,"featured_media":0,"comment_status":"open","ping_status":"open","sticky":false,"template":"","format":"standard","meta":{"site-sidebar-layout":"default","site-content-layout":"","ast-site-content-layout":"default","site-content-style":"default","site-sidebar-style":"default","ast-global-header-display":"","ast-banner-title-visibility":"","ast-main-header-display":"","ast-hfb-above-header-display":"","ast-hfb-below-header-display":"","ast-hfb-mobile-header-display":"","site-post-title":"","ast-breadcrumbs-content":"","ast-featured-img":"","footer-sml-layout":"","ast-disable-related-posts":"","theme-transparent-header-meta":"","adv-header-id-meta":"","stick-header-meta":"","header-above-stick-meta":"","header-main-stick-meta":"","header-below-stick-meta":"","astra-migrate-meta-layouts":"default","ast-page-background-enabled":"default","ast-page-background-meta":{"desktop":{"background-color":"var(--ast-global-color-5)","background-image":"","background-repeat":"repeat","background-position":"center center","background-size":"auto","background-attachment":"scroll","background-type":"","background-media":"","overlay-type":"","overlay-color":"","overlay-opacity":"","overlay-gradient":""},"tablet":{"background-color":"","background-image":"","background-repeat":"repeat","background-position":"center center","background-size":"auto","background-attachment":"scroll","background-type":"","background-media":"","overlay-type":"","overlay-color":"","overlay-opacity":"","overlay-gradient":""},"mobile":{"background-color":"","background-image":"","background-repeat":"repeat","background-position":"center center","background-size":"auto","background-attachment":"scroll","background-type":"","background-media":"","overlay-type":"","overlay-color":"","overlay-opacity":"","overlay-gradient":""}},"ast-content-background-meta":{"desktop":{"background-color":"var(--ast-global-color-4)","background-image":"","background-repeat":"repeat","background-position":"center center","background-size":"auto","background-attachment":"scroll","background-type":"","background-media":"","overlay-type":"","overlay-color":"","overlay-opacity":"","overlay-gradient":""},"tablet":{"background-color":"var(--ast-global-color-4)","background-image":"","background-repeat":"repeat","background-position":"center center","background-size":"auto","background-attachment":"scroll","background-type":"","background-media":"","overlay-type":"","overlay-color":"","overlay-opacity":"","overlay-gradient":""},"mobile":{"background-color":"var(--ast-global-color-4)","background-image":"","background-repeat":"repeat","background-position":"center center","background-size":"auto","background-attachment":"scroll","background-type":"","background-media":"","overlay-type":"","overlay-color":"","overlay-opacity":"","overlay-gradient":""}},"footnotes":""},"categories":[1],"tags":[],"class_list":["post-107105","post","type-post","status-publish","format-standard","hentry","category-sem-categoria"],"yoast_head":"<!-- This site is optimized with the Yoast SEO plugin v26.6 - https:\/\/yoast.com\/wordpress\/plugins\/seo\/ -->\n<title>Wellington reafirma sua luta pelo piso salarial dos professores em reuni\u00e3o da Comiss\u00e3o de Educa\u00e7\u00e3o da Assembleia com sindicato - Daniel Matos<\/title>\n<meta name=\"robots\" content=\"index, follow, max-snippet:-1, max-image-preview:large, max-video-preview:-1\" \/>\n<link rel=\"canonical\" href=\"https:\/\/www.blogsoestado.com\/danielmatos\/wellington-reafirma-sua-luta-pelo-piso-salarial-dos-professores-em-reuniao-da-comissao-de-educacao-da-assembleia-com-sindicato\/\" \/>\n<meta property=\"og:locale\" content=\"pt_BR\" \/>\n<meta property=\"og:type\" content=\"article\" \/>\n<meta property=\"og:title\" content=\"Wellington reafirma sua luta pelo piso salarial dos professores em reuni\u00e3o da Comiss\u00e3o de Educa\u00e7\u00e3o da Assembleia com sindicato - Daniel Matos\" \/>\n<meta property=\"og:description\" content=\"O deputado estadual Wellington do Curso participou, na manh\u00e3 desta quarta-feira (15), de reuni\u00e3o entre a Comiss\u00e3o de Educa\u00e7\u00e3o e [&hellip;]\" \/>\n<meta property=\"og:url\" content=\"https:\/\/www.blogsoestado.com\/danielmatos\/wellington-reafirma-sua-luta-pelo-piso-salarial-dos-professores-em-reuniao-da-comissao-de-educacao-da-assembleia-com-sindicato\/\" \/>\n<meta property=\"og:site_name\" content=\"Daniel Matos\" \/>\n<meta property=\"article:published_time\" content=\"2023-03-16T01:50:34+00:00\" \/>\n<meta property=\"og:image\" content=\"https:\/\/www.blogsoestado.com\/danielmatos\/files\/2023\/03\/Screenshot_20230315-2252372.png\" \/>\n<meta name=\"twitter:card\" content=\"summary_large_image\" \/>\n<meta name=\"twitter:label1\" content=\"Est. tempo de leitura\" \/>\n\t<meta name=\"twitter:data1\" content=\"1 minuto\" \/>\n<script type=\"application\/ld+json\" class=\"yoast-schema-graph\">{\"@context\":\"https:\/\/schema.org\",\"@graph\":[{\"@type\":\"WebPage\",\"@id\":\"https:\/\/www.blogsoestado.com\/danielmatos\/wellington-reafirma-sua-luta-pelo-piso-salarial-dos-professores-em-reuniao-da-comissao-de-educacao-da-assembleia-com-sindicato\/\",\"url\":\"https:\/\/www.blogsoestado.com\/danielmatos\/wellington-reafirma-sua-luta-pelo-piso-salarial-dos-professores-em-reuniao-da-comissao-de-educacao-da-assembleia-com-sindicato\/\",\"name\":\"Wellington reafirma sua luta pelo piso salarial dos professores em reuni\u00e3o da Comiss\u00e3o de Educa\u00e7\u00e3o da Assembleia com sindicato - Daniel Matos\",\"isPartOf\":{\"@id\":\"https:\/\/www.blogsoestado.com\/danielmatos\/#website\"},\"primaryImageOfPage\":{\"@id\":\"https:\/\/www.blogsoestado.com\/danielmatos\/wellington-reafirma-sua-luta-pelo-piso-salarial-dos-professores-em-reuniao-da-comissao-de-educacao-da-assembleia-com-sindicato\/#primaryimage\"},\"image\":{\"@id\":\"https:\/\/www.blogsoestado.com\/danielmatos\/wellington-reafirma-sua-luta-pelo-piso-salarial-dos-professores-em-reuniao-da-comissao-de-educacao-da-assembleia-com-sindicato\/#primaryimage\"},\"thumbnailUrl\":\"https:\/\/www.blogsoestado.com\/danielmatos\/files\/2023\/03\/Screenshot_20230315-2252372.png\",\"datePublished\":\"2023-03-16T01:50:34+00:00\",\"author\":{\"@id\":\"\"},\"breadcrumb\":{\"@id\":\"https:\/\/www.blogsoestado.com\/danielmatos\/wellington-reafirma-sua-luta-pelo-piso-salarial-dos-professores-em-reuniao-da-comissao-de-educacao-da-assembleia-com-sindicato\/#breadcrumb\"},\"inLanguage\":\"pt-BR\",\"potentialAction\":[{\"@type\":\"ReadAction\",\"target\":[\"https:\/\/www.blogsoestado.com\/danielmatos\/wellington-reafirma-sua-luta-pelo-piso-salarial-dos-professores-em-reuniao-da-comissao-de-educacao-da-assembleia-com-sindicato\/\"]}]},{\"@type\":\"ImageObject\",\"inLanguage\":\"pt-BR\",\"@id\":\"https:\/\/www.blogsoestado.com\/danielmatos\/wellington-reafirma-sua-luta-pelo-piso-salarial-dos-professores-em-reuniao-da-comissao-de-educacao-da-assembleia-com-sindicato\/#primaryimage\",\"url\":\"https:\/\/www.blogsoestado.com\/danielmatos\/files\/2023\/03\/Screenshot_20230315-2252372.png\",\"contentUrl\":\"https:\/\/www.blogsoestado.com\/danielmatos\/files\/2023\/03\/Screenshot_20230315-2252372.png\"},{\"@type\":\"BreadcrumbList\",\"@id\":\"https:\/\/www.blogsoestado.com\/danielmatos\/wellington-reafirma-sua-luta-pelo-piso-salarial-dos-professores-em-reuniao-da-comissao-de-educacao-da-assembleia-com-sindicato\/#breadcrumb\",\"itemListElement\":[{\"@type\":\"ListItem\",\"position\":1,\"name\":\"In\u00edcio\",\"item\":\"https:\/\/www.blogsoestado.com\/danielmatos\/\"},{\"@type\":\"ListItem\",\"position\":2,\"name\":\"Wellington reafirma sua luta pelo piso salarial dos professores em reuni\u00e3o da Comiss\u00e3o de Educa\u00e7\u00e3o da Assembleia com sindicato\"}]},{\"@type\":\"WebSite\",\"@id\":\"https:\/\/www.blogsoestado.com\/danielmatos\/#website\",\"url\":\"https:\/\/www.blogsoestado.com\/danielmatos\/\",\"name\":\"Daniel Matos\",\"description\":\"\",\"potentialAction\":[{\"@type\":\"SearchAction\",\"target\":{\"@type\":\"EntryPoint\",\"urlTemplate\":\"https:\/\/www.blogsoestado.com\/danielmatos\/?s={search_term_string}\"},\"query-input\":{\"@type\":\"PropertyValueSpecification\",\"valueRequired\":true,\"valueName\":\"search_term_string\"}}],\"inLanguage\":\"pt-BR\"}]}<\/script>\n<!-- \/ Yoast SEO plugin. -->","yoast_head_json":{"title":"Wellington reafirma sua luta pelo piso salarial dos professores em reuni\u00e3o da Comiss\u00e3o de Educa\u00e7\u00e3o da Assembleia com sindicato - Daniel Matos","robots":{"index":"index","follow":"follow","max-snippet":"max-snippet:-1","max-image-preview":"max-image-preview:large","max-video-preview":"max-video-preview:-1"},"canonical":"https:\/\/www.blogsoestado.com\/danielmatos\/wellington-reafirma-sua-luta-pelo-piso-salarial-dos-professores-em-reuniao-da-comissao-de-educacao-da-assembleia-com-sindicato\/","og_locale":"pt_BR","og_type":"article","og_title":"Wellington reafirma sua luta pelo piso salarial dos professores em reuni\u00e3o da Comiss\u00e3o de Educa\u00e7\u00e3o da Assembleia com sindicato - Daniel Matos","og_description":"O deputado estadual Wellington do Curso participou, na manh\u00e3 desta quarta-feira (15), de reuni\u00e3o entre a Comiss\u00e3o de Educa\u00e7\u00e3o e [&hellip;]","og_url":"https:\/\/www.blogsoestado.com\/danielmatos\/wellington-reafirma-sua-luta-pelo-piso-salarial-dos-professores-em-reuniao-da-comissao-de-educacao-da-assembleia-com-sindicato\/","og_site_name":"Daniel Matos","article_published_time":"2023-03-16T01:50:34+00:00","og_image":[{"url":"https:\/\/www.blogsoestado.com\/danielmatos\/files\/2023\/03\/Screenshot_20230315-2252372.png","type":"","width":"","height":""}],"twitter_card":"summary_large_image","twitter_misc":{"Est. tempo de leitura":"1 minuto"},"schema":{"@context":"https:\/\/schema.org","@graph":[{"@type":"WebPage","@id":"https:\/\/www.blogsoestado.com\/danielmatos\/wellington-reafirma-sua-luta-pelo-piso-salarial-dos-professores-em-reuniao-da-comissao-de-educacao-da-assembleia-com-sindicato\/","url":"https:\/\/www.blogsoestado.com\/danielmatos\/wellington-reafirma-sua-luta-pelo-piso-salarial-dos-professores-em-reuniao-da-comissao-de-educacao-da-assembleia-com-sindicato\/","name":"Wellington reafirma sua luta pelo piso salarial dos professores em reuni\u00e3o da Comiss\u00e3o de Educa\u00e7\u00e3o da Assembleia com sindicato - Daniel Matos","isPartOf":{"@id":"https:\/\/www.blogsoestado.com\/danielmatos\/#website"},"primaryImageOfPage":{"@id":"https:\/\/www.blogsoestado.com\/danielmatos\/wellington-reafirma-sua-luta-pelo-piso-salarial-dos-professores-em-reuniao-da-comissao-de-educacao-da-assembleia-com-sindicato\/#primaryimage"},"image":{"@id":"https:\/\/www.blogsoestado.com\/danielmatos\/wellington-reafirma-sua-luta-pelo-piso-salarial-dos-professores-em-reuniao-da-comissao-de-educacao-da-assembleia-com-sindicato\/#primaryimage"},"thumbnailUrl":"https:\/\/www.blogsoestado.com\/danielmatos\/files\/2023\/03\/Screenshot_20230315-2252372.png","datePublished":"2023-03-16T01:50:34+00:00","author":{"@id":""},"breadcrumb":{"@id":"https:\/\/www.blogsoestado.com\/danielmatos\/wellington-reafirma-sua-luta-pelo-piso-salarial-dos-professores-em-reuniao-da-comissao-de-educacao-da-assembleia-com-sindicato\/#breadcrumb"},"inLanguage":"pt-BR","potentialAction":[{"@type":"ReadAction","target":["https:\/\/www.blogsoestado.com\/danielmatos\/wellington-reafirma-sua-luta-pelo-piso-salarial-dos-professores-em-reuniao-da-comissao-de-educacao-da-assembleia-com-sindicato\/"]}]},{"@type":"ImageObject","inLanguage":"pt-BR","@id":"https:\/\/www.blogsoestado.com\/danielmatos\/wellington-reafirma-sua-luta-pelo-piso-salarial-dos-professores-em-reuniao-da-comissao-de-educacao-da-assembleia-com-sindicato\/#primaryimage","url":"https:\/\/www.blogsoestado.com\/danielmatos\/files\/2023\/03\/Screenshot_20230315-2252372.png","contentUrl":"https:\/\/www.blogsoestado.com\/danielmatos\/files\/2023\/03\/Screenshot_20230315-2252372.png"},{"@type":"BreadcrumbList","@id":"https:\/\/www.blogsoestado.com\/danielmatos\/wellington-reafirma-sua-luta-pelo-piso-salarial-dos-professores-em-reuniao-da-comissao-de-educacao-da-assembleia-com-sindicato\/#breadcrumb","itemListElement":[{"@type":"ListItem","position":1,"name":"In\u00edcio","item":"https:\/\/www.blogsoestado.com\/danielmatos\/"},{"@type":"ListItem","position":2,"name":"Wellington reafirma sua luta pelo piso salarial dos professores em reuni\u00e3o da Comiss\u00e3o de Educa\u00e7\u00e3o da Assembleia com sindicato"}]},{"@type":"WebSite","@id":"https:\/\/www.blogsoestado.com\/danielmatos\/#website","url":"https:\/\/www.blogsoestado.com\/danielmatos\/","name":"Daniel Matos","description":"","potentialAction":[{"@type":"SearchAction","target":{"@type":"EntryPoint","urlTemplate":"https:\/\/www.blogsoestado.com\/danielmatos\/?s={search_term_string}"},"query-input":{"@type":"PropertyValueSpecification","valueRequired":true,"valueName":"search_term_string"}}],"inLanguage":"pt-BR"}]}},"jetpack_featured_media_url":"","_links":{"self":[{"href":"https:\/\/www.blogsoestado.com\/danielmatos\/wp-json\/wp\/v2\/posts\/107105","targetHints":{"allow":["GET"]}}],"collection":[{"href":"https:\/\/www.blogsoestado.com\/danielmatos\/wp-json\/wp\/v2\/posts"}],"about":[{"href":"https:\/\/www.blogsoestado.com\/danielmatos\/wp-json\/wp\/v2\/types\/post"}],"replies":[{"embeddable":true,"href":"https:\/\/www.blogsoestado.com\/danielmatos\/wp-json\/wp\/v2\/comments?post=107105"}],"version-history":[{"count":0,"href":"https:\/\/www.blogsoestado.com\/danielmatos\/wp-json\/wp\/v2\/posts\/107105\/revisions"}],"wp:attachment":[{"href":"https:\/\/www.blogsoestado.com\/danielmatos\/wp-json\/wp\/v2\/media?parent=107105"}],"wp:term":[{"taxonomy":"category","embeddable":true,"href":"https:\/\/www.blogsoestado.com\/danielmatos\/wp-json\/wp\/v2\/categories?post=107105"},{"taxonomy":"post_tag","embeddable":true,"href":"https:\/\/www.blogsoestado.com\/danielmatos\/wp-json\/wp\/v2\/tags?post=107105"}],"curies":[{"name":"wp","href":"https:\/\/api.w.org\/{rel}","templated":true}]}}