{"id":107111,"date":"2023-03-19T04:00:00","date_gmt":"2023-03-19T07:00:00","guid":{"rendered":"https:\/\/www.blogsoestado.com\/danielmatos\/?p=107111"},"modified":"2023-03-19T04:00:00","modified_gmt":"2023-03-19T07:00:00","slug":"viagem-em-familia-semana-santa-no-vila-aty-vai-focar-em-atividades-para-as-criancas","status":"publish","type":"post","link":"https:\/\/www.blogsoestado.com\/danielmatos\/viagem-em-familia-semana-santa-no-vila-aty-vai-focar-em-atividades-para-as-criancas\/","title":{"rendered":"Viagem em fam\u00edlia: Semana Santa no Vila Aty vai focar em atividades para as crian\u00e7as"},"content":{"rendered":"\n<p><em><strong><span class=\"has-inline-color has-vivid-red-color\">Programa\u00e7\u00e3o \u00e9 direcionada a quem planeja aproveitar o feriado da Sexta-Feira Santa para ter momentos especiais <\/span><\/strong><\/em><strong><span class=\"has-inline-color has-vivid-red-color\">com familiares<\/span><\/strong> <\/p>\n\n\n\n<div class=\"wp-block-image\"><figure class=\"aligncenter size-large\"><a href=\"https:\/\/www.blogsoestado.com\/danielmatos\/files\/2023\/03\/Screenshot_20230315-2329272.png\"><img decoding=\"async\" src=\"https:\/\/www.blogsoestado.com\/danielmatos\/files\/2023\/03\/Screenshot_20230315-2329272-690x1024.png\" alt=\"\" class=\"wp-image-107112\"\/><\/a><figcaption>Hotel Vila Aty \u00e9 um ponto de contato com a natureza e cultura de Atins (<strong>Foto: <\/strong>Divulga\u00e7\u00e3o\/Vila Aty)<\/figcaption><\/figure><\/div>\n\n\n\n<p>Feriados s\u00e3o a oportunidade perfeita para realizar aquela viagem dos sonhos, e fazer isso em fam\u00edlia torna tudo ainda mais memor\u00e1vel. Foi pensando nisso que o Vila Aty Eco Lodge, hotel no vilarejo Atins (Barreirinhas\/MA), estruturou programa\u00e7\u00e3o para quem deseja estreitar ainda mais os la\u00e7os familiares viajando com a crian\u00e7ada no feriado do dia 7 de abril, sexta-feira santa.<\/p>\n\n\n\n<p>\u201cA nossa ideia em privilegiar as crian\u00e7as nessa programa\u00e7\u00e3o \u00e9 proporcionar uma viagem em fam\u00edlia na qual os pequenos possam se divertir e interagir com outras crian\u00e7as, al\u00e9m do contato mais pr\u00f3ximo com a natureza que Atins proporciona a todos\u201d, afirma o empres\u00e1rio Saulo Prazeres, s\u00f3cio-administrador do Vila Aty.<\/p>\n\n\n\n<div class=\"wp-block-image\"><figure class=\"aligncenter size-large\"><a href=\"https:\/\/www.blogsoestado.com\/danielmatos\/files\/2023\/03\/Screenshot_20230315-2327512.png\"><img decoding=\"async\" src=\"https:\/\/www.blogsoestado.com\/danielmatos\/files\/2023\/03\/Screenshot_20230315-2327512.png\" alt=\"\" class=\"wp-image-107113\"\/><\/a><figcaption>Semana Santa pode oportunizar uma viagem com a fam\u00edlia e amigos (<strong>Foto:<\/strong> Divulga\u00e7\u00e3o\/Vila Aty)<\/figcaption><\/figure><\/div>\n\n\n\n<p>O destaque da agenda da Semana Santa s\u00e3o as oficinas infantis que incluir\u00e3o atividades de desenho e m\u00fasica, desenvolvidas por recreador no s\u00e1bado (8) \u00e0 noite e na manh\u00e3 do domingo de P\u00e1scoa (9). Al\u00e9m da programa\u00e7\u00e3o com as crian\u00e7as, a noite de s\u00e1bado tamb\u00e9m vai contar com um card\u00e1pio especial de frutos do mar no jantar, assinado pelo chef Wagner Velasco.<\/p>\n\n\n\n<p>A dica, segundo o empres\u00e1rio, \u00e9 n\u00e3o deixar para planejar a viagem em cima da hora hora, pois, assim como em outros feriados, a procura por acomoda\u00e7\u00f5es em Atins costuma aumentar.<\/p>\n\n\n\n<div class=\"wp-block-image\"><figure class=\"aligncenter size-large\"><a href=\"https:\/\/www.blogsoestado.com\/danielmatos\/files\/2023\/03\/Screenshot_20230315-2328252.png\"><img decoding=\"async\" src=\"https:\/\/www.blogsoestado.com\/danielmatos\/files\/2023\/03\/Screenshot_20230315-2328252.png\" alt=\"\" class=\"wp-image-107114\"\/><\/a><figcaption>Para o empres\u00e1rio Saulo Prazeres, feriado \u00e9 um bom momento para ter uma experi\u00eancia \u00fanica em fam\u00edlia no povoado Atins (<strong>Foto:<\/strong> Arquivo pessoal)<br \/><\/figcaption><\/figure><\/div>\n\n\n\n<p>\u201cFeriados s\u00e3o uma oportunidade para descansar e estar junto das pessoas que amamos. Um bom momento para sair um pouco das telas, deixar a rotina de lado e ter uma experi\u00eancia \u00fanica em um destino paradis\u00edaco como Atins. Muita gente tamb\u00e9m pensa assim, por isso a demanda sobe, ent\u00e3o reservar hotel com anteced\u00eancia \u00e9 o ideal\u201d, recomenda Saulo.<\/p>\n\n\n\n<p>No ano passado, a ocupa\u00e7\u00e3o m\u00e9dia no Vila Aty em per\u00edodos que contemplaram feriados, pontos facultativos ou datas comemorativas como a sexta-feira santa, Corpus Christi (8 de junho), Dia dos Namorados (12 de junho), Independ\u00eancia do Brasil (7 de setembro) e Natal (25 de dezembro) ficou entre 70% e 98%.<\/p>\n\n\n\n<div class=\"wp-block-image\"><figure class=\"aligncenter size-large\"><a href=\"https:\/\/www.blogsoestado.com\/danielmatos\/files\/2023\/03\/Screenshot_20230315-2328542.png\"><img decoding=\"async\" src=\"https:\/\/www.blogsoestado.com\/danielmatos\/files\/2023\/03\/Screenshot_20230315-2328542.png\" alt=\"\" class=\"wp-image-107115\"\/><\/a><figcaption>Na noite que antecede o domingo de P\u00e1scoa, o Vila Aty vai oferecer card\u00e1pio especial de frutos do mar no jantar, al\u00e9m de atividades para as crian\u00e7as (<strong>Foto: <\/strong>Divulga\u00e7\u00e3o\/Vila Aty)<\/figcaption><\/figure><\/div>\n\n\n\n<p><em><strong>Atins<\/strong><\/em><\/p>\n\n\n\n<p>O povoado Atins \u00e9 um local de beleza c\u00eanica, com dunas, lagoas e praia. O clima tranquilo de suas ruas de areia s\u00e3o um convite \u00e0 contempla\u00e7\u00e3o da natureza, atraindo turistas de todas as partes do mundo. Apesar de ser um dos destinos mais remotos e isolados do Maranh\u00e3o, o vilarejo possui localiza\u00e7\u00e3o estrat\u00e9gica para desbravar o Parque Nacional dos Len\u00e7\u00f3is Maranhenses, j\u00e1 que fica a apenas 2,5 km do in\u00edcio das dunas e lagoas dos Len\u00e7\u00f3is.<\/p>\n\n\n\n<p>Uma boa op\u00e7\u00e3o de hospedagem na regi\u00e3o \u00e9 o Vila Aty Eco Lodge, um ponto de contato com a natureza e cultura de Atins que oferece imers\u00e3o e experi\u00eancias para quem deseja relaxar e se aventurar. Isso \u00e9 poss\u00edvel gra\u00e7as \u00e0 excelente estrutura, espa\u00e7o integrado \u00e0 natureza, equipe composta majoritariamente por nativos e uma cuidadosa curadoria de atividades pensadas por quem conhece o lugar.<\/p>\n","protected":false},"excerpt":{"rendered":"<p>Programa\u00e7\u00e3o \u00e9 direcionada a quem planeja aproveitar o feriado da Sexta-Feira Santa para ter momentos especiais com familiares Feriados s\u00e3o [&hellip;]<\/p>\n","protected":false},"author":0,"featured_media":0,"comment_status":"open","ping_status":"open","sticky":false,"template":"","format":"standard","meta":{"site-sidebar-layout":"default","site-content-layout":"","ast-site-content-layout":"default","site-content-style":"default","site-sidebar-style":"default","ast-global-header-display":"","ast-banner-title-visibility":"","ast-main-header-display":"","ast-hfb-above-header-display":"","ast-hfb-below-header-display":"","ast-hfb-mobile-header-display":"","site-post-title":"","ast-breadcrumbs-content":"","ast-featured-img":"","footer-sml-layout":"","ast-disable-related-posts":"","theme-transparent-header-meta":"","adv-header-id-meta":"","stick-header-meta":"","header-above-stick-meta":"","header-main-stick-meta":"","header-below-stick-meta":"","astra-migrate-meta-layouts":"default","ast-page-background-enabled":"default","ast-page-background-meta":{"desktop":{"background-color":"var(--ast-global-color-5)","background-image":"","background-repeat":"repeat","background-position":"center center","background-size":"auto","background-attachment":"scroll","background-type":"","background-media":"","overlay-type":"","overlay-color":"","overlay-opacity":"","overlay-gradient":""},"tablet":{"background-color":"","background-image":"","background-repeat":"repeat","background-position":"center center","background-size":"auto","background-attachment":"scroll","background-type":"","background-media":"","overlay-type":"","overlay-color":"","overlay-opacity":"","overlay-gradient":""},"mobile":{"background-color":"","background-image":"","background-repeat":"repeat","background-position":"center center","background-size":"auto","background-attachment":"scroll","background-type":"","background-media":"","overlay-type":"","overlay-color":"","overlay-opacity":"","overlay-gradient":""}},"ast-content-background-meta":{"desktop":{"background-color":"var(--ast-global-color-4)","background-image":"","background-repeat":"repeat","background-position":"center center","background-size":"auto","background-attachment":"scroll","background-type":"","background-media":"","overlay-type":"","overlay-color":"","overlay-opacity":"","overlay-gradient":""},"tablet":{"background-color":"var(--ast-global-color-4)","background-image":"","background-repeat":"repeat","background-position":"center center","background-size":"auto","background-attachment":"scroll","background-type":"","background-media":"","overlay-type":"","overlay-color":"","overlay-opacity":"","overlay-gradient":""},"mobile":{"background-color":"var(--ast-global-color-4)","background-image":"","background-repeat":"repeat","background-position":"center center","background-size":"auto","background-attachment":"scroll","background-type":"","background-media":"","overlay-type":"","overlay-color":"","overlay-opacity":"","overlay-gradient":""}},"footnotes":""},"categories":[1],"tags":[],"class_list":["post-107111","post","type-post","status-publish","format-standard","hentry","category-sem-categoria"],"yoast_head":"<!-- This site is optimized with the Yoast SEO plugin v26.6 - https:\/\/yoast.com\/wordpress\/plugins\/seo\/ -->\n<title>Viagem em fam\u00edlia: Semana Santa no Vila Aty vai focar em atividades para as crian\u00e7as - Daniel Matos<\/title>\n<meta name=\"robots\" content=\"index, follow, max-snippet:-1, max-image-preview:large, max-video-preview:-1\" \/>\n<link rel=\"canonical\" href=\"https:\/\/www.blogsoestado.com\/danielmatos\/viagem-em-familia-semana-santa-no-vila-aty-vai-focar-em-atividades-para-as-criancas\/\" \/>\n<meta property=\"og:locale\" content=\"pt_BR\" \/>\n<meta property=\"og:type\" content=\"article\" \/>\n<meta property=\"og:title\" content=\"Viagem em fam\u00edlia: Semana Santa no Vila Aty vai focar em atividades para as crian\u00e7as - Daniel Matos\" \/>\n<meta property=\"og:description\" content=\"Programa\u00e7\u00e3o \u00e9 direcionada a quem planeja aproveitar o feriado da Sexta-Feira Santa para ter momentos especiais com familiares Feriados s\u00e3o [&hellip;]\" \/>\n<meta property=\"og:url\" content=\"https:\/\/www.blogsoestado.com\/danielmatos\/viagem-em-familia-semana-santa-no-vila-aty-vai-focar-em-atividades-para-as-criancas\/\" \/>\n<meta property=\"og:site_name\" content=\"Daniel Matos\" \/>\n<meta property=\"article:published_time\" content=\"2023-03-19T07:00:00+00:00\" \/>\n<meta property=\"og:image\" content=\"https:\/\/www.blogsoestado.com\/danielmatos\/files\/2023\/03\/Screenshot_20230315-2329272-690x1024.png\" \/>\n<meta name=\"twitter:card\" content=\"summary_large_image\" \/>\n<meta name=\"twitter:label1\" content=\"Est. tempo de leitura\" \/>\n\t<meta name=\"twitter:data1\" content=\"4 minutos\" \/>\n<script type=\"application\/ld+json\" class=\"yoast-schema-graph\">{\"@context\":\"https:\/\/schema.org\",\"@graph\":[{\"@type\":\"WebPage\",\"@id\":\"https:\/\/www.blogsoestado.com\/danielmatos\/viagem-em-familia-semana-santa-no-vila-aty-vai-focar-em-atividades-para-as-criancas\/\",\"url\":\"https:\/\/www.blogsoestado.com\/danielmatos\/viagem-em-familia-semana-santa-no-vila-aty-vai-focar-em-atividades-para-as-criancas\/\",\"name\":\"Viagem em fam\u00edlia: Semana Santa no Vila Aty vai focar em atividades para as crian\u00e7as - Daniel Matos\",\"isPartOf\":{\"@id\":\"https:\/\/www.blogsoestado.com\/danielmatos\/#website\"},\"primaryImageOfPage\":{\"@id\":\"https:\/\/www.blogsoestado.com\/danielmatos\/viagem-em-familia-semana-santa-no-vila-aty-vai-focar-em-atividades-para-as-criancas\/#primaryimage\"},\"image\":{\"@id\":\"https:\/\/www.blogsoestado.com\/danielmatos\/viagem-em-familia-semana-santa-no-vila-aty-vai-focar-em-atividades-para-as-criancas\/#primaryimage\"},\"thumbnailUrl\":\"https:\/\/www.blogsoestado.com\/danielmatos\/files\/2023\/03\/Screenshot_20230315-2329272-690x1024.png\",\"datePublished\":\"2023-03-19T07:00:00+00:00\",\"author\":{\"@id\":\"\"},\"breadcrumb\":{\"@id\":\"https:\/\/www.blogsoestado.com\/danielmatos\/viagem-em-familia-semana-santa-no-vila-aty-vai-focar-em-atividades-para-as-criancas\/#breadcrumb\"},\"inLanguage\":\"pt-BR\",\"potentialAction\":[{\"@type\":\"ReadAction\",\"target\":[\"https:\/\/www.blogsoestado.com\/danielmatos\/viagem-em-familia-semana-santa-no-vila-aty-vai-focar-em-atividades-para-as-criancas\/\"]}]},{\"@type\":\"ImageObject\",\"inLanguage\":\"pt-BR\",\"@id\":\"https:\/\/www.blogsoestado.com\/danielmatos\/viagem-em-familia-semana-santa-no-vila-aty-vai-focar-em-atividades-para-as-criancas\/#primaryimage\",\"url\":\"https:\/\/www.blogsoestado.com\/danielmatos\/files\/2023\/03\/Screenshot_20230315-2329272-690x1024.png\",\"contentUrl\":\"https:\/\/www.blogsoestado.com\/danielmatos\/files\/2023\/03\/Screenshot_20230315-2329272-690x1024.png\"},{\"@type\":\"BreadcrumbList\",\"@id\":\"https:\/\/www.blogsoestado.com\/danielmatos\/viagem-em-familia-semana-santa-no-vila-aty-vai-focar-em-atividades-para-as-criancas\/#breadcrumb\",\"itemListElement\":[{\"@type\":\"ListItem\",\"position\":1,\"name\":\"In\u00edcio\",\"item\":\"https:\/\/www.blogsoestado.com\/danielmatos\/\"},{\"@type\":\"ListItem\",\"position\":2,\"name\":\"Viagem em fam\u00edlia: Semana Santa no Vila Aty vai focar em atividades para as crian\u00e7as\"}]},{\"@type\":\"WebSite\",\"@id\":\"https:\/\/www.blogsoestado.com\/danielmatos\/#website\",\"url\":\"https:\/\/www.blogsoestado.com\/danielmatos\/\",\"name\":\"Daniel Matos\",\"description\":\"\",\"potentialAction\":[{\"@type\":\"SearchAction\",\"target\":{\"@type\":\"EntryPoint\",\"urlTemplate\":\"https:\/\/www.blogsoestado.com\/danielmatos\/?s={search_term_string}\"},\"query-input\":{\"@type\":\"PropertyValueSpecification\",\"valueRequired\":true,\"valueName\":\"search_term_string\"}}],\"inLanguage\":\"pt-BR\"}]}<\/script>\n<!-- \/ Yoast SEO plugin. -->","yoast_head_json":{"title":"Viagem em fam\u00edlia: Semana Santa no Vila Aty vai focar em atividades para as crian\u00e7as - Daniel Matos","robots":{"index":"index","follow":"follow","max-snippet":"max-snippet:-1","max-image-preview":"max-image-preview:large","max-video-preview":"max-video-preview:-1"},"canonical":"https:\/\/www.blogsoestado.com\/danielmatos\/viagem-em-familia-semana-santa-no-vila-aty-vai-focar-em-atividades-para-as-criancas\/","og_locale":"pt_BR","og_type":"article","og_title":"Viagem em fam\u00edlia: Semana Santa no Vila Aty vai focar em atividades para as crian\u00e7as - Daniel Matos","og_description":"Programa\u00e7\u00e3o \u00e9 direcionada a quem planeja aproveitar o feriado da Sexta-Feira Santa para ter momentos especiais com familiares Feriados s\u00e3o [&hellip;]","og_url":"https:\/\/www.blogsoestado.com\/danielmatos\/viagem-em-familia-semana-santa-no-vila-aty-vai-focar-em-atividades-para-as-criancas\/","og_site_name":"Daniel Matos","article_published_time":"2023-03-19T07:00:00+00:00","og_image":[{"url":"https:\/\/www.blogsoestado.com\/danielmatos\/files\/2023\/03\/Screenshot_20230315-2329272-690x1024.png","type":"","width":"","height":""}],"twitter_card":"summary_large_image","twitter_misc":{"Est. tempo de leitura":"4 minutos"},"schema":{"@context":"https:\/\/schema.org","@graph":[{"@type":"WebPage","@id":"https:\/\/www.blogsoestado.com\/danielmatos\/viagem-em-familia-semana-santa-no-vila-aty-vai-focar-em-atividades-para-as-criancas\/","url":"https:\/\/www.blogsoestado.com\/danielmatos\/viagem-em-familia-semana-santa-no-vila-aty-vai-focar-em-atividades-para-as-criancas\/","name":"Viagem em fam\u00edlia: Semana Santa no Vila Aty vai focar em atividades para as crian\u00e7as - Daniel Matos","isPartOf":{"@id":"https:\/\/www.blogsoestado.com\/danielmatos\/#website"},"primaryImageOfPage":{"@id":"https:\/\/www.blogsoestado.com\/danielmatos\/viagem-em-familia-semana-santa-no-vila-aty-vai-focar-em-atividades-para-as-criancas\/#primaryimage"},"image":{"@id":"https:\/\/www.blogsoestado.com\/danielmatos\/viagem-em-familia-semana-santa-no-vila-aty-vai-focar-em-atividades-para-as-criancas\/#primaryimage"},"thumbnailUrl":"https:\/\/www.blogsoestado.com\/danielmatos\/files\/2023\/03\/Screenshot_20230315-2329272-690x1024.png","datePublished":"2023-03-19T07:00:00+00:00","author":{"@id":""},"breadcrumb":{"@id":"https:\/\/www.blogsoestado.com\/danielmatos\/viagem-em-familia-semana-santa-no-vila-aty-vai-focar-em-atividades-para-as-criancas\/#breadcrumb"},"inLanguage":"pt-BR","potentialAction":[{"@type":"ReadAction","target":["https:\/\/www.blogsoestado.com\/danielmatos\/viagem-em-familia-semana-santa-no-vila-aty-vai-focar-em-atividades-para-as-criancas\/"]}]},{"@type":"ImageObject","inLanguage":"pt-BR","@id":"https:\/\/www.blogsoestado.com\/danielmatos\/viagem-em-familia-semana-santa-no-vila-aty-vai-focar-em-atividades-para-as-criancas\/#primaryimage","url":"https:\/\/www.blogsoestado.com\/danielmatos\/files\/2023\/03\/Screenshot_20230315-2329272-690x1024.png","contentUrl":"https:\/\/www.blogsoestado.com\/danielmatos\/files\/2023\/03\/Screenshot_20230315-2329272-690x1024.png"},{"@type":"BreadcrumbList","@id":"https:\/\/www.blogsoestado.com\/danielmatos\/viagem-em-familia-semana-santa-no-vila-aty-vai-focar-em-atividades-para-as-criancas\/#breadcrumb","itemListElement":[{"@type":"ListItem","position":1,"name":"In\u00edcio","item":"https:\/\/www.blogsoestado.com\/danielmatos\/"},{"@type":"ListItem","position":2,"name":"Viagem em fam\u00edlia: Semana Santa no Vila Aty vai focar em atividades para as crian\u00e7as"}]},{"@type":"WebSite","@id":"https:\/\/www.blogsoestado.com\/danielmatos\/#website","url":"https:\/\/www.blogsoestado.com\/danielmatos\/","name":"Daniel Matos","description":"","potentialAction":[{"@type":"SearchAction","target":{"@type":"EntryPoint","urlTemplate":"https:\/\/www.blogsoestado.com\/danielmatos\/?s={search_term_string}"},"query-input":{"@type":"PropertyValueSpecification","valueRequired":true,"valueName":"search_term_string"}}],"inLanguage":"pt-BR"}]}},"jetpack_featured_media_url":"","_links":{"self":[{"href":"https:\/\/www.blogsoestado.com\/danielmatos\/wp-json\/wp\/v2\/posts\/107111","targetHints":{"allow":["GET"]}}],"collection":[{"href":"https:\/\/www.blogsoestado.com\/danielmatos\/wp-json\/wp\/v2\/posts"}],"about":[{"href":"https:\/\/www.blogsoestado.com\/danielmatos\/wp-json\/wp\/v2\/types\/post"}],"replies":[{"embeddable":true,"href":"https:\/\/www.blogsoestado.com\/danielmatos\/wp-json\/wp\/v2\/comments?post=107111"}],"version-history":[{"count":0,"href":"https:\/\/www.blogsoestado.com\/danielmatos\/wp-json\/wp\/v2\/posts\/107111\/revisions"}],"wp:attachment":[{"href":"https:\/\/www.blogsoestado.com\/danielmatos\/wp-json\/wp\/v2\/media?parent=107111"}],"wp:term":[{"taxonomy":"category","embeddable":true,"href":"https:\/\/www.blogsoestado.com\/danielmatos\/wp-json\/wp\/v2\/categories?post=107111"},{"taxonomy":"post_tag","embeddable":true,"href":"https:\/\/www.blogsoestado.com\/danielmatos\/wp-json\/wp\/v2\/tags?post=107111"}],"curies":[{"name":"wp","href":"https:\/\/api.w.org\/{rel}","templated":true}]}}